{"id":3350,"date":"2021-04-28T16:18:48","date_gmt":"2021-04-28T16:18:48","guid":{"rendered":"https:\/\/fabriciob.ar\/web\/?p=3350"},"modified":"2021-04-30T16:31:41","modified_gmt":"2021-04-30T16:31:41","slug":"prioridad-en-la-vacunacion-contra-covid-19-para-excombatientes-de-malvinas","status":"publish","type":"post","link":"https:\/\/fabriciob.ar\/web\/prioridad-en-la-vacunacion-contra-covid-19-para-excombatientes-de-malvinas\/","title":{"rendered":"PRIORIDAD EN LA VACUNACI\u00d3N CONTRA COVID-19 PARA EXCOMBATIENTES DE MALVINAS"},"content":{"rendered":"<p><!--more--><\/p>\n<p><strong>VISTO:<\/strong><br \/>\nLa importancia de avanzar con la vacunaci\u00f3n para lograr la inmunidad en la poblaci\u00f3n,<\/p>\n<p><strong>CONSIDERANDOS:<\/strong><\/p>\n<p>Que los ex combatientes de Malvinas son considerados h\u00e9roes por nuestra comunidad y que han obtenidos reconocimientos por su valor en la defensa de la soberan\u00eda de las Islas, en un contexto desolador en el que no solamente deb\u00edan luchar contra las fuerzas inglesas sino tambi\u00e9n contra los militares argentinos que los torturaron y vejaron durante el conflicto;<\/p>\n<p>Que es una poblaci\u00f3n que padece secuelas del conflicto y por lo tanto puede tener comorbilidades que les preocupan;<\/p>\n<p>Que la vecina Provincia de Corrientes, por solicitud de los excombatientes, ha comenzado a vacunarlos otorgando una prioridad en la obtenci\u00f3n del turno;<\/p>\n<p>Que entendemos que debe ser evaluada la posibilidad de otorgar la misma prioridad en nuestra provincia;<\/p>\n<p><strong>QUE POR TODO ELLO:<\/strong><\/p>\n<p style=\"text-align: center;\"><strong>EL CONCEJO MUNICIPAL DE LA CIUDAD DE RESISTENCIA<\/strong><\/p>\n<p style=\"text-align: center;\"><strong>RESUELVE:<\/strong><\/p>\n<p>1) Solicitar al Poder Ejecutivo provincial contemple establecer la prioridad para los excombatientes de Malvinas, en la vacunaci\u00f3n contra el COVID-19, otorgando turnos en un futuro inmediato para atender a este sector de la poblaci\u00f3n que tambi\u00e9n padece comorbilidades derivadas de su participaci\u00f3n en el conflicto.<\/p>\n<p>2) De forma.<\/p>\n<p>&nbsp;<\/p>\n","protected":false},"excerpt":{"rendered":"","protected":false},"author":3,"featured_media":3351,"comment_status":"open","ping_status":"open","sticky":false,"template":"","format":"standard","meta":{"_joinchat":[],"footnotes":""},"categories":[41],"tags":[],"class_list":["post-3350","post","type-post","status-publish","format-standard","has-post-thumbnail","hentry","category-proyectos-de-resolucion"],"yoast_head":"<!-- This site is optimized with the Yoast SEO plugin v27.5 - https:\/\/yoast.com\/product\/yoast-seo-wordpress\/ -->\n<title>PRIORIDAD EN LA VACUNACI\u00d3N CONTRA COVID-19 PARA EXCOMBATIENTES DE MALVINAS - Fabricio Bolatti<\/title>\n<meta name=\"robots\" content=\"index, follow, max-snippet:-1, max-image-preview:large, max-video-preview:-1\" \/>\n<link rel=\"canonical\" href=\"https:\/\/fabriciob.ar\/web\/prioridad-en-la-vacunacion-contra-covid-19-para-excombatientes-de-malvinas\/\" \/>\n<meta property=\"og:locale\" content=\"es_ES\" \/>\n<meta property=\"og:type\" content=\"article\" \/>\n<meta property=\"og:title\" content=\"PRIORIDAD EN LA VACUNACI\u00d3N CONTRA COVID-19 PARA EXCOMBATIENTES DE MALVINAS - Fabricio Bolatti\" \/>\n<meta property=\"og:url\" content=\"https:\/\/fabriciob.ar\/web\/prioridad-en-la-vacunacion-contra-covid-19-para-excombatientes-de-malvinas\/\" \/>\n<meta property=\"og:site_name\" content=\"Fabricio Bolatti\" \/>\n<meta property=\"article:publisher\" content=\"https:\/\/www.facebook.com\/fabriciobolattiK\/\" \/>\n<meta property=\"article:published_time\" content=\"2021-04-28T16:18:48+00:00\" \/>\n<meta property=\"article:modified_time\" content=\"2021-04-30T16:31:41+00:00\" \/>\n<meta property=\"og:image\" content=\"https:\/\/fabriciob.ar\/web\/wp-content\/uploads\/2021\/04\/EXCOMBATIENTE-MALVINAS.jpg\" \/>\n\t<meta property=\"og:image:width\" content=\"1072\" \/>\n\t<meta property=\"og:image:height\" content=\"589\" \/>\n\t<meta property=\"og:image:type\" content=\"image\/jpeg\" \/>\n<meta name=\"author\" content=\"Equipo Fabricio\" \/>\n<meta name=\"twitter:card\" content=\"summary_large_image\" \/>\n<meta name=\"twitter:creator\" content=\"@fabriciobolatti\" \/>\n<meta name=\"twitter:site\" content=\"@fabriciobolatti\" \/>\n<meta name=\"twitter:label1\" content=\"Escrito por\" \/>\n\t<meta name=\"twitter:data1\" content=\"Equipo Fabricio\" \/>\n\t<meta name=\"twitter:label2\" content=\"Tiempo de lectura\" \/>\n\t<meta name=\"twitter:data2\" content=\"1 minuto\" \/>\n<script type=\"application\/ld+json\" class=\"yoast-schema-graph\">{\"@context\":\"https:\\\/\\\/schema.org\",\"@graph\":[{\"@type\":\"Article\",\"@id\":\"https:\\\/\\\/fabriciob.ar\\\/web\\\/prioridad-en-la-vacunacion-contra-covid-19-para-excombatientes-de-malvinas\\\/#article\",\"isPartOf\":{\"@id\":\"https:\\\/\\\/fabriciob.ar\\\/web\\\/prioridad-en-la-vacunacion-contra-covid-19-para-excombatientes-de-malvinas\\\/\"},\"author\":{\"name\":\"Equipo Fabricio\",\"@id\":\"https:\\\/\\\/fabriciob.ar\\\/web\\\/#\\\/schema\\\/person\\\/d56dbc2f2489983c5270184312aab61b\"},\"headline\":\"PRIORIDAD EN LA VACUNACI\u00d3N CONTRA COVID-19 PARA EXCOMBATIENTES DE MALVINAS\",\"datePublished\":\"2021-04-28T16:18:48+00:00\",\"dateModified\":\"2021-04-30T16:31:41+00:00\",\"mainEntityOfPage\":{\"@id\":\"https:\\\/\\\/fabriciob.ar\\\/web\\\/prioridad-en-la-vacunacion-contra-covid-19-para-excombatientes-de-malvinas\\\/\"},\"wordCount\":216,\"commentCount\":0,\"publisher\":{\"@id\":\"https:\\\/\\\/fabriciob.ar\\\/web\\\/#organization\"},\"image\":{\"@id\":\"https:\\\/\\\/fabriciob.ar\\\/web\\\/prioridad-en-la-vacunacion-contra-covid-19-para-excombatientes-de-malvinas\\\/#primaryimage\"},\"thumbnailUrl\":\"https:\\\/\\\/fabriciob.ar\\\/web\\\/wp-content\\\/uploads\\\/2021\\\/04\\\/EXCOMBATIENTE-MALVINAS.jpg\",\"articleSection\":[\"PROYECTOS DE RESOLUCION\"],\"inLanguage\":\"es\",\"potentialAction\":[{\"@type\":\"CommentAction\",\"name\":\"Comment\",\"target\":[\"https:\\\/\\\/fabriciob.ar\\\/web\\\/prioridad-en-la-vacunacion-contra-covid-19-para-excombatientes-de-malvinas\\\/#respond\"]}]},{\"@type\":\"WebPage\",\"@id\":\"https:\\\/\\\/fabriciob.ar\\\/web\\\/prioridad-en-la-vacunacion-contra-covid-19-para-excombatientes-de-malvinas\\\/\",\"url\":\"https:\\\/\\\/fabriciob.ar\\\/web\\\/prioridad-en-la-vacunacion-contra-covid-19-para-excombatientes-de-malvinas\\\/\",\"name\":\"PRIORIDAD EN LA VACUNACI\u00d3N CONTRA COVID-19 PARA EXCOMBATIENTES DE MALVINAS - Fabricio Bolatti\",\"isPartOf\":{\"@id\":\"https:\\\/\\\/fabriciob.ar\\\/web\\\/#website\"},\"primaryImageOfPage\":{\"@id\":\"https:\\\/\\\/fabriciob.ar\\\/web\\\/prioridad-en-la-vacunacion-contra-covid-19-para-excombatientes-de-malvinas\\\/#primaryimage\"},\"image\":{\"@id\":\"https:\\\/\\\/fabriciob.ar\\\/web\\\/prioridad-en-la-vacunacion-contra-covid-19-para-excombatientes-de-malvinas\\\/#primaryimage\"},\"thumbnailUrl\":\"https:\\\/\\\/fabriciob.ar\\\/web\\\/wp-content\\\/uploads\\\/2021\\\/04\\\/EXCOMBATIENTE-MALVINAS.jpg\",\"datePublished\":\"2021-04-28T16:18:48+00:00\",\"dateModified\":\"2021-04-30T16:31:41+00:00\",\"breadcrumb\":{\"@id\":\"https:\\\/\\\/fabriciob.ar\\\/web\\\/prioridad-en-la-vacunacion-contra-covid-19-para-excombatientes-de-malvinas\\\/#breadcrumb\"},\"inLanguage\":\"es\",\"potentialAction\":[{\"@type\":\"ReadAction\",\"target\":[\"https:\\\/\\\/fabriciob.ar\\\/web\\\/prioridad-en-la-vacunacion-contra-covid-19-para-excombatientes-de-malvinas\\\/\"]}]},{\"@type\":\"ImageObject\",\"inLanguage\":\"es\",\"@id\":\"https:\\\/\\\/fabriciob.ar\\\/web\\\/prioridad-en-la-vacunacion-contra-covid-19-para-excombatientes-de-malvinas\\\/#primaryimage\",\"url\":\"https:\\\/\\\/fabriciob.ar\\\/web\\\/wp-content\\\/uploads\\\/2021\\\/04\\\/EXCOMBATIENTE-MALVINAS.jpg\",\"contentUrl\":\"https:\\\/\\\/fabriciob.ar\\\/web\\\/wp-content\\\/uploads\\\/2021\\\/04\\\/EXCOMBATIENTE-MALVINAS.jpg\",\"width\":1072,\"height\":589},{\"@type\":\"BreadcrumbList\",\"@id\":\"https:\\\/\\\/fabriciob.ar\\\/web\\\/prioridad-en-la-vacunacion-contra-covid-19-para-excombatientes-de-malvinas\\\/#breadcrumb\",\"itemListElement\":[{\"@type\":\"ListItem\",\"position\":1,\"name\":\"Portada\",\"item\":\"https:\\\/\\\/fabriciob.ar\\\/web\\\/\"},{\"@type\":\"ListItem\",\"position\":2,\"name\":\"PRIORIDAD EN LA VACUNACI\u00d3N CONTRA COVID-19 PARA EXCOMBATIENTES DE MALVINAS\"}]},{\"@type\":\"WebSite\",\"@id\":\"https:\\\/\\\/fabriciob.ar\\\/web\\\/#website\",\"url\":\"https:\\\/\\\/fabriciob.ar\\\/web\\\/\",\"name\":\"Fabricio Bolatti\",\"description\":\"Sitio Oficial-Comunicaci\u00f3n institucional de la gesti\u00f3n legislativa del concejal Fabricio Bolatti con los vecinos y vecinas de la ciudad de Resistencia\",\"publisher\":{\"@id\":\"https:\\\/\\\/fabriciob.ar\\\/web\\\/#organization\"},\"potentialAction\":[{\"@type\":\"SearchAction\",\"target\":{\"@type\":\"EntryPoint\",\"urlTemplate\":\"https:\\\/\\\/fabriciob.ar\\\/web\\\/?s={search_term_string}\"},\"query-input\":{\"@type\":\"PropertyValueSpecification\",\"valueRequired\":true,\"valueName\":\"search_term_string\"}}],\"inLanguage\":\"es\"},{\"@type\":\"Organization\",\"@id\":\"https:\\\/\\\/fabriciob.ar\\\/web\\\/#organization\",\"name\":\"Fabricio Bolatti-Sitio Oficial\",\"url\":\"https:\\\/\\\/fabriciob.ar\\\/web\\\/\",\"logo\":{\"@type\":\"ImageObject\",\"inLanguage\":\"es\",\"@id\":\"https:\\\/\\\/fabriciob.ar\\\/web\\\/#\\\/schema\\\/logo\\\/image\\\/\",\"url\":\"https:\\\/\\\/fabriciob.ar\\\/web\\\/wp-content\\\/uploads\\\/2020\\\/12\\\/cropped-fb-en-el-concejo-a-red-2-1.png\",\"contentUrl\":\"https:\\\/\\\/fabriciob.ar\\\/web\\\/wp-content\\\/uploads\\\/2020\\\/12\\\/cropped-fb-en-el-concejo-a-red-2-1.png\",\"width\":512,\"height\":512,\"caption\":\"Fabricio Bolatti-Sitio Oficial\"},\"image\":{\"@id\":\"https:\\\/\\\/fabriciob.ar\\\/web\\\/#\\\/schema\\\/logo\\\/image\\\/\"},\"sameAs\":[\"https:\\\/\\\/www.facebook.com\\\/fabriciobolattiK\\\/\",\"https:\\\/\\\/x.com\\\/fabriciobolatti\",\"https:\\\/\\\/www.instagram.com\\\/fabriciobolatti\\\/?igshid=7ztsgzj0mwql\",\"https:\\\/\\\/www.youtube.com\\\/channel\\\/UCWLMPKJZG1JgX9U29Pra3ng\"]},{\"@type\":\"Person\",\"@id\":\"https:\\\/\\\/fabriciob.ar\\\/web\\\/#\\\/schema\\\/person\\\/d56dbc2f2489983c5270184312aab61b\",\"name\":\"Equipo Fabricio\",\"image\":{\"@type\":\"ImageObject\",\"inLanguage\":\"es\",\"@id\":\"https:\\\/\\\/secure.gravatar.com\\\/avatar\\\/9d8e99352a71f2ac7e650885bc7721fe9d667070a36c2a5bb86aab909b8cf626?s=96&d=mm&r=g\",\"url\":\"https:\\\/\\\/secure.gravatar.com\\\/avatar\\\/9d8e99352a71f2ac7e650885bc7721fe9d667070a36c2a5bb86aab909b8cf626?s=96&d=mm&r=g\",\"contentUrl\":\"https:\\\/\\\/secure.gravatar.com\\\/avatar\\\/9d8e99352a71f2ac7e650885bc7721fe9d667070a36c2a5bb86aab909b8cf626?s=96&d=mm&r=g\",\"caption\":\"Equipo Fabricio\"},\"url\":\"https:\\\/\\\/fabriciob.ar\\\/web\\\/author\\\/admin\\\/\"}]}<\/script>\n<!-- \/ Yoast SEO plugin. -->","yoast_head_json":{"title":"PRIORIDAD EN LA VACUNACI\u00d3N CONTRA COVID-19 PARA EXCOMBATIENTES DE MALVINAS - Fabricio Bolatti","robots":{"index":"index","follow":"follow","max-snippet":"max-snippet:-1","max-image-preview":"max-image-preview:large","max-video-preview":"max-video-preview:-1"},"canonical":"https:\/\/fabriciob.ar\/web\/prioridad-en-la-vacunacion-contra-covid-19-para-excombatientes-de-malvinas\/","og_locale":"es_ES","og_type":"article","og_title":"PRIORIDAD EN LA VACUNACI\u00d3N CONTRA COVID-19 PARA EXCOMBATIENTES DE MALVINAS - Fabricio Bolatti","og_url":"https:\/\/fabriciob.ar\/web\/prioridad-en-la-vacunacion-contra-covid-19-para-excombatientes-de-malvinas\/","og_site_name":"Fabricio Bolatti","article_publisher":"https:\/\/www.facebook.com\/fabriciobolattiK\/","article_published_time":"2021-04-28T16:18:48+00:00","article_modified_time":"2021-04-30T16:31:41+00:00","og_image":[{"width":1072,"height":589,"url":"https:\/\/fabriciob.ar\/web\/wp-content\/uploads\/2021\/04\/EXCOMBATIENTE-MALVINAS.jpg","type":"image\/jpeg"}],"author":"Equipo Fabricio","twitter_card":"summary_large_image","twitter_creator":"@fabriciobolatti","twitter_site":"@fabriciobolatti","twitter_misc":{"Escrito por":"Equipo Fabricio","Tiempo de lectura":"1 minuto"},"schema":{"@context":"https:\/\/schema.org","@graph":[{"@type":"Article","@id":"https:\/\/fabriciob.ar\/web\/prioridad-en-la-vacunacion-contra-covid-19-para-excombatientes-de-malvinas\/#article","isPartOf":{"@id":"https:\/\/fabriciob.ar\/web\/prioridad-en-la-vacunacion-contra-covid-19-para-excombatientes-de-malvinas\/"},"author":{"name":"Equipo Fabricio","@id":"https:\/\/fabriciob.ar\/web\/#\/schema\/person\/d56dbc2f2489983c5270184312aab61b"},"headline":"PRIORIDAD EN LA VACUNACI\u00d3N CONTRA COVID-19 PARA EXCOMBATIENTES DE MALVINAS","datePublished":"2021-04-28T16:18:48+00:00","dateModified":"2021-04-30T16:31:41+00:00","mainEntityOfPage":{"@id":"https:\/\/fabriciob.ar\/web\/prioridad-en-la-vacunacion-contra-covid-19-para-excombatientes-de-malvinas\/"},"wordCount":216,"commentCount":0,"publisher":{"@id":"https:\/\/fabriciob.ar\/web\/#organization"},"image":{"@id":"https:\/\/fabriciob.ar\/web\/prioridad-en-la-vacunacion-contra-covid-19-para-excombatientes-de-malvinas\/#primaryimage"},"thumbnailUrl":"https:\/\/fabriciob.ar\/web\/wp-content\/uploads\/2021\/04\/EXCOMBATIENTE-MALVINAS.jpg","articleSection":["PROYECTOS DE RESOLUCION"],"inLanguage":"es","potentialAction":[{"@type":"CommentAction","name":"Comment","target":["https:\/\/fabriciob.ar\/web\/prioridad-en-la-vacunacion-contra-covid-19-para-excombatientes-de-malvinas\/#respond"]}]},{"@type":"WebPage","@id":"https:\/\/fabriciob.ar\/web\/prioridad-en-la-vacunacion-contra-covid-19-para-excombatientes-de-malvinas\/","url":"https:\/\/fabriciob.ar\/web\/prioridad-en-la-vacunacion-contra-covid-19-para-excombatientes-de-malvinas\/","name":"PRIORIDAD EN LA VACUNACI\u00d3N CONTRA COVID-19 PARA EXCOMBATIENTES DE MALVINAS - Fabricio Bolatti","isPartOf":{"@id":"https:\/\/fabriciob.ar\/web\/#website"},"primaryImageOfPage":{"@id":"https:\/\/fabriciob.ar\/web\/prioridad-en-la-vacunacion-contra-covid-19-para-excombatientes-de-malvinas\/#primaryimage"},"image":{"@id":"https:\/\/fabriciob.ar\/web\/prioridad-en-la-vacunacion-contra-covid-19-para-excombatientes-de-malvinas\/#primaryimage"},"thumbnailUrl":"https:\/\/fabriciob.ar\/web\/wp-content\/uploads\/2021\/04\/EXCOMBATIENTE-MALVINAS.jpg","datePublished":"2021-04-28T16:18:48+00:00","dateModified":"2021-04-30T16:31:41+00:00","breadcrumb":{"@id":"https:\/\/fabriciob.ar\/web\/prioridad-en-la-vacunacion-contra-covid-19-para-excombatientes-de-malvinas\/#breadcrumb"},"inLanguage":"es","potentialAction":[{"@type":"ReadAction","target":["https:\/\/fabriciob.ar\/web\/prioridad-en-la-vacunacion-contra-covid-19-para-excombatientes-de-malvinas\/"]}]},{"@type":"ImageObject","inLanguage":"es","@id":"https:\/\/fabriciob.ar\/web\/prioridad-en-la-vacunacion-contra-covid-19-para-excombatientes-de-malvinas\/#primaryimage","url":"https:\/\/fabriciob.ar\/web\/wp-content\/uploads\/2021\/04\/EXCOMBATIENTE-MALVINAS.jpg","contentUrl":"https:\/\/fabriciob.ar\/web\/wp-content\/uploads\/2021\/04\/EXCOMBATIENTE-MALVINAS.jpg","width":1072,"height":589},{"@type":"BreadcrumbList","@id":"https:\/\/fabriciob.ar\/web\/prioridad-en-la-vacunacion-contra-covid-19-para-excombatientes-de-malvinas\/#breadcrumb","itemListElement":[{"@type":"ListItem","position":1,"name":"Portada","item":"https:\/\/fabriciob.ar\/web\/"},{"@type":"ListItem","position":2,"name":"PRIORIDAD EN LA VACUNACI\u00d3N CONTRA COVID-19 PARA EXCOMBATIENTES DE MALVINAS"}]},{"@type":"WebSite","@id":"https:\/\/fabriciob.ar\/web\/#website","url":"https:\/\/fabriciob.ar\/web\/","name":"Fabricio Bolatti","description":"Sitio Oficial-Comunicaci\u00f3n institucional de la gesti\u00f3n legislativa del concejal Fabricio Bolatti con los vecinos y vecinas de la ciudad de Resistencia","publisher":{"@id":"https:\/\/fabriciob.ar\/web\/#organization"},"potentialAction":[{"@type":"SearchAction","target":{"@type":"EntryPoint","urlTemplate":"https:\/\/fabriciob.ar\/web\/?s={search_term_string}"},"query-input":{"@type":"PropertyValueSpecification","valueRequired":true,"valueName":"search_term_string"}}],"inLanguage":"es"},{"@type":"Organization","@id":"https:\/\/fabriciob.ar\/web\/#organization","name":"Fabricio Bolatti-Sitio Oficial","url":"https:\/\/fabriciob.ar\/web\/","logo":{"@type":"ImageObject","inLanguage":"es","@id":"https:\/\/fabriciob.ar\/web\/#\/schema\/logo\/image\/","url":"https:\/\/fabriciob.ar\/web\/wp-content\/uploads\/2020\/12\/cropped-fb-en-el-concejo-a-red-2-1.png","contentUrl":"https:\/\/fabriciob.ar\/web\/wp-content\/uploads\/2020\/12\/cropped-fb-en-el-concejo-a-red-2-1.png","width":512,"height":512,"caption":"Fabricio Bolatti-Sitio Oficial"},"image":{"@id":"https:\/\/fabriciob.ar\/web\/#\/schema\/logo\/image\/"},"sameAs":["https:\/\/www.facebook.com\/fabriciobolattiK\/","https:\/\/x.com\/fabriciobolatti","https:\/\/www.instagram.com\/fabriciobolatti\/?igshid=7ztsgzj0mwql","https:\/\/www.youtube.com\/channel\/UCWLMPKJZG1JgX9U29Pra3ng"]},{"@type":"Person","@id":"https:\/\/fabriciob.ar\/web\/#\/schema\/person\/d56dbc2f2489983c5270184312aab61b","name":"Equipo Fabricio","image":{"@type":"ImageObject","inLanguage":"es","@id":"https:\/\/secure.gravatar.com\/avatar\/9d8e99352a71f2ac7e650885bc7721fe9d667070a36c2a5bb86aab909b8cf626?s=96&d=mm&r=g","url":"https:\/\/secure.gravatar.com\/avatar\/9d8e99352a71f2ac7e650885bc7721fe9d667070a36c2a5bb86aab909b8cf626?s=96&d=mm&r=g","contentUrl":"https:\/\/secure.gravatar.com\/avatar\/9d8e99352a71f2ac7e650885bc7721fe9d667070a36c2a5bb86aab909b8cf626?s=96&d=mm&r=g","caption":"Equipo Fabricio"},"url":"https:\/\/fabriciob.ar\/web\/author\/admin\/"}]}},"_links":{"self":[{"href":"https:\/\/fabriciob.ar\/web\/wp-json\/wp\/v2\/posts\/3350","targetHints":{"allow":["GET"]}}],"collection":[{"href":"https:\/\/fabriciob.ar\/web\/wp-json\/wp\/v2\/posts"}],"about":[{"href":"https:\/\/fabriciob.ar\/web\/wp-json\/wp\/v2\/types\/post"}],"author":[{"embeddable":true,"href":"https:\/\/fabriciob.ar\/web\/wp-json\/wp\/v2\/users\/3"}],"replies":[{"embeddable":true,"href":"https:\/\/fabriciob.ar\/web\/wp-json\/wp\/v2\/comments?post=3350"}],"version-history":[{"count":1,"href":"https:\/\/fabriciob.ar\/web\/wp-json\/wp\/v2\/posts\/3350\/revisions"}],"predecessor-version":[{"id":8766,"href":"https:\/\/fabriciob.ar\/web\/wp-json\/wp\/v2\/posts\/3350\/revisions\/8766"}],"wp:featuredmedia":[{"embeddable":true,"href":"https:\/\/fabriciob.ar\/web\/wp-json\/wp\/v2\/media\/3351"}],"wp:attachment":[{"href":"https:\/\/fabriciob.ar\/web\/wp-json\/wp\/v2\/media?parent=3350"}],"wp:term":[{"taxonomy":"category","embeddable":true,"href":"https:\/\/fabriciob.ar\/web\/wp-json\/wp\/v2\/categories?post=3350"},{"taxonomy":"post_tag","embeddable":true,"href":"https:\/\/fabriciob.ar\/web\/wp-json\/wp\/v2\/tags?post=3350"}],"curies":[{"name":"wp","href":"https:\/\/api.w.org\/{rel}","templated":true}]}}