{"id":3353,"date":"2021-04-30T16:30:58","date_gmt":"2021-04-30T16:30:58","guid":{"rendered":"https:\/\/fabriciob.ar\/web\/?p=3353"},"modified":"2021-04-30T16:30:58","modified_gmt":"2021-04-30T16:30:58","slug":"pedido-de-informe-sobre-animales-secuestrados-desde-el-10-de-diciembre-de-2019","status":"publish","type":"post","link":"https:\/\/fabriciob.ar\/web\/pedido-de-informe-sobre-animales-secuestrados-desde-el-10-de-diciembre-de-2019\/","title":{"rendered":"PEDIDO DE INFORME SOBRE ANIMALES SECUESTRADOS DESDE EL 10 DE DICIEMBRE DE 2019"},"content":{"rendered":"<p><!--more--><\/p>\n<p><b>VISTO<\/b><span style=\"font-weight: 400;\">:\u00a0<\/span><\/p>\n<p><span style=\"font-weight: 400;\">El art\u00edculo 138 de la Carta Org\u00e1nica municipal,<\/span><\/p>\n<p><b>CONSIDERANDO:<\/b><\/p>\n<p><b>\u00a0\u00a0\u00a0\u00a0\u00a0\u00a0\u00a0\u00a0\u00a0\u00a0\u00a0\u00a0<\/b><span style=\"font-weight: 400;\">Que la Fundaci\u00f3n Libera Chaco nos hizo llegar su inquietud por conocer la cantidad de animales secuestrados y llevados a las carrer\u00edas,\u00a0<\/span><\/p>\n<p><span style=\"font-weight: 400;\">Que la organizaci\u00f3n tiene por objeto realizar acciones que colaboren en la protecci\u00f3n de los animales y que vienen realizando un activismo muy importante en lo que respecta al buen trato animal en el caso de los veh\u00edculos con tracci\u00f3n a sangre;\u00a0<\/span><\/p>\n<p><span style=\"font-weight: 400;\">\u00a0\u00a0\u00a0\u00a0\u00a0\u00a0\u00a0\u00a0\u00a0\u00a0\u00a0\u00a0Que nos parece oportuno contar con la informaci\u00f3n p\u00fablica y fehaciente;<\/span><\/p>\n<p>&nbsp;<\/p>\n<p><b>QUE POR TODO ELLO:<\/b><\/p>\n<p>&nbsp;<\/p>\n<p style=\"text-align: center;\"><b>EL CONCEJO MUNICIPAL DE LA CIUDAD DE RESISTENCIA<\/b><\/p>\n<p style=\"text-align: center;\"><b>RESUELVE:<\/b><\/p>\n<p><span style=\"font-weight: 400;\">1) Solicitar al Departamento Ejecutivo Municipal informe respecto de los animales secuestrados desde el 10 de diciembre del 2019 a la fecha, lo siguiente:\u00a0<\/span><\/p>\n<p><span style=\"font-weight: 400;\">\u00a0 \u00a0 \u00a0 \u00a0 a-Cantidad de animales secuestrados con detalle de los mismos (caracter\u00edsticas);<\/span><\/p>\n<p><span style=\"font-weight: 400;\">\u00a0 \u00a0 \u00a0 \u00a0 b-Formas de identificaci\u00f3n realizadas como ser descripci\u00f3n y\/o marcas de los mismos;<\/span><\/p>\n<p><span style=\"font-weight: 400;\">\u00a0 \u00a0 \u00a0 \u00a0 c-El detalle del destino de dichos animales;<\/span><\/p>\n<p><span style=\"font-weight: 400;\">\u00a0 \u00a0 \u00a0 \u00a0 d-Informe cu\u00e1l es el procedimiento y autoridades responsables de la sanci\u00f3n, devoluci\u00f3n o decomiso.<\/span><\/p>\n<p>2) De forma.<\/p>\n<p>&nbsp;<\/p>\n","protected":false},"excerpt":{"rendered":"","protected":false},"author":3,"featured_media":3354,"comment_status":"open","ping_status":"open","sticky":false,"template":"","format":"standard","meta":{"_joinchat":[],"footnotes":""},"categories":[41],"tags":[],"class_list":["post-3353","post","type-post","status-publish","format-standard","has-post-thumbnail","hentry","category-proyectos-de-resolucion"],"yoast_head":"<!-- This site is optimized with the Yoast SEO plugin v27.5 - https:\/\/yoast.com\/product\/yoast-seo-wordpress\/ -->\n<title>PEDIDO DE INFORME SOBRE ANIMALES SECUESTRADOS DESDE EL 10 DE DICIEMBRE DE 2019 - Fabricio Bolatti<\/title>\n<meta name=\"robots\" content=\"index, follow, max-snippet:-1, max-image-preview:large, max-video-preview:-1\" \/>\n<link rel=\"canonical\" href=\"https:\/\/fabriciob.ar\/web\/pedido-de-informe-sobre-animales-secuestrados-desde-el-10-de-diciembre-de-2019\/\" \/>\n<meta property=\"og:locale\" content=\"es_ES\" \/>\n<meta property=\"og:type\" content=\"article\" \/>\n<meta property=\"og:title\" content=\"PEDIDO DE INFORME SOBRE ANIMALES SECUESTRADOS DESDE EL 10 DE DICIEMBRE DE 2019 - Fabricio Bolatti\" \/>\n<meta property=\"og:url\" content=\"https:\/\/fabriciob.ar\/web\/pedido-de-informe-sobre-animales-secuestrados-desde-el-10-de-diciembre-de-2019\/\" \/>\n<meta property=\"og:site_name\" content=\"Fabricio Bolatti\" \/>\n<meta property=\"article:publisher\" content=\"https:\/\/www.facebook.com\/fabriciobolattiK\/\" \/>\n<meta property=\"article:published_time\" content=\"2021-04-30T16:30:58+00:00\" \/>\n<meta property=\"og:image\" content=\"https:\/\/fabriciob.ar\/web\/wp-content\/uploads\/2021\/04\/secuestro-de-caballos.jpg\" \/>\n\t<meta property=\"og:image:width\" content=\"512\" \/>\n\t<meta property=\"og:image:height\" content=\"334\" \/>\n\t<meta property=\"og:image:type\" content=\"image\/jpeg\" \/>\n<meta name=\"author\" content=\"Equipo Fabricio\" \/>\n<meta name=\"twitter:card\" content=\"summary_large_image\" \/>\n<meta name=\"twitter:creator\" content=\"@fabriciobolatti\" \/>\n<meta name=\"twitter:site\" content=\"@fabriciobolatti\" \/>\n<meta name=\"twitter:label1\" content=\"Escrito por\" \/>\n\t<meta name=\"twitter:data1\" content=\"Equipo Fabricio\" \/>\n\t<meta name=\"twitter:label2\" content=\"Tiempo de lectura\" \/>\n\t<meta name=\"twitter:data2\" content=\"1 minuto\" \/>\n<script type=\"application\/ld+json\" class=\"yoast-schema-graph\">{\"@context\":\"https:\\\/\\\/schema.org\",\"@graph\":[{\"@type\":\"Article\",\"@id\":\"https:\\\/\\\/fabriciob.ar\\\/web\\\/pedido-de-informe-sobre-animales-secuestrados-desde-el-10-de-diciembre-de-2019\\\/#article\",\"isPartOf\":{\"@id\":\"https:\\\/\\\/fabriciob.ar\\\/web\\\/pedido-de-informe-sobre-animales-secuestrados-desde-el-10-de-diciembre-de-2019\\\/\"},\"author\":{\"name\":\"Equipo Fabricio\",\"@id\":\"https:\\\/\\\/fabriciob.ar\\\/web\\\/#\\\/schema\\\/person\\\/d56dbc2f2489983c5270184312aab61b\"},\"headline\":\"PEDIDO DE INFORME SOBRE ANIMALES SECUESTRADOS DESDE EL 10 DE DICIEMBRE DE 2019\",\"datePublished\":\"2021-04-30T16:30:58+00:00\",\"mainEntityOfPage\":{\"@id\":\"https:\\\/\\\/fabriciob.ar\\\/web\\\/pedido-de-informe-sobre-animales-secuestrados-desde-el-10-de-diciembre-de-2019\\\/\"},\"wordCount\":194,\"commentCount\":0,\"publisher\":{\"@id\":\"https:\\\/\\\/fabriciob.ar\\\/web\\\/#organization\"},\"image\":{\"@id\":\"https:\\\/\\\/fabriciob.ar\\\/web\\\/pedido-de-informe-sobre-animales-secuestrados-desde-el-10-de-diciembre-de-2019\\\/#primaryimage\"},\"thumbnailUrl\":\"https:\\\/\\\/fabriciob.ar\\\/web\\\/wp-content\\\/uploads\\\/2021\\\/04\\\/secuestro-de-caballos.jpg\",\"articleSection\":[\"PROYECTOS DE RESOLUCION\"],\"inLanguage\":\"es\",\"potentialAction\":[{\"@type\":\"CommentAction\",\"name\":\"Comment\",\"target\":[\"https:\\\/\\\/fabriciob.ar\\\/web\\\/pedido-de-informe-sobre-animales-secuestrados-desde-el-10-de-diciembre-de-2019\\\/#respond\"]}]},{\"@type\":\"WebPage\",\"@id\":\"https:\\\/\\\/fabriciob.ar\\\/web\\\/pedido-de-informe-sobre-animales-secuestrados-desde-el-10-de-diciembre-de-2019\\\/\",\"url\":\"https:\\\/\\\/fabriciob.ar\\\/web\\\/pedido-de-informe-sobre-animales-secuestrados-desde-el-10-de-diciembre-de-2019\\\/\",\"name\":\"PEDIDO DE INFORME SOBRE ANIMALES SECUESTRADOS DESDE EL 10 DE DICIEMBRE DE 2019 - Fabricio Bolatti\",\"isPartOf\":{\"@id\":\"https:\\\/\\\/fabriciob.ar\\\/web\\\/#website\"},\"primaryImageOfPage\":{\"@id\":\"https:\\\/\\\/fabriciob.ar\\\/web\\\/pedido-de-informe-sobre-animales-secuestrados-desde-el-10-de-diciembre-de-2019\\\/#primaryimage\"},\"image\":{\"@id\":\"https:\\\/\\\/fabriciob.ar\\\/web\\\/pedido-de-informe-sobre-animales-secuestrados-desde-el-10-de-diciembre-de-2019\\\/#primaryimage\"},\"thumbnailUrl\":\"https:\\\/\\\/fabriciob.ar\\\/web\\\/wp-content\\\/uploads\\\/2021\\\/04\\\/secuestro-de-caballos.jpg\",\"datePublished\":\"2021-04-30T16:30:58+00:00\",\"breadcrumb\":{\"@id\":\"https:\\\/\\\/fabriciob.ar\\\/web\\\/pedido-de-informe-sobre-animales-secuestrados-desde-el-10-de-diciembre-de-2019\\\/#breadcrumb\"},\"inLanguage\":\"es\",\"potentialAction\":[{\"@type\":\"ReadAction\",\"target\":[\"https:\\\/\\\/fabriciob.ar\\\/web\\\/pedido-de-informe-sobre-animales-secuestrados-desde-el-10-de-diciembre-de-2019\\\/\"]}]},{\"@type\":\"ImageObject\",\"inLanguage\":\"es\",\"@id\":\"https:\\\/\\\/fabriciob.ar\\\/web\\\/pedido-de-informe-sobre-animales-secuestrados-desde-el-10-de-diciembre-de-2019\\\/#primaryimage\",\"url\":\"https:\\\/\\\/fabriciob.ar\\\/web\\\/wp-content\\\/uploads\\\/2021\\\/04\\\/secuestro-de-caballos.jpg\",\"contentUrl\":\"https:\\\/\\\/fabriciob.ar\\\/web\\\/wp-content\\\/uploads\\\/2021\\\/04\\\/secuestro-de-caballos.jpg\",\"width\":512,\"height\":334},{\"@type\":\"BreadcrumbList\",\"@id\":\"https:\\\/\\\/fabriciob.ar\\\/web\\\/pedido-de-informe-sobre-animales-secuestrados-desde-el-10-de-diciembre-de-2019\\\/#breadcrumb\",\"itemListElement\":[{\"@type\":\"ListItem\",\"position\":1,\"name\":\"Portada\",\"item\":\"https:\\\/\\\/fabriciob.ar\\\/web\\\/\"},{\"@type\":\"ListItem\",\"position\":2,\"name\":\"PEDIDO DE INFORME SOBRE ANIMALES SECUESTRADOS DESDE EL 10 DE DICIEMBRE DE 2019\"}]},{\"@type\":\"WebSite\",\"@id\":\"https:\\\/\\\/fabriciob.ar\\\/web\\\/#website\",\"url\":\"https:\\\/\\\/fabriciob.ar\\\/web\\\/\",\"name\":\"Fabricio Bolatti\",\"description\":\"Sitio Oficial-Comunicaci\u00f3n institucional de la gesti\u00f3n legislativa del concejal Fabricio Bolatti con los vecinos y vecinas de la ciudad de Resistencia\",\"publisher\":{\"@id\":\"https:\\\/\\\/fabriciob.ar\\\/web\\\/#organization\"},\"potentialAction\":[{\"@type\":\"SearchAction\",\"target\":{\"@type\":\"EntryPoint\",\"urlTemplate\":\"https:\\\/\\\/fabriciob.ar\\\/web\\\/?s={search_term_string}\"},\"query-input\":{\"@type\":\"PropertyValueSpecification\",\"valueRequired\":true,\"valueName\":\"search_term_string\"}}],\"inLanguage\":\"es\"},{\"@type\":\"Organization\",\"@id\":\"https:\\\/\\\/fabriciob.ar\\\/web\\\/#organization\",\"name\":\"Fabricio Bolatti-Sitio Oficial\",\"url\":\"https:\\\/\\\/fabriciob.ar\\\/web\\\/\",\"logo\":{\"@type\":\"ImageObject\",\"inLanguage\":\"es\",\"@id\":\"https:\\\/\\\/fabriciob.ar\\\/web\\\/#\\\/schema\\\/logo\\\/image\\\/\",\"url\":\"https:\\\/\\\/fabriciob.ar\\\/web\\\/wp-content\\\/uploads\\\/2020\\\/12\\\/cropped-fb-en-el-concejo-a-red-2-1.png\",\"contentUrl\":\"https:\\\/\\\/fabriciob.ar\\\/web\\\/wp-content\\\/uploads\\\/2020\\\/12\\\/cropped-fb-en-el-concejo-a-red-2-1.png\",\"width\":512,\"height\":512,\"caption\":\"Fabricio Bolatti-Sitio Oficial\"},\"image\":{\"@id\":\"https:\\\/\\\/fabriciob.ar\\\/web\\\/#\\\/schema\\\/logo\\\/image\\\/\"},\"sameAs\":[\"https:\\\/\\\/www.facebook.com\\\/fabriciobolattiK\\\/\",\"https:\\\/\\\/x.com\\\/fabriciobolatti\",\"https:\\\/\\\/www.instagram.com\\\/fabriciobolatti\\\/?igshid=7ztsgzj0mwql\",\"https:\\\/\\\/www.youtube.com\\\/channel\\\/UCWLMPKJZG1JgX9U29Pra3ng\"]},{\"@type\":\"Person\",\"@id\":\"https:\\\/\\\/fabriciob.ar\\\/web\\\/#\\\/schema\\\/person\\\/d56dbc2f2489983c5270184312aab61b\",\"name\":\"Equipo Fabricio\",\"image\":{\"@type\":\"ImageObject\",\"inLanguage\":\"es\",\"@id\":\"https:\\\/\\\/secure.gravatar.com\\\/avatar\\\/9d8e99352a71f2ac7e650885bc7721fe9d667070a36c2a5bb86aab909b8cf626?s=96&d=mm&r=g\",\"url\":\"https:\\\/\\\/secure.gravatar.com\\\/avatar\\\/9d8e99352a71f2ac7e650885bc7721fe9d667070a36c2a5bb86aab909b8cf626?s=96&d=mm&r=g\",\"contentUrl\":\"https:\\\/\\\/secure.gravatar.com\\\/avatar\\\/9d8e99352a71f2ac7e650885bc7721fe9d667070a36c2a5bb86aab909b8cf626?s=96&d=mm&r=g\",\"caption\":\"Equipo Fabricio\"},\"url\":\"https:\\\/\\\/fabriciob.ar\\\/web\\\/author\\\/admin\\\/\"}]}<\/script>\n<!-- \/ Yoast SEO plugin. -->","yoast_head_json":{"title":"PEDIDO DE INFORME SOBRE ANIMALES SECUESTRADOS DESDE EL 10 DE DICIEMBRE DE 2019 - Fabricio Bolatti","robots":{"index":"index","follow":"follow","max-snippet":"max-snippet:-1","max-image-preview":"max-image-preview:large","max-video-preview":"max-video-preview:-1"},"canonical":"https:\/\/fabriciob.ar\/web\/pedido-de-informe-sobre-animales-secuestrados-desde-el-10-de-diciembre-de-2019\/","og_locale":"es_ES","og_type":"article","og_title":"PEDIDO DE INFORME SOBRE ANIMALES SECUESTRADOS DESDE EL 10 DE DICIEMBRE DE 2019 - Fabricio Bolatti","og_url":"https:\/\/fabriciob.ar\/web\/pedido-de-informe-sobre-animales-secuestrados-desde-el-10-de-diciembre-de-2019\/","og_site_name":"Fabricio Bolatti","article_publisher":"https:\/\/www.facebook.com\/fabriciobolattiK\/","article_published_time":"2021-04-30T16:30:58+00:00","og_image":[{"width":512,"height":334,"url":"https:\/\/fabriciob.ar\/web\/wp-content\/uploads\/2021\/04\/secuestro-de-caballos.jpg","type":"image\/jpeg"}],"author":"Equipo Fabricio","twitter_card":"summary_large_image","twitter_creator":"@fabriciobolatti","twitter_site":"@fabriciobolatti","twitter_misc":{"Escrito por":"Equipo Fabricio","Tiempo de lectura":"1 minuto"},"schema":{"@context":"https:\/\/schema.org","@graph":[{"@type":"Article","@id":"https:\/\/fabriciob.ar\/web\/pedido-de-informe-sobre-animales-secuestrados-desde-el-10-de-diciembre-de-2019\/#article","isPartOf":{"@id":"https:\/\/fabriciob.ar\/web\/pedido-de-informe-sobre-animales-secuestrados-desde-el-10-de-diciembre-de-2019\/"},"author":{"name":"Equipo Fabricio","@id":"https:\/\/fabriciob.ar\/web\/#\/schema\/person\/d56dbc2f2489983c5270184312aab61b"},"headline":"PEDIDO DE INFORME SOBRE ANIMALES SECUESTRADOS DESDE EL 10 DE DICIEMBRE DE 2019","datePublished":"2021-04-30T16:30:58+00:00","mainEntityOfPage":{"@id":"https:\/\/fabriciob.ar\/web\/pedido-de-informe-sobre-animales-secuestrados-desde-el-10-de-diciembre-de-2019\/"},"wordCount":194,"commentCount":0,"publisher":{"@id":"https:\/\/fabriciob.ar\/web\/#organization"},"image":{"@id":"https:\/\/fabriciob.ar\/web\/pedido-de-informe-sobre-animales-secuestrados-desde-el-10-de-diciembre-de-2019\/#primaryimage"},"thumbnailUrl":"https:\/\/fabriciob.ar\/web\/wp-content\/uploads\/2021\/04\/secuestro-de-caballos.jpg","articleSection":["PROYECTOS DE RESOLUCION"],"inLanguage":"es","potentialAction":[{"@type":"CommentAction","name":"Comment","target":["https:\/\/fabriciob.ar\/web\/pedido-de-informe-sobre-animales-secuestrados-desde-el-10-de-diciembre-de-2019\/#respond"]}]},{"@type":"WebPage","@id":"https:\/\/fabriciob.ar\/web\/pedido-de-informe-sobre-animales-secuestrados-desde-el-10-de-diciembre-de-2019\/","url":"https:\/\/fabriciob.ar\/web\/pedido-de-informe-sobre-animales-secuestrados-desde-el-10-de-diciembre-de-2019\/","name":"PEDIDO DE INFORME SOBRE ANIMALES SECUESTRADOS DESDE EL 10 DE DICIEMBRE DE 2019 - Fabricio Bolatti","isPartOf":{"@id":"https:\/\/fabriciob.ar\/web\/#website"},"primaryImageOfPage":{"@id":"https:\/\/fabriciob.ar\/web\/pedido-de-informe-sobre-animales-secuestrados-desde-el-10-de-diciembre-de-2019\/#primaryimage"},"image":{"@id":"https:\/\/fabriciob.ar\/web\/pedido-de-informe-sobre-animales-secuestrados-desde-el-10-de-diciembre-de-2019\/#primaryimage"},"thumbnailUrl":"https:\/\/fabriciob.ar\/web\/wp-content\/uploads\/2021\/04\/secuestro-de-caballos.jpg","datePublished":"2021-04-30T16:30:58+00:00","breadcrumb":{"@id":"https:\/\/fabriciob.ar\/web\/pedido-de-informe-sobre-animales-secuestrados-desde-el-10-de-diciembre-de-2019\/#breadcrumb"},"inLanguage":"es","potentialAction":[{"@type":"ReadAction","target":["https:\/\/fabriciob.ar\/web\/pedido-de-informe-sobre-animales-secuestrados-desde-el-10-de-diciembre-de-2019\/"]}]},{"@type":"ImageObject","inLanguage":"es","@id":"https:\/\/fabriciob.ar\/web\/pedido-de-informe-sobre-animales-secuestrados-desde-el-10-de-diciembre-de-2019\/#primaryimage","url":"https:\/\/fabriciob.ar\/web\/wp-content\/uploads\/2021\/04\/secuestro-de-caballos.jpg","contentUrl":"https:\/\/fabriciob.ar\/web\/wp-content\/uploads\/2021\/04\/secuestro-de-caballos.jpg","width":512,"height":334},{"@type":"BreadcrumbList","@id":"https:\/\/fabriciob.ar\/web\/pedido-de-informe-sobre-animales-secuestrados-desde-el-10-de-diciembre-de-2019\/#breadcrumb","itemListElement":[{"@type":"ListItem","position":1,"name":"Portada","item":"https:\/\/fabriciob.ar\/web\/"},{"@type":"ListItem","position":2,"name":"PEDIDO DE INFORME SOBRE ANIMALES SECUESTRADOS DESDE EL 10 DE DICIEMBRE DE 2019"}]},{"@type":"WebSite","@id":"https:\/\/fabriciob.ar\/web\/#website","url":"https:\/\/fabriciob.ar\/web\/","name":"Fabricio Bolatti","description":"Sitio Oficial-Comunicaci\u00f3n institucional de la gesti\u00f3n legislativa del concejal Fabricio Bolatti con los vecinos y vecinas de la ciudad de Resistencia","publisher":{"@id":"https:\/\/fabriciob.ar\/web\/#organization"},"potentialAction":[{"@type":"SearchAction","target":{"@type":"EntryPoint","urlTemplate":"https:\/\/fabriciob.ar\/web\/?s={search_term_string}"},"query-input":{"@type":"PropertyValueSpecification","valueRequired":true,"valueName":"search_term_string"}}],"inLanguage":"es"},{"@type":"Organization","@id":"https:\/\/fabriciob.ar\/web\/#organization","name":"Fabricio Bolatti-Sitio Oficial","url":"https:\/\/fabriciob.ar\/web\/","logo":{"@type":"ImageObject","inLanguage":"es","@id":"https:\/\/fabriciob.ar\/web\/#\/schema\/logo\/image\/","url":"https:\/\/fabriciob.ar\/web\/wp-content\/uploads\/2020\/12\/cropped-fb-en-el-concejo-a-red-2-1.png","contentUrl":"https:\/\/fabriciob.ar\/web\/wp-content\/uploads\/2020\/12\/cropped-fb-en-el-concejo-a-red-2-1.png","width":512,"height":512,"caption":"Fabricio Bolatti-Sitio Oficial"},"image":{"@id":"https:\/\/fabriciob.ar\/web\/#\/schema\/logo\/image\/"},"sameAs":["https:\/\/www.facebook.com\/fabriciobolattiK\/","https:\/\/x.com\/fabriciobolatti","https:\/\/www.instagram.com\/fabriciobolatti\/?igshid=7ztsgzj0mwql","https:\/\/www.youtube.com\/channel\/UCWLMPKJZG1JgX9U29Pra3ng"]},{"@type":"Person","@id":"https:\/\/fabriciob.ar\/web\/#\/schema\/person\/d56dbc2f2489983c5270184312aab61b","name":"Equipo Fabricio","image":{"@type":"ImageObject","inLanguage":"es","@id":"https:\/\/secure.gravatar.com\/avatar\/9d8e99352a71f2ac7e650885bc7721fe9d667070a36c2a5bb86aab909b8cf626?s=96&d=mm&r=g","url":"https:\/\/secure.gravatar.com\/avatar\/9d8e99352a71f2ac7e650885bc7721fe9d667070a36c2a5bb86aab909b8cf626?s=96&d=mm&r=g","contentUrl":"https:\/\/secure.gravatar.com\/avatar\/9d8e99352a71f2ac7e650885bc7721fe9d667070a36c2a5bb86aab909b8cf626?s=96&d=mm&r=g","caption":"Equipo Fabricio"},"url":"https:\/\/fabriciob.ar\/web\/author\/admin\/"}]}},"_links":{"self":[{"href":"https:\/\/fabriciob.ar\/web\/wp-json\/wp\/v2\/posts\/3353","targetHints":{"allow":["GET"]}}],"collection":[{"href":"https:\/\/fabriciob.ar\/web\/wp-json\/wp\/v2\/posts"}],"about":[{"href":"https:\/\/fabriciob.ar\/web\/wp-json\/wp\/v2\/types\/post"}],"author":[{"embeddable":true,"href":"https:\/\/fabriciob.ar\/web\/wp-json\/wp\/v2\/users\/3"}],"replies":[{"embeddable":true,"href":"https:\/\/fabriciob.ar\/web\/wp-json\/wp\/v2\/comments?post=3353"}],"version-history":[{"count":0,"href":"https:\/\/fabriciob.ar\/web\/wp-json\/wp\/v2\/posts\/3353\/revisions"}],"wp:featuredmedia":[{"embeddable":true,"href":"https:\/\/fabriciob.ar\/web\/wp-json\/wp\/v2\/media\/3354"}],"wp:attachment":[{"href":"https:\/\/fabriciob.ar\/web\/wp-json\/wp\/v2\/media?parent=3353"}],"wp:term":[{"taxonomy":"category","embeddable":true,"href":"https:\/\/fabriciob.ar\/web\/wp-json\/wp\/v2\/categories?post=3353"},{"taxonomy":"post_tag","embeddable":true,"href":"https:\/\/fabriciob.ar\/web\/wp-json\/wp\/v2\/tags?post=3353"}],"curies":[{"name":"wp","href":"https:\/\/api.w.org\/{rel}","templated":true}]}}