{"id":3641,"date":"2021-05-04T02:04:46","date_gmt":"2021-05-04T02:04:46","guid":{"rendered":"https:\/\/fabriciob.ar\/web\/?p=3641"},"modified":"2021-05-04T02:04:46","modified_gmt":"2021-05-04T02:04:46","slug":"visitamos-la-escuela-de-gestion-indigena-del-barrio-toba","status":"publish","type":"post","link":"https:\/\/fabriciob.ar\/web\/visitamos-la-escuela-de-gestion-indigena-del-barrio-toba\/","title":{"rendered":"VISITAMOS LA ESCUELA DE GESTI\u00d3N INDIGENA DEL BARRIO TOBA"},"content":{"rendered":"<p><em>Junto a integrantes del Consejo Comunitario recientemente electo<\/em><!--more--><\/p>\n<p>&nbsp;<\/p>\n<p>Seguimos trabajando y sumando desde el lugar que nos toca hoy ocupar. Por eso, junto al referente gremial y educativo Daniel Aguirre; Juan Gauto, integrante de nuestro equipo de Salud en el Concejo; y Jos\u00e9 Mar\u00eda Orsolini, militante pol\u00edtico y factor com\u00fan que une voluntades, visitamos la EPGCBII N\u00ba1 del Barrio Toba (Escuela de Gesti\u00f3n Ind\u00edgena), donde fuimos recibidos por Carlos N\u00fa\u00f1ez, vecino y dirigente ind\u00edgena del barrio, quien encabez\u00f3 la propuesta para integrar el Consejo que obtuvo mayor acompa\u00f1amiento de la comunidad.<\/p>\n<div id='gallery-1' class='gallery galleryid-3641 gallery-columns-2 gallery-size-full'><figure class='gallery-item'>\n\t\t\t<div class='gallery-icon landscape'>\n\t\t\t\t<a href='https:\/\/fabriciob.ar\/web\/visitamos-la-escuela-de-gestion-indigena-del-barrio-toba\/escuela-barrio-toba-3\/'><img fetchpriority=\"high\" decoding=\"async\" width=\"1280\" height=\"832\" src=\"https:\/\/fabriciob.ar\/web\/wp-content\/uploads\/2021\/05\/Escuela-Barrio-Toba-3.jpeg\" class=\"attachment-full size-full\" alt=\"\" srcset=\"https:\/\/fabriciob.ar\/web\/wp-content\/uploads\/2021\/05\/Escuela-Barrio-Toba-3.jpeg 1280w, https:\/\/fabriciob.ar\/web\/wp-content\/uploads\/2021\/05\/Escuela-Barrio-Toba-3-300x195.jpeg 300w, https:\/\/fabriciob.ar\/web\/wp-content\/uploads\/2021\/05\/Escuela-Barrio-Toba-3-1024x666.jpeg 1024w, https:\/\/fabriciob.ar\/web\/wp-content\/uploads\/2021\/05\/Escuela-Barrio-Toba-3-768x499.jpeg 768w, https:\/\/fabriciob.ar\/web\/wp-content\/uploads\/2021\/05\/Escuela-Barrio-Toba-3-24x16.jpeg 24w, https:\/\/fabriciob.ar\/web\/wp-content\/uploads\/2021\/05\/Escuela-Barrio-Toba-3-36x23.jpeg 36w, https:\/\/fabriciob.ar\/web\/wp-content\/uploads\/2021\/05\/Escuela-Barrio-Toba-3-48x31.jpeg 48w\" sizes=\"(max-width: 1280px) 100vw, 1280px\" \/><\/a>\n\t\t\t<\/div><\/figure><figure class='gallery-item'>\n\t\t\t<div class='gallery-icon landscape'>\n\t\t\t\t<a href='https:\/\/fabriciob.ar\/web\/visitamos-la-escuela-de-gestion-indigena-del-barrio-toba\/escuela-barrio-toba-2\/'><img decoding=\"async\" width=\"1280\" height=\"836\" src=\"https:\/\/fabriciob.ar\/web\/wp-content\/uploads\/2021\/05\/Escuela-Barrio-Toba-2.jpeg\" class=\"attachment-full size-full\" alt=\"\" srcset=\"https:\/\/fabriciob.ar\/web\/wp-content\/uploads\/2021\/05\/Escuela-Barrio-Toba-2.jpeg 1280w, https:\/\/fabriciob.ar\/web\/wp-content\/uploads\/2021\/05\/Escuela-Barrio-Toba-2-300x196.jpeg 300w, https:\/\/fabriciob.ar\/web\/wp-content\/uploads\/2021\/05\/Escuela-Barrio-Toba-2-1024x669.jpeg 1024w, https:\/\/fabriciob.ar\/web\/wp-content\/uploads\/2021\/05\/Escuela-Barrio-Toba-2-768x502.jpeg 768w, https:\/\/fabriciob.ar\/web\/wp-content\/uploads\/2021\/05\/Escuela-Barrio-Toba-2-24x16.jpeg 24w, https:\/\/fabriciob.ar\/web\/wp-content\/uploads\/2021\/05\/Escuela-Barrio-Toba-2-36x24.jpeg 36w, https:\/\/fabriciob.ar\/web\/wp-content\/uploads\/2021\/05\/Escuela-Barrio-Toba-2-48x31.jpeg 48w\" sizes=\"(max-width: 1280px) 100vw, 1280px\" \/><\/a>\n\t\t\t<\/div><\/figure>\n\t\t<\/div>\n\n<p>Cabe destacar, que la EPGCBII del Barrio Toba, fue la primera de la provincia en mostrar el camino y forma de abordar la prestaci\u00f3n de un servicio p\u00fablico principal y de rango constitucional como lo es la \u201ceducaci\u00f3n p\u00fablica\u201d en todos sus niveles; sum\u00e1ndose al gran desaf\u00edo que tienen hoy todas las instituciones educativas con clases presenciales, pero con la especial particularidad de ser conducida y gestionada por su propia comunidad. N\u00fa\u00f1ez, junto a un grupo de consejeras y consejeros &#8211; con quienes se conform\u00f3 el Consejo Comunitario Escolar &#8211; se hizo cargo de la misi\u00f3n de conducir, gestionar y promocionar tan importante instituci\u00f3n p\u00fablica.<\/p>\n<p>En la oportunidad, acercamos a la escuela insumos sanitizantes, nuevamente aportados por la UNCAus y material did\u00e1ctico que podr\u00eda ser \u00fatil para las jornadas; pero m\u00e1s que nada, llevamos el saludo y el compromiso por acompa\u00f1arlas y acompa\u00f1arlos en este desaf\u00edo. Tambi\u00e9n, analizamos algunas necesidades y carencias en materia de Infraestructura, las que buscaremos coordinar esfuerzos para gestionar en conjunto.<\/p>\n<div id='gallery-2' class='gallery galleryid-3641 gallery-columns-2 gallery-size-full'><figure class='gallery-item'>\n\t\t\t<div class='gallery-icon landscape'>\n\t\t\t\t<a href='https:\/\/fabriciob.ar\/web\/visitamos-la-escuela-de-gestion-indigena-del-barrio-toba\/escuela-barrio-toba-6\/'><img decoding=\"async\" width=\"1280\" height=\"809\" src=\"https:\/\/fabriciob.ar\/web\/wp-content\/uploads\/2021\/05\/Escuela-Barrio-Toba-6.jpeg\" class=\"attachment-full size-full\" alt=\"\" srcset=\"https:\/\/fabriciob.ar\/web\/wp-content\/uploads\/2021\/05\/Escuela-Barrio-Toba-6.jpeg 1280w, https:\/\/fabriciob.ar\/web\/wp-content\/uploads\/2021\/05\/Escuela-Barrio-Toba-6-300x190.jpeg 300w, https:\/\/fabriciob.ar\/web\/wp-content\/uploads\/2021\/05\/Escuela-Barrio-Toba-6-1024x647.jpeg 1024w, https:\/\/fabriciob.ar\/web\/wp-content\/uploads\/2021\/05\/Escuela-Barrio-Toba-6-768x485.jpeg 768w, https:\/\/fabriciob.ar\/web\/wp-content\/uploads\/2021\/05\/Escuela-Barrio-Toba-6-24x15.jpeg 24w, https:\/\/fabriciob.ar\/web\/wp-content\/uploads\/2021\/05\/Escuela-Barrio-Toba-6-36x23.jpeg 36w, https:\/\/fabriciob.ar\/web\/wp-content\/uploads\/2021\/05\/Escuela-Barrio-Toba-6-48x30.jpeg 48w\" sizes=\"(max-width: 1280px) 100vw, 1280px\" \/><\/a>\n\t\t\t<\/div><\/figure><figure class='gallery-item'>\n\t\t\t<div class='gallery-icon landscape'>\n\t\t\t\t<a href='https:\/\/fabriciob.ar\/web\/visitamos-la-escuela-de-gestion-indigena-del-barrio-toba\/escuela-barrio-toba-5\/'><img loading=\"lazy\" decoding=\"async\" width=\"1280\" height=\"848\" src=\"https:\/\/fabriciob.ar\/web\/wp-content\/uploads\/2021\/05\/Escuela-Barrio-Toba-5.jpeg\" class=\"attachment-full size-full\" alt=\"\" srcset=\"https:\/\/fabriciob.ar\/web\/wp-content\/uploads\/2021\/05\/Escuela-Barrio-Toba-5.jpeg 1280w, https:\/\/fabriciob.ar\/web\/wp-content\/uploads\/2021\/05\/Escuela-Barrio-Toba-5-300x199.jpeg 300w, https:\/\/fabriciob.ar\/web\/wp-content\/uploads\/2021\/05\/Escuela-Barrio-Toba-5-1024x678.jpeg 1024w, https:\/\/fabriciob.ar\/web\/wp-content\/uploads\/2021\/05\/Escuela-Barrio-Toba-5-768x509.jpeg 768w, https:\/\/fabriciob.ar\/web\/wp-content\/uploads\/2021\/05\/Escuela-Barrio-Toba-5-24x16.jpeg 24w, https:\/\/fabriciob.ar\/web\/wp-content\/uploads\/2021\/05\/Escuela-Barrio-Toba-5-36x24.jpeg 36w, https:\/\/fabriciob.ar\/web\/wp-content\/uploads\/2021\/05\/Escuela-Barrio-Toba-5-48x32.jpeg 48w\" sizes=\"(max-width: 1280px) 100vw, 1280px\" \/><\/a>\n\t\t\t<\/div><\/figure>\n\t\t<\/div>\n\n<p>Conocer, aprender y valorar la experiencia, es lo que nos dej\u00f3 esta tarde que pudimos compartir con ellos, instituci\u00f3n que como la mayor\u00eda se recupera de las consecuencias que provoc\u00f3 el necesario aislamiento que exigi\u00f3 y exige la pandemia, acci\u00f3n preventiva que comienza a ser desafiada por la sociedad organizada, pero que en este caso, tom\u00f3 caracter\u00edsticas especiales por la cultura y forma particular de organizarse, por la situaci\u00f3n social, por la falta de acceso a la tecnolog\u00eda que permite evitar en parte la presencialidad educativa, etc., condiciones que por ejemplo, hacen prescindir de la \u201cburbuja\u201d y otros esquemas utilizados.<\/p>\n<p>El compromiso, la solidaridad, el respeto a la \u201cpersona\u201d y a la \u201ccomunidad\u201d, se perciben como los valores que se expresan para llevar adelante una gesti\u00f3n de estas caracter\u00edsticas tan valiosas, como complejas.<\/p>\n<div id='gallery-3' class='gallery galleryid-3641 gallery-columns-1 gallery-size-full'><figure class='gallery-item'>\n\t\t\t<div class='gallery-icon landscape'>\n\t\t\t\t<a href='https:\/\/fabriciob.ar\/web\/visitamos-la-escuela-de-gestion-indigena-del-barrio-toba\/escuela-barrio-toba-6\/'><img decoding=\"async\" width=\"1280\" height=\"809\" src=\"https:\/\/fabriciob.ar\/web\/wp-content\/uploads\/2021\/05\/Escuela-Barrio-Toba-6.jpeg\" class=\"attachment-full size-full\" alt=\"\" srcset=\"https:\/\/fabriciob.ar\/web\/wp-content\/uploads\/2021\/05\/Escuela-Barrio-Toba-6.jpeg 1280w, https:\/\/fabriciob.ar\/web\/wp-content\/uploads\/2021\/05\/Escuela-Barrio-Toba-6-300x190.jpeg 300w, https:\/\/fabriciob.ar\/web\/wp-content\/uploads\/2021\/05\/Escuela-Barrio-Toba-6-1024x647.jpeg 1024w, https:\/\/fabriciob.ar\/web\/wp-content\/uploads\/2021\/05\/Escuela-Barrio-Toba-6-768x485.jpeg 768w, https:\/\/fabriciob.ar\/web\/wp-content\/uploads\/2021\/05\/Escuela-Barrio-Toba-6-24x15.jpeg 24w, https:\/\/fabriciob.ar\/web\/wp-content\/uploads\/2021\/05\/Escuela-Barrio-Toba-6-36x23.jpeg 36w, https:\/\/fabriciob.ar\/web\/wp-content\/uploads\/2021\/05\/Escuela-Barrio-Toba-6-48x30.jpeg 48w\" sizes=\"(max-width: 1280px) 100vw, 1280px\" \/><\/a>\n\t\t\t<\/div><\/figure>\n\t\t<\/div>\n\n<p>&nbsp;<\/p>\n<p>Gracias por recibirnos, compartir y por lo que hacen por su comunidad, que tambi\u00e9n es la nuestra.<\/p>\n","protected":false},"excerpt":{"rendered":"<p>Junto a integrantes del Consejo Comunitario recientemente electo<\/p>\n","protected":false},"author":3,"featured_media":3645,"comment_status":"open","ping_status":"open","sticky":false,"template":"","format":"standard","meta":{"_joinchat":[],"footnotes":""},"categories":[27],"tags":[],"class_list":["post-3641","post","type-post","status-publish","format-standard","has-post-thumbnail","hentry","category-comunicados-de-prensa"],"yoast_head":"<!-- This site is optimized with the Yoast SEO plugin v27.5 - https:\/\/yoast.com\/product\/yoast-seo-wordpress\/ -->\n<title>VISITAMOS LA ESCUELA DE GESTI\u00d3N INDIGENA DEL BARRIO TOBA - Fabricio Bolatti<\/title>\n<meta name=\"robots\" content=\"index, follow, max-snippet:-1, max-image-preview:large, max-video-preview:-1\" \/>\n<link rel=\"canonical\" href=\"https:\/\/fabriciob.ar\/web\/visitamos-la-escuela-de-gestion-indigena-del-barrio-toba\/\" \/>\n<meta property=\"og:locale\" content=\"es_ES\" \/>\n<meta property=\"og:type\" content=\"article\" \/>\n<meta property=\"og:title\" content=\"VISITAMOS LA ESCUELA DE GESTI\u00d3N INDIGENA DEL BARRIO TOBA - Fabricio Bolatti\" \/>\n<meta property=\"og:description\" content=\"Junto a integrantes del Consejo Comunitario recientemente electo\" \/>\n<meta property=\"og:url\" content=\"https:\/\/fabriciob.ar\/web\/visitamos-la-escuela-de-gestion-indigena-del-barrio-toba\/\" \/>\n<meta property=\"og:site_name\" content=\"Fabricio Bolatti\" \/>\n<meta property=\"article:publisher\" content=\"https:\/\/www.facebook.com\/fabriciobolattiK\/\" \/>\n<meta property=\"article:published_time\" content=\"2021-05-04T02:04:46+00:00\" \/>\n<meta property=\"og:image\" content=\"https:\/\/fabriciob.ar\/web\/wp-content\/uploads\/2021\/05\/Escuela-Barrio-Toba-4.jpeg\" \/>\n\t<meta property=\"og:image:width\" content=\"1280\" \/>\n\t<meta property=\"og:image:height\" content=\"967\" \/>\n\t<meta property=\"og:image:type\" content=\"image\/jpeg\" \/>\n<meta name=\"author\" content=\"Equipo Fabricio\" \/>\n<meta name=\"twitter:card\" content=\"summary_large_image\" \/>\n<meta name=\"twitter:creator\" content=\"@fabriciobolatti\" \/>\n<meta name=\"twitter:site\" content=\"@fabriciobolatti\" \/>\n<meta name=\"twitter:label1\" content=\"Escrito por\" \/>\n\t<meta name=\"twitter:data1\" content=\"Equipo Fabricio\" \/>\n\t<meta name=\"twitter:label2\" content=\"Tiempo de lectura\" \/>\n\t<meta name=\"twitter:data2\" content=\"2 minutos\" \/>\n<script type=\"application\/ld+json\" class=\"yoast-schema-graph\">{\"@context\":\"https:\\\/\\\/schema.org\",\"@graph\":[{\"@type\":\"Article\",\"@id\":\"https:\\\/\\\/fabriciob.ar\\\/web\\\/visitamos-la-escuela-de-gestion-indigena-del-barrio-toba\\\/#article\",\"isPartOf\":{\"@id\":\"https:\\\/\\\/fabriciob.ar\\\/web\\\/visitamos-la-escuela-de-gestion-indigena-del-barrio-toba\\\/\"},\"author\":{\"name\":\"Equipo Fabricio\",\"@id\":\"https:\\\/\\\/fabriciob.ar\\\/web\\\/#\\\/schema\\\/person\\\/d56dbc2f2489983c5270184312aab61b\"},\"headline\":\"VISITAMOS LA ESCUELA DE GESTI\u00d3N INDIGENA DEL BARRIO TOBA\",\"datePublished\":\"2021-05-04T02:04:46+00:00\",\"mainEntityOfPage\":{\"@id\":\"https:\\\/\\\/fabriciob.ar\\\/web\\\/visitamos-la-escuela-de-gestion-indigena-del-barrio-toba\\\/\"},\"wordCount\":467,\"commentCount\":0,\"publisher\":{\"@id\":\"https:\\\/\\\/fabriciob.ar\\\/web\\\/#organization\"},\"image\":{\"@id\":\"https:\\\/\\\/fabriciob.ar\\\/web\\\/visitamos-la-escuela-de-gestion-indigena-del-barrio-toba\\\/#primaryimage\"},\"thumbnailUrl\":\"https:\\\/\\\/fabriciob.ar\\\/web\\\/wp-content\\\/uploads\\\/2021\\\/05\\\/Escuela-Barrio-Toba-4.jpeg\",\"articleSection\":[\"COMUNICADOS DE PRENSA\"],\"inLanguage\":\"es\",\"potentialAction\":[{\"@type\":\"CommentAction\",\"name\":\"Comment\",\"target\":[\"https:\\\/\\\/fabriciob.ar\\\/web\\\/visitamos-la-escuela-de-gestion-indigena-del-barrio-toba\\\/#respond\"]}]},{\"@type\":\"WebPage\",\"@id\":\"https:\\\/\\\/fabriciob.ar\\\/web\\\/visitamos-la-escuela-de-gestion-indigena-del-barrio-toba\\\/\",\"url\":\"https:\\\/\\\/fabriciob.ar\\\/web\\\/visitamos-la-escuela-de-gestion-indigena-del-barrio-toba\\\/\",\"name\":\"VISITAMOS LA ESCUELA DE GESTI\u00d3N INDIGENA DEL BARRIO TOBA - Fabricio Bolatti\",\"isPartOf\":{\"@id\":\"https:\\\/\\\/fabriciob.ar\\\/web\\\/#website\"},\"primaryImageOfPage\":{\"@id\":\"https:\\\/\\\/fabriciob.ar\\\/web\\\/visitamos-la-escuela-de-gestion-indigena-del-barrio-toba\\\/#primaryimage\"},\"image\":{\"@id\":\"https:\\\/\\\/fabriciob.ar\\\/web\\\/visitamos-la-escuela-de-gestion-indigena-del-barrio-toba\\\/#primaryimage\"},\"thumbnailUrl\":\"https:\\\/\\\/fabriciob.ar\\\/web\\\/wp-content\\\/uploads\\\/2021\\\/05\\\/Escuela-Barrio-Toba-4.jpeg\",\"datePublished\":\"2021-05-04T02:04:46+00:00\",\"breadcrumb\":{\"@id\":\"https:\\\/\\\/fabriciob.ar\\\/web\\\/visitamos-la-escuela-de-gestion-indigena-del-barrio-toba\\\/#breadcrumb\"},\"inLanguage\":\"es\",\"potentialAction\":[{\"@type\":\"ReadAction\",\"target\":[\"https:\\\/\\\/fabriciob.ar\\\/web\\\/visitamos-la-escuela-de-gestion-indigena-del-barrio-toba\\\/\"]}]},{\"@type\":\"ImageObject\",\"inLanguage\":\"es\",\"@id\":\"https:\\\/\\\/fabriciob.ar\\\/web\\\/visitamos-la-escuela-de-gestion-indigena-del-barrio-toba\\\/#primaryimage\",\"url\":\"https:\\\/\\\/fabriciob.ar\\\/web\\\/wp-content\\\/uploads\\\/2021\\\/05\\\/Escuela-Barrio-Toba-4.jpeg\",\"contentUrl\":\"https:\\\/\\\/fabriciob.ar\\\/web\\\/wp-content\\\/uploads\\\/2021\\\/05\\\/Escuela-Barrio-Toba-4.jpeg\",\"width\":1280,\"height\":967},{\"@type\":\"BreadcrumbList\",\"@id\":\"https:\\\/\\\/fabriciob.ar\\\/web\\\/visitamos-la-escuela-de-gestion-indigena-del-barrio-toba\\\/#breadcrumb\",\"itemListElement\":[{\"@type\":\"ListItem\",\"position\":1,\"name\":\"Portada\",\"item\":\"https:\\\/\\\/fabriciob.ar\\\/web\\\/\"},{\"@type\":\"ListItem\",\"position\":2,\"name\":\"VISITAMOS LA ESCUELA DE GESTI\u00d3N INDIGENA DEL BARRIO TOBA\"}]},{\"@type\":\"WebSite\",\"@id\":\"https:\\\/\\\/fabriciob.ar\\\/web\\\/#website\",\"url\":\"https:\\\/\\\/fabriciob.ar\\\/web\\\/\",\"name\":\"Fabricio Bolatti\",\"description\":\"Sitio Oficial-Comunicaci\u00f3n institucional de la gesti\u00f3n legislativa del concejal Fabricio Bolatti con los vecinos y vecinas de la ciudad de Resistencia\",\"publisher\":{\"@id\":\"https:\\\/\\\/fabriciob.ar\\\/web\\\/#organization\"},\"potentialAction\":[{\"@type\":\"SearchAction\",\"target\":{\"@type\":\"EntryPoint\",\"urlTemplate\":\"https:\\\/\\\/fabriciob.ar\\\/web\\\/?s={search_term_string}\"},\"query-input\":{\"@type\":\"PropertyValueSpecification\",\"valueRequired\":true,\"valueName\":\"search_term_string\"}}],\"inLanguage\":\"es\"},{\"@type\":\"Organization\",\"@id\":\"https:\\\/\\\/fabriciob.ar\\\/web\\\/#organization\",\"name\":\"Fabricio Bolatti-Sitio Oficial\",\"url\":\"https:\\\/\\\/fabriciob.ar\\\/web\\\/\",\"logo\":{\"@type\":\"ImageObject\",\"inLanguage\":\"es\",\"@id\":\"https:\\\/\\\/fabriciob.ar\\\/web\\\/#\\\/schema\\\/logo\\\/image\\\/\",\"url\":\"https:\\\/\\\/fabriciob.ar\\\/web\\\/wp-content\\\/uploads\\\/2020\\\/12\\\/cropped-fb-en-el-concejo-a-red-2-1.png\",\"contentUrl\":\"https:\\\/\\\/fabriciob.ar\\\/web\\\/wp-content\\\/uploads\\\/2020\\\/12\\\/cropped-fb-en-el-concejo-a-red-2-1.png\",\"width\":512,\"height\":512,\"caption\":\"Fabricio Bolatti-Sitio Oficial\"},\"image\":{\"@id\":\"https:\\\/\\\/fabriciob.ar\\\/web\\\/#\\\/schema\\\/logo\\\/image\\\/\"},\"sameAs\":[\"https:\\\/\\\/www.facebook.com\\\/fabriciobolattiK\\\/\",\"https:\\\/\\\/x.com\\\/fabriciobolatti\",\"https:\\\/\\\/www.instagram.com\\\/fabriciobolatti\\\/?igshid=7ztsgzj0mwql\",\"https:\\\/\\\/www.youtube.com\\\/channel\\\/UCWLMPKJZG1JgX9U29Pra3ng\"]},{\"@type\":\"Person\",\"@id\":\"https:\\\/\\\/fabriciob.ar\\\/web\\\/#\\\/schema\\\/person\\\/d56dbc2f2489983c5270184312aab61b\",\"name\":\"Equipo Fabricio\",\"image\":{\"@type\":\"ImageObject\",\"inLanguage\":\"es\",\"@id\":\"https:\\\/\\\/secure.gravatar.com\\\/avatar\\\/9d8e99352a71f2ac7e650885bc7721fe9d667070a36c2a5bb86aab909b8cf626?s=96&d=mm&r=g\",\"url\":\"https:\\\/\\\/secure.gravatar.com\\\/avatar\\\/9d8e99352a71f2ac7e650885bc7721fe9d667070a36c2a5bb86aab909b8cf626?s=96&d=mm&r=g\",\"contentUrl\":\"https:\\\/\\\/secure.gravatar.com\\\/avatar\\\/9d8e99352a71f2ac7e650885bc7721fe9d667070a36c2a5bb86aab909b8cf626?s=96&d=mm&r=g\",\"caption\":\"Equipo Fabricio\"},\"url\":\"https:\\\/\\\/fabriciob.ar\\\/web\\\/author\\\/admin\\\/\"}]}<\/script>\n<!-- \/ Yoast SEO plugin. -->","yoast_head_json":{"title":"VISITAMOS LA ESCUELA DE GESTI\u00d3N INDIGENA DEL BARRIO TOBA - Fabricio Bolatti","robots":{"index":"index","follow":"follow","max-snippet":"max-snippet:-1","max-image-preview":"max-image-preview:large","max-video-preview":"max-video-preview:-1"},"canonical":"https:\/\/fabriciob.ar\/web\/visitamos-la-escuela-de-gestion-indigena-del-barrio-toba\/","og_locale":"es_ES","og_type":"article","og_title":"VISITAMOS LA ESCUELA DE GESTI\u00d3N INDIGENA DEL BARRIO TOBA - Fabricio Bolatti","og_description":"Junto a integrantes del Consejo Comunitario recientemente electo","og_url":"https:\/\/fabriciob.ar\/web\/visitamos-la-escuela-de-gestion-indigena-del-barrio-toba\/","og_site_name":"Fabricio Bolatti","article_publisher":"https:\/\/www.facebook.com\/fabriciobolattiK\/","article_published_time":"2021-05-04T02:04:46+00:00","og_image":[{"width":1280,"height":967,"url":"https:\/\/fabriciob.ar\/web\/wp-content\/uploads\/2021\/05\/Escuela-Barrio-Toba-4.jpeg","type":"image\/jpeg"}],"author":"Equipo Fabricio","twitter_card":"summary_large_image","twitter_creator":"@fabriciobolatti","twitter_site":"@fabriciobolatti","twitter_misc":{"Escrito por":"Equipo Fabricio","Tiempo de lectura":"2 minutos"},"schema":{"@context":"https:\/\/schema.org","@graph":[{"@type":"Article","@id":"https:\/\/fabriciob.ar\/web\/visitamos-la-escuela-de-gestion-indigena-del-barrio-toba\/#article","isPartOf":{"@id":"https:\/\/fabriciob.ar\/web\/visitamos-la-escuela-de-gestion-indigena-del-barrio-toba\/"},"author":{"name":"Equipo Fabricio","@id":"https:\/\/fabriciob.ar\/web\/#\/schema\/person\/d56dbc2f2489983c5270184312aab61b"},"headline":"VISITAMOS LA ESCUELA DE GESTI\u00d3N INDIGENA DEL BARRIO TOBA","datePublished":"2021-05-04T02:04:46+00:00","mainEntityOfPage":{"@id":"https:\/\/fabriciob.ar\/web\/visitamos-la-escuela-de-gestion-indigena-del-barrio-toba\/"},"wordCount":467,"commentCount":0,"publisher":{"@id":"https:\/\/fabriciob.ar\/web\/#organization"},"image":{"@id":"https:\/\/fabriciob.ar\/web\/visitamos-la-escuela-de-gestion-indigena-del-barrio-toba\/#primaryimage"},"thumbnailUrl":"https:\/\/fabriciob.ar\/web\/wp-content\/uploads\/2021\/05\/Escuela-Barrio-Toba-4.jpeg","articleSection":["COMUNICADOS DE PRENSA"],"inLanguage":"es","potentialAction":[{"@type":"CommentAction","name":"Comment","target":["https:\/\/fabriciob.ar\/web\/visitamos-la-escuela-de-gestion-indigena-del-barrio-toba\/#respond"]}]},{"@type":"WebPage","@id":"https:\/\/fabriciob.ar\/web\/visitamos-la-escuela-de-gestion-indigena-del-barrio-toba\/","url":"https:\/\/fabriciob.ar\/web\/visitamos-la-escuela-de-gestion-indigena-del-barrio-toba\/","name":"VISITAMOS LA ESCUELA DE GESTI\u00d3N INDIGENA DEL BARRIO TOBA - Fabricio Bolatti","isPartOf":{"@id":"https:\/\/fabriciob.ar\/web\/#website"},"primaryImageOfPage":{"@id":"https:\/\/fabriciob.ar\/web\/visitamos-la-escuela-de-gestion-indigena-del-barrio-toba\/#primaryimage"},"image":{"@id":"https:\/\/fabriciob.ar\/web\/visitamos-la-escuela-de-gestion-indigena-del-barrio-toba\/#primaryimage"},"thumbnailUrl":"https:\/\/fabriciob.ar\/web\/wp-content\/uploads\/2021\/05\/Escuela-Barrio-Toba-4.jpeg","datePublished":"2021-05-04T02:04:46+00:00","breadcrumb":{"@id":"https:\/\/fabriciob.ar\/web\/visitamos-la-escuela-de-gestion-indigena-del-barrio-toba\/#breadcrumb"},"inLanguage":"es","potentialAction":[{"@type":"ReadAction","target":["https:\/\/fabriciob.ar\/web\/visitamos-la-escuela-de-gestion-indigena-del-barrio-toba\/"]}]},{"@type":"ImageObject","inLanguage":"es","@id":"https:\/\/fabriciob.ar\/web\/visitamos-la-escuela-de-gestion-indigena-del-barrio-toba\/#primaryimage","url":"https:\/\/fabriciob.ar\/web\/wp-content\/uploads\/2021\/05\/Escuela-Barrio-Toba-4.jpeg","contentUrl":"https:\/\/fabriciob.ar\/web\/wp-content\/uploads\/2021\/05\/Escuela-Barrio-Toba-4.jpeg","width":1280,"height":967},{"@type":"BreadcrumbList","@id":"https:\/\/fabriciob.ar\/web\/visitamos-la-escuela-de-gestion-indigena-del-barrio-toba\/#breadcrumb","itemListElement":[{"@type":"ListItem","position":1,"name":"Portada","item":"https:\/\/fabriciob.ar\/web\/"},{"@type":"ListItem","position":2,"name":"VISITAMOS LA ESCUELA DE GESTI\u00d3N INDIGENA DEL BARRIO TOBA"}]},{"@type":"WebSite","@id":"https:\/\/fabriciob.ar\/web\/#website","url":"https:\/\/fabriciob.ar\/web\/","name":"Fabricio Bolatti","description":"Sitio Oficial-Comunicaci\u00f3n institucional de la gesti\u00f3n legislativa del concejal Fabricio Bolatti con los vecinos y vecinas de la ciudad de Resistencia","publisher":{"@id":"https:\/\/fabriciob.ar\/web\/#organization"},"potentialAction":[{"@type":"SearchAction","target":{"@type":"EntryPoint","urlTemplate":"https:\/\/fabriciob.ar\/web\/?s={search_term_string}"},"query-input":{"@type":"PropertyValueSpecification","valueRequired":true,"valueName":"search_term_string"}}],"inLanguage":"es"},{"@type":"Organization","@id":"https:\/\/fabriciob.ar\/web\/#organization","name":"Fabricio Bolatti-Sitio Oficial","url":"https:\/\/fabriciob.ar\/web\/","logo":{"@type":"ImageObject","inLanguage":"es","@id":"https:\/\/fabriciob.ar\/web\/#\/schema\/logo\/image\/","url":"https:\/\/fabriciob.ar\/web\/wp-content\/uploads\/2020\/12\/cropped-fb-en-el-concejo-a-red-2-1.png","contentUrl":"https:\/\/fabriciob.ar\/web\/wp-content\/uploads\/2020\/12\/cropped-fb-en-el-concejo-a-red-2-1.png","width":512,"height":512,"caption":"Fabricio Bolatti-Sitio Oficial"},"image":{"@id":"https:\/\/fabriciob.ar\/web\/#\/schema\/logo\/image\/"},"sameAs":["https:\/\/www.facebook.com\/fabriciobolattiK\/","https:\/\/x.com\/fabriciobolatti","https:\/\/www.instagram.com\/fabriciobolatti\/?igshid=7ztsgzj0mwql","https:\/\/www.youtube.com\/channel\/UCWLMPKJZG1JgX9U29Pra3ng"]},{"@type":"Person","@id":"https:\/\/fabriciob.ar\/web\/#\/schema\/person\/d56dbc2f2489983c5270184312aab61b","name":"Equipo Fabricio","image":{"@type":"ImageObject","inLanguage":"es","@id":"https:\/\/secure.gravatar.com\/avatar\/9d8e99352a71f2ac7e650885bc7721fe9d667070a36c2a5bb86aab909b8cf626?s=96&d=mm&r=g","url":"https:\/\/secure.gravatar.com\/avatar\/9d8e99352a71f2ac7e650885bc7721fe9d667070a36c2a5bb86aab909b8cf626?s=96&d=mm&r=g","contentUrl":"https:\/\/secure.gravatar.com\/avatar\/9d8e99352a71f2ac7e650885bc7721fe9d667070a36c2a5bb86aab909b8cf626?s=96&d=mm&r=g","caption":"Equipo Fabricio"},"url":"https:\/\/fabriciob.ar\/web\/author\/admin\/"}]}},"_links":{"self":[{"href":"https:\/\/fabriciob.ar\/web\/wp-json\/wp\/v2\/posts\/3641","targetHints":{"allow":["GET"]}}],"collection":[{"href":"https:\/\/fabriciob.ar\/web\/wp-json\/wp\/v2\/posts"}],"about":[{"href":"https:\/\/fabriciob.ar\/web\/wp-json\/wp\/v2\/types\/post"}],"author":[{"embeddable":true,"href":"https:\/\/fabriciob.ar\/web\/wp-json\/wp\/v2\/users\/3"}],"replies":[{"embeddable":true,"href":"https:\/\/fabriciob.ar\/web\/wp-json\/wp\/v2\/comments?post=3641"}],"version-history":[{"count":0,"href":"https:\/\/fabriciob.ar\/web\/wp-json\/wp\/v2\/posts\/3641\/revisions"}],"wp:featuredmedia":[{"embeddable":true,"href":"https:\/\/fabriciob.ar\/web\/wp-json\/wp\/v2\/media\/3645"}],"wp:attachment":[{"href":"https:\/\/fabriciob.ar\/web\/wp-json\/wp\/v2\/media?parent=3641"}],"wp:term":[{"taxonomy":"category","embeddable":true,"href":"https:\/\/fabriciob.ar\/web\/wp-json\/wp\/v2\/categories?post=3641"},{"taxonomy":"post_tag","embeddable":true,"href":"https:\/\/fabriciob.ar\/web\/wp-json\/wp\/v2\/tags?post=3641"}],"curies":[{"name":"wp","href":"https:\/\/api.w.org\/{rel}","templated":true}]}}