{"id":4667,"date":"2021-05-31T00:06:21","date_gmt":"2021-05-31T00:06:21","guid":{"rendered":"https:\/\/fabriciob.ar\/web\/?p=4667"},"modified":"2021-06-15T01:37:03","modified_gmt":"2021-06-15T01:37:03","slug":"solicitamos-al-ejecutivo-municipal-que-informe-sobre-pago-a-jubilados","status":"publish","type":"post","link":"https:\/\/fabriciob.ar\/web\/solicitamos-al-ejecutivo-municipal-que-informe-sobre-pago-a-jubilados\/","title":{"rendered":"SOLICITAMOS AL EJECUTIVO QUE INFORME SOBRE PAGO A JUBILADOS"},"content":{"rendered":"<p><!--more--><\/p>\n<p><strong>VISTO:<\/strong><\/p>\n<p>Los art\u00edculos 135 inciso 2) y 138 de la Carta Org\u00e1nica Municipal, el art\u00edculo 41 de la ordenanza 1719 y el art 156 de la Ley 800-H<\/p>\n<p><strong>CONSIDERANDOS:<\/strong><\/p>\n<p>Que los reclamos recibidos en la oficina del concejal y en distintos medios de comunicaci\u00f3n, respecto a la falta de pago a las jubiladas y los jubilados de la Municipalidad de Resistencia por su desempe\u00f1o como empleados municipales;<\/p>\n<p>Que el atraso en hacer efectivo el cobro de una prestaci\u00f3n o de una liquidaci\u00f3n mientras el tr\u00e1mite administrativo avanza, conlleva el perjuicio econ\u00f3mico a la o las personas que esperan pacientemente; m\u00e1s a\u00fan cuando la persona no tiene ninguna posibilidad de obtener otro ingreso,<\/p>\n<p>Que el Municipio de Resistencia manifiesta que no existe motivo alguno por cual opere el incumplimiento para los derechos de los y las jubiladas que le son otorgados por resoluci\u00f3n firmada por el propio intendente;<\/p>\n<p>Que la judicializaci\u00f3n de ese incumplimiento trae aparejado un mayor costo para la Municipalidad de Resistencia, y a\u00fan m\u00e1s para los trabajadores que esperan por un ingreso que no llega y que en algunos casos sufren zozobras ante la incertidumbre y destrato que reciben,<\/p>\n<p>Que especialmente nos preocupa y creemos que deben tener prioridad aquellas liquidaciones que surgen de acuerdos laborales y que tienen car\u00e1cter alimentario,<\/p>\n<p>Que en virtud del Art\u00edculo 138 De la carta org\u00e1nica municipal el cual posibilita al Concejo a pedir informes tanto funcionarios como al Intendente de la Municipalidad de Resistencia.<\/p>\n<p>&nbsp;<\/p>\n<p><strong>QUE POR TODO ELLO:<\/strong><\/p>\n<p style=\"text-align: center;\"><strong>EL CONCEJO MUNICIPAL DE LA CIUDAD DE RESISTENCIA<\/strong><br \/>\n<strong>RESUELVE:<\/strong><\/p>\n<p>&nbsp;<\/p>\n<p>Solicitar al Departamento Ejecutivo Municipal informe, respecto de las bajas de los agentes para acceder a los beneficios jubilatorios en el marco de la Ley 800-H, desde 10 de diciembre del 2019 hasta la fecha:<\/p>\n<p>a- Cu\u00e1ntos agentes fueron dados de baja a fin de obtener los beneficios jubilatorios Ley 800-H, indicando n\u00famero y fecha de instrumento legal, as\u00ed como la fecha de cese o baja;<br \/>\nb- Cu\u00e1ntos agentes se beneficiaron por la aplicaci\u00f3n del art\u00edculo 41 de la Ordenanza 1719, indicando la forma de pago de tal beneficio y de existir deudas indicar los agentes con acreencias pendientes de cobro por tal concepto, consignando fecha de inicio del tr\u00e1mite, forma y fecha de pago;<br \/>\nc- Si existe a la fecha de recepci\u00f3n de la presente atrasos o incumplimientos en los pagos, en caso afirmativo, expresar los motivos que llevaron a la administraci\u00f3n municipal a operar el incumplimiento;<br \/>\nd- Cu\u00e1ntos agentes han sido beneficiados por aplicaci\u00f3n del Art 156 ley 800-H (Anticipo Previsional), identific\u00e1ndolos e informando la forma y si se efectivizaron y en caso contrario, detallar los incumplimientos originados en tal concepto.<\/p>\n<p>2) De forma.<\/p>\n","protected":false},"excerpt":{"rendered":"","protected":false},"author":3,"featured_media":4148,"comment_status":"open","ping_status":"open","sticky":false,"template":"","format":"standard","meta":{"_joinchat":[],"footnotes":""},"categories":[41],"tags":[],"class_list":["post-4667","post","type-post","status-publish","format-standard","has-post-thumbnail","hentry","category-proyectos-de-resolucion"],"yoast_head":"<!-- This site is optimized with the Yoast SEO plugin v27.5 - https:\/\/yoast.com\/product\/yoast-seo-wordpress\/ -->\n<title>SOLICITAMOS AL EJECUTIVO QUE INFORME SOBRE PAGO A JUBILADOS - Fabricio Bolatti<\/title>\n<meta name=\"robots\" content=\"index, follow, max-snippet:-1, max-image-preview:large, max-video-preview:-1\" \/>\n<link rel=\"canonical\" href=\"https:\/\/fabriciob.ar\/web\/solicitamos-al-ejecutivo-municipal-que-informe-sobre-pago-a-jubilados\/\" \/>\n<meta property=\"og:locale\" content=\"es_ES\" \/>\n<meta property=\"og:type\" content=\"article\" \/>\n<meta property=\"og:title\" content=\"SOLICITAMOS AL EJECUTIVO QUE INFORME SOBRE PAGO A JUBILADOS - Fabricio Bolatti\" \/>\n<meta property=\"og:url\" content=\"https:\/\/fabriciob.ar\/web\/solicitamos-al-ejecutivo-municipal-que-informe-sobre-pago-a-jubilados\/\" \/>\n<meta property=\"og:site_name\" content=\"Fabricio Bolatti\" \/>\n<meta property=\"article:publisher\" content=\"https:\/\/www.facebook.com\/fabriciobolattiK\/\" \/>\n<meta property=\"article:published_time\" content=\"2021-05-31T00:06:21+00:00\" \/>\n<meta property=\"article:modified_time\" content=\"2021-06-15T01:37:03+00:00\" \/>\n<meta property=\"og:image\" content=\"https:\/\/fabriciob.ar\/web\/wp-content\/uploads\/2021\/05\/sesion-11-05-2.jpg\" \/>\n\t<meta property=\"og:image:width\" content=\"1280\" \/>\n\t<meta property=\"og:image:height\" content=\"960\" \/>\n\t<meta property=\"og:image:type\" content=\"image\/jpeg\" \/>\n<meta name=\"author\" content=\"Equipo Fabricio\" \/>\n<meta name=\"twitter:card\" content=\"summary_large_image\" \/>\n<meta name=\"twitter:creator\" content=\"@fabriciobolatti\" \/>\n<meta name=\"twitter:site\" content=\"@fabriciobolatti\" \/>\n<meta name=\"twitter:label1\" content=\"Escrito por\" \/>\n\t<meta name=\"twitter:data1\" content=\"Equipo Fabricio\" \/>\n\t<meta name=\"twitter:label2\" content=\"Tiempo de lectura\" \/>\n\t<meta name=\"twitter:data2\" content=\"2 minutos\" \/>\n<script type=\"application\/ld+json\" class=\"yoast-schema-graph\">{\"@context\":\"https:\\\/\\\/schema.org\",\"@graph\":[{\"@type\":\"Article\",\"@id\":\"https:\\\/\\\/fabriciob.ar\\\/web\\\/solicitamos-al-ejecutivo-municipal-que-informe-sobre-pago-a-jubilados\\\/#article\",\"isPartOf\":{\"@id\":\"https:\\\/\\\/fabriciob.ar\\\/web\\\/solicitamos-al-ejecutivo-municipal-que-informe-sobre-pago-a-jubilados\\\/\"},\"author\":{\"name\":\"Equipo Fabricio\",\"@id\":\"https:\\\/\\\/fabriciob.ar\\\/web\\\/#\\\/schema\\\/person\\\/d56dbc2f2489983c5270184312aab61b\"},\"headline\":\"SOLICITAMOS AL EJECUTIVO QUE INFORME SOBRE PAGO A JUBILADOS\",\"datePublished\":\"2021-05-31T00:06:21+00:00\",\"dateModified\":\"2021-06-15T01:37:03+00:00\",\"mainEntityOfPage\":{\"@id\":\"https:\\\/\\\/fabriciob.ar\\\/web\\\/solicitamos-al-ejecutivo-municipal-que-informe-sobre-pago-a-jubilados\\\/\"},\"wordCount\":468,\"commentCount\":0,\"publisher\":{\"@id\":\"https:\\\/\\\/fabriciob.ar\\\/web\\\/#organization\"},\"image\":{\"@id\":\"https:\\\/\\\/fabriciob.ar\\\/web\\\/solicitamos-al-ejecutivo-municipal-que-informe-sobre-pago-a-jubilados\\\/#primaryimage\"},\"thumbnailUrl\":\"https:\\\/\\\/fabriciob.ar\\\/web\\\/wp-content\\\/uploads\\\/2021\\\/05\\\/sesion-11-05-2.jpg\",\"articleSection\":[\"PROYECTOS DE RESOLUCION\"],\"inLanguage\":\"es\",\"potentialAction\":[{\"@type\":\"CommentAction\",\"name\":\"Comment\",\"target\":[\"https:\\\/\\\/fabriciob.ar\\\/web\\\/solicitamos-al-ejecutivo-municipal-que-informe-sobre-pago-a-jubilados\\\/#respond\"]}]},{\"@type\":\"WebPage\",\"@id\":\"https:\\\/\\\/fabriciob.ar\\\/web\\\/solicitamos-al-ejecutivo-municipal-que-informe-sobre-pago-a-jubilados\\\/\",\"url\":\"https:\\\/\\\/fabriciob.ar\\\/web\\\/solicitamos-al-ejecutivo-municipal-que-informe-sobre-pago-a-jubilados\\\/\",\"name\":\"SOLICITAMOS AL EJECUTIVO QUE INFORME SOBRE PAGO A JUBILADOS - Fabricio Bolatti\",\"isPartOf\":{\"@id\":\"https:\\\/\\\/fabriciob.ar\\\/web\\\/#website\"},\"primaryImageOfPage\":{\"@id\":\"https:\\\/\\\/fabriciob.ar\\\/web\\\/solicitamos-al-ejecutivo-municipal-que-informe-sobre-pago-a-jubilados\\\/#primaryimage\"},\"image\":{\"@id\":\"https:\\\/\\\/fabriciob.ar\\\/web\\\/solicitamos-al-ejecutivo-municipal-que-informe-sobre-pago-a-jubilados\\\/#primaryimage\"},\"thumbnailUrl\":\"https:\\\/\\\/fabriciob.ar\\\/web\\\/wp-content\\\/uploads\\\/2021\\\/05\\\/sesion-11-05-2.jpg\",\"datePublished\":\"2021-05-31T00:06:21+00:00\",\"dateModified\":\"2021-06-15T01:37:03+00:00\",\"breadcrumb\":{\"@id\":\"https:\\\/\\\/fabriciob.ar\\\/web\\\/solicitamos-al-ejecutivo-municipal-que-informe-sobre-pago-a-jubilados\\\/#breadcrumb\"},\"inLanguage\":\"es\",\"potentialAction\":[{\"@type\":\"ReadAction\",\"target\":[\"https:\\\/\\\/fabriciob.ar\\\/web\\\/solicitamos-al-ejecutivo-municipal-que-informe-sobre-pago-a-jubilados\\\/\"]}]},{\"@type\":\"ImageObject\",\"inLanguage\":\"es\",\"@id\":\"https:\\\/\\\/fabriciob.ar\\\/web\\\/solicitamos-al-ejecutivo-municipal-que-informe-sobre-pago-a-jubilados\\\/#primaryimage\",\"url\":\"https:\\\/\\\/fabriciob.ar\\\/web\\\/wp-content\\\/uploads\\\/2021\\\/05\\\/sesion-11-05-2.jpg\",\"contentUrl\":\"https:\\\/\\\/fabriciob.ar\\\/web\\\/wp-content\\\/uploads\\\/2021\\\/05\\\/sesion-11-05-2.jpg\",\"width\":1280,\"height\":960},{\"@type\":\"BreadcrumbList\",\"@id\":\"https:\\\/\\\/fabriciob.ar\\\/web\\\/solicitamos-al-ejecutivo-municipal-que-informe-sobre-pago-a-jubilados\\\/#breadcrumb\",\"itemListElement\":[{\"@type\":\"ListItem\",\"position\":1,\"name\":\"Portada\",\"item\":\"https:\\\/\\\/fabriciob.ar\\\/web\\\/\"},{\"@type\":\"ListItem\",\"position\":2,\"name\":\"SOLICITAMOS AL EJECUTIVO QUE INFORME SOBRE PAGO A JUBILADOS\"}]},{\"@type\":\"WebSite\",\"@id\":\"https:\\\/\\\/fabriciob.ar\\\/web\\\/#website\",\"url\":\"https:\\\/\\\/fabriciob.ar\\\/web\\\/\",\"name\":\"Fabricio Bolatti\",\"description\":\"Sitio Oficial-Comunicaci\u00f3n institucional de la gesti\u00f3n legislativa del concejal Fabricio Bolatti con los vecinos y vecinas de la ciudad de Resistencia\",\"publisher\":{\"@id\":\"https:\\\/\\\/fabriciob.ar\\\/web\\\/#organization\"},\"potentialAction\":[{\"@type\":\"SearchAction\",\"target\":{\"@type\":\"EntryPoint\",\"urlTemplate\":\"https:\\\/\\\/fabriciob.ar\\\/web\\\/?s={search_term_string}\"},\"query-input\":{\"@type\":\"PropertyValueSpecification\",\"valueRequired\":true,\"valueName\":\"search_term_string\"}}],\"inLanguage\":\"es\"},{\"@type\":\"Organization\",\"@id\":\"https:\\\/\\\/fabriciob.ar\\\/web\\\/#organization\",\"name\":\"Fabricio Bolatti-Sitio Oficial\",\"url\":\"https:\\\/\\\/fabriciob.ar\\\/web\\\/\",\"logo\":{\"@type\":\"ImageObject\",\"inLanguage\":\"es\",\"@id\":\"https:\\\/\\\/fabriciob.ar\\\/web\\\/#\\\/schema\\\/logo\\\/image\\\/\",\"url\":\"https:\\\/\\\/fabriciob.ar\\\/web\\\/wp-content\\\/uploads\\\/2020\\\/12\\\/cropped-fb-en-el-concejo-a-red-2-1.png\",\"contentUrl\":\"https:\\\/\\\/fabriciob.ar\\\/web\\\/wp-content\\\/uploads\\\/2020\\\/12\\\/cropped-fb-en-el-concejo-a-red-2-1.png\",\"width\":512,\"height\":512,\"caption\":\"Fabricio Bolatti-Sitio Oficial\"},\"image\":{\"@id\":\"https:\\\/\\\/fabriciob.ar\\\/web\\\/#\\\/schema\\\/logo\\\/image\\\/\"},\"sameAs\":[\"https:\\\/\\\/www.facebook.com\\\/fabriciobolattiK\\\/\",\"https:\\\/\\\/x.com\\\/fabriciobolatti\",\"https:\\\/\\\/www.instagram.com\\\/fabriciobolatti\\\/?igshid=7ztsgzj0mwql\",\"https:\\\/\\\/www.youtube.com\\\/channel\\\/UCWLMPKJZG1JgX9U29Pra3ng\"]},{\"@type\":\"Person\",\"@id\":\"https:\\\/\\\/fabriciob.ar\\\/web\\\/#\\\/schema\\\/person\\\/d56dbc2f2489983c5270184312aab61b\",\"name\":\"Equipo Fabricio\",\"image\":{\"@type\":\"ImageObject\",\"inLanguage\":\"es\",\"@id\":\"https:\\\/\\\/secure.gravatar.com\\\/avatar\\\/9d8e99352a71f2ac7e650885bc7721fe9d667070a36c2a5bb86aab909b8cf626?s=96&d=mm&r=g\",\"url\":\"https:\\\/\\\/secure.gravatar.com\\\/avatar\\\/9d8e99352a71f2ac7e650885bc7721fe9d667070a36c2a5bb86aab909b8cf626?s=96&d=mm&r=g\",\"contentUrl\":\"https:\\\/\\\/secure.gravatar.com\\\/avatar\\\/9d8e99352a71f2ac7e650885bc7721fe9d667070a36c2a5bb86aab909b8cf626?s=96&d=mm&r=g\",\"caption\":\"Equipo Fabricio\"},\"url\":\"https:\\\/\\\/fabriciob.ar\\\/web\\\/author\\\/admin\\\/\"}]}<\/script>\n<!-- \/ Yoast SEO plugin. -->","yoast_head_json":{"title":"SOLICITAMOS AL EJECUTIVO QUE INFORME SOBRE PAGO A JUBILADOS - Fabricio Bolatti","robots":{"index":"index","follow":"follow","max-snippet":"max-snippet:-1","max-image-preview":"max-image-preview:large","max-video-preview":"max-video-preview:-1"},"canonical":"https:\/\/fabriciob.ar\/web\/solicitamos-al-ejecutivo-municipal-que-informe-sobre-pago-a-jubilados\/","og_locale":"es_ES","og_type":"article","og_title":"SOLICITAMOS AL EJECUTIVO QUE INFORME SOBRE PAGO A JUBILADOS - Fabricio Bolatti","og_url":"https:\/\/fabriciob.ar\/web\/solicitamos-al-ejecutivo-municipal-que-informe-sobre-pago-a-jubilados\/","og_site_name":"Fabricio Bolatti","article_publisher":"https:\/\/www.facebook.com\/fabriciobolattiK\/","article_published_time":"2021-05-31T00:06:21+00:00","article_modified_time":"2021-06-15T01:37:03+00:00","og_image":[{"width":1280,"height":960,"url":"https:\/\/fabriciob.ar\/web\/wp-content\/uploads\/2021\/05\/sesion-11-05-2.jpg","type":"image\/jpeg"}],"author":"Equipo Fabricio","twitter_card":"summary_large_image","twitter_creator":"@fabriciobolatti","twitter_site":"@fabriciobolatti","twitter_misc":{"Escrito por":"Equipo Fabricio","Tiempo de lectura":"2 minutos"},"schema":{"@context":"https:\/\/schema.org","@graph":[{"@type":"Article","@id":"https:\/\/fabriciob.ar\/web\/solicitamos-al-ejecutivo-municipal-que-informe-sobre-pago-a-jubilados\/#article","isPartOf":{"@id":"https:\/\/fabriciob.ar\/web\/solicitamos-al-ejecutivo-municipal-que-informe-sobre-pago-a-jubilados\/"},"author":{"name":"Equipo Fabricio","@id":"https:\/\/fabriciob.ar\/web\/#\/schema\/person\/d56dbc2f2489983c5270184312aab61b"},"headline":"SOLICITAMOS AL EJECUTIVO QUE INFORME SOBRE PAGO A JUBILADOS","datePublished":"2021-05-31T00:06:21+00:00","dateModified":"2021-06-15T01:37:03+00:00","mainEntityOfPage":{"@id":"https:\/\/fabriciob.ar\/web\/solicitamos-al-ejecutivo-municipal-que-informe-sobre-pago-a-jubilados\/"},"wordCount":468,"commentCount":0,"publisher":{"@id":"https:\/\/fabriciob.ar\/web\/#organization"},"image":{"@id":"https:\/\/fabriciob.ar\/web\/solicitamos-al-ejecutivo-municipal-que-informe-sobre-pago-a-jubilados\/#primaryimage"},"thumbnailUrl":"https:\/\/fabriciob.ar\/web\/wp-content\/uploads\/2021\/05\/sesion-11-05-2.jpg","articleSection":["PROYECTOS DE RESOLUCION"],"inLanguage":"es","potentialAction":[{"@type":"CommentAction","name":"Comment","target":["https:\/\/fabriciob.ar\/web\/solicitamos-al-ejecutivo-municipal-que-informe-sobre-pago-a-jubilados\/#respond"]}]},{"@type":"WebPage","@id":"https:\/\/fabriciob.ar\/web\/solicitamos-al-ejecutivo-municipal-que-informe-sobre-pago-a-jubilados\/","url":"https:\/\/fabriciob.ar\/web\/solicitamos-al-ejecutivo-municipal-que-informe-sobre-pago-a-jubilados\/","name":"SOLICITAMOS AL EJECUTIVO QUE INFORME SOBRE PAGO A JUBILADOS - Fabricio Bolatti","isPartOf":{"@id":"https:\/\/fabriciob.ar\/web\/#website"},"primaryImageOfPage":{"@id":"https:\/\/fabriciob.ar\/web\/solicitamos-al-ejecutivo-municipal-que-informe-sobre-pago-a-jubilados\/#primaryimage"},"image":{"@id":"https:\/\/fabriciob.ar\/web\/solicitamos-al-ejecutivo-municipal-que-informe-sobre-pago-a-jubilados\/#primaryimage"},"thumbnailUrl":"https:\/\/fabriciob.ar\/web\/wp-content\/uploads\/2021\/05\/sesion-11-05-2.jpg","datePublished":"2021-05-31T00:06:21+00:00","dateModified":"2021-06-15T01:37:03+00:00","breadcrumb":{"@id":"https:\/\/fabriciob.ar\/web\/solicitamos-al-ejecutivo-municipal-que-informe-sobre-pago-a-jubilados\/#breadcrumb"},"inLanguage":"es","potentialAction":[{"@type":"ReadAction","target":["https:\/\/fabriciob.ar\/web\/solicitamos-al-ejecutivo-municipal-que-informe-sobre-pago-a-jubilados\/"]}]},{"@type":"ImageObject","inLanguage":"es","@id":"https:\/\/fabriciob.ar\/web\/solicitamos-al-ejecutivo-municipal-que-informe-sobre-pago-a-jubilados\/#primaryimage","url":"https:\/\/fabriciob.ar\/web\/wp-content\/uploads\/2021\/05\/sesion-11-05-2.jpg","contentUrl":"https:\/\/fabriciob.ar\/web\/wp-content\/uploads\/2021\/05\/sesion-11-05-2.jpg","width":1280,"height":960},{"@type":"BreadcrumbList","@id":"https:\/\/fabriciob.ar\/web\/solicitamos-al-ejecutivo-municipal-que-informe-sobre-pago-a-jubilados\/#breadcrumb","itemListElement":[{"@type":"ListItem","position":1,"name":"Portada","item":"https:\/\/fabriciob.ar\/web\/"},{"@type":"ListItem","position":2,"name":"SOLICITAMOS AL EJECUTIVO QUE INFORME SOBRE PAGO A JUBILADOS"}]},{"@type":"WebSite","@id":"https:\/\/fabriciob.ar\/web\/#website","url":"https:\/\/fabriciob.ar\/web\/","name":"Fabricio Bolatti","description":"Sitio Oficial-Comunicaci\u00f3n institucional de la gesti\u00f3n legislativa del concejal Fabricio Bolatti con los vecinos y vecinas de la ciudad de Resistencia","publisher":{"@id":"https:\/\/fabriciob.ar\/web\/#organization"},"potentialAction":[{"@type":"SearchAction","target":{"@type":"EntryPoint","urlTemplate":"https:\/\/fabriciob.ar\/web\/?s={search_term_string}"},"query-input":{"@type":"PropertyValueSpecification","valueRequired":true,"valueName":"search_term_string"}}],"inLanguage":"es"},{"@type":"Organization","@id":"https:\/\/fabriciob.ar\/web\/#organization","name":"Fabricio Bolatti-Sitio Oficial","url":"https:\/\/fabriciob.ar\/web\/","logo":{"@type":"ImageObject","inLanguage":"es","@id":"https:\/\/fabriciob.ar\/web\/#\/schema\/logo\/image\/","url":"https:\/\/fabriciob.ar\/web\/wp-content\/uploads\/2020\/12\/cropped-fb-en-el-concejo-a-red-2-1.png","contentUrl":"https:\/\/fabriciob.ar\/web\/wp-content\/uploads\/2020\/12\/cropped-fb-en-el-concejo-a-red-2-1.png","width":512,"height":512,"caption":"Fabricio Bolatti-Sitio Oficial"},"image":{"@id":"https:\/\/fabriciob.ar\/web\/#\/schema\/logo\/image\/"},"sameAs":["https:\/\/www.facebook.com\/fabriciobolattiK\/","https:\/\/x.com\/fabriciobolatti","https:\/\/www.instagram.com\/fabriciobolatti\/?igshid=7ztsgzj0mwql","https:\/\/www.youtube.com\/channel\/UCWLMPKJZG1JgX9U29Pra3ng"]},{"@type":"Person","@id":"https:\/\/fabriciob.ar\/web\/#\/schema\/person\/d56dbc2f2489983c5270184312aab61b","name":"Equipo Fabricio","image":{"@type":"ImageObject","inLanguage":"es","@id":"https:\/\/secure.gravatar.com\/avatar\/9d8e99352a71f2ac7e650885bc7721fe9d667070a36c2a5bb86aab909b8cf626?s=96&d=mm&r=g","url":"https:\/\/secure.gravatar.com\/avatar\/9d8e99352a71f2ac7e650885bc7721fe9d667070a36c2a5bb86aab909b8cf626?s=96&d=mm&r=g","contentUrl":"https:\/\/secure.gravatar.com\/avatar\/9d8e99352a71f2ac7e650885bc7721fe9d667070a36c2a5bb86aab909b8cf626?s=96&d=mm&r=g","caption":"Equipo Fabricio"},"url":"https:\/\/fabriciob.ar\/web\/author\/admin\/"}]}},"_links":{"self":[{"href":"https:\/\/fabriciob.ar\/web\/wp-json\/wp\/v2\/posts\/4667","targetHints":{"allow":["GET"]}}],"collection":[{"href":"https:\/\/fabriciob.ar\/web\/wp-json\/wp\/v2\/posts"}],"about":[{"href":"https:\/\/fabriciob.ar\/web\/wp-json\/wp\/v2\/types\/post"}],"author":[{"embeddable":true,"href":"https:\/\/fabriciob.ar\/web\/wp-json\/wp\/v2\/users\/3"}],"replies":[{"embeddable":true,"href":"https:\/\/fabriciob.ar\/web\/wp-json\/wp\/v2\/comments?post=4667"}],"version-history":[{"count":0,"href":"https:\/\/fabriciob.ar\/web\/wp-json\/wp\/v2\/posts\/4667\/revisions"}],"wp:featuredmedia":[{"embeddable":true,"href":"https:\/\/fabriciob.ar\/web\/wp-json\/wp\/v2\/media\/4148"}],"wp:attachment":[{"href":"https:\/\/fabriciob.ar\/web\/wp-json\/wp\/v2\/media?parent=4667"}],"wp:term":[{"taxonomy":"category","embeddable":true,"href":"https:\/\/fabriciob.ar\/web\/wp-json\/wp\/v2\/categories?post=4667"},{"taxonomy":"post_tag","embeddable":true,"href":"https:\/\/fabriciob.ar\/web\/wp-json\/wp\/v2\/tags?post=4667"}],"curies":[{"name":"wp","href":"https:\/\/api.w.org\/{rel}","templated":true}]}}