{"id":5056,"date":"2021-02-15T01:43:46","date_gmt":"2021-02-15T01:43:46","guid":{"rendered":"https:\/\/fabriciob.ar\/web\/?p=5056"},"modified":"2021-06-15T01:47:42","modified_gmt":"2021-06-15T01:47:42","slug":"solicitamos-informe-sobre-la-habilitacion-del-local-catalino-en-la-laguna-arguello","status":"publish","type":"post","link":"https:\/\/fabriciob.ar\/web\/solicitamos-informe-sobre-la-habilitacion-del-local-catalino-en-la-laguna-arguello\/","title":{"rendered":"SOLICITAMOS INFORME SOBRE LA HABILITACI\u00d3N DEL LOCAL \u00abCATALINO\u00bb EN LA LAGUNA ARG\u00dcELLO"},"content":{"rendered":"<p><!--more--><\/p>\n<p>&nbsp;<\/p>\n<p><strong>VISTO:<\/strong><\/p>\n<p>El art\u00edculo 75 de la carta org\u00e1nica municipal y los reclamos en redes sociales de grupos ambientalistas,<\/p>\n<p><strong>CONSIDERANDOS:<\/strong><\/p>\n<p>Que en las redes sociales se expresan muchas de las quejas, demandas e inquietudes de las vecinas y vecinos de la ciudad de Resistencia, costumbre que se ha intensificado desde que comenzaron los cuidados sanitarios,<br \/>\nQue a trav\u00e9s de un video subido a las redes la organizaci\u00f3n Plantando Esperanza muestra la extensi\u00f3n de un local de comidas en inmediaciones de la Laguna Arg\u00fcello, que se extiende e invade uno de los espacios verdes que constituye un verdadero pulm\u00f3n verde de la ciudad,<\/p>\n<p>Que la preocupaci\u00f3n manifestada en las redes es respecto del cercado del predio, que impide el disfrute del conjunto de la sociedad,<\/p>\n<p>Que en virtud del Art\u00edculo 138 De la carta org\u00e1nica municipal el cual posibilita al Concejo a pedir informes tanto funcionarios como al Intendente de la Municipalidad de Resistencia.<\/p>\n<p>&nbsp;<\/p>\n<p><strong>QUE POR TODO ELLO:<\/strong><\/p>\n<p style=\"text-align: center;\"><strong>EL CONCEJO MUNICIPAL DE LA CIUDAD DE RESISTENCIA<\/strong><br \/>\n<strong>RESUELVE:<\/strong><\/p>\n<p>&nbsp;<\/p>\n<p>1) Solicitar al Ejecutivo Municipal de Resistencia, informe sobre la habilitaci\u00f3n del comercio \u201cCatalino\u201d, ubicado sobre la Laguna Arg\u00fcello, lindante al Hospital Pedi\u00e1trico, y si se realiz\u00f3 concesi\u00f3n del espacio p\u00fablico, remitiendo copias de la documentaci\u00f3n respaldatoria de lo solicitado.<\/p>\n<p>2) De forma.<\/p>\n","protected":false},"excerpt":{"rendered":"","protected":false},"author":3,"featured_media":5057,"comment_status":"open","ping_status":"open","sticky":false,"template":"","format":"standard","meta":{"_joinchat":[],"footnotes":""},"categories":[41],"tags":[],"class_list":["post-5056","post","type-post","status-publish","format-standard","has-post-thumbnail","hentry","category-proyectos-de-resolucion"],"yoast_head":"<!-- This site is optimized with the Yoast SEO plugin v27.5 - https:\/\/yoast.com\/product\/yoast-seo-wordpress\/ -->\n<title>SOLICITAMOS INFORME SOBRE LA HABILITACI\u00d3N DEL LOCAL &quot;CATALINO&quot; EN LA LAGUNA ARG\u00dcELLO - Fabricio Bolatti<\/title>\n<meta name=\"robots\" content=\"index, follow, max-snippet:-1, max-image-preview:large, max-video-preview:-1\" \/>\n<link rel=\"canonical\" href=\"https:\/\/fabriciob.ar\/web\/solicitamos-informe-sobre-la-habilitacion-del-local-catalino-en-la-laguna-arguello\/\" \/>\n<meta property=\"og:locale\" content=\"es_ES\" \/>\n<meta property=\"og:type\" content=\"article\" \/>\n<meta property=\"og:title\" content=\"SOLICITAMOS INFORME SOBRE LA HABILITACI\u00d3N DEL LOCAL &quot;CATALINO&quot; EN LA LAGUNA ARG\u00dcELLO - Fabricio Bolatti\" \/>\n<meta property=\"og:url\" content=\"https:\/\/fabriciob.ar\/web\/solicitamos-informe-sobre-la-habilitacion-del-local-catalino-en-la-laguna-arguello\/\" \/>\n<meta property=\"og:site_name\" content=\"Fabricio Bolatti\" \/>\n<meta property=\"article:publisher\" content=\"https:\/\/www.facebook.com\/fabriciobolattiK\/\" \/>\n<meta property=\"article:published_time\" content=\"2021-02-15T01:43:46+00:00\" \/>\n<meta property=\"article:modified_time\" content=\"2021-06-15T01:47:42+00:00\" \/>\n<meta property=\"og:image\" content=\"https:\/\/fabriciob.ar\/web\/wp-content\/uploads\/2021\/06\/catalino.jpg\" \/>\n\t<meta property=\"og:image:width\" content=\"960\" \/>\n\t<meta property=\"og:image:height\" content=\"442\" \/>\n\t<meta property=\"og:image:type\" content=\"image\/jpeg\" \/>\n<meta name=\"author\" content=\"Equipo Fabricio\" \/>\n<meta name=\"twitter:card\" content=\"summary_large_image\" \/>\n<meta name=\"twitter:creator\" content=\"@fabriciobolatti\" \/>\n<meta name=\"twitter:site\" content=\"@fabriciobolatti\" \/>\n<meta name=\"twitter:label1\" content=\"Escrito por\" \/>\n\t<meta name=\"twitter:data1\" content=\"Equipo Fabricio\" \/>\n\t<meta name=\"twitter:label2\" content=\"Tiempo de lectura\" \/>\n\t<meta name=\"twitter:data2\" content=\"1 minuto\" \/>\n<script type=\"application\/ld+json\" class=\"yoast-schema-graph\">{\"@context\":\"https:\\\/\\\/schema.org\",\"@graph\":[{\"@type\":\"Article\",\"@id\":\"https:\\\/\\\/fabriciob.ar\\\/web\\\/solicitamos-informe-sobre-la-habilitacion-del-local-catalino-en-la-laguna-arguello\\\/#article\",\"isPartOf\":{\"@id\":\"https:\\\/\\\/fabriciob.ar\\\/web\\\/solicitamos-informe-sobre-la-habilitacion-del-local-catalino-en-la-laguna-arguello\\\/\"},\"author\":{\"name\":\"Equipo Fabricio\",\"@id\":\"https:\\\/\\\/fabriciob.ar\\\/web\\\/#\\\/schema\\\/person\\\/d56dbc2f2489983c5270184312aab61b\"},\"headline\":\"SOLICITAMOS INFORME SOBRE LA HABILITACI\u00d3N DEL LOCAL \u00abCATALINO\u00bb EN LA LAGUNA ARG\u00dcELLO\",\"datePublished\":\"2021-02-15T01:43:46+00:00\",\"dateModified\":\"2021-06-15T01:47:42+00:00\",\"mainEntityOfPage\":{\"@id\":\"https:\\\/\\\/fabriciob.ar\\\/web\\\/solicitamos-informe-sobre-la-habilitacion-del-local-catalino-en-la-laguna-arguello\\\/\"},\"wordCount\":237,\"commentCount\":0,\"publisher\":{\"@id\":\"https:\\\/\\\/fabriciob.ar\\\/web\\\/#organization\"},\"image\":{\"@id\":\"https:\\\/\\\/fabriciob.ar\\\/web\\\/solicitamos-informe-sobre-la-habilitacion-del-local-catalino-en-la-laguna-arguello\\\/#primaryimage\"},\"thumbnailUrl\":\"https:\\\/\\\/fabriciob.ar\\\/web\\\/wp-content\\\/uploads\\\/2021\\\/06\\\/catalino.jpg\",\"articleSection\":[\"PROYECTOS DE RESOLUCION\"],\"inLanguage\":\"es\",\"potentialAction\":[{\"@type\":\"CommentAction\",\"name\":\"Comment\",\"target\":[\"https:\\\/\\\/fabriciob.ar\\\/web\\\/solicitamos-informe-sobre-la-habilitacion-del-local-catalino-en-la-laguna-arguello\\\/#respond\"]}]},{\"@type\":\"WebPage\",\"@id\":\"https:\\\/\\\/fabriciob.ar\\\/web\\\/solicitamos-informe-sobre-la-habilitacion-del-local-catalino-en-la-laguna-arguello\\\/\",\"url\":\"https:\\\/\\\/fabriciob.ar\\\/web\\\/solicitamos-informe-sobre-la-habilitacion-del-local-catalino-en-la-laguna-arguello\\\/\",\"name\":\"SOLICITAMOS INFORME SOBRE LA HABILITACI\u00d3N DEL LOCAL \\\"CATALINO\\\" EN LA LAGUNA ARG\u00dcELLO - Fabricio Bolatti\",\"isPartOf\":{\"@id\":\"https:\\\/\\\/fabriciob.ar\\\/web\\\/#website\"},\"primaryImageOfPage\":{\"@id\":\"https:\\\/\\\/fabriciob.ar\\\/web\\\/solicitamos-informe-sobre-la-habilitacion-del-local-catalino-en-la-laguna-arguello\\\/#primaryimage\"},\"image\":{\"@id\":\"https:\\\/\\\/fabriciob.ar\\\/web\\\/solicitamos-informe-sobre-la-habilitacion-del-local-catalino-en-la-laguna-arguello\\\/#primaryimage\"},\"thumbnailUrl\":\"https:\\\/\\\/fabriciob.ar\\\/web\\\/wp-content\\\/uploads\\\/2021\\\/06\\\/catalino.jpg\",\"datePublished\":\"2021-02-15T01:43:46+00:00\",\"dateModified\":\"2021-06-15T01:47:42+00:00\",\"breadcrumb\":{\"@id\":\"https:\\\/\\\/fabriciob.ar\\\/web\\\/solicitamos-informe-sobre-la-habilitacion-del-local-catalino-en-la-laguna-arguello\\\/#breadcrumb\"},\"inLanguage\":\"es\",\"potentialAction\":[{\"@type\":\"ReadAction\",\"target\":[\"https:\\\/\\\/fabriciob.ar\\\/web\\\/solicitamos-informe-sobre-la-habilitacion-del-local-catalino-en-la-laguna-arguello\\\/\"]}]},{\"@type\":\"ImageObject\",\"inLanguage\":\"es\",\"@id\":\"https:\\\/\\\/fabriciob.ar\\\/web\\\/solicitamos-informe-sobre-la-habilitacion-del-local-catalino-en-la-laguna-arguello\\\/#primaryimage\",\"url\":\"https:\\\/\\\/fabriciob.ar\\\/web\\\/wp-content\\\/uploads\\\/2021\\\/06\\\/catalino.jpg\",\"contentUrl\":\"https:\\\/\\\/fabriciob.ar\\\/web\\\/wp-content\\\/uploads\\\/2021\\\/06\\\/catalino.jpg\",\"width\":960,\"height\":442},{\"@type\":\"BreadcrumbList\",\"@id\":\"https:\\\/\\\/fabriciob.ar\\\/web\\\/solicitamos-informe-sobre-la-habilitacion-del-local-catalino-en-la-laguna-arguello\\\/#breadcrumb\",\"itemListElement\":[{\"@type\":\"ListItem\",\"position\":1,\"name\":\"Portada\",\"item\":\"https:\\\/\\\/fabriciob.ar\\\/web\\\/\"},{\"@type\":\"ListItem\",\"position\":2,\"name\":\"SOLICITAMOS INFORME SOBRE LA HABILITACI\u00d3N DEL LOCAL &#8220;CATALINO&#8221; EN LA LAGUNA ARG\u00dcELLO\"}]},{\"@type\":\"WebSite\",\"@id\":\"https:\\\/\\\/fabriciob.ar\\\/web\\\/#website\",\"url\":\"https:\\\/\\\/fabriciob.ar\\\/web\\\/\",\"name\":\"Fabricio Bolatti\",\"description\":\"Sitio Oficial-Comunicaci\u00f3n institucional de la gesti\u00f3n legislativa del concejal Fabricio Bolatti con los vecinos y vecinas de la ciudad de Resistencia\",\"publisher\":{\"@id\":\"https:\\\/\\\/fabriciob.ar\\\/web\\\/#organization\"},\"potentialAction\":[{\"@type\":\"SearchAction\",\"target\":{\"@type\":\"EntryPoint\",\"urlTemplate\":\"https:\\\/\\\/fabriciob.ar\\\/web\\\/?s={search_term_string}\"},\"query-input\":{\"@type\":\"PropertyValueSpecification\",\"valueRequired\":true,\"valueName\":\"search_term_string\"}}],\"inLanguage\":\"es\"},{\"@type\":\"Organization\",\"@id\":\"https:\\\/\\\/fabriciob.ar\\\/web\\\/#organization\",\"name\":\"Fabricio Bolatti-Sitio Oficial\",\"url\":\"https:\\\/\\\/fabriciob.ar\\\/web\\\/\",\"logo\":{\"@type\":\"ImageObject\",\"inLanguage\":\"es\",\"@id\":\"https:\\\/\\\/fabriciob.ar\\\/web\\\/#\\\/schema\\\/logo\\\/image\\\/\",\"url\":\"https:\\\/\\\/fabriciob.ar\\\/web\\\/wp-content\\\/uploads\\\/2020\\\/12\\\/cropped-fb-en-el-concejo-a-red-2-1.png\",\"contentUrl\":\"https:\\\/\\\/fabriciob.ar\\\/web\\\/wp-content\\\/uploads\\\/2020\\\/12\\\/cropped-fb-en-el-concejo-a-red-2-1.png\",\"width\":512,\"height\":512,\"caption\":\"Fabricio Bolatti-Sitio Oficial\"},\"image\":{\"@id\":\"https:\\\/\\\/fabriciob.ar\\\/web\\\/#\\\/schema\\\/logo\\\/image\\\/\"},\"sameAs\":[\"https:\\\/\\\/www.facebook.com\\\/fabriciobolattiK\\\/\",\"https:\\\/\\\/x.com\\\/fabriciobolatti\",\"https:\\\/\\\/www.instagram.com\\\/fabriciobolatti\\\/?igshid=7ztsgzj0mwql\",\"https:\\\/\\\/www.youtube.com\\\/channel\\\/UCWLMPKJZG1JgX9U29Pra3ng\"]},{\"@type\":\"Person\",\"@id\":\"https:\\\/\\\/fabriciob.ar\\\/web\\\/#\\\/schema\\\/person\\\/d56dbc2f2489983c5270184312aab61b\",\"name\":\"Equipo Fabricio\",\"image\":{\"@type\":\"ImageObject\",\"inLanguage\":\"es\",\"@id\":\"https:\\\/\\\/secure.gravatar.com\\\/avatar\\\/9d8e99352a71f2ac7e650885bc7721fe9d667070a36c2a5bb86aab909b8cf626?s=96&d=mm&r=g\",\"url\":\"https:\\\/\\\/secure.gravatar.com\\\/avatar\\\/9d8e99352a71f2ac7e650885bc7721fe9d667070a36c2a5bb86aab909b8cf626?s=96&d=mm&r=g\",\"contentUrl\":\"https:\\\/\\\/secure.gravatar.com\\\/avatar\\\/9d8e99352a71f2ac7e650885bc7721fe9d667070a36c2a5bb86aab909b8cf626?s=96&d=mm&r=g\",\"caption\":\"Equipo Fabricio\"},\"url\":\"https:\\\/\\\/fabriciob.ar\\\/web\\\/author\\\/admin\\\/\"}]}<\/script>\n<!-- \/ Yoast SEO plugin. -->","yoast_head_json":{"title":"SOLICITAMOS INFORME SOBRE LA HABILITACI\u00d3N DEL LOCAL \"CATALINO\" EN LA LAGUNA ARG\u00dcELLO - Fabricio Bolatti","robots":{"index":"index","follow":"follow","max-snippet":"max-snippet:-1","max-image-preview":"max-image-preview:large","max-video-preview":"max-video-preview:-1"},"canonical":"https:\/\/fabriciob.ar\/web\/solicitamos-informe-sobre-la-habilitacion-del-local-catalino-en-la-laguna-arguello\/","og_locale":"es_ES","og_type":"article","og_title":"SOLICITAMOS INFORME SOBRE LA HABILITACI\u00d3N DEL LOCAL \"CATALINO\" EN LA LAGUNA ARG\u00dcELLO - Fabricio Bolatti","og_url":"https:\/\/fabriciob.ar\/web\/solicitamos-informe-sobre-la-habilitacion-del-local-catalino-en-la-laguna-arguello\/","og_site_name":"Fabricio Bolatti","article_publisher":"https:\/\/www.facebook.com\/fabriciobolattiK\/","article_published_time":"2021-02-15T01:43:46+00:00","article_modified_time":"2021-06-15T01:47:42+00:00","og_image":[{"width":960,"height":442,"url":"https:\/\/fabriciob.ar\/web\/wp-content\/uploads\/2021\/06\/catalino.jpg","type":"image\/jpeg"}],"author":"Equipo Fabricio","twitter_card":"summary_large_image","twitter_creator":"@fabriciobolatti","twitter_site":"@fabriciobolatti","twitter_misc":{"Escrito por":"Equipo Fabricio","Tiempo de lectura":"1 minuto"},"schema":{"@context":"https:\/\/schema.org","@graph":[{"@type":"Article","@id":"https:\/\/fabriciob.ar\/web\/solicitamos-informe-sobre-la-habilitacion-del-local-catalino-en-la-laguna-arguello\/#article","isPartOf":{"@id":"https:\/\/fabriciob.ar\/web\/solicitamos-informe-sobre-la-habilitacion-del-local-catalino-en-la-laguna-arguello\/"},"author":{"name":"Equipo Fabricio","@id":"https:\/\/fabriciob.ar\/web\/#\/schema\/person\/d56dbc2f2489983c5270184312aab61b"},"headline":"SOLICITAMOS INFORME SOBRE LA HABILITACI\u00d3N DEL LOCAL \u00abCATALINO\u00bb EN LA LAGUNA ARG\u00dcELLO","datePublished":"2021-02-15T01:43:46+00:00","dateModified":"2021-06-15T01:47:42+00:00","mainEntityOfPage":{"@id":"https:\/\/fabriciob.ar\/web\/solicitamos-informe-sobre-la-habilitacion-del-local-catalino-en-la-laguna-arguello\/"},"wordCount":237,"commentCount":0,"publisher":{"@id":"https:\/\/fabriciob.ar\/web\/#organization"},"image":{"@id":"https:\/\/fabriciob.ar\/web\/solicitamos-informe-sobre-la-habilitacion-del-local-catalino-en-la-laguna-arguello\/#primaryimage"},"thumbnailUrl":"https:\/\/fabriciob.ar\/web\/wp-content\/uploads\/2021\/06\/catalino.jpg","articleSection":["PROYECTOS DE RESOLUCION"],"inLanguage":"es","potentialAction":[{"@type":"CommentAction","name":"Comment","target":["https:\/\/fabriciob.ar\/web\/solicitamos-informe-sobre-la-habilitacion-del-local-catalino-en-la-laguna-arguello\/#respond"]}]},{"@type":"WebPage","@id":"https:\/\/fabriciob.ar\/web\/solicitamos-informe-sobre-la-habilitacion-del-local-catalino-en-la-laguna-arguello\/","url":"https:\/\/fabriciob.ar\/web\/solicitamos-informe-sobre-la-habilitacion-del-local-catalino-en-la-laguna-arguello\/","name":"SOLICITAMOS INFORME SOBRE LA HABILITACI\u00d3N DEL LOCAL \"CATALINO\" EN LA LAGUNA ARG\u00dcELLO - Fabricio Bolatti","isPartOf":{"@id":"https:\/\/fabriciob.ar\/web\/#website"},"primaryImageOfPage":{"@id":"https:\/\/fabriciob.ar\/web\/solicitamos-informe-sobre-la-habilitacion-del-local-catalino-en-la-laguna-arguello\/#primaryimage"},"image":{"@id":"https:\/\/fabriciob.ar\/web\/solicitamos-informe-sobre-la-habilitacion-del-local-catalino-en-la-laguna-arguello\/#primaryimage"},"thumbnailUrl":"https:\/\/fabriciob.ar\/web\/wp-content\/uploads\/2021\/06\/catalino.jpg","datePublished":"2021-02-15T01:43:46+00:00","dateModified":"2021-06-15T01:47:42+00:00","breadcrumb":{"@id":"https:\/\/fabriciob.ar\/web\/solicitamos-informe-sobre-la-habilitacion-del-local-catalino-en-la-laguna-arguello\/#breadcrumb"},"inLanguage":"es","potentialAction":[{"@type":"ReadAction","target":["https:\/\/fabriciob.ar\/web\/solicitamos-informe-sobre-la-habilitacion-del-local-catalino-en-la-laguna-arguello\/"]}]},{"@type":"ImageObject","inLanguage":"es","@id":"https:\/\/fabriciob.ar\/web\/solicitamos-informe-sobre-la-habilitacion-del-local-catalino-en-la-laguna-arguello\/#primaryimage","url":"https:\/\/fabriciob.ar\/web\/wp-content\/uploads\/2021\/06\/catalino.jpg","contentUrl":"https:\/\/fabriciob.ar\/web\/wp-content\/uploads\/2021\/06\/catalino.jpg","width":960,"height":442},{"@type":"BreadcrumbList","@id":"https:\/\/fabriciob.ar\/web\/solicitamos-informe-sobre-la-habilitacion-del-local-catalino-en-la-laguna-arguello\/#breadcrumb","itemListElement":[{"@type":"ListItem","position":1,"name":"Portada","item":"https:\/\/fabriciob.ar\/web\/"},{"@type":"ListItem","position":2,"name":"SOLICITAMOS INFORME SOBRE LA HABILITACI\u00d3N DEL LOCAL &#8220;CATALINO&#8221; EN LA LAGUNA ARG\u00dcELLO"}]},{"@type":"WebSite","@id":"https:\/\/fabriciob.ar\/web\/#website","url":"https:\/\/fabriciob.ar\/web\/","name":"Fabricio Bolatti","description":"Sitio Oficial-Comunicaci\u00f3n institucional de la gesti\u00f3n legislativa del concejal Fabricio Bolatti con los vecinos y vecinas de la ciudad de Resistencia","publisher":{"@id":"https:\/\/fabriciob.ar\/web\/#organization"},"potentialAction":[{"@type":"SearchAction","target":{"@type":"EntryPoint","urlTemplate":"https:\/\/fabriciob.ar\/web\/?s={search_term_string}"},"query-input":{"@type":"PropertyValueSpecification","valueRequired":true,"valueName":"search_term_string"}}],"inLanguage":"es"},{"@type":"Organization","@id":"https:\/\/fabriciob.ar\/web\/#organization","name":"Fabricio Bolatti-Sitio Oficial","url":"https:\/\/fabriciob.ar\/web\/","logo":{"@type":"ImageObject","inLanguage":"es","@id":"https:\/\/fabriciob.ar\/web\/#\/schema\/logo\/image\/","url":"https:\/\/fabriciob.ar\/web\/wp-content\/uploads\/2020\/12\/cropped-fb-en-el-concejo-a-red-2-1.png","contentUrl":"https:\/\/fabriciob.ar\/web\/wp-content\/uploads\/2020\/12\/cropped-fb-en-el-concejo-a-red-2-1.png","width":512,"height":512,"caption":"Fabricio Bolatti-Sitio Oficial"},"image":{"@id":"https:\/\/fabriciob.ar\/web\/#\/schema\/logo\/image\/"},"sameAs":["https:\/\/www.facebook.com\/fabriciobolattiK\/","https:\/\/x.com\/fabriciobolatti","https:\/\/www.instagram.com\/fabriciobolatti\/?igshid=7ztsgzj0mwql","https:\/\/www.youtube.com\/channel\/UCWLMPKJZG1JgX9U29Pra3ng"]},{"@type":"Person","@id":"https:\/\/fabriciob.ar\/web\/#\/schema\/person\/d56dbc2f2489983c5270184312aab61b","name":"Equipo Fabricio","image":{"@type":"ImageObject","inLanguage":"es","@id":"https:\/\/secure.gravatar.com\/avatar\/9d8e99352a71f2ac7e650885bc7721fe9d667070a36c2a5bb86aab909b8cf626?s=96&d=mm&r=g","url":"https:\/\/secure.gravatar.com\/avatar\/9d8e99352a71f2ac7e650885bc7721fe9d667070a36c2a5bb86aab909b8cf626?s=96&d=mm&r=g","contentUrl":"https:\/\/secure.gravatar.com\/avatar\/9d8e99352a71f2ac7e650885bc7721fe9d667070a36c2a5bb86aab909b8cf626?s=96&d=mm&r=g","caption":"Equipo Fabricio"},"url":"https:\/\/fabriciob.ar\/web\/author\/admin\/"}]}},"_links":{"self":[{"href":"https:\/\/fabriciob.ar\/web\/wp-json\/wp\/v2\/posts\/5056","targetHints":{"allow":["GET"]}}],"collection":[{"href":"https:\/\/fabriciob.ar\/web\/wp-json\/wp\/v2\/posts"}],"about":[{"href":"https:\/\/fabriciob.ar\/web\/wp-json\/wp\/v2\/types\/post"}],"author":[{"embeddable":true,"href":"https:\/\/fabriciob.ar\/web\/wp-json\/wp\/v2\/users\/3"}],"replies":[{"embeddable":true,"href":"https:\/\/fabriciob.ar\/web\/wp-json\/wp\/v2\/comments?post=5056"}],"version-history":[{"count":0,"href":"https:\/\/fabriciob.ar\/web\/wp-json\/wp\/v2\/posts\/5056\/revisions"}],"wp:featuredmedia":[{"embeddable":true,"href":"https:\/\/fabriciob.ar\/web\/wp-json\/wp\/v2\/media\/5057"}],"wp:attachment":[{"href":"https:\/\/fabriciob.ar\/web\/wp-json\/wp\/v2\/media?parent=5056"}],"wp:term":[{"taxonomy":"category","embeddable":true,"href":"https:\/\/fabriciob.ar\/web\/wp-json\/wp\/v2\/categories?post=5056"},{"taxonomy":"post_tag","embeddable":true,"href":"https:\/\/fabriciob.ar\/web\/wp-json\/wp\/v2\/tags?post=5056"}],"curies":[{"name":"wp","href":"https:\/\/api.w.org\/{rel}","templated":true}]}}