{"id":5157,"date":"2020-07-23T23:30:02","date_gmt":"2020-07-23T23:30:02","guid":{"rendered":"https:\/\/fabriciob.ar\/web\/?p=5157"},"modified":"2021-06-23T23:36:08","modified_gmt":"2021-06-23T23:36:08","slug":"acompanar-proyecto-de-ley-de-diputados-que-modifica-articulo-sobre-manejo-del-fuego","status":"publish","type":"post","link":"https:\/\/fabriciob.ar\/web\/acompanar-proyecto-de-ley-de-diputados-que-modifica-articulo-sobre-manejo-del-fuego\/","title":{"rendered":"ACOMPA\u00d1AR PROYECTO DE LEY DE DIPUTADOS QUE MODIFICA ARTICULO SOBRE MANEJO DEL FUEGO"},"content":{"rendered":"<p><!--more--><\/p>\n<p><strong>VISTO:<\/strong><br \/>\nLos focos de incendio intencionales en varias provincias del pa\u00eds,<\/p>\n<p><strong>Considerando:<\/strong><\/p>\n<p>Que la grave sequ\u00eda que afecta al pa\u00eds se ve potenciada por la especulaci\u00f3n inmobiliaria que provoca incendios arrasando con la flora y fauna aut\u00f3ctona de las provincias,<\/p>\n<p>Que el bloque del Frente de Todos y los interbloques de Consenso Federal y Federal para el Desarrollo, presentaron un proyecto para proteger los ecosistemas v\u00edctimas de los incendios y prohibir las modificaciones que impliquen cambios en la actividad agr\u00edcola, emprendimientos inmobiliarios o cualquier otro tipo de actividad que sea distinta al uso y destino que la superficie ten\u00eda al momento de iniciarse el fuego,<\/p>\n<p>Que la iniciativa extiende esas prohibiciones por un t\u00e9rmino de 60 a\u00f1os en el caso de bosques nativos o implantados, \u00e1reas naturales protegidas y humedales, y de 30 a\u00f1os en el caso de zonas agr\u00edcolas, praderas, pastizales o matorrales,<\/p>\n<p>Que el proyecto modifica el art\u00edculo 22 bis de la Ley N\u00b0 26.815 de Manejo del Fuego, por la que se proh\u00edbe realizar modificaciones en el uso de las superficies afectadas por incendios en \u201cbosques nativos, \u00e1reas naturales protegidas y humedales\u201d y \u201cgarantizar su restauraci\u00f3n\u201d.<\/p>\n<p>Que el proyecto toma impulso en medio de cifras alarmantes por los incendios en lo que va de este a\u00f1o: las quemas intencionales en el Delta del Paran\u00e1 arrasaron con 90 mil hect\u00e1reas de humedales, que si se incluye los incendios en Corrientes, Chaco y Formosa extienden hasta 200 mil hect\u00e1reas los humedales afectados;<\/p>\n<p>Que los incendios en C\u00f3rdoba \u2013donde se estima que el 95 por ciento de los focos fueron intencionales-, amenazan con extinguir el escaso tres por ciento de bosques nativos que conserva la provincia;<\/p>\n<p>Que la carta org\u00e1nica del municipio de Resistencia, en su Art. 137) Inc. 23 otorga la facultad al Concejo Municipal para el dictado de la presente;<\/p>\n<p><strong>POR ELLO:<\/strong><\/p>\n<p style=\"text-align: center;\"><strong>El Concejo Municipal de Resistencia<\/strong><br \/>\n<strong>RESUELVE<\/strong><\/p>\n<p>1) Acompa\u00f1ar el proyecto de ley presentado en la Honorable C\u00e1mara de Diputados que modifica el art\u00edculo 22 bis de la Ley N\u00b0 26.815 de Manejo del Fuego, por la que se proh\u00edbe realizar modificaciones en el uso de las superficies afectadas por incendios en \u201cbosques nativos, \u00e1reas naturales protegidas y humedales\u201d y \u201cgarantizar su restauraci\u00f3n\u201d .-<\/p>\n<p>2)y 3) DE FORMA.<\/p>\n","protected":false},"excerpt":{"rendered":"","protected":false},"author":3,"featured_media":5158,"comment_status":"open","ping_status":"open","sticky":false,"template":"","format":"standard","meta":{"_joinchat":[],"footnotes":""},"categories":[41],"tags":[],"class_list":["post-5157","post","type-post","status-publish","format-standard","has-post-thumbnail","hentry","category-proyectos-de-resolucion"],"yoast_head":"<!-- This site is optimized with the Yoast SEO plugin v27.5 - https:\/\/yoast.com\/product\/yoast-seo-wordpress\/ -->\n<title>ACOMPA\u00d1AR PROYECTO DE LEY DE DIPUTADOS QUE MODIFICA ARTICULO SOBRE MANEJO DEL FUEGO - Fabricio Bolatti<\/title>\n<meta name=\"robots\" content=\"index, follow, max-snippet:-1, max-image-preview:large, max-video-preview:-1\" \/>\n<link rel=\"canonical\" href=\"https:\/\/fabriciob.ar\/web\/acompanar-proyecto-de-ley-de-diputados-que-modifica-articulo-sobre-manejo-del-fuego\/\" \/>\n<meta property=\"og:locale\" content=\"es_ES\" \/>\n<meta property=\"og:type\" content=\"article\" \/>\n<meta property=\"og:title\" content=\"ACOMPA\u00d1AR PROYECTO DE LEY DE DIPUTADOS QUE MODIFICA ARTICULO SOBRE MANEJO DEL FUEGO - Fabricio Bolatti\" \/>\n<meta property=\"og:url\" content=\"https:\/\/fabriciob.ar\/web\/acompanar-proyecto-de-ley-de-diputados-que-modifica-articulo-sobre-manejo-del-fuego\/\" \/>\n<meta property=\"og:site_name\" content=\"Fabricio Bolatti\" \/>\n<meta property=\"article:publisher\" content=\"https:\/\/www.facebook.com\/fabriciobolattiK\/\" \/>\n<meta property=\"article:published_time\" content=\"2020-07-23T23:30:02+00:00\" \/>\n<meta property=\"article:modified_time\" content=\"2021-06-23T23:36:08+00:00\" \/>\n<meta property=\"og:image\" content=\"https:\/\/fabriciob.ar\/web\/wp-content\/uploads\/2021\/06\/INCENDIO.jpg\" \/>\n\t<meta property=\"og:image:width\" content=\"696\" \/>\n\t<meta property=\"og:image:height\" content=\"522\" \/>\n\t<meta property=\"og:image:type\" content=\"image\/jpeg\" \/>\n<meta name=\"author\" content=\"Equipo Fabricio\" \/>\n<meta name=\"twitter:card\" content=\"summary_large_image\" \/>\n<meta name=\"twitter:creator\" content=\"@fabriciobolatti\" \/>\n<meta name=\"twitter:site\" content=\"@fabriciobolatti\" \/>\n<meta name=\"twitter:label1\" content=\"Escrito por\" \/>\n\t<meta name=\"twitter:data1\" content=\"Equipo Fabricio\" \/>\n\t<meta name=\"twitter:label2\" content=\"Tiempo de lectura\" \/>\n\t<meta name=\"twitter:data2\" content=\"2 minutos\" \/>\n<script type=\"application\/ld+json\" class=\"yoast-schema-graph\">{\"@context\":\"https:\\\/\\\/schema.org\",\"@graph\":[{\"@type\":\"Article\",\"@id\":\"https:\\\/\\\/fabriciob.ar\\\/web\\\/acompanar-proyecto-de-ley-de-diputados-que-modifica-articulo-sobre-manejo-del-fuego\\\/#article\",\"isPartOf\":{\"@id\":\"https:\\\/\\\/fabriciob.ar\\\/web\\\/acompanar-proyecto-de-ley-de-diputados-que-modifica-articulo-sobre-manejo-del-fuego\\\/\"},\"author\":{\"name\":\"Equipo Fabricio\",\"@id\":\"https:\\\/\\\/fabriciob.ar\\\/web\\\/#\\\/schema\\\/person\\\/d56dbc2f2489983c5270184312aab61b\"},\"headline\":\"ACOMPA\u00d1AR PROYECTO DE LEY DE DIPUTADOS QUE MODIFICA ARTICULO SOBRE MANEJO DEL FUEGO\",\"datePublished\":\"2020-07-23T23:30:02+00:00\",\"dateModified\":\"2021-06-23T23:36:08+00:00\",\"mainEntityOfPage\":{\"@id\":\"https:\\\/\\\/fabriciob.ar\\\/web\\\/acompanar-proyecto-de-ley-de-diputados-que-modifica-articulo-sobre-manejo-del-fuego\\\/\"},\"wordCount\":397,\"commentCount\":0,\"publisher\":{\"@id\":\"https:\\\/\\\/fabriciob.ar\\\/web\\\/#organization\"},\"image\":{\"@id\":\"https:\\\/\\\/fabriciob.ar\\\/web\\\/acompanar-proyecto-de-ley-de-diputados-que-modifica-articulo-sobre-manejo-del-fuego\\\/#primaryimage\"},\"thumbnailUrl\":\"https:\\\/\\\/fabriciob.ar\\\/web\\\/wp-content\\\/uploads\\\/2021\\\/06\\\/INCENDIO.jpg\",\"articleSection\":[\"PROYECTOS DE RESOLUCION\"],\"inLanguage\":\"es\",\"potentialAction\":[{\"@type\":\"CommentAction\",\"name\":\"Comment\",\"target\":[\"https:\\\/\\\/fabriciob.ar\\\/web\\\/acompanar-proyecto-de-ley-de-diputados-que-modifica-articulo-sobre-manejo-del-fuego\\\/#respond\"]}]},{\"@type\":\"WebPage\",\"@id\":\"https:\\\/\\\/fabriciob.ar\\\/web\\\/acompanar-proyecto-de-ley-de-diputados-que-modifica-articulo-sobre-manejo-del-fuego\\\/\",\"url\":\"https:\\\/\\\/fabriciob.ar\\\/web\\\/acompanar-proyecto-de-ley-de-diputados-que-modifica-articulo-sobre-manejo-del-fuego\\\/\",\"name\":\"ACOMPA\u00d1AR PROYECTO DE LEY DE DIPUTADOS QUE MODIFICA ARTICULO SOBRE MANEJO DEL FUEGO - Fabricio Bolatti\",\"isPartOf\":{\"@id\":\"https:\\\/\\\/fabriciob.ar\\\/web\\\/#website\"},\"primaryImageOfPage\":{\"@id\":\"https:\\\/\\\/fabriciob.ar\\\/web\\\/acompanar-proyecto-de-ley-de-diputados-que-modifica-articulo-sobre-manejo-del-fuego\\\/#primaryimage\"},\"image\":{\"@id\":\"https:\\\/\\\/fabriciob.ar\\\/web\\\/acompanar-proyecto-de-ley-de-diputados-que-modifica-articulo-sobre-manejo-del-fuego\\\/#primaryimage\"},\"thumbnailUrl\":\"https:\\\/\\\/fabriciob.ar\\\/web\\\/wp-content\\\/uploads\\\/2021\\\/06\\\/INCENDIO.jpg\",\"datePublished\":\"2020-07-23T23:30:02+00:00\",\"dateModified\":\"2021-06-23T23:36:08+00:00\",\"breadcrumb\":{\"@id\":\"https:\\\/\\\/fabriciob.ar\\\/web\\\/acompanar-proyecto-de-ley-de-diputados-que-modifica-articulo-sobre-manejo-del-fuego\\\/#breadcrumb\"},\"inLanguage\":\"es\",\"potentialAction\":[{\"@type\":\"ReadAction\",\"target\":[\"https:\\\/\\\/fabriciob.ar\\\/web\\\/acompanar-proyecto-de-ley-de-diputados-que-modifica-articulo-sobre-manejo-del-fuego\\\/\"]}]},{\"@type\":\"ImageObject\",\"inLanguage\":\"es\",\"@id\":\"https:\\\/\\\/fabriciob.ar\\\/web\\\/acompanar-proyecto-de-ley-de-diputados-que-modifica-articulo-sobre-manejo-del-fuego\\\/#primaryimage\",\"url\":\"https:\\\/\\\/fabriciob.ar\\\/web\\\/wp-content\\\/uploads\\\/2021\\\/06\\\/INCENDIO.jpg\",\"contentUrl\":\"https:\\\/\\\/fabriciob.ar\\\/web\\\/wp-content\\\/uploads\\\/2021\\\/06\\\/INCENDIO.jpg\",\"width\":696,\"height\":522},{\"@type\":\"BreadcrumbList\",\"@id\":\"https:\\\/\\\/fabriciob.ar\\\/web\\\/acompanar-proyecto-de-ley-de-diputados-que-modifica-articulo-sobre-manejo-del-fuego\\\/#breadcrumb\",\"itemListElement\":[{\"@type\":\"ListItem\",\"position\":1,\"name\":\"Portada\",\"item\":\"https:\\\/\\\/fabriciob.ar\\\/web\\\/\"},{\"@type\":\"ListItem\",\"position\":2,\"name\":\"ACOMPA\u00d1AR PROYECTO DE LEY DE DIPUTADOS QUE MODIFICA ARTICULO SOBRE MANEJO DEL FUEGO\"}]},{\"@type\":\"WebSite\",\"@id\":\"https:\\\/\\\/fabriciob.ar\\\/web\\\/#website\",\"url\":\"https:\\\/\\\/fabriciob.ar\\\/web\\\/\",\"name\":\"Fabricio Bolatti\",\"description\":\"Sitio Oficial-Comunicaci\u00f3n institucional de la gesti\u00f3n legislativa del concejal Fabricio Bolatti con los vecinos y vecinas de la ciudad de Resistencia\",\"publisher\":{\"@id\":\"https:\\\/\\\/fabriciob.ar\\\/web\\\/#organization\"},\"potentialAction\":[{\"@type\":\"SearchAction\",\"target\":{\"@type\":\"EntryPoint\",\"urlTemplate\":\"https:\\\/\\\/fabriciob.ar\\\/web\\\/?s={search_term_string}\"},\"query-input\":{\"@type\":\"PropertyValueSpecification\",\"valueRequired\":true,\"valueName\":\"search_term_string\"}}],\"inLanguage\":\"es\"},{\"@type\":\"Organization\",\"@id\":\"https:\\\/\\\/fabriciob.ar\\\/web\\\/#organization\",\"name\":\"Fabricio Bolatti-Sitio Oficial\",\"url\":\"https:\\\/\\\/fabriciob.ar\\\/web\\\/\",\"logo\":{\"@type\":\"ImageObject\",\"inLanguage\":\"es\",\"@id\":\"https:\\\/\\\/fabriciob.ar\\\/web\\\/#\\\/schema\\\/logo\\\/image\\\/\",\"url\":\"https:\\\/\\\/fabriciob.ar\\\/web\\\/wp-content\\\/uploads\\\/2020\\\/12\\\/cropped-fb-en-el-concejo-a-red-2-1.png\",\"contentUrl\":\"https:\\\/\\\/fabriciob.ar\\\/web\\\/wp-content\\\/uploads\\\/2020\\\/12\\\/cropped-fb-en-el-concejo-a-red-2-1.png\",\"width\":512,\"height\":512,\"caption\":\"Fabricio Bolatti-Sitio Oficial\"},\"image\":{\"@id\":\"https:\\\/\\\/fabriciob.ar\\\/web\\\/#\\\/schema\\\/logo\\\/image\\\/\"},\"sameAs\":[\"https:\\\/\\\/www.facebook.com\\\/fabriciobolattiK\\\/\",\"https:\\\/\\\/x.com\\\/fabriciobolatti\",\"https:\\\/\\\/www.instagram.com\\\/fabriciobolatti\\\/?igshid=7ztsgzj0mwql\",\"https:\\\/\\\/www.youtube.com\\\/channel\\\/UCWLMPKJZG1JgX9U29Pra3ng\"]},{\"@type\":\"Person\",\"@id\":\"https:\\\/\\\/fabriciob.ar\\\/web\\\/#\\\/schema\\\/person\\\/d56dbc2f2489983c5270184312aab61b\",\"name\":\"Equipo Fabricio\",\"image\":{\"@type\":\"ImageObject\",\"inLanguage\":\"es\",\"@id\":\"https:\\\/\\\/secure.gravatar.com\\\/avatar\\\/9d8e99352a71f2ac7e650885bc7721fe9d667070a36c2a5bb86aab909b8cf626?s=96&d=mm&r=g\",\"url\":\"https:\\\/\\\/secure.gravatar.com\\\/avatar\\\/9d8e99352a71f2ac7e650885bc7721fe9d667070a36c2a5bb86aab909b8cf626?s=96&d=mm&r=g\",\"contentUrl\":\"https:\\\/\\\/secure.gravatar.com\\\/avatar\\\/9d8e99352a71f2ac7e650885bc7721fe9d667070a36c2a5bb86aab909b8cf626?s=96&d=mm&r=g\",\"caption\":\"Equipo Fabricio\"},\"url\":\"https:\\\/\\\/fabriciob.ar\\\/web\\\/author\\\/admin\\\/\"}]}<\/script>\n<!-- \/ Yoast SEO plugin. -->","yoast_head_json":{"title":"ACOMPA\u00d1AR PROYECTO DE LEY DE DIPUTADOS QUE MODIFICA ARTICULO SOBRE MANEJO DEL FUEGO - Fabricio Bolatti","robots":{"index":"index","follow":"follow","max-snippet":"max-snippet:-1","max-image-preview":"max-image-preview:large","max-video-preview":"max-video-preview:-1"},"canonical":"https:\/\/fabriciob.ar\/web\/acompanar-proyecto-de-ley-de-diputados-que-modifica-articulo-sobre-manejo-del-fuego\/","og_locale":"es_ES","og_type":"article","og_title":"ACOMPA\u00d1AR PROYECTO DE LEY DE DIPUTADOS QUE MODIFICA ARTICULO SOBRE MANEJO DEL FUEGO - Fabricio Bolatti","og_url":"https:\/\/fabriciob.ar\/web\/acompanar-proyecto-de-ley-de-diputados-que-modifica-articulo-sobre-manejo-del-fuego\/","og_site_name":"Fabricio Bolatti","article_publisher":"https:\/\/www.facebook.com\/fabriciobolattiK\/","article_published_time":"2020-07-23T23:30:02+00:00","article_modified_time":"2021-06-23T23:36:08+00:00","og_image":[{"width":696,"height":522,"url":"https:\/\/fabriciob.ar\/web\/wp-content\/uploads\/2021\/06\/INCENDIO.jpg","type":"image\/jpeg"}],"author":"Equipo Fabricio","twitter_card":"summary_large_image","twitter_creator":"@fabriciobolatti","twitter_site":"@fabriciobolatti","twitter_misc":{"Escrito por":"Equipo Fabricio","Tiempo de lectura":"2 minutos"},"schema":{"@context":"https:\/\/schema.org","@graph":[{"@type":"Article","@id":"https:\/\/fabriciob.ar\/web\/acompanar-proyecto-de-ley-de-diputados-que-modifica-articulo-sobre-manejo-del-fuego\/#article","isPartOf":{"@id":"https:\/\/fabriciob.ar\/web\/acompanar-proyecto-de-ley-de-diputados-que-modifica-articulo-sobre-manejo-del-fuego\/"},"author":{"name":"Equipo Fabricio","@id":"https:\/\/fabriciob.ar\/web\/#\/schema\/person\/d56dbc2f2489983c5270184312aab61b"},"headline":"ACOMPA\u00d1AR PROYECTO DE LEY DE DIPUTADOS QUE MODIFICA ARTICULO SOBRE MANEJO DEL FUEGO","datePublished":"2020-07-23T23:30:02+00:00","dateModified":"2021-06-23T23:36:08+00:00","mainEntityOfPage":{"@id":"https:\/\/fabriciob.ar\/web\/acompanar-proyecto-de-ley-de-diputados-que-modifica-articulo-sobre-manejo-del-fuego\/"},"wordCount":397,"commentCount":0,"publisher":{"@id":"https:\/\/fabriciob.ar\/web\/#organization"},"image":{"@id":"https:\/\/fabriciob.ar\/web\/acompanar-proyecto-de-ley-de-diputados-que-modifica-articulo-sobre-manejo-del-fuego\/#primaryimage"},"thumbnailUrl":"https:\/\/fabriciob.ar\/web\/wp-content\/uploads\/2021\/06\/INCENDIO.jpg","articleSection":["PROYECTOS DE RESOLUCION"],"inLanguage":"es","potentialAction":[{"@type":"CommentAction","name":"Comment","target":["https:\/\/fabriciob.ar\/web\/acompanar-proyecto-de-ley-de-diputados-que-modifica-articulo-sobre-manejo-del-fuego\/#respond"]}]},{"@type":"WebPage","@id":"https:\/\/fabriciob.ar\/web\/acompanar-proyecto-de-ley-de-diputados-que-modifica-articulo-sobre-manejo-del-fuego\/","url":"https:\/\/fabriciob.ar\/web\/acompanar-proyecto-de-ley-de-diputados-que-modifica-articulo-sobre-manejo-del-fuego\/","name":"ACOMPA\u00d1AR PROYECTO DE LEY DE DIPUTADOS QUE MODIFICA ARTICULO SOBRE MANEJO DEL FUEGO - Fabricio Bolatti","isPartOf":{"@id":"https:\/\/fabriciob.ar\/web\/#website"},"primaryImageOfPage":{"@id":"https:\/\/fabriciob.ar\/web\/acompanar-proyecto-de-ley-de-diputados-que-modifica-articulo-sobre-manejo-del-fuego\/#primaryimage"},"image":{"@id":"https:\/\/fabriciob.ar\/web\/acompanar-proyecto-de-ley-de-diputados-que-modifica-articulo-sobre-manejo-del-fuego\/#primaryimage"},"thumbnailUrl":"https:\/\/fabriciob.ar\/web\/wp-content\/uploads\/2021\/06\/INCENDIO.jpg","datePublished":"2020-07-23T23:30:02+00:00","dateModified":"2021-06-23T23:36:08+00:00","breadcrumb":{"@id":"https:\/\/fabriciob.ar\/web\/acompanar-proyecto-de-ley-de-diputados-que-modifica-articulo-sobre-manejo-del-fuego\/#breadcrumb"},"inLanguage":"es","potentialAction":[{"@type":"ReadAction","target":["https:\/\/fabriciob.ar\/web\/acompanar-proyecto-de-ley-de-diputados-que-modifica-articulo-sobre-manejo-del-fuego\/"]}]},{"@type":"ImageObject","inLanguage":"es","@id":"https:\/\/fabriciob.ar\/web\/acompanar-proyecto-de-ley-de-diputados-que-modifica-articulo-sobre-manejo-del-fuego\/#primaryimage","url":"https:\/\/fabriciob.ar\/web\/wp-content\/uploads\/2021\/06\/INCENDIO.jpg","contentUrl":"https:\/\/fabriciob.ar\/web\/wp-content\/uploads\/2021\/06\/INCENDIO.jpg","width":696,"height":522},{"@type":"BreadcrumbList","@id":"https:\/\/fabriciob.ar\/web\/acompanar-proyecto-de-ley-de-diputados-que-modifica-articulo-sobre-manejo-del-fuego\/#breadcrumb","itemListElement":[{"@type":"ListItem","position":1,"name":"Portada","item":"https:\/\/fabriciob.ar\/web\/"},{"@type":"ListItem","position":2,"name":"ACOMPA\u00d1AR PROYECTO DE LEY DE DIPUTADOS QUE MODIFICA ARTICULO SOBRE MANEJO DEL FUEGO"}]},{"@type":"WebSite","@id":"https:\/\/fabriciob.ar\/web\/#website","url":"https:\/\/fabriciob.ar\/web\/","name":"Fabricio Bolatti","description":"Sitio Oficial-Comunicaci\u00f3n institucional de la gesti\u00f3n legislativa del concejal Fabricio Bolatti con los vecinos y vecinas de la ciudad de Resistencia","publisher":{"@id":"https:\/\/fabriciob.ar\/web\/#organization"},"potentialAction":[{"@type":"SearchAction","target":{"@type":"EntryPoint","urlTemplate":"https:\/\/fabriciob.ar\/web\/?s={search_term_string}"},"query-input":{"@type":"PropertyValueSpecification","valueRequired":true,"valueName":"search_term_string"}}],"inLanguage":"es"},{"@type":"Organization","@id":"https:\/\/fabriciob.ar\/web\/#organization","name":"Fabricio Bolatti-Sitio Oficial","url":"https:\/\/fabriciob.ar\/web\/","logo":{"@type":"ImageObject","inLanguage":"es","@id":"https:\/\/fabriciob.ar\/web\/#\/schema\/logo\/image\/","url":"https:\/\/fabriciob.ar\/web\/wp-content\/uploads\/2020\/12\/cropped-fb-en-el-concejo-a-red-2-1.png","contentUrl":"https:\/\/fabriciob.ar\/web\/wp-content\/uploads\/2020\/12\/cropped-fb-en-el-concejo-a-red-2-1.png","width":512,"height":512,"caption":"Fabricio Bolatti-Sitio Oficial"},"image":{"@id":"https:\/\/fabriciob.ar\/web\/#\/schema\/logo\/image\/"},"sameAs":["https:\/\/www.facebook.com\/fabriciobolattiK\/","https:\/\/x.com\/fabriciobolatti","https:\/\/www.instagram.com\/fabriciobolatti\/?igshid=7ztsgzj0mwql","https:\/\/www.youtube.com\/channel\/UCWLMPKJZG1JgX9U29Pra3ng"]},{"@type":"Person","@id":"https:\/\/fabriciob.ar\/web\/#\/schema\/person\/d56dbc2f2489983c5270184312aab61b","name":"Equipo Fabricio","image":{"@type":"ImageObject","inLanguage":"es","@id":"https:\/\/secure.gravatar.com\/avatar\/9d8e99352a71f2ac7e650885bc7721fe9d667070a36c2a5bb86aab909b8cf626?s=96&d=mm&r=g","url":"https:\/\/secure.gravatar.com\/avatar\/9d8e99352a71f2ac7e650885bc7721fe9d667070a36c2a5bb86aab909b8cf626?s=96&d=mm&r=g","contentUrl":"https:\/\/secure.gravatar.com\/avatar\/9d8e99352a71f2ac7e650885bc7721fe9d667070a36c2a5bb86aab909b8cf626?s=96&d=mm&r=g","caption":"Equipo Fabricio"},"url":"https:\/\/fabriciob.ar\/web\/author\/admin\/"}]}},"_links":{"self":[{"href":"https:\/\/fabriciob.ar\/web\/wp-json\/wp\/v2\/posts\/5157","targetHints":{"allow":["GET"]}}],"collection":[{"href":"https:\/\/fabriciob.ar\/web\/wp-json\/wp\/v2\/posts"}],"about":[{"href":"https:\/\/fabriciob.ar\/web\/wp-json\/wp\/v2\/types\/post"}],"author":[{"embeddable":true,"href":"https:\/\/fabriciob.ar\/web\/wp-json\/wp\/v2\/users\/3"}],"replies":[{"embeddable":true,"href":"https:\/\/fabriciob.ar\/web\/wp-json\/wp\/v2\/comments?post=5157"}],"version-history":[{"count":0,"href":"https:\/\/fabriciob.ar\/web\/wp-json\/wp\/v2\/posts\/5157\/revisions"}],"wp:featuredmedia":[{"embeddable":true,"href":"https:\/\/fabriciob.ar\/web\/wp-json\/wp\/v2\/media\/5158"}],"wp:attachment":[{"href":"https:\/\/fabriciob.ar\/web\/wp-json\/wp\/v2\/media?parent=5157"}],"wp:term":[{"taxonomy":"category","embeddable":true,"href":"https:\/\/fabriciob.ar\/web\/wp-json\/wp\/v2\/categories?post=5157"},{"taxonomy":"post_tag","embeddable":true,"href":"https:\/\/fabriciob.ar\/web\/wp-json\/wp\/v2\/tags?post=5157"}],"curies":[{"name":"wp","href":"https:\/\/api.w.org\/{rel}","templated":true}]}}