{"id":5160,"date":"2021-03-23T23:50:54","date_gmt":"2021-03-23T23:50:54","guid":{"rendered":"https:\/\/fabriciob.ar\/web\/?p=5160"},"modified":"2021-06-24T00:10:25","modified_gmt":"2021-06-24T00:10:25","slug":"solicitamos-al-ejecutivo-municipal-informe-sobre-la-falta-de-pago-de-creditos-laborales","status":"publish","type":"post","link":"https:\/\/fabriciob.ar\/web\/solicitamos-al-ejecutivo-municipal-informe-sobre-la-falta-de-pago-de-creditos-laborales\/","title":{"rendered":"SOLICITAMOS AL EJECUTIVO MUNICIPAL INFORME SOBRE LA FALTA DE PAGO DE CR\u00c9DITOS LABORALES"},"content":{"rendered":"<p><!--more--><\/p>\n<p><strong>VISTO:<\/strong><br \/>\nLos art\u00edculos 135 inciso 2) y 138 de la Carta Org\u00e1nica Municipal,<\/p>\n<p><strong>CONSIDERANDOS:<\/strong><\/p>\n<p>Que la falta de pago a las y los acreedores que tuvieron vinculaci\u00f3n laboral con la Municipalidad de Resistencia es un reclamo constante que recibimos en nuestras oficinas y por las redes sociales,<\/p>\n<p>Que el atraso en hacer efectivo el cobro de una prestaci\u00f3n o de una liquidaci\u00f3n conlleva el perjuicio econ\u00f3mico a la o las personas que esperan pacientemente;<\/p>\n<p>Que especialmente nos preocupan este tipo de deudas y creemos que deben tener prioridad aquellas liquidaciones que surgen de acuerdos laborales y que tienen car\u00e1cter alimentario,<\/p>\n<p>Que la judicializaci\u00f3n de ese incumplimiento trae aparejado un mayor costo para la Municipalidad de Resistencia,<\/p>\n<p>Que en virtud del Art\u00edculo 138 De la carta org\u00e1nica municipal el cual posibilita al Concejo a pedir informes tanto funcionarios como al Intendente de la Municipalidad de Resistencia.<\/p>\n<p>&nbsp;<\/p>\n<p><strong>QUE POR TODO ELLO:<\/strong><\/p>\n<p style=\"text-align: center;\"><strong>EL CONCEJO MUNICIPAL DE LA CIUDAD DE RESISTENCIA<\/strong><br \/>\n<strong>RESUELVE:<\/strong><\/p>\n<p>&nbsp;<\/p>\n<p>1) Solicitar al Departamento Ejecutivo Municipal informe, respecto de las deudas contra\u00eddas con ex trabajadores y trabajadoras del mismo, quienes cesaron su vinculaci\u00f3n con el Municipio, excepto jubilaciones, entre el 11 de diciembre del 2019 y la fecha de recepci\u00f3n de la presente:<\/p>\n<p>a- Cu\u00e1ntas liquidaciones y \u00f3rdenes de pago han sido libradas que corresponden a cr\u00e9ditos por cese de la relaci\u00f3n laboral con el Municipio, excluyendo las personas que se acogen al derecho de la jubilaci\u00f3n;<\/p>\n<p>b- Remita detalles de las mismas, con nombre y apellido, consignando fecha de inicio del tr\u00e1mite y fecha estimativa de pago, indicando n\u00famero de resoluci\u00f3n que da origen al derecho;<\/p>\n<p>&nbsp;<\/p>\n<p>2) De forma.<\/p>\n<p>&nbsp;<\/p>\n","protected":false},"excerpt":{"rendered":"","protected":false},"author":3,"featured_media":2945,"comment_status":"open","ping_status":"open","sticky":false,"template":"","format":"standard","meta":{"_joinchat":[],"footnotes":""},"categories":[41],"tags":[],"class_list":["post-5160","post","type-post","status-publish","format-standard","has-post-thumbnail","hentry","category-proyectos-de-resolucion"],"yoast_head":"<!-- This site is optimized with the Yoast SEO plugin v27.5 - https:\/\/yoast.com\/product\/yoast-seo-wordpress\/ -->\n<title>SOLICITAMOS AL EJECUTIVO MUNICIPAL INFORME SOBRE LA FALTA DE PAGO DE CR\u00c9DITOS LABORALES - Fabricio Bolatti<\/title>\n<meta name=\"robots\" content=\"index, follow, max-snippet:-1, max-image-preview:large, max-video-preview:-1\" \/>\n<link rel=\"canonical\" href=\"https:\/\/fabriciob.ar\/web\/solicitamos-al-ejecutivo-municipal-informe-sobre-la-falta-de-pago-de-creditos-laborales\/\" \/>\n<meta property=\"og:locale\" content=\"es_ES\" \/>\n<meta property=\"og:type\" content=\"article\" \/>\n<meta property=\"og:title\" content=\"SOLICITAMOS AL EJECUTIVO MUNICIPAL INFORME SOBRE LA FALTA DE PAGO DE CR\u00c9DITOS LABORALES - Fabricio Bolatti\" \/>\n<meta property=\"og:url\" content=\"https:\/\/fabriciob.ar\/web\/solicitamos-al-ejecutivo-municipal-informe-sobre-la-falta-de-pago-de-creditos-laborales\/\" \/>\n<meta property=\"og:site_name\" content=\"Fabricio Bolatti\" \/>\n<meta property=\"article:publisher\" content=\"https:\/\/www.facebook.com\/fabriciobolattiK\/\" \/>\n<meta property=\"article:published_time\" content=\"2021-03-23T23:50:54+00:00\" \/>\n<meta property=\"article:modified_time\" content=\"2021-06-24T00:10:25+00:00\" \/>\n<meta property=\"og:image\" content=\"https:\/\/fabriciob.ar\/web\/wp-content\/uploads\/2021\/04\/muni-rcia.jpg\" \/>\n\t<meta property=\"og:image:width\" content=\"512\" \/>\n\t<meta property=\"og:image:height\" content=\"317\" \/>\n\t<meta property=\"og:image:type\" content=\"image\/jpeg\" \/>\n<meta name=\"author\" content=\"Equipo Fabricio\" \/>\n<meta name=\"twitter:card\" content=\"summary_large_image\" \/>\n<meta name=\"twitter:creator\" content=\"@fabriciobolatti\" \/>\n<meta name=\"twitter:site\" content=\"@fabriciobolatti\" \/>\n<meta name=\"twitter:label1\" content=\"Escrito por\" \/>\n\t<meta name=\"twitter:data1\" content=\"Equipo Fabricio\" \/>\n\t<meta name=\"twitter:label2\" content=\"Tiempo de lectura\" \/>\n\t<meta name=\"twitter:data2\" content=\"1 minuto\" \/>\n<script type=\"application\/ld+json\" class=\"yoast-schema-graph\">{\"@context\":\"https:\\\/\\\/schema.org\",\"@graph\":[{\"@type\":\"Article\",\"@id\":\"https:\\\/\\\/fabriciob.ar\\\/web\\\/solicitamos-al-ejecutivo-municipal-informe-sobre-la-falta-de-pago-de-creditos-laborales\\\/#article\",\"isPartOf\":{\"@id\":\"https:\\\/\\\/fabriciob.ar\\\/web\\\/solicitamos-al-ejecutivo-municipal-informe-sobre-la-falta-de-pago-de-creditos-laborales\\\/\"},\"author\":{\"name\":\"Equipo Fabricio\",\"@id\":\"https:\\\/\\\/fabriciob.ar\\\/web\\\/#\\\/schema\\\/person\\\/d56dbc2f2489983c5270184312aab61b\"},\"headline\":\"SOLICITAMOS AL EJECUTIVO MUNICIPAL INFORME SOBRE LA FALTA DE PAGO DE CR\u00c9DITOS LABORALES\",\"datePublished\":\"2021-03-23T23:50:54+00:00\",\"dateModified\":\"2021-06-24T00:10:25+00:00\",\"mainEntityOfPage\":{\"@id\":\"https:\\\/\\\/fabriciob.ar\\\/web\\\/solicitamos-al-ejecutivo-municipal-informe-sobre-la-falta-de-pago-de-creditos-laborales\\\/\"},\"wordCount\":298,\"commentCount\":0,\"publisher\":{\"@id\":\"https:\\\/\\\/fabriciob.ar\\\/web\\\/#organization\"},\"image\":{\"@id\":\"https:\\\/\\\/fabriciob.ar\\\/web\\\/solicitamos-al-ejecutivo-municipal-informe-sobre-la-falta-de-pago-de-creditos-laborales\\\/#primaryimage\"},\"thumbnailUrl\":\"https:\\\/\\\/fabriciob.ar\\\/web\\\/wp-content\\\/uploads\\\/2021\\\/04\\\/muni-rcia.jpg\",\"articleSection\":[\"PROYECTOS DE RESOLUCION\"],\"inLanguage\":\"es\",\"potentialAction\":[{\"@type\":\"CommentAction\",\"name\":\"Comment\",\"target\":[\"https:\\\/\\\/fabriciob.ar\\\/web\\\/solicitamos-al-ejecutivo-municipal-informe-sobre-la-falta-de-pago-de-creditos-laborales\\\/#respond\"]}]},{\"@type\":\"WebPage\",\"@id\":\"https:\\\/\\\/fabriciob.ar\\\/web\\\/solicitamos-al-ejecutivo-municipal-informe-sobre-la-falta-de-pago-de-creditos-laborales\\\/\",\"url\":\"https:\\\/\\\/fabriciob.ar\\\/web\\\/solicitamos-al-ejecutivo-municipal-informe-sobre-la-falta-de-pago-de-creditos-laborales\\\/\",\"name\":\"SOLICITAMOS AL EJECUTIVO MUNICIPAL INFORME SOBRE LA FALTA DE PAGO DE CR\u00c9DITOS LABORALES - Fabricio Bolatti\",\"isPartOf\":{\"@id\":\"https:\\\/\\\/fabriciob.ar\\\/web\\\/#website\"},\"primaryImageOfPage\":{\"@id\":\"https:\\\/\\\/fabriciob.ar\\\/web\\\/solicitamos-al-ejecutivo-municipal-informe-sobre-la-falta-de-pago-de-creditos-laborales\\\/#primaryimage\"},\"image\":{\"@id\":\"https:\\\/\\\/fabriciob.ar\\\/web\\\/solicitamos-al-ejecutivo-municipal-informe-sobre-la-falta-de-pago-de-creditos-laborales\\\/#primaryimage\"},\"thumbnailUrl\":\"https:\\\/\\\/fabriciob.ar\\\/web\\\/wp-content\\\/uploads\\\/2021\\\/04\\\/muni-rcia.jpg\",\"datePublished\":\"2021-03-23T23:50:54+00:00\",\"dateModified\":\"2021-06-24T00:10:25+00:00\",\"breadcrumb\":{\"@id\":\"https:\\\/\\\/fabriciob.ar\\\/web\\\/solicitamos-al-ejecutivo-municipal-informe-sobre-la-falta-de-pago-de-creditos-laborales\\\/#breadcrumb\"},\"inLanguage\":\"es\",\"potentialAction\":[{\"@type\":\"ReadAction\",\"target\":[\"https:\\\/\\\/fabriciob.ar\\\/web\\\/solicitamos-al-ejecutivo-municipal-informe-sobre-la-falta-de-pago-de-creditos-laborales\\\/\"]}]},{\"@type\":\"ImageObject\",\"inLanguage\":\"es\",\"@id\":\"https:\\\/\\\/fabriciob.ar\\\/web\\\/solicitamos-al-ejecutivo-municipal-informe-sobre-la-falta-de-pago-de-creditos-laborales\\\/#primaryimage\",\"url\":\"https:\\\/\\\/fabriciob.ar\\\/web\\\/wp-content\\\/uploads\\\/2021\\\/04\\\/muni-rcia.jpg\",\"contentUrl\":\"https:\\\/\\\/fabriciob.ar\\\/web\\\/wp-content\\\/uploads\\\/2021\\\/04\\\/muni-rcia.jpg\",\"width\":512,\"height\":317},{\"@type\":\"BreadcrumbList\",\"@id\":\"https:\\\/\\\/fabriciob.ar\\\/web\\\/solicitamos-al-ejecutivo-municipal-informe-sobre-la-falta-de-pago-de-creditos-laborales\\\/#breadcrumb\",\"itemListElement\":[{\"@type\":\"ListItem\",\"position\":1,\"name\":\"Portada\",\"item\":\"https:\\\/\\\/fabriciob.ar\\\/web\\\/\"},{\"@type\":\"ListItem\",\"position\":2,\"name\":\"SOLICITAMOS AL EJECUTIVO MUNICIPAL INFORME SOBRE LA FALTA DE PAGO DE CR\u00c9DITOS LABORALES\"}]},{\"@type\":\"WebSite\",\"@id\":\"https:\\\/\\\/fabriciob.ar\\\/web\\\/#website\",\"url\":\"https:\\\/\\\/fabriciob.ar\\\/web\\\/\",\"name\":\"Fabricio Bolatti\",\"description\":\"Sitio Oficial-Comunicaci\u00f3n institucional de la gesti\u00f3n legislativa del concejal Fabricio Bolatti con los vecinos y vecinas de la ciudad de Resistencia\",\"publisher\":{\"@id\":\"https:\\\/\\\/fabriciob.ar\\\/web\\\/#organization\"},\"potentialAction\":[{\"@type\":\"SearchAction\",\"target\":{\"@type\":\"EntryPoint\",\"urlTemplate\":\"https:\\\/\\\/fabriciob.ar\\\/web\\\/?s={search_term_string}\"},\"query-input\":{\"@type\":\"PropertyValueSpecification\",\"valueRequired\":true,\"valueName\":\"search_term_string\"}}],\"inLanguage\":\"es\"},{\"@type\":\"Organization\",\"@id\":\"https:\\\/\\\/fabriciob.ar\\\/web\\\/#organization\",\"name\":\"Fabricio Bolatti-Sitio Oficial\",\"url\":\"https:\\\/\\\/fabriciob.ar\\\/web\\\/\",\"logo\":{\"@type\":\"ImageObject\",\"inLanguage\":\"es\",\"@id\":\"https:\\\/\\\/fabriciob.ar\\\/web\\\/#\\\/schema\\\/logo\\\/image\\\/\",\"url\":\"https:\\\/\\\/fabriciob.ar\\\/web\\\/wp-content\\\/uploads\\\/2020\\\/12\\\/cropped-fb-en-el-concejo-a-red-2-1.png\",\"contentUrl\":\"https:\\\/\\\/fabriciob.ar\\\/web\\\/wp-content\\\/uploads\\\/2020\\\/12\\\/cropped-fb-en-el-concejo-a-red-2-1.png\",\"width\":512,\"height\":512,\"caption\":\"Fabricio Bolatti-Sitio Oficial\"},\"image\":{\"@id\":\"https:\\\/\\\/fabriciob.ar\\\/web\\\/#\\\/schema\\\/logo\\\/image\\\/\"},\"sameAs\":[\"https:\\\/\\\/www.facebook.com\\\/fabriciobolattiK\\\/\",\"https:\\\/\\\/x.com\\\/fabriciobolatti\",\"https:\\\/\\\/www.instagram.com\\\/fabriciobolatti\\\/?igshid=7ztsgzj0mwql\",\"https:\\\/\\\/www.youtube.com\\\/channel\\\/UCWLMPKJZG1JgX9U29Pra3ng\"]},{\"@type\":\"Person\",\"@id\":\"https:\\\/\\\/fabriciob.ar\\\/web\\\/#\\\/schema\\\/person\\\/d56dbc2f2489983c5270184312aab61b\",\"name\":\"Equipo Fabricio\",\"image\":{\"@type\":\"ImageObject\",\"inLanguage\":\"es\",\"@id\":\"https:\\\/\\\/secure.gravatar.com\\\/avatar\\\/9d8e99352a71f2ac7e650885bc7721fe9d667070a36c2a5bb86aab909b8cf626?s=96&d=mm&r=g\",\"url\":\"https:\\\/\\\/secure.gravatar.com\\\/avatar\\\/9d8e99352a71f2ac7e650885bc7721fe9d667070a36c2a5bb86aab909b8cf626?s=96&d=mm&r=g\",\"contentUrl\":\"https:\\\/\\\/secure.gravatar.com\\\/avatar\\\/9d8e99352a71f2ac7e650885bc7721fe9d667070a36c2a5bb86aab909b8cf626?s=96&d=mm&r=g\",\"caption\":\"Equipo Fabricio\"},\"url\":\"https:\\\/\\\/fabriciob.ar\\\/web\\\/author\\\/admin\\\/\"}]}<\/script>\n<!-- \/ Yoast SEO plugin. -->","yoast_head_json":{"title":"SOLICITAMOS AL EJECUTIVO MUNICIPAL INFORME SOBRE LA FALTA DE PAGO DE CR\u00c9DITOS LABORALES - Fabricio Bolatti","robots":{"index":"index","follow":"follow","max-snippet":"max-snippet:-1","max-image-preview":"max-image-preview:large","max-video-preview":"max-video-preview:-1"},"canonical":"https:\/\/fabriciob.ar\/web\/solicitamos-al-ejecutivo-municipal-informe-sobre-la-falta-de-pago-de-creditos-laborales\/","og_locale":"es_ES","og_type":"article","og_title":"SOLICITAMOS AL EJECUTIVO MUNICIPAL INFORME SOBRE LA FALTA DE PAGO DE CR\u00c9DITOS LABORALES - Fabricio Bolatti","og_url":"https:\/\/fabriciob.ar\/web\/solicitamos-al-ejecutivo-municipal-informe-sobre-la-falta-de-pago-de-creditos-laborales\/","og_site_name":"Fabricio Bolatti","article_publisher":"https:\/\/www.facebook.com\/fabriciobolattiK\/","article_published_time":"2021-03-23T23:50:54+00:00","article_modified_time":"2021-06-24T00:10:25+00:00","og_image":[{"width":512,"height":317,"url":"https:\/\/fabriciob.ar\/web\/wp-content\/uploads\/2021\/04\/muni-rcia.jpg","type":"image\/jpeg"}],"author":"Equipo Fabricio","twitter_card":"summary_large_image","twitter_creator":"@fabriciobolatti","twitter_site":"@fabriciobolatti","twitter_misc":{"Escrito por":"Equipo Fabricio","Tiempo de lectura":"1 minuto"},"schema":{"@context":"https:\/\/schema.org","@graph":[{"@type":"Article","@id":"https:\/\/fabriciob.ar\/web\/solicitamos-al-ejecutivo-municipal-informe-sobre-la-falta-de-pago-de-creditos-laborales\/#article","isPartOf":{"@id":"https:\/\/fabriciob.ar\/web\/solicitamos-al-ejecutivo-municipal-informe-sobre-la-falta-de-pago-de-creditos-laborales\/"},"author":{"name":"Equipo Fabricio","@id":"https:\/\/fabriciob.ar\/web\/#\/schema\/person\/d56dbc2f2489983c5270184312aab61b"},"headline":"SOLICITAMOS AL EJECUTIVO MUNICIPAL INFORME SOBRE LA FALTA DE PAGO DE CR\u00c9DITOS LABORALES","datePublished":"2021-03-23T23:50:54+00:00","dateModified":"2021-06-24T00:10:25+00:00","mainEntityOfPage":{"@id":"https:\/\/fabriciob.ar\/web\/solicitamos-al-ejecutivo-municipal-informe-sobre-la-falta-de-pago-de-creditos-laborales\/"},"wordCount":298,"commentCount":0,"publisher":{"@id":"https:\/\/fabriciob.ar\/web\/#organization"},"image":{"@id":"https:\/\/fabriciob.ar\/web\/solicitamos-al-ejecutivo-municipal-informe-sobre-la-falta-de-pago-de-creditos-laborales\/#primaryimage"},"thumbnailUrl":"https:\/\/fabriciob.ar\/web\/wp-content\/uploads\/2021\/04\/muni-rcia.jpg","articleSection":["PROYECTOS DE RESOLUCION"],"inLanguage":"es","potentialAction":[{"@type":"CommentAction","name":"Comment","target":["https:\/\/fabriciob.ar\/web\/solicitamos-al-ejecutivo-municipal-informe-sobre-la-falta-de-pago-de-creditos-laborales\/#respond"]}]},{"@type":"WebPage","@id":"https:\/\/fabriciob.ar\/web\/solicitamos-al-ejecutivo-municipal-informe-sobre-la-falta-de-pago-de-creditos-laborales\/","url":"https:\/\/fabriciob.ar\/web\/solicitamos-al-ejecutivo-municipal-informe-sobre-la-falta-de-pago-de-creditos-laborales\/","name":"SOLICITAMOS AL EJECUTIVO MUNICIPAL INFORME SOBRE LA FALTA DE PAGO DE CR\u00c9DITOS LABORALES - Fabricio Bolatti","isPartOf":{"@id":"https:\/\/fabriciob.ar\/web\/#website"},"primaryImageOfPage":{"@id":"https:\/\/fabriciob.ar\/web\/solicitamos-al-ejecutivo-municipal-informe-sobre-la-falta-de-pago-de-creditos-laborales\/#primaryimage"},"image":{"@id":"https:\/\/fabriciob.ar\/web\/solicitamos-al-ejecutivo-municipal-informe-sobre-la-falta-de-pago-de-creditos-laborales\/#primaryimage"},"thumbnailUrl":"https:\/\/fabriciob.ar\/web\/wp-content\/uploads\/2021\/04\/muni-rcia.jpg","datePublished":"2021-03-23T23:50:54+00:00","dateModified":"2021-06-24T00:10:25+00:00","breadcrumb":{"@id":"https:\/\/fabriciob.ar\/web\/solicitamos-al-ejecutivo-municipal-informe-sobre-la-falta-de-pago-de-creditos-laborales\/#breadcrumb"},"inLanguage":"es","potentialAction":[{"@type":"ReadAction","target":["https:\/\/fabriciob.ar\/web\/solicitamos-al-ejecutivo-municipal-informe-sobre-la-falta-de-pago-de-creditos-laborales\/"]}]},{"@type":"ImageObject","inLanguage":"es","@id":"https:\/\/fabriciob.ar\/web\/solicitamos-al-ejecutivo-municipal-informe-sobre-la-falta-de-pago-de-creditos-laborales\/#primaryimage","url":"https:\/\/fabriciob.ar\/web\/wp-content\/uploads\/2021\/04\/muni-rcia.jpg","contentUrl":"https:\/\/fabriciob.ar\/web\/wp-content\/uploads\/2021\/04\/muni-rcia.jpg","width":512,"height":317},{"@type":"BreadcrumbList","@id":"https:\/\/fabriciob.ar\/web\/solicitamos-al-ejecutivo-municipal-informe-sobre-la-falta-de-pago-de-creditos-laborales\/#breadcrumb","itemListElement":[{"@type":"ListItem","position":1,"name":"Portada","item":"https:\/\/fabriciob.ar\/web\/"},{"@type":"ListItem","position":2,"name":"SOLICITAMOS AL EJECUTIVO MUNICIPAL INFORME SOBRE LA FALTA DE PAGO DE CR\u00c9DITOS LABORALES"}]},{"@type":"WebSite","@id":"https:\/\/fabriciob.ar\/web\/#website","url":"https:\/\/fabriciob.ar\/web\/","name":"Fabricio Bolatti","description":"Sitio Oficial-Comunicaci\u00f3n institucional de la gesti\u00f3n legislativa del concejal Fabricio Bolatti con los vecinos y vecinas de la ciudad de Resistencia","publisher":{"@id":"https:\/\/fabriciob.ar\/web\/#organization"},"potentialAction":[{"@type":"SearchAction","target":{"@type":"EntryPoint","urlTemplate":"https:\/\/fabriciob.ar\/web\/?s={search_term_string}"},"query-input":{"@type":"PropertyValueSpecification","valueRequired":true,"valueName":"search_term_string"}}],"inLanguage":"es"},{"@type":"Organization","@id":"https:\/\/fabriciob.ar\/web\/#organization","name":"Fabricio Bolatti-Sitio Oficial","url":"https:\/\/fabriciob.ar\/web\/","logo":{"@type":"ImageObject","inLanguage":"es","@id":"https:\/\/fabriciob.ar\/web\/#\/schema\/logo\/image\/","url":"https:\/\/fabriciob.ar\/web\/wp-content\/uploads\/2020\/12\/cropped-fb-en-el-concejo-a-red-2-1.png","contentUrl":"https:\/\/fabriciob.ar\/web\/wp-content\/uploads\/2020\/12\/cropped-fb-en-el-concejo-a-red-2-1.png","width":512,"height":512,"caption":"Fabricio Bolatti-Sitio Oficial"},"image":{"@id":"https:\/\/fabriciob.ar\/web\/#\/schema\/logo\/image\/"},"sameAs":["https:\/\/www.facebook.com\/fabriciobolattiK\/","https:\/\/x.com\/fabriciobolatti","https:\/\/www.instagram.com\/fabriciobolatti\/?igshid=7ztsgzj0mwql","https:\/\/www.youtube.com\/channel\/UCWLMPKJZG1JgX9U29Pra3ng"]},{"@type":"Person","@id":"https:\/\/fabriciob.ar\/web\/#\/schema\/person\/d56dbc2f2489983c5270184312aab61b","name":"Equipo Fabricio","image":{"@type":"ImageObject","inLanguage":"es","@id":"https:\/\/secure.gravatar.com\/avatar\/9d8e99352a71f2ac7e650885bc7721fe9d667070a36c2a5bb86aab909b8cf626?s=96&d=mm&r=g","url":"https:\/\/secure.gravatar.com\/avatar\/9d8e99352a71f2ac7e650885bc7721fe9d667070a36c2a5bb86aab909b8cf626?s=96&d=mm&r=g","contentUrl":"https:\/\/secure.gravatar.com\/avatar\/9d8e99352a71f2ac7e650885bc7721fe9d667070a36c2a5bb86aab909b8cf626?s=96&d=mm&r=g","caption":"Equipo Fabricio"},"url":"https:\/\/fabriciob.ar\/web\/author\/admin\/"}]}},"_links":{"self":[{"href":"https:\/\/fabriciob.ar\/web\/wp-json\/wp\/v2\/posts\/5160","targetHints":{"allow":["GET"]}}],"collection":[{"href":"https:\/\/fabriciob.ar\/web\/wp-json\/wp\/v2\/posts"}],"about":[{"href":"https:\/\/fabriciob.ar\/web\/wp-json\/wp\/v2\/types\/post"}],"author":[{"embeddable":true,"href":"https:\/\/fabriciob.ar\/web\/wp-json\/wp\/v2\/users\/3"}],"replies":[{"embeddable":true,"href":"https:\/\/fabriciob.ar\/web\/wp-json\/wp\/v2\/comments?post=5160"}],"version-history":[{"count":0,"href":"https:\/\/fabriciob.ar\/web\/wp-json\/wp\/v2\/posts\/5160\/revisions"}],"wp:featuredmedia":[{"embeddable":true,"href":"https:\/\/fabriciob.ar\/web\/wp-json\/wp\/v2\/media\/2945"}],"wp:attachment":[{"href":"https:\/\/fabriciob.ar\/web\/wp-json\/wp\/v2\/media?parent=5160"}],"wp:term":[{"taxonomy":"category","embeddable":true,"href":"https:\/\/fabriciob.ar\/web\/wp-json\/wp\/v2\/categories?post=5160"},{"taxonomy":"post_tag","embeddable":true,"href":"https:\/\/fabriciob.ar\/web\/wp-json\/wp\/v2\/tags?post=5160"}],"curies":[{"name":"wp","href":"https:\/\/api.w.org\/{rel}","templated":true}]}}