{"id":5168,"date":"2021-03-24T00:27:03","date_gmt":"2021-03-24T00:27:03","guid":{"rendered":"https:\/\/fabriciob.ar\/web\/?p=5168"},"modified":"2024-01-05T23:34:31","modified_gmt":"2024-01-05T23:34:31","slug":"pedimos-se-informe-sobre-contratacion-millonaria-para-asesoramiento-del-ejecutivo","status":"publish","type":"post","link":"https:\/\/fabriciob.ar\/web\/pedimos-se-informe-sobre-contratacion-millonaria-para-asesoramiento-del-ejecutivo\/","title":{"rendered":"INFORME SOBRE CONTRATACI\u00d3N MILLONARIA PARA \u00abASESORAMIENTO\u00bb DEL EJECUTIVO"},"content":{"rendered":"<p><!--more--><\/p>\n<p><strong>VISTO:<\/strong><br \/>\nEl art\u00edculo 138 de la Carta Org\u00e1nica municipal,<\/p>\n<p><strong>CONSIDERANDOS:<\/strong><\/p>\n<p>Que el medio de comunicaci\u00f3n resistenciacronica.woedpress.com (https:\/\/resistenciacronica.wordpress.com\/2021\/03\/25\/exministro-de-peppo-cobrara-casi-3- millones-para-asesorar-al-municipio-de-resistencia\/#more-870) ha dado a conocer mediante una nota publicada el 25 de marzo de este a\u00f1o, que el ex ministro de econom\u00eda de la Provincia del Chaco, fue contratado por la Caja Municipal de Resistencia a trav\u00e9s de un fideicomiso de servicios generales y planificaci\u00f3n estrat\u00e9gica y por lo cual recibir\u00e1 la suma de 247 mil pesos mensuales por el lapso de un a\u00f1o para trabajo de asesor\u00eda,<\/p>\n<p>Que se desprende de la nota period\u00edstica que el documento establece la contrataci\u00f3n por un \u201casesoramiento especializado y asistencia t\u00e9cnica profesional\u201d en materia tributaria, presupuestaria, financiera, patrimonial, de organizaci\u00f3n interna, laboral y cumplimiento de normas administrativas, legales y t\u00e9cnicas impartidas por organismos de control,<\/p>\n<p>Que el contrato se\u00f1ala que ser\u00e1 por seis meses, desde el 1 de febrero hasta el 31 de julio de este a\u00f1o, con renovaci\u00f3n autom\u00e1tica por el mismo per\u00edodo de tiempo. Aclara adem\u00e1s que s\u00f3lo podr\u00e1 ser renovado \u00fanicamente por un per\u00edodo m\u00e1s \u201cde com\u00fan acuerdo entre las partes\u201d mediante la suscripci\u00f3n de un nuevo contrato. El monto a pagar es de 247 mil pesos mensuales \u201cm\u00e1s IVA si correspondiere\u201d,<\/p>\n<p>Que es necesario contar con la informaci\u00f3n p\u00fablica oficial, entendiendo que existen publicaciones en las redes sociales que dan cuenta de las contrataciones, como lo mencionamos arriba, que tendr\u00edan por objeto el asesoramiento al Departamento Ejecutivo, todo en el marco de un discurso de crisis econ\u00f3mica, como fue la apertura de las sesiones del 2 de marzo \u00faltimo,<\/p>\n<p>Que en virtud del Art\u00edculo 138 de la carta org\u00e1nica municipal el cual posibilita alConcejo a pedir informes tanto funcionarios como al Intendente de la Municipalidad de Resistencia.<\/p>\n<p><strong>QUE POR TODO ELLO:<\/strong><\/p>\n<p>&nbsp;<\/p>\n<p style=\"text-align: center;\"><strong>EL CONCEJO MUNICIPAL DE LA CIUDAD DE RESISTENCIA<\/strong><\/p>\n<p style=\"text-align: center;\"><strong>RESUELVE:<\/strong><\/p>\n<p>1) Solicitar a la Caja Municipal informe respecto de los contratos realizados a personas F\u00edsicas y\/o Jur\u00eddicas:<\/p>\n<p>a) N\u00f3mina de contrataciones realizadas desde el 10 de diciembre del 2019 hasta la fecha de recepci\u00f3n de la presente, indicando montos y personas f\u00edsicas o jur\u00eddicas beneficiarias, con sus correspondientes n\u00fameros de C.U.I.T.;<\/p>\n<p>b) Duraci\u00f3n de dichas contrataciones y el detalle de la prestaci\u00f3n que deben realizar y \u00e1rea destinataria, especificando la forma que acreditar\u00e1n el cumplimiento de contrato y copia del contrato.<\/p>\n<p>2) De forma.<\/p>\n","protected":false},"excerpt":{"rendered":"","protected":false},"author":3,"featured_media":5169,"comment_status":"open","ping_status":"open","sticky":false,"template":"","format":"standard","meta":{"_joinchat":[],"footnotes":""},"categories":[41],"tags":[],"class_list":["post-5168","post","type-post","status-publish","format-standard","has-post-thumbnail","hentry","category-proyectos-de-resolucion"],"yoast_head":"<!-- This site is optimized with the Yoast SEO plugin v27.5 - https:\/\/yoast.com\/product\/yoast-seo-wordpress\/ -->\n<title>INFORME SOBRE CONTRATACI\u00d3N MILLONARIA PARA &quot;ASESORAMIENTO&quot; DEL EJECUTIVO - Fabricio Bolatti<\/title>\n<meta name=\"robots\" content=\"index, follow, max-snippet:-1, max-image-preview:large, max-video-preview:-1\" \/>\n<link rel=\"canonical\" href=\"https:\/\/fabriciob.ar\/web\/pedimos-se-informe-sobre-contratacion-millonaria-para-asesoramiento-del-ejecutivo\/\" \/>\n<meta property=\"og:locale\" content=\"es_ES\" \/>\n<meta property=\"og:type\" content=\"article\" \/>\n<meta property=\"og:title\" content=\"INFORME SOBRE CONTRATACI\u00d3N MILLONARIA PARA &quot;ASESORAMIENTO&quot; DEL EJECUTIVO - Fabricio Bolatti\" \/>\n<meta property=\"og:url\" content=\"https:\/\/fabriciob.ar\/web\/pedimos-se-informe-sobre-contratacion-millonaria-para-asesoramiento-del-ejecutivo\/\" \/>\n<meta property=\"og:site_name\" content=\"Fabricio Bolatti\" \/>\n<meta property=\"article:publisher\" content=\"https:\/\/www.facebook.com\/fabriciobolattiK\/\" \/>\n<meta property=\"article:published_time\" content=\"2021-03-24T00:27:03+00:00\" \/>\n<meta property=\"article:modified_time\" content=\"2024-01-05T23:34:31+00:00\" \/>\n<meta property=\"og:image\" content=\"https:\/\/fabriciob.ar\/web\/wp-content\/uploads\/2021\/06\/martinez-ocampo.jpg\" \/>\n\t<meta property=\"og:image:width\" content=\"542\" \/>\n\t<meta property=\"og:image:height\" content=\"365\" \/>\n\t<meta property=\"og:image:type\" content=\"image\/jpeg\" \/>\n<meta name=\"author\" content=\"Equipo Fabricio\" \/>\n<meta name=\"twitter:card\" content=\"summary_large_image\" \/>\n<meta name=\"twitter:creator\" content=\"@fabriciobolatti\" \/>\n<meta name=\"twitter:site\" content=\"@fabriciobolatti\" \/>\n<meta name=\"twitter:label1\" content=\"Escrito por\" \/>\n\t<meta name=\"twitter:data1\" content=\"Equipo Fabricio\" \/>\n\t<meta name=\"twitter:label2\" content=\"Tiempo de lectura\" \/>\n\t<meta name=\"twitter:data2\" content=\"2 minutos\" \/>\n<script type=\"application\/ld+json\" class=\"yoast-schema-graph\">{\"@context\":\"https:\\\/\\\/schema.org\",\"@graph\":[{\"@type\":\"Article\",\"@id\":\"https:\\\/\\\/fabriciob.ar\\\/web\\\/pedimos-se-informe-sobre-contratacion-millonaria-para-asesoramiento-del-ejecutivo\\\/#article\",\"isPartOf\":{\"@id\":\"https:\\\/\\\/fabriciob.ar\\\/web\\\/pedimos-se-informe-sobre-contratacion-millonaria-para-asesoramiento-del-ejecutivo\\\/\"},\"author\":{\"name\":\"Equipo Fabricio\",\"@id\":\"https:\\\/\\\/fabriciob.ar\\\/web\\\/#\\\/schema\\\/person\\\/d56dbc2f2489983c5270184312aab61b\"},\"headline\":\"INFORME SOBRE CONTRATACI\u00d3N MILLONARIA PARA \u00abASESORAMIENTO\u00bb DEL EJECUTIVO\",\"datePublished\":\"2021-03-24T00:27:03+00:00\",\"dateModified\":\"2024-01-05T23:34:31+00:00\",\"mainEntityOfPage\":{\"@id\":\"https:\\\/\\\/fabriciob.ar\\\/web\\\/pedimos-se-informe-sobre-contratacion-millonaria-para-asesoramiento-del-ejecutivo\\\/\"},\"wordCount\":435,\"commentCount\":0,\"publisher\":{\"@id\":\"https:\\\/\\\/fabriciob.ar\\\/web\\\/#organization\"},\"image\":{\"@id\":\"https:\\\/\\\/fabriciob.ar\\\/web\\\/pedimos-se-informe-sobre-contratacion-millonaria-para-asesoramiento-del-ejecutivo\\\/#primaryimage\"},\"thumbnailUrl\":\"https:\\\/\\\/fabriciob.ar\\\/web\\\/wp-content\\\/uploads\\\/2021\\\/06\\\/martinez-ocampo.jpg\",\"articleSection\":[\"PROYECTOS DE RESOLUCION\"],\"inLanguage\":\"es\",\"potentialAction\":[{\"@type\":\"CommentAction\",\"name\":\"Comment\",\"target\":[\"https:\\\/\\\/fabriciob.ar\\\/web\\\/pedimos-se-informe-sobre-contratacion-millonaria-para-asesoramiento-del-ejecutivo\\\/#respond\"]}]},{\"@type\":\"WebPage\",\"@id\":\"https:\\\/\\\/fabriciob.ar\\\/web\\\/pedimos-se-informe-sobre-contratacion-millonaria-para-asesoramiento-del-ejecutivo\\\/\",\"url\":\"https:\\\/\\\/fabriciob.ar\\\/web\\\/pedimos-se-informe-sobre-contratacion-millonaria-para-asesoramiento-del-ejecutivo\\\/\",\"name\":\"INFORME SOBRE CONTRATACI\u00d3N MILLONARIA PARA \\\"ASESORAMIENTO\\\" DEL EJECUTIVO - Fabricio Bolatti\",\"isPartOf\":{\"@id\":\"https:\\\/\\\/fabriciob.ar\\\/web\\\/#website\"},\"primaryImageOfPage\":{\"@id\":\"https:\\\/\\\/fabriciob.ar\\\/web\\\/pedimos-se-informe-sobre-contratacion-millonaria-para-asesoramiento-del-ejecutivo\\\/#primaryimage\"},\"image\":{\"@id\":\"https:\\\/\\\/fabriciob.ar\\\/web\\\/pedimos-se-informe-sobre-contratacion-millonaria-para-asesoramiento-del-ejecutivo\\\/#primaryimage\"},\"thumbnailUrl\":\"https:\\\/\\\/fabriciob.ar\\\/web\\\/wp-content\\\/uploads\\\/2021\\\/06\\\/martinez-ocampo.jpg\",\"datePublished\":\"2021-03-24T00:27:03+00:00\",\"dateModified\":\"2024-01-05T23:34:31+00:00\",\"breadcrumb\":{\"@id\":\"https:\\\/\\\/fabriciob.ar\\\/web\\\/pedimos-se-informe-sobre-contratacion-millonaria-para-asesoramiento-del-ejecutivo\\\/#breadcrumb\"},\"inLanguage\":\"es\",\"potentialAction\":[{\"@type\":\"ReadAction\",\"target\":[\"https:\\\/\\\/fabriciob.ar\\\/web\\\/pedimos-se-informe-sobre-contratacion-millonaria-para-asesoramiento-del-ejecutivo\\\/\"]}]},{\"@type\":\"ImageObject\",\"inLanguage\":\"es\",\"@id\":\"https:\\\/\\\/fabriciob.ar\\\/web\\\/pedimos-se-informe-sobre-contratacion-millonaria-para-asesoramiento-del-ejecutivo\\\/#primaryimage\",\"url\":\"https:\\\/\\\/fabriciob.ar\\\/web\\\/wp-content\\\/uploads\\\/2021\\\/06\\\/martinez-ocampo.jpg\",\"contentUrl\":\"https:\\\/\\\/fabriciob.ar\\\/web\\\/wp-content\\\/uploads\\\/2021\\\/06\\\/martinez-ocampo.jpg\",\"width\":542,\"height\":365},{\"@type\":\"BreadcrumbList\",\"@id\":\"https:\\\/\\\/fabriciob.ar\\\/web\\\/pedimos-se-informe-sobre-contratacion-millonaria-para-asesoramiento-del-ejecutivo\\\/#breadcrumb\",\"itemListElement\":[{\"@type\":\"ListItem\",\"position\":1,\"name\":\"Portada\",\"item\":\"https:\\\/\\\/fabriciob.ar\\\/web\\\/\"},{\"@type\":\"ListItem\",\"position\":2,\"name\":\"INFORME SOBRE CONTRATACI\u00d3N MILLONARIA PARA &#8220;ASESORAMIENTO&#8221; DEL EJECUTIVO\"}]},{\"@type\":\"WebSite\",\"@id\":\"https:\\\/\\\/fabriciob.ar\\\/web\\\/#website\",\"url\":\"https:\\\/\\\/fabriciob.ar\\\/web\\\/\",\"name\":\"Fabricio Bolatti\",\"description\":\"Sitio Oficial-Comunicaci\u00f3n institucional de la gesti\u00f3n legislativa del concejal Fabricio Bolatti con los vecinos y vecinas de la ciudad de Resistencia\",\"publisher\":{\"@id\":\"https:\\\/\\\/fabriciob.ar\\\/web\\\/#organization\"},\"potentialAction\":[{\"@type\":\"SearchAction\",\"target\":{\"@type\":\"EntryPoint\",\"urlTemplate\":\"https:\\\/\\\/fabriciob.ar\\\/web\\\/?s={search_term_string}\"},\"query-input\":{\"@type\":\"PropertyValueSpecification\",\"valueRequired\":true,\"valueName\":\"search_term_string\"}}],\"inLanguage\":\"es\"},{\"@type\":\"Organization\",\"@id\":\"https:\\\/\\\/fabriciob.ar\\\/web\\\/#organization\",\"name\":\"Fabricio Bolatti-Sitio Oficial\",\"url\":\"https:\\\/\\\/fabriciob.ar\\\/web\\\/\",\"logo\":{\"@type\":\"ImageObject\",\"inLanguage\":\"es\",\"@id\":\"https:\\\/\\\/fabriciob.ar\\\/web\\\/#\\\/schema\\\/logo\\\/image\\\/\",\"url\":\"https:\\\/\\\/fabriciob.ar\\\/web\\\/wp-content\\\/uploads\\\/2020\\\/12\\\/cropped-fb-en-el-concejo-a-red-2-1.png\",\"contentUrl\":\"https:\\\/\\\/fabriciob.ar\\\/web\\\/wp-content\\\/uploads\\\/2020\\\/12\\\/cropped-fb-en-el-concejo-a-red-2-1.png\",\"width\":512,\"height\":512,\"caption\":\"Fabricio Bolatti-Sitio Oficial\"},\"image\":{\"@id\":\"https:\\\/\\\/fabriciob.ar\\\/web\\\/#\\\/schema\\\/logo\\\/image\\\/\"},\"sameAs\":[\"https:\\\/\\\/www.facebook.com\\\/fabriciobolattiK\\\/\",\"https:\\\/\\\/x.com\\\/fabriciobolatti\",\"https:\\\/\\\/www.instagram.com\\\/fabriciobolatti\\\/?igshid=7ztsgzj0mwql\",\"https:\\\/\\\/www.youtube.com\\\/channel\\\/UCWLMPKJZG1JgX9U29Pra3ng\"]},{\"@type\":\"Person\",\"@id\":\"https:\\\/\\\/fabriciob.ar\\\/web\\\/#\\\/schema\\\/person\\\/d56dbc2f2489983c5270184312aab61b\",\"name\":\"Equipo Fabricio\",\"image\":{\"@type\":\"ImageObject\",\"inLanguage\":\"es\",\"@id\":\"https:\\\/\\\/secure.gravatar.com\\\/avatar\\\/9d8e99352a71f2ac7e650885bc7721fe9d667070a36c2a5bb86aab909b8cf626?s=96&d=mm&r=g\",\"url\":\"https:\\\/\\\/secure.gravatar.com\\\/avatar\\\/9d8e99352a71f2ac7e650885bc7721fe9d667070a36c2a5bb86aab909b8cf626?s=96&d=mm&r=g\",\"contentUrl\":\"https:\\\/\\\/secure.gravatar.com\\\/avatar\\\/9d8e99352a71f2ac7e650885bc7721fe9d667070a36c2a5bb86aab909b8cf626?s=96&d=mm&r=g\",\"caption\":\"Equipo Fabricio\"},\"url\":\"https:\\\/\\\/fabriciob.ar\\\/web\\\/author\\\/admin\\\/\"}]}<\/script>\n<!-- \/ Yoast SEO plugin. -->","yoast_head_json":{"title":"INFORME SOBRE CONTRATACI\u00d3N MILLONARIA PARA \"ASESORAMIENTO\" DEL EJECUTIVO - Fabricio Bolatti","robots":{"index":"index","follow":"follow","max-snippet":"max-snippet:-1","max-image-preview":"max-image-preview:large","max-video-preview":"max-video-preview:-1"},"canonical":"https:\/\/fabriciob.ar\/web\/pedimos-se-informe-sobre-contratacion-millonaria-para-asesoramiento-del-ejecutivo\/","og_locale":"es_ES","og_type":"article","og_title":"INFORME SOBRE CONTRATACI\u00d3N MILLONARIA PARA \"ASESORAMIENTO\" DEL EJECUTIVO - Fabricio Bolatti","og_url":"https:\/\/fabriciob.ar\/web\/pedimos-se-informe-sobre-contratacion-millonaria-para-asesoramiento-del-ejecutivo\/","og_site_name":"Fabricio Bolatti","article_publisher":"https:\/\/www.facebook.com\/fabriciobolattiK\/","article_published_time":"2021-03-24T00:27:03+00:00","article_modified_time":"2024-01-05T23:34:31+00:00","og_image":[{"width":542,"height":365,"url":"https:\/\/fabriciob.ar\/web\/wp-content\/uploads\/2021\/06\/martinez-ocampo.jpg","type":"image\/jpeg"}],"author":"Equipo Fabricio","twitter_card":"summary_large_image","twitter_creator":"@fabriciobolatti","twitter_site":"@fabriciobolatti","twitter_misc":{"Escrito por":"Equipo Fabricio","Tiempo de lectura":"2 minutos"},"schema":{"@context":"https:\/\/schema.org","@graph":[{"@type":"Article","@id":"https:\/\/fabriciob.ar\/web\/pedimos-se-informe-sobre-contratacion-millonaria-para-asesoramiento-del-ejecutivo\/#article","isPartOf":{"@id":"https:\/\/fabriciob.ar\/web\/pedimos-se-informe-sobre-contratacion-millonaria-para-asesoramiento-del-ejecutivo\/"},"author":{"name":"Equipo Fabricio","@id":"https:\/\/fabriciob.ar\/web\/#\/schema\/person\/d56dbc2f2489983c5270184312aab61b"},"headline":"INFORME SOBRE CONTRATACI\u00d3N MILLONARIA PARA \u00abASESORAMIENTO\u00bb DEL EJECUTIVO","datePublished":"2021-03-24T00:27:03+00:00","dateModified":"2024-01-05T23:34:31+00:00","mainEntityOfPage":{"@id":"https:\/\/fabriciob.ar\/web\/pedimos-se-informe-sobre-contratacion-millonaria-para-asesoramiento-del-ejecutivo\/"},"wordCount":435,"commentCount":0,"publisher":{"@id":"https:\/\/fabriciob.ar\/web\/#organization"},"image":{"@id":"https:\/\/fabriciob.ar\/web\/pedimos-se-informe-sobre-contratacion-millonaria-para-asesoramiento-del-ejecutivo\/#primaryimage"},"thumbnailUrl":"https:\/\/fabriciob.ar\/web\/wp-content\/uploads\/2021\/06\/martinez-ocampo.jpg","articleSection":["PROYECTOS DE RESOLUCION"],"inLanguage":"es","potentialAction":[{"@type":"CommentAction","name":"Comment","target":["https:\/\/fabriciob.ar\/web\/pedimos-se-informe-sobre-contratacion-millonaria-para-asesoramiento-del-ejecutivo\/#respond"]}]},{"@type":"WebPage","@id":"https:\/\/fabriciob.ar\/web\/pedimos-se-informe-sobre-contratacion-millonaria-para-asesoramiento-del-ejecutivo\/","url":"https:\/\/fabriciob.ar\/web\/pedimos-se-informe-sobre-contratacion-millonaria-para-asesoramiento-del-ejecutivo\/","name":"INFORME SOBRE CONTRATACI\u00d3N MILLONARIA PARA \"ASESORAMIENTO\" DEL EJECUTIVO - Fabricio Bolatti","isPartOf":{"@id":"https:\/\/fabriciob.ar\/web\/#website"},"primaryImageOfPage":{"@id":"https:\/\/fabriciob.ar\/web\/pedimos-se-informe-sobre-contratacion-millonaria-para-asesoramiento-del-ejecutivo\/#primaryimage"},"image":{"@id":"https:\/\/fabriciob.ar\/web\/pedimos-se-informe-sobre-contratacion-millonaria-para-asesoramiento-del-ejecutivo\/#primaryimage"},"thumbnailUrl":"https:\/\/fabriciob.ar\/web\/wp-content\/uploads\/2021\/06\/martinez-ocampo.jpg","datePublished":"2021-03-24T00:27:03+00:00","dateModified":"2024-01-05T23:34:31+00:00","breadcrumb":{"@id":"https:\/\/fabriciob.ar\/web\/pedimos-se-informe-sobre-contratacion-millonaria-para-asesoramiento-del-ejecutivo\/#breadcrumb"},"inLanguage":"es","potentialAction":[{"@type":"ReadAction","target":["https:\/\/fabriciob.ar\/web\/pedimos-se-informe-sobre-contratacion-millonaria-para-asesoramiento-del-ejecutivo\/"]}]},{"@type":"ImageObject","inLanguage":"es","@id":"https:\/\/fabriciob.ar\/web\/pedimos-se-informe-sobre-contratacion-millonaria-para-asesoramiento-del-ejecutivo\/#primaryimage","url":"https:\/\/fabriciob.ar\/web\/wp-content\/uploads\/2021\/06\/martinez-ocampo.jpg","contentUrl":"https:\/\/fabriciob.ar\/web\/wp-content\/uploads\/2021\/06\/martinez-ocampo.jpg","width":542,"height":365},{"@type":"BreadcrumbList","@id":"https:\/\/fabriciob.ar\/web\/pedimos-se-informe-sobre-contratacion-millonaria-para-asesoramiento-del-ejecutivo\/#breadcrumb","itemListElement":[{"@type":"ListItem","position":1,"name":"Portada","item":"https:\/\/fabriciob.ar\/web\/"},{"@type":"ListItem","position":2,"name":"INFORME SOBRE CONTRATACI\u00d3N MILLONARIA PARA &#8220;ASESORAMIENTO&#8221; DEL EJECUTIVO"}]},{"@type":"WebSite","@id":"https:\/\/fabriciob.ar\/web\/#website","url":"https:\/\/fabriciob.ar\/web\/","name":"Fabricio Bolatti","description":"Sitio Oficial-Comunicaci\u00f3n institucional de la gesti\u00f3n legislativa del concejal Fabricio Bolatti con los vecinos y vecinas de la ciudad de Resistencia","publisher":{"@id":"https:\/\/fabriciob.ar\/web\/#organization"},"potentialAction":[{"@type":"SearchAction","target":{"@type":"EntryPoint","urlTemplate":"https:\/\/fabriciob.ar\/web\/?s={search_term_string}"},"query-input":{"@type":"PropertyValueSpecification","valueRequired":true,"valueName":"search_term_string"}}],"inLanguage":"es"},{"@type":"Organization","@id":"https:\/\/fabriciob.ar\/web\/#organization","name":"Fabricio Bolatti-Sitio Oficial","url":"https:\/\/fabriciob.ar\/web\/","logo":{"@type":"ImageObject","inLanguage":"es","@id":"https:\/\/fabriciob.ar\/web\/#\/schema\/logo\/image\/","url":"https:\/\/fabriciob.ar\/web\/wp-content\/uploads\/2020\/12\/cropped-fb-en-el-concejo-a-red-2-1.png","contentUrl":"https:\/\/fabriciob.ar\/web\/wp-content\/uploads\/2020\/12\/cropped-fb-en-el-concejo-a-red-2-1.png","width":512,"height":512,"caption":"Fabricio Bolatti-Sitio Oficial"},"image":{"@id":"https:\/\/fabriciob.ar\/web\/#\/schema\/logo\/image\/"},"sameAs":["https:\/\/www.facebook.com\/fabriciobolattiK\/","https:\/\/x.com\/fabriciobolatti","https:\/\/www.instagram.com\/fabriciobolatti\/?igshid=7ztsgzj0mwql","https:\/\/www.youtube.com\/channel\/UCWLMPKJZG1JgX9U29Pra3ng"]},{"@type":"Person","@id":"https:\/\/fabriciob.ar\/web\/#\/schema\/person\/d56dbc2f2489983c5270184312aab61b","name":"Equipo Fabricio","image":{"@type":"ImageObject","inLanguage":"es","@id":"https:\/\/secure.gravatar.com\/avatar\/9d8e99352a71f2ac7e650885bc7721fe9d667070a36c2a5bb86aab909b8cf626?s=96&d=mm&r=g","url":"https:\/\/secure.gravatar.com\/avatar\/9d8e99352a71f2ac7e650885bc7721fe9d667070a36c2a5bb86aab909b8cf626?s=96&d=mm&r=g","contentUrl":"https:\/\/secure.gravatar.com\/avatar\/9d8e99352a71f2ac7e650885bc7721fe9d667070a36c2a5bb86aab909b8cf626?s=96&d=mm&r=g","caption":"Equipo Fabricio"},"url":"https:\/\/fabriciob.ar\/web\/author\/admin\/"}]}},"_links":{"self":[{"href":"https:\/\/fabriciob.ar\/web\/wp-json\/wp\/v2\/posts\/5168","targetHints":{"allow":["GET"]}}],"collection":[{"href":"https:\/\/fabriciob.ar\/web\/wp-json\/wp\/v2\/posts"}],"about":[{"href":"https:\/\/fabriciob.ar\/web\/wp-json\/wp\/v2\/types\/post"}],"author":[{"embeddable":true,"href":"https:\/\/fabriciob.ar\/web\/wp-json\/wp\/v2\/users\/3"}],"replies":[{"embeddable":true,"href":"https:\/\/fabriciob.ar\/web\/wp-json\/wp\/v2\/comments?post=5168"}],"version-history":[{"count":1,"href":"https:\/\/fabriciob.ar\/web\/wp-json\/wp\/v2\/posts\/5168\/revisions"}],"predecessor-version":[{"id":8710,"href":"https:\/\/fabriciob.ar\/web\/wp-json\/wp\/v2\/posts\/5168\/revisions\/8710"}],"wp:featuredmedia":[{"embeddable":true,"href":"https:\/\/fabriciob.ar\/web\/wp-json\/wp\/v2\/media\/5169"}],"wp:attachment":[{"href":"https:\/\/fabriciob.ar\/web\/wp-json\/wp\/v2\/media?parent=5168"}],"wp:term":[{"taxonomy":"category","embeddable":true,"href":"https:\/\/fabriciob.ar\/web\/wp-json\/wp\/v2\/categories?post=5168"},{"taxonomy":"post_tag","embeddable":true,"href":"https:\/\/fabriciob.ar\/web\/wp-json\/wp\/v2\/tags?post=5168"}],"curies":[{"name":"wp","href":"https:\/\/api.w.org\/{rel}","templated":true}]}}