{"id":6575,"date":"2021-12-30T00:18:52","date_gmt":"2021-12-30T00:18:52","guid":{"rendered":"https:\/\/fabriciob.ar\/web\/?p=6575"},"modified":"2021-12-30T00:18:52","modified_gmt":"2021-12-30T00:18:52","slug":"informe-de-gestion-en-el-concejo-municipal-de-resistencia-a-diciembre-2021","status":"publish","type":"post","link":"https:\/\/fabriciob.ar\/web\/informe-de-gestion-en-el-concejo-municipal-de-resistencia-a-diciembre-2021\/","title":{"rendered":"INFORME DE GESTI\u00d3N EN EL CONCEJO MUNICIPAL DE RESISTENCIA A DICIEMBRE 2021"},"content":{"rendered":"<p><em><strong>Concejal Fabricio Bolatti y equipo<\/strong><\/em><\/p>\n<p><!--more--><\/p>\n<p>Como Concejal de Resistencia, conformo un equipo de militantes con quienes trabajamos diariamente para cumplir con este rol que la sociedad de Resistencia nos asign\u00f3.<\/p>\n<p>Somos parte de una fuerza pol\u00edtica que constituye junto a organizaciones sociales y pol\u00edticas, un gran frente nacional, popular, democr\u00e1tico y feminista, donde estamos en constante debate, construcci\u00f3n y consolidaci\u00f3n.<\/p>\n<div id='gallery-1' class='gallery galleryid-6575 gallery-columns-3 gallery-size-full'><figure class='gallery-item'>\n\t\t\t<div class='gallery-icon landscape'>\n\t\t\t\t<a href='https:\/\/fabriciob.ar\/web\/informe-de-gestion-en-el-concejo-municipal-de-resistencia-a-diciembre-2021\/cc426941-ac24-4249-a191-3fec1acddcaf\/'><img fetchpriority=\"high\" decoding=\"async\" width=\"1280\" height=\"853\" src=\"https:\/\/fabriciob.ar\/web\/wp-content\/uploads\/2021\/12\/cc426941-ac24-4249-a191-3fec1acddcaf.jpg\" class=\"attachment-full size-full\" alt=\"\" srcset=\"https:\/\/fabriciob.ar\/web\/wp-content\/uploads\/2021\/12\/cc426941-ac24-4249-a191-3fec1acddcaf.jpg 1280w, https:\/\/fabriciob.ar\/web\/wp-content\/uploads\/2021\/12\/cc426941-ac24-4249-a191-3fec1acddcaf-300x200.jpg 300w, https:\/\/fabriciob.ar\/web\/wp-content\/uploads\/2021\/12\/cc426941-ac24-4249-a191-3fec1acddcaf-1024x682.jpg 1024w, https:\/\/fabriciob.ar\/web\/wp-content\/uploads\/2021\/12\/cc426941-ac24-4249-a191-3fec1acddcaf-768x512.jpg 768w\" sizes=\"(max-width: 1280px) 100vw, 1280px\" \/><\/a>\n\t\t\t<\/div><\/figure><figure class='gallery-item'>\n\t\t\t<div class='gallery-icon landscape'>\n\t\t\t\t<a href='https:\/\/fabriciob.ar\/web\/informe-de-gestion-en-el-concejo-municipal-de-resistencia-a-diciembre-2021\/19e27c3d-84f1-4cf6-ad69-eb204c9c6698\/'><img decoding=\"async\" width=\"1280\" height=\"853\" src=\"https:\/\/fabriciob.ar\/web\/wp-content\/uploads\/2021\/12\/19e27c3d-84f1-4cf6-ad69-eb204c9c6698.jpg\" class=\"attachment-full size-full\" alt=\"\" srcset=\"https:\/\/fabriciob.ar\/web\/wp-content\/uploads\/2021\/12\/19e27c3d-84f1-4cf6-ad69-eb204c9c6698.jpg 1280w, https:\/\/fabriciob.ar\/web\/wp-content\/uploads\/2021\/12\/19e27c3d-84f1-4cf6-ad69-eb204c9c6698-300x200.jpg 300w, https:\/\/fabriciob.ar\/web\/wp-content\/uploads\/2021\/12\/19e27c3d-84f1-4cf6-ad69-eb204c9c6698-1024x682.jpg 1024w, https:\/\/fabriciob.ar\/web\/wp-content\/uploads\/2021\/12\/19e27c3d-84f1-4cf6-ad69-eb204c9c6698-768x512.jpg 768w\" sizes=\"(max-width: 1280px) 100vw, 1280px\" \/><\/a>\n\t\t\t<\/div><\/figure><figure class='gallery-item'>\n\t\t\t<div class='gallery-icon landscape'>\n\t\t\t\t<a href='https:\/\/fabriciob.ar\/web\/informe-de-gestion-en-el-concejo-municipal-de-resistencia-a-diciembre-2021\/db02a2b4-c57c-4589-9976-aa78ecbdfe63\/'><img decoding=\"async\" width=\"1280\" height=\"853\" src=\"https:\/\/fabriciob.ar\/web\/wp-content\/uploads\/2021\/12\/db02a2b4-c57c-4589-9976-aa78ecbdfe63.jpg\" class=\"attachment-full size-full\" alt=\"\" srcset=\"https:\/\/fabriciob.ar\/web\/wp-content\/uploads\/2021\/12\/db02a2b4-c57c-4589-9976-aa78ecbdfe63.jpg 1280w, https:\/\/fabriciob.ar\/web\/wp-content\/uploads\/2021\/12\/db02a2b4-c57c-4589-9976-aa78ecbdfe63-300x200.jpg 300w, https:\/\/fabriciob.ar\/web\/wp-content\/uploads\/2021\/12\/db02a2b4-c57c-4589-9976-aa78ecbdfe63-1024x682.jpg 1024w, https:\/\/fabriciob.ar\/web\/wp-content\/uploads\/2021\/12\/db02a2b4-c57c-4589-9976-aa78ecbdfe63-768x512.jpg 768w\" sizes=\"(max-width: 1280px) 100vw, 1280px\" \/><\/a>\n\t\t\t<\/div><\/figure>\n\t\t<\/div>\n\n<p>Nuestras iniciativas y acciones se dan dentro del contenido que refleja esta construcci\u00f3n y tienen como destino toda la sociedad. Por esto es que siempre buscamos promover el debate serio, transparente y bien intencionado, porque sabemos que desde esa participaci\u00f3n de la ciudadan\u00eda y garantizando el acceso a la informaci\u00f3n, surgen las mejores ideas, proyectos y soluciones para nuestra comunidad.<\/p>\n<h5><strong>LAS DIFICULTADES QUE ENFRENTAMOS<\/strong><\/h5>\n<p>Nos tocaron tiempos y dificultades at\u00edpicas, aun as\u00ed nos esforzamos para representar de la mejor manera al vecino o vecina que nos acompa\u00f1\u00f3 y nos eligi\u00f3.<\/p>\n<p>Tuvimos, al igual que toda la comunidad, la pandemia de Covid 19, que tuvo un gran impacto en la vida de todos y todas, y que en nuestro pa\u00eds se agrav\u00f3 por la fuerte y profunda crisis econ\u00f3mica generada por la pol\u00edtica liberal aplicada por el gobierno de Macri.<\/p>\n<p>Por otro lado, venimos llevando la gesti\u00f3n bajo un permanente atropello, adem\u00e1s de tener que ir esquivando complicaciones e impedimentos generados intencionalmente para que no podamos realizar la tarea ni ejercer las facultades del cargo, las que son negadas y disminuidas por el actual gobierno municipal. Por ejemplo: el Intendente cort\u00f3 todo tipo de recursos asignados al funcionamiento de las oficinas y equipos que necesitamos las y los Concejales, solamente de quienes cuestionamos, o que no acompa\u00f1amos algunas iniciativas del Ejecutivo Municipal.<\/p>\n<p>Pese a todo, pudimos hacer frente a la tormenta y garantizar condiciones de funcionamiento b\u00e1sico, desde el compromiso militante de las y los compa\u00f1eros que tomamos esta responsabilidad.<\/p>\n<h5><\/h5>\n<h5><strong>PRODUCCI\u00d3N LEGISLATIVA &#8211; 260 PROYECTOS PRESENTADOS<\/strong><\/h5>\n<p>En lo que va de gesti\u00f3n presentamos 260 iniciativas de las cuales 50 son proyectos de ordenanzas, muchos surgidos desde la iniciativa de vecinos, organizaciones, agrupaciones y referentes. O sea, ciudadanos y ciudadanas que compartieron sus opiniones y propuestas con nosotros.<\/p>\n<h5><\/h5>\n<h5><strong>FORTALECIMIENTO INSTITUCIONAL Y PARTICIPACI\u00d3N CIUDADANA<\/strong><\/h5>\n<p>Creemos que la transparencia y el acceso a la informaci\u00f3n p\u00fablica son ejes fundamentales de toda acci\u00f3n y gesti\u00f3n pol\u00edtica, adem\u00e1s de requisitos legales y necesarios para promover y sostener la participaci\u00f3n y preocupaci\u00f3n del pueblo, en la \u201ccosa p\u00fablica\u201d, o sea en el ejercicio de sus derechos y cumplimiento de obligaciones que hacen a la convivencia.<\/p>\n<p>En ese sentido, logramos la aprobaci\u00f3n de nuestro proyecto de \u201cTransmisi\u00f3n en Vivo de las Sesiones\u201d. Las Sesiones del Concejo, deben ser p\u00fablicas y de libre acceso, es un aporte esencial a la transparencia de los actos p\u00fablicos, garantizando un mayor acceso a la informaci\u00f3n por parte de vecinas y vecinos de la ciudad.<\/p>\n<p><img loading=\"lazy\" decoding=\"async\" class=\"wp-image-6578 alignleft\" src=\"https:\/\/fabriciob.ar\/web\/wp-content\/uploads\/2021\/12\/7-300x200.jpg\" alt=\"\" width=\"332\" height=\"221\" srcset=\"https:\/\/fabriciob.ar\/web\/wp-content\/uploads\/2021\/12\/7-300x200.jpg 300w, https:\/\/fabriciob.ar\/web\/wp-content\/uploads\/2021\/12\/7-1024x682.jpg 1024w, https:\/\/fabriciob.ar\/web\/wp-content\/uploads\/2021\/12\/7-768x512.jpg 768w, https:\/\/fabriciob.ar\/web\/wp-content\/uploads\/2021\/12\/7.jpg 1280w\" sizes=\"(max-width: 332px) 100vw, 332px\" \/><\/p>\n<p>Tambi\u00e9n quisimos avanzar en la transparencia de la gesti\u00f3n municipal creando la Mesa de Entrada Virtual, que permite presentar notas o requerimientos sin necesidad de ir personalmente al Municipio o dependencia, permitiendo un posterior seguimiento e impidiendo la manipulaci\u00f3n de papeles. Iniciativa que no capt\u00f3 inter\u00e9s del gobierno municipal ni los Concejales.<\/p>\n<p>Tambi\u00e9n exigimos y hasta denunciamos judicialmente, el cumplimiento de las formalidades legales o procedimientos legislativos que se encuentran reglamentados, los que dan garant\u00edas y resguardos necesarios para la sanci\u00f3n o tratamiento de proyectos y expedientes, por ejemplo: permitiendo conocer el contenido e identificarlos previamente, adem\u00e1s de garantizar que las y los Concejales podamos expresar nuestra posici\u00f3n, lo que es necesario para defender una postura y para que la misma quede expuesta y se hagan cargo p\u00fablicamente de lo votado. En parte hemos logrado hacerlo, y ya observamos mejoras.<\/p>\n<p>&nbsp;<\/p>\n<h5><strong>DERECHOS Y GARANT\u00cdAS DE LA CIUDADAN\u00cdA ANTE LA JUSTICIA<\/strong><\/h5>\n<p>Nuestro compromiso con la ley, la Carta Org\u00e1nica y la Constituci\u00f3n, pero en especial el compromiso con la ciudad y su gente, buscando que los derechos y garant\u00edas de las y los ciudadanos ocupen el lugar que les da nuestro sistema jur\u00eddico y constitucional, nos llev\u00f3 a acudir a la Justicia ante los avasallamientos generados por el Ejecutivo y el Legislativo municipal.<\/p>\n<p><img loading=\"lazy\" decoding=\"async\" class=\"wp-image-594 size-full aligncenter\" src=\"https:\/\/fabriciob.ar\/web\/wp-content\/uploads\/2021\/02\/Bolatti-3.jpg\" alt=\"\" width=\"724\" height=\"473\" srcset=\"https:\/\/fabriciob.ar\/web\/wp-content\/uploads\/2021\/02\/Bolatti-3.jpg 724w, https:\/\/fabriciob.ar\/web\/wp-content\/uploads\/2021\/02\/Bolatti-3-300x196.jpg 300w\" sizes=\"(max-width: 724px) 100vw, 724px\" \/><\/p>\n<p>As\u00ed fue que realizamos cuatro presentaciones en la Justicia, denunciando irregularidades e ilegalidades en procedimientos, requisitos y hasta en textos de proyectos que se transformaron ilegalmente en ordenanzas que afectaron directamente a la ciudadan\u00eda.<\/p>\n<p>La primera fue a inicios del a\u00f1o 2020. Denunciamos la Ordenanza 13.258, conocida como \u201cimpuestazo\u201d. La Justicia nos dio la raz\u00f3n y declar\u00f3 la inconstitucionalidad de la norma, dej\u00e1ndola sin efecto. Pero ante ello, impusieron una nueva ordenanza que aplic\u00f3 un aumento menor, pasando de un 300% a un 100% de incremento, pero que tampoco acompa\u00f1amos porque consider\u00e1bamos que segu\u00eda siendo inapropiado para la situaci\u00f3n que se viv\u00eda.<\/p>\n<p>Tambi\u00e9n denunciamos ante el STJ el endeudamiento solicitado por el Ejecutivo, ya que la norma fue sancionada irregularmente, con menos votos de los requeridos. En este caso, la Justicia nos volvi\u00f3 a dar la raz\u00f3n declarando su inconstitucionalidad, evitando un endeudamiento de la ciudad de $800 millones.<\/p>\n<p>Luego denunciamos la pr\u00f3rroga de la Tributaria 2020 (determina el valor de los impuestos, tasas etc.) para el a\u00f1o 2021, por incumplir procedimientos y requisitos legales. La misma tambi\u00e9n fue declarada inconstitucional, aunque a la fecha observamos que no llega a aplicarse totalmente.<\/p>\n<p>La \u00faltima presentaci\u00f3n judicial fue ante el STJ por el Presupuesto 2021, que fue aprobado con art\u00edculos que habilitaron delegaciones de facultades del Concejo hacia el Intendente, quien pas\u00f3 a concentrar poder para el manejo de los recursos p\u00fablicos, algo que est\u00e1 expresamente prohibido por la Constituci\u00f3n Provincial y la Carta Org\u00e1nica. Esta causa a\u00fan se encuentra pendiente de resoluci\u00f3n por parte de la Justicia.<\/p>\n<p>Es necesario recordar otro cap\u00edtulo, el de las m\u00e1s de 60.000 ejecuciones judiciales iniciadas por el Ejecutivo Municipal contra las y los contribuyentes, por deudas tributarias. En ese sentido, recibimos m\u00faltiples denuncias por el cobro indebido de honorarios extrajudiciales. Por ello presentamos un proyecto que resolver\u00eda los argumentos impuestos por la Fiscal\u00eda y el Ejecutivo Municipal, buscando terminar con esta mala pr\u00e1ctica y que no se repita; adem\u00e1s de presentarnos ante organismos de control. Logramos suspender el cobro un tiempo, pero finalmente retomaron el cobro, quedando clara la voluntad de la Fiscal\u00eda y de la intendencia.<\/p>\n<h5>\u00c1MBITO SOCIAL, SANITARIO y DEPORTIVO<\/h5>\n<h6>Entre proyectos, gestiones y militancia<\/h6>\n<p>En estos tiempos de necesaria inclusi\u00f3n tecnol\u00f3gica, por ser una necesidad en tiempos de cuarentena por pandemia, y por ser factible de realizar con gesti\u00f3n y recursos propios, presentamos una iniciativa para lograr que la ciudad de Resistencia tenga servicio de internet gratuito y de calidad para todos, todas. Entendemos que hoy este servicio es esencial, porque estar\u00edamos reduciendo as\u00ed la brecha digital existente, que desnud\u00f3 a\u00fan m\u00e1s la pandemia con el aislamiento.<\/p>\n<p>Impulsamos tambi\u00e9n la creaci\u00f3n del centro comunitario municipal ind\u00edgena, con el objeto de atender las demandas y necesidades barriales de la comunidad.<\/p>\n<p>Desde el inicio de nuestra gesti\u00f3n en el Concejo, recorrimos diferentes barrios de la ciudad concretando operativos de concientizaci\u00f3n, limpieza y descacharrado para la prevenci\u00f3n del dengue, con la participaci\u00f3n de distintas \u00e1reas gubernamentales y sectores sociales.<\/p>\n<div id='gallery-2' class='gallery galleryid-6575 gallery-columns-3 gallery-size-large'><figure class='gallery-item'>\n\t\t\t<div class='gallery-icon landscape'>\n\t\t\t\t<a href='https:\/\/fabriciob.ar\/web\/informe-de-gestion-en-el-concejo-municipal-de-resistencia-a-diciembre-2021\/4-101\/'><img loading=\"lazy\" decoding=\"async\" width=\"640\" height=\"360\" src=\"https:\/\/fabriciob.ar\/web\/wp-content\/uploads\/2021\/12\/4-1024x576.jpg\" class=\"attachment-large size-large\" alt=\"\" srcset=\"https:\/\/fabriciob.ar\/web\/wp-content\/uploads\/2021\/12\/4-1024x576.jpg 1024w, https:\/\/fabriciob.ar\/web\/wp-content\/uploads\/2021\/12\/4-300x169.jpg 300w, https:\/\/fabriciob.ar\/web\/wp-content\/uploads\/2021\/12\/4-768x432.jpg 768w, https:\/\/fabriciob.ar\/web\/wp-content\/uploads\/2021\/12\/4.jpg 1280w\" sizes=\"(max-width: 640px) 100vw, 640px\" \/><\/a>\n\t\t\t<\/div><\/figure><figure class='gallery-item'>\n\t\t\t<div class='gallery-icon landscape'>\n\t\t\t\t<a href='https:\/\/fabriciob.ar\/web\/informe-de-gestion-en-el-concejo-municipal-de-resistencia-a-diciembre-2021\/m-4\/'><img loading=\"lazy\" decoding=\"async\" width=\"640\" height=\"360\" src=\"https:\/\/fabriciob.ar\/web\/wp-content\/uploads\/2021\/12\/M-1024x576.jpg\" class=\"attachment-large size-large\" alt=\"\" srcset=\"https:\/\/fabriciob.ar\/web\/wp-content\/uploads\/2021\/12\/M-1024x576.jpg 1024w, https:\/\/fabriciob.ar\/web\/wp-content\/uploads\/2021\/12\/M-300x169.jpg 300w, https:\/\/fabriciob.ar\/web\/wp-content\/uploads\/2021\/12\/M-768x432.jpg 768w, https:\/\/fabriciob.ar\/web\/wp-content\/uploads\/2021\/12\/M.jpg 1280w\" sizes=\"(max-width: 640px) 100vw, 640px\" \/><\/a>\n\t\t\t<\/div><\/figure><figure class='gallery-item'>\n\t\t\t<div class='gallery-icon landscape'>\n\t\t\t\t<a href='https:\/\/fabriciob.ar\/web\/informe-de-gestion-en-el-concejo-municipal-de-resistencia-a-diciembre-2021\/mm-3\/'><img loading=\"lazy\" decoding=\"async\" width=\"640\" height=\"360\" src=\"https:\/\/fabriciob.ar\/web\/wp-content\/uploads\/2021\/12\/MM-1024x576.jpg\" class=\"attachment-large size-large\" alt=\"\" srcset=\"https:\/\/fabriciob.ar\/web\/wp-content\/uploads\/2021\/12\/MM-1024x576.jpg 1024w, https:\/\/fabriciob.ar\/web\/wp-content\/uploads\/2021\/12\/MM-300x169.jpg 300w, https:\/\/fabriciob.ar\/web\/wp-content\/uploads\/2021\/12\/MM-768x432.jpg 768w, https:\/\/fabriciob.ar\/web\/wp-content\/uploads\/2021\/12\/MM.jpg 1280w\" sizes=\"(max-width: 640px) 100vw, 640px\" \/><\/a>\n\t\t\t<\/div><\/figure>\n\t\t<\/div>\n\n<p>Promovimos y acompa\u00f1amos m\u00e1s de cien operativos \u201cDetectar\u201d del Ministerio de Salud, destinados a la detecci\u00f3n de casos positivos de coronavirus. Tambi\u00e9n operativos para el acceso a vacunas del calendario nacional, servicios de salud y registro civil m\u00f3vil.<\/p>\n<p>Acompa\u00f1amos y promovimos jornadas de donaci\u00f3n de sangre. Concretamos numerosos operativos de entrega de alcohol sanitizante y repelentes de mosquitos, que fueron un important\u00edsimo aporte de nuestra universidad p\u00fablica, UNCAus, los que se materializaron en oficinas p\u00fablicas provinciales de atenci\u00f3n al p\u00fablico, municipios, instituciones, Centros de Salud, organizaciones que realizan actividades deportivas, copeo y comedores populares, escuelas especiales, etc.<\/p>\n<div id='gallery-3' class='gallery galleryid-6575 gallery-columns-3 gallery-size-large'><figure class='gallery-item'>\n\t\t\t<div class='gallery-icon landscape'>\n\t\t\t\t<a href='https:\/\/fabriciob.ar\/web\/informe-de-gestion-en-el-concejo-municipal-de-resistencia-a-diciembre-2021\/1x-2\/'><img loading=\"lazy\" decoding=\"async\" width=\"640\" height=\"426\" src=\"https:\/\/fabriciob.ar\/web\/wp-content\/uploads\/2021\/12\/1x-1024x682.jpg\" class=\"attachment-large size-large\" alt=\"\" srcset=\"https:\/\/fabriciob.ar\/web\/wp-content\/uploads\/2021\/12\/1x-1024x682.jpg 1024w, https:\/\/fabriciob.ar\/web\/wp-content\/uploads\/2021\/12\/1x-300x200.jpg 300w, https:\/\/fabriciob.ar\/web\/wp-content\/uploads\/2021\/12\/1x-768x512.jpg 768w, https:\/\/fabriciob.ar\/web\/wp-content\/uploads\/2021\/12\/1x.jpg 1280w\" sizes=\"(max-width: 640px) 100vw, 640px\" \/><\/a>\n\t\t\t<\/div><\/figure><figure class='gallery-item'>\n\t\t\t<div class='gallery-icon landscape'>\n\t\t\t\t<a href='https:\/\/fabriciob.ar\/web\/informe-de-gestion-en-el-concejo-municipal-de-resistencia-a-diciembre-2021\/rr\/'><img loading=\"lazy\" decoding=\"async\" width=\"640\" height=\"456\" src=\"https:\/\/fabriciob.ar\/web\/wp-content\/uploads\/2021\/12\/RR-1024x730.jpg\" class=\"attachment-large size-large\" alt=\"\" srcset=\"https:\/\/fabriciob.ar\/web\/wp-content\/uploads\/2021\/12\/RR-1024x730.jpg 1024w, https:\/\/fabriciob.ar\/web\/wp-content\/uploads\/2021\/12\/RR-300x214.jpg 300w, https:\/\/fabriciob.ar\/web\/wp-content\/uploads\/2021\/12\/RR-768x548.jpg 768w, https:\/\/fabriciob.ar\/web\/wp-content\/uploads\/2021\/12\/RR.jpg 1280w\" sizes=\"(max-width: 640px) 100vw, 640px\" \/><\/a>\n\t\t\t<\/div><\/figure><figure class='gallery-item'>\n\t\t\t<div class='gallery-icon landscape'>\n\t\t\t\t<a href='https:\/\/fabriciob.ar\/web\/informe-de-gestion-en-el-concejo-municipal-de-resistencia-a-diciembre-2021\/18471e48-2989-42dc-95da-1a0949638d38\/'><img loading=\"lazy\" decoding=\"async\" width=\"640\" height=\"478\" src=\"https:\/\/fabriciob.ar\/web\/wp-content\/uploads\/2021\/12\/18471e48-2989-42dc-95da-1a0949638d38-1024x764.jpg\" class=\"attachment-large size-large\" alt=\"\" srcset=\"https:\/\/fabriciob.ar\/web\/wp-content\/uploads\/2021\/12\/18471e48-2989-42dc-95da-1a0949638d38-1024x764.jpg 1024w, https:\/\/fabriciob.ar\/web\/wp-content\/uploads\/2021\/12\/18471e48-2989-42dc-95da-1a0949638d38-300x224.jpg 300w, https:\/\/fabriciob.ar\/web\/wp-content\/uploads\/2021\/12\/18471e48-2989-42dc-95da-1a0949638d38-768x573.jpg 768w, https:\/\/fabriciob.ar\/web\/wp-content\/uploads\/2021\/12\/18471e48-2989-42dc-95da-1a0949638d38.jpg 1280w\" sizes=\"(max-width: 640px) 100vw, 640px\" \/><\/a>\n\t\t\t<\/div><\/figure>\n\t\t<\/div>\n\n<p>&nbsp;<\/p>\n<div id='gallery-4' class='gallery galleryid-6575 gallery-columns-3 gallery-size-large'><figure class='gallery-item'>\n\t\t\t<div class='gallery-icon landscape'>\n\t\t\t\t<a href='https:\/\/fabriciob.ar\/web\/bolatti-nuestro-compromiso-es-uno-solo-mejorar-la-vida-de-todos-y-de-todas\/operativo-sanitario-barberon-3x\/'><img loading=\"lazy\" decoding=\"async\" width=\"640\" height=\"480\" src=\"https:\/\/fabriciob.ar\/web\/wp-content\/uploads\/2021\/08\/Operativo-Sanitario-Barberon-3x-1024x768.jpg\" class=\"attachment-large size-large\" alt=\"\" srcset=\"https:\/\/fabriciob.ar\/web\/wp-content\/uploads\/2021\/08\/Operativo-Sanitario-Barberon-3x-1024x768.jpg 1024w, https:\/\/fabriciob.ar\/web\/wp-content\/uploads\/2021\/08\/Operativo-Sanitario-Barberon-3x-300x225.jpg 300w, https:\/\/fabriciob.ar\/web\/wp-content\/uploads\/2021\/08\/Operativo-Sanitario-Barberon-3x-768x576.jpg 768w, https:\/\/fabriciob.ar\/web\/wp-content\/uploads\/2021\/08\/Operativo-Sanitario-Barberon-3x-1536x1152.jpg 1536w, https:\/\/fabriciob.ar\/web\/wp-content\/uploads\/2021\/08\/Operativo-Sanitario-Barberon-3x.jpg 1600w\" sizes=\"(max-width: 640px) 100vw, 640px\" \/><\/a>\n\t\t\t<\/div><\/figure><figure class='gallery-item'>\n\t\t\t<div class='gallery-icon landscape'>\n\t\t\t\t<a href='https:\/\/fabriciob.ar\/web\/informe-de-gestion-en-el-concejo-municipal-de-resistencia-a-diciembre-2021\/s\/'><img loading=\"lazy\" decoding=\"async\" width=\"640\" height=\"426\" src=\"https:\/\/fabriciob.ar\/web\/wp-content\/uploads\/2021\/12\/S-1024x682.jpg\" class=\"attachment-large size-large\" alt=\"\" srcset=\"https:\/\/fabriciob.ar\/web\/wp-content\/uploads\/2021\/12\/S-1024x682.jpg 1024w, https:\/\/fabriciob.ar\/web\/wp-content\/uploads\/2021\/12\/S-300x200.jpg 300w, https:\/\/fabriciob.ar\/web\/wp-content\/uploads\/2021\/12\/S-768x512.jpg 768w, https:\/\/fabriciob.ar\/web\/wp-content\/uploads\/2021\/12\/S.jpg 1280w\" sizes=\"(max-width: 640px) 100vw, 640px\" \/><\/a>\n\t\t\t<\/div><\/figure><figure class='gallery-item'>\n\t\t\t<div class='gallery-icon landscape'>\n\t\t\t\t<a href='https:\/\/fabriciob.ar\/web\/informe-de-gestion-en-el-concejo-municipal-de-resistencia-a-diciembre-2021\/p\/'><img loading=\"lazy\" decoding=\"async\" width=\"640\" height=\"404\" src=\"https:\/\/fabriciob.ar\/web\/wp-content\/uploads\/2021\/12\/P-1024x647.jpg\" class=\"attachment-large size-large\" alt=\"\" srcset=\"https:\/\/fabriciob.ar\/web\/wp-content\/uploads\/2021\/12\/P-1024x647.jpg 1024w, https:\/\/fabriciob.ar\/web\/wp-content\/uploads\/2021\/12\/P-300x190.jpg 300w, https:\/\/fabriciob.ar\/web\/wp-content\/uploads\/2021\/12\/P-768x485.jpg 768w, https:\/\/fabriciob.ar\/web\/wp-content\/uploads\/2021\/12\/P.jpg 1106w\" sizes=\"(max-width: 640px) 100vw, 640px\" \/><\/a>\n\t\t\t<\/div><\/figure>\n\t\t<\/div>\n\n<p>Promovimos la participaci\u00f3n de vecinos y vecinas en la convocatoria a conformar las nuevas comisiones directivas de las Comisiones Vecinales Municipales, adem\u00e1s de venir trabajando y acompa\u00f1ando a muchas de ellas en su labor diaria. Lo mismo hicimos con referentes y organizaciones sociales, cuyas necesidades y demandas las pudimos elevar a trav\u00e9s de la elaboraci\u00f3n de proyectos y canalizar a trav\u00e9s de gestiones en oficinas correspondientes.<\/p>\n<p>Visitamos clubes de barrio y canchitas, acompa\u00f1ando las actividades deportivas de mujeres y mixtas, como el hockey y futsal, entendiendo el deporte como un derecho fundamental en la infancia y adolescencia.<\/p>\n<p>Nos reunimos con referentes de distintos sectores, como consorcios de ladrilleros y emprendedores locales, quienes son parte fundamental del motor de nuestra econom\u00eda y a quienes hemos podido dar respuesta solicitando la intervenci\u00f3n del Estado, brindando herramientas e incentivos para su fortalecimiento.<\/p>\n<div id='gallery-5' class='gallery galleryid-6575 gallery-columns-3 gallery-size-large'><figure class='gallery-item'>\n\t\t\t<div class='gallery-icon landscape'>\n\t\t\t\t<a href='https:\/\/fabriciob.ar\/web\/bolatti-hay-un-firme-compromiso-en-generar-empleo-genuino-y-de-calidad\/4-99\/'><img loading=\"lazy\" decoding=\"async\" width=\"640\" height=\"360\" src=\"https:\/\/fabriciob.ar\/web\/wp-content\/uploads\/2021\/11\/4-1024x576.jpeg\" class=\"attachment-large size-large\" alt=\"\" srcset=\"https:\/\/fabriciob.ar\/web\/wp-content\/uploads\/2021\/11\/4-1024x576.jpeg 1024w, https:\/\/fabriciob.ar\/web\/wp-content\/uploads\/2021\/11\/4-300x169.jpeg 300w, https:\/\/fabriciob.ar\/web\/wp-content\/uploads\/2021\/11\/4-768x432.jpeg 768w, https:\/\/fabriciob.ar\/web\/wp-content\/uploads\/2021\/11\/4.jpeg 1156w\" sizes=\"(max-width: 640px) 100vw, 640px\" \/><\/a>\n\t\t\t<\/div><\/figure><figure class='gallery-item'>\n\t\t\t<div class='gallery-icon landscape'>\n\t\t\t\t<a href='https:\/\/fabriciob.ar\/web\/informe-de-gestion-en-el-concejo-municipal-de-resistencia-a-diciembre-2021\/4-100\/'><img loading=\"lazy\" decoding=\"async\" width=\"640\" height=\"426\" src=\"https:\/\/fabriciob.ar\/web\/wp-content\/uploads\/2021\/12\/4-1024x682.jpeg\" class=\"attachment-large size-large\" alt=\"\" srcset=\"https:\/\/fabriciob.ar\/web\/wp-content\/uploads\/2021\/12\/4-1024x682.jpeg 1024w, https:\/\/fabriciob.ar\/web\/wp-content\/uploads\/2021\/12\/4-300x200.jpeg 300w, https:\/\/fabriciob.ar\/web\/wp-content\/uploads\/2021\/12\/4-768x512.jpeg 768w, https:\/\/fabriciob.ar\/web\/wp-content\/uploads\/2021\/12\/4.jpeg 1280w\" sizes=\"(max-width: 640px) 100vw, 640px\" \/><\/a>\n\t\t\t<\/div><\/figure><figure class='gallery-item'>\n\t\t\t<div class='gallery-icon landscape'>\n\t\t\t\t<a href='https:\/\/fabriciob.ar\/web\/seguiremos-fortaleciendo-politicas-publicas-para-mejorar-la-calidad-de-vida-de-chaquenos-y-chaquenas\/ladrilleras-2x\/'><img loading=\"lazy\" decoding=\"async\" width=\"640\" height=\"480\" src=\"https:\/\/fabriciob.ar\/web\/wp-content\/uploads\/2021\/08\/Ladrilleras-2x-1024x768.jpg\" class=\"attachment-large size-large\" alt=\"\" srcset=\"https:\/\/fabriciob.ar\/web\/wp-content\/uploads\/2021\/08\/Ladrilleras-2x-1024x768.jpg 1024w, https:\/\/fabriciob.ar\/web\/wp-content\/uploads\/2021\/08\/Ladrilleras-2x-300x225.jpg 300w, https:\/\/fabriciob.ar\/web\/wp-content\/uploads\/2021\/08\/Ladrilleras-2x-768x576.jpg 768w, https:\/\/fabriciob.ar\/web\/wp-content\/uploads\/2021\/08\/Ladrilleras-2x-1536x1152.jpg 1536w, https:\/\/fabriciob.ar\/web\/wp-content\/uploads\/2021\/08\/Ladrilleras-2x.jpg 1600w\" sizes=\"(max-width: 640px) 100vw, 640px\" \/><\/a>\n\t\t\t<\/div><\/figure><figure class='gallery-item'>\n\t\t\t<div class='gallery-icon landscape'>\n\t\t\t\t<a href='https:\/\/fabriciob.ar\/web\/bolatti-es-nuestra-prioridad-apostar-al-crecimiento-de-la-economia-provincial\/emprendimiento-familiar-12x\/'><img loading=\"lazy\" decoding=\"async\" width=\"640\" height=\"427\" src=\"https:\/\/fabriciob.ar\/web\/wp-content\/uploads\/2021\/08\/Emprendimiento-Familiar-12x-1024x683.jpg\" class=\"attachment-large size-large\" alt=\"\" srcset=\"https:\/\/fabriciob.ar\/web\/wp-content\/uploads\/2021\/08\/Emprendimiento-Familiar-12x-1024x683.jpg 1024w, https:\/\/fabriciob.ar\/web\/wp-content\/uploads\/2021\/08\/Emprendimiento-Familiar-12x-300x200.jpg 300w, https:\/\/fabriciob.ar\/web\/wp-content\/uploads\/2021\/08\/Emprendimiento-Familiar-12x-768x512.jpg 768w, https:\/\/fabriciob.ar\/web\/wp-content\/uploads\/2021\/08\/Emprendimiento-Familiar-12x-1536x1024.jpg 1536w, https:\/\/fabriciob.ar\/web\/wp-content\/uploads\/2021\/08\/Emprendimiento-Familiar-12x.jpg 1599w\" sizes=\"(max-width: 640px) 100vw, 640px\" \/><\/a>\n\t\t\t<\/div><\/figure><figure class='gallery-item'>\n\t\t\t<div class='gallery-icon landscape'>\n\t\t\t\t<a href='https:\/\/fabriciob.ar\/web\/bolatti-federalizar-las-oportunidades-de-produccion-y-acceso-al-trabajo-es-nuestro-compromiso\/reunion-c-36x\/'><img loading=\"lazy\" decoding=\"async\" width=\"640\" height=\"427\" src=\"https:\/\/fabriciob.ar\/web\/wp-content\/uploads\/2021\/08\/Reunion-C-36x-1024x683.jpg\" class=\"attachment-large size-large\" alt=\"\" srcset=\"https:\/\/fabriciob.ar\/web\/wp-content\/uploads\/2021\/08\/Reunion-C-36x-1024x683.jpg 1024w, https:\/\/fabriciob.ar\/web\/wp-content\/uploads\/2021\/08\/Reunion-C-36x-300x200.jpg 300w, https:\/\/fabriciob.ar\/web\/wp-content\/uploads\/2021\/08\/Reunion-C-36x-768x512.jpg 768w, https:\/\/fabriciob.ar\/web\/wp-content\/uploads\/2021\/08\/Reunion-C-36x.jpg 1296w\" sizes=\"(max-width: 640px) 100vw, 640px\" \/><\/a>\n\t\t\t<\/div><\/figure><figure class='gallery-item'>\n\t\t\t<div class='gallery-icon landscape'>\n\t\t\t\t<a href='https:\/\/fabriciob.ar\/web\/bolatti-federalizar-las-oportunidades-de-produccion-y-acceso-al-trabajo-es-nuestro-compromiso\/reunion-c-15\/'><img loading=\"lazy\" decoding=\"async\" width=\"640\" height=\"427\" src=\"https:\/\/fabriciob.ar\/web\/wp-content\/uploads\/2021\/08\/Reunion-C-15-1024x683.jpg\" class=\"attachment-large size-large\" alt=\"\" srcset=\"https:\/\/fabriciob.ar\/web\/wp-content\/uploads\/2021\/08\/Reunion-C-15-1024x683.jpg 1024w, https:\/\/fabriciob.ar\/web\/wp-content\/uploads\/2021\/08\/Reunion-C-15-300x200.jpg 300w, https:\/\/fabriciob.ar\/web\/wp-content\/uploads\/2021\/08\/Reunion-C-15-768x512.jpg 768w, https:\/\/fabriciob.ar\/web\/wp-content\/uploads\/2021\/08\/Reunion-C-15.jpg 1296w\" sizes=\"(max-width: 640px) 100vw, 640px\" \/><\/a>\n\t\t\t<\/div><\/figure>\n\t\t<\/div>\n\n<p>&nbsp;<\/p>\n<p>Propusimos la bonificaci\u00f3n del 50% del pago de patente para taxis y remises, renovaci\u00f3n e inspecci\u00f3n ocular, entendiendo la crisis que gener\u00f3 la pandemia en el sector. Pedimos que se exima del pago de tasas municipales a canillitas.<\/p>\n<p>Y para estar m\u00e1s cerca de la comunidad, pusimos en funciones una p\u00e1gina web para que las y los vecinos puedan acercar sus ideas, inquietudes, necesidades y demandas.<\/p>\n<h5><\/h5>\n<h5>DISCAPACIDAD, ACCESIBILIDAD E INCLUSI\u00d3N<\/h5>\n<h6>En relaci\u00f3n a discapacidad<\/h6>\n<p>Visitamos y acompa\u00f1amos a Escuelas Especiales en sus gestiones y demandas, junto al CEFOL realizamos distintas actividades, entre ellas la de relevar las necesidades en materia de infraestructura urbana para la movilidad inclusiva y accesibilidad, especialmente en los lugares donde acuden habitualmente personas con discapacidad, como las instituciones educativas especiales o centros de gesti\u00f3n, informaci\u00f3n con la que dimos inicio a gestiones y proyectos.<\/p>\n<p>Presentamos proyectos de taxis adaptados, para que las personas con discapacidad puedan movilizarse con mayor autonom\u00eda, utilizando los servicios de transporte existentes, pero adaptado a sus demandas, como la de poder viajar con su silla de ruedas, incluso sin tener que bajarse de ella para movilizarse en medios de transporte.<\/p>\n<h5><\/h5>\n<h5>CULTURA<\/h5>\n<h6>\u201cEstamos en una ciudad que respira cultura\u201d<\/h6>\n<p>Propusimos crear la \u201cFeria de Arte de Resistencia\u201d (bienal popular), para dar mayor visibilidad al arte local, funcionando en los a\u00f1os que no se celebra la Bienal de Esculturas. Podemos conocer d\u00eda a d\u00eda, m\u00e1s expresiones art\u00edsticas populares, que surgen genuinamente de la gente y se expresan en sus lugares de h\u00e1bitat, caracter\u00edstica que ya se relaciona y se resalta cuando se describe la ciudad. La escultura es una de ellas, pero no la \u00fanica ni la m\u00e1s expresada, son muchas y m\u00faltiples las expresiones culturales que a su vez se potencian en la existencia de tres institutos terciarios, donde acuden miles de personas a continuar form\u00e1ndose en lo que le gusta.<\/p>\n<p>Ante esto vemos que el Estado en sus distintos niveles, no le da la importancia y el lugar necesarios, por ello creemos que un evento permanente que busque generar encuentros y escenarios de exposici\u00f3n y hasta de competencia, va a promover y difundir nuestra cultura real.<\/p>\n<p>En ese contexto, junto a la Asociaci\u00f3n que nuclea a las y los artesanos que hace 22 a\u00f1os llevan adelante y generan un espacio de exposici\u00f3n para el arte local, propusimos la creaci\u00f3n del espacio \u201cPaseo de Artistas y Artesanos\u201d de la ciudad.<\/p>\n<p>Para nosotros trabajar la cuesti\u00f3n cultural y sobre todo la propia, la genuina, es primordial. Por eso llevamos a cabo numerosos encuentros en espacios p\u00fablicos, como Plazas de Todos, donde convergieron distintas expresiones, como competencias de rap; exposiciones de pinturas, recitales, danzas, lectura, artesan\u00edas, entre otros. Estos \u00e1mbitos nos permiten valorar, expresar, promover nuestra cultura, compartir inquietudes, propuestas y afianzar el v\u00ednculo mutuo.<\/p>\n<h5><\/h5>\n<h5>AMBIENTE<\/h5>\n<h6>El ambiente es otro cap\u00edtulo de nuestra gesti\u00f3n. Por eso:<\/h6>\n<p>Junto a la Fundaci\u00f3n Casco hist\u00f3rico Barranqueras trabajamos en una iniciativa para declarar Patrimonio Ambiental y Cultural al Rio Negro.<\/p>\n<p>Impulsamos la creaci\u00f3n del programa hogares verdes, para fomentar la separaci\u00f3n de residuos y compostaje domiciliario. Tambi\u00e9n promovimos la puesta de carteler\u00eda sobre especies aut\u00f3ctonas a trav\u00e9s de la adhesi\u00f3n a una norma provincial.<\/p>\n<p>Adem\u00e1s, ante el pedido de organizaciones animalistas, solicitamos informes sobre la reglamentaci\u00f3n de la ordenanza de sustituci\u00f3n de tracci\u00f3n a sangre y sobre los animales secuestrados desde el 10 de diciembre de 2019.<\/p>\n<p>Junto a ECO GREEN realizamos varias intervenciones urbanas y promovimos actividades de concientizaci\u00f3n, limpieza y promoci\u00f3n de pol\u00edticas dirigidas a tener un mejor ambiente, propusimos por un proyecto de ordenanza prohibir y multar el arrojo de colillas de cigarrillos en espacios p\u00fablicos de la ciudad, y realizamos jornada de limpieza del Rio Negro.<\/p>\n<p>&nbsp;<\/p>\n<h5>G\u00c9NERO Y DIVERSIDAD<\/h5>\n<p>En materia de g\u00e9nero y diversidad presentamos propuestas para lograr la paridad de g\u00e9nero en las autoridades del Concejo Municipal. Coherentes con este criterio, decidimos ceder el lugar de la vicepresidencia 2\u00b0, que corresponde a quien ocup\u00f3 el primer lugar en la lista de candidatos, a la Concejala Alicia Fr\u00edas, compa\u00f1era de lista.<\/p>\n<p>En este mismo sentido, propusimos que la igualdad de g\u00e9nero tambi\u00e9n sea aplicada en la instalaci\u00f3n de escultura en la v\u00eda p\u00fablica, para que el atractivo que se promueve como principal en la ciudad, tambi\u00e9n refleje este aspecto de ciudad inclusiva y realmente lo aplique.<\/p>\n<p>La adhesi\u00f3n a la Ley Micaela para que los tres departamentos del gobierno municipal sean capacitados obligatoriamente. Adem\u00e1s, otra iniciativa que propone la capacitaci\u00f3n obligatoria en g\u00e9nero, para todas las candidatas y candidatos que participen en los procesos electorales municipales de Resistencia y en elecciones de las comisiones vecinales.<\/p>\n<p>Tambi\u00e9n quisimos contribuir al acceso a la justicia y es por ello que recientemente presentamos proyecto para la creaci\u00f3n del boleto gratuito para personas en situaci\u00f3n de violencia y los hijos e hijas, que se encuentren realizando denuncias y tr\u00e1mites judiciales para acceder a sus derechos.<\/p>\n<p>&nbsp;<\/p>\n<h5>UN FIRME COMPROMISO EN DEFENDER A LAS Y LOS CIUDADANOS<\/h5>\n<blockquote><p><em>Seguiremos defendiendo los intereses de las y los ciudadanos, con justicia social, trabajando siempre al servicio de los intereses del pueblo, promoviendo una comunidad m\u00e1s inclusiva y con participaci\u00f3n vecinal activa. Trabajamos para lograr la generaci\u00f3n de proyectos y acciones que impacten positivamente en la vida de las y los resistencianos.<\/em><\/p>\n<p><em>Hicimos este compromiso en la campa\u00f1a del a\u00f1o 2019, pero no es nuevo, constituye nuestra principal bandera, y vamos a hacer todo lo que est\u00e9 a nuestro alcance para que nuestras instituciones se fortalezcan; para que exista una verdadera planificaci\u00f3n participativa; para que la prioridad de una gesti\u00f3n local sea el bienestar de sus habitantes; para que la ciudadan\u00eda valore y simplifique con su participaci\u00f3n, su relaci\u00f3n con su ciudad, siendo parte de las decisiones, pueda controlar sus ejecuciones y busque ser protagonista en la vida comunitaria de nuestro territorio com\u00fan.<\/em><\/p>\n<p><em>Una mejor ciudad la construimos entre tod@s, cada uno desde su rol, desde su lugar, desde su ciudad. Seguimos junt@s!!<\/em><\/p>\n<p>&nbsp;<\/p><\/blockquote>\n<hr \/>\n<p>&nbsp;<\/p>\n<p><strong>BALANCE LEGISLATIVO DE LA CONCEJAL ALICIA FR\u00cdAS<\/strong><\/p>\n<p>Durante este 2021, la concejal y presidenta de la Comisi\u00f3n de Hacienda y Presupuesto, Alicia Fr\u00edas present\u00f3 un total de 214 iniciativas, de las cuales 27 son proyectos de ordenanzas, 63 son declaraciones y 124 proyectos de resoluci\u00f3n.<\/p>\n<p><img loading=\"lazy\" decoding=\"async\" class=\"size-medium wp-image-6618 alignleft\" src=\"https:\/\/fabriciob.ar\/web\/wp-content\/uploads\/2021\/12\/4063cceb-798a-4520-9f2d-73dca830b5b1-300x200.jpg\" alt=\"\" width=\"300\" height=\"200\" srcset=\"https:\/\/fabriciob.ar\/web\/wp-content\/uploads\/2021\/12\/4063cceb-798a-4520-9f2d-73dca830b5b1-300x200.jpg 300w, https:\/\/fabriciob.ar\/web\/wp-content\/uploads\/2021\/12\/4063cceb-798a-4520-9f2d-73dca830b5b1-1024x682.jpg 1024w, https:\/\/fabriciob.ar\/web\/wp-content\/uploads\/2021\/12\/4063cceb-798a-4520-9f2d-73dca830b5b1-768x512.jpg 768w, https:\/\/fabriciob.ar\/web\/wp-content\/uploads\/2021\/12\/4063cceb-798a-4520-9f2d-73dca830b5b1.jpg 1280w\" sizes=\"(max-width: 300px) 100vw, 300px\" \/><\/p>\n<p>Dentro de los aspectos m\u00e1s importantes de la labor legislativa, se resalta el trabajo en cuestiones de protecci\u00f3n de los derechos de los animales. En ese contexto, se destacan los proyectos de \u201cCreaci\u00f3n del Programa Serie de Colores\u201d, con la cual por medio de collares caninos de colores se identificar\u00e1 la peligrosidad del animal; la \u201cReconversi\u00f3n de Cuchas\u201d, con la finalidad de construir e instalar casa caninas para los perros en situaci\u00f3n de calle. Como as\u00ed tambi\u00e9n, solicitando informe respecto de los animales secuestrados desde el d\u00eda 10 de diciembre del 2019 a la fecha &#8211; proyecto conjunto con Bolatti -.<\/p>\n<p>En lo que respecta a discapacidad e inclusi\u00f3n, los proyectos m\u00e1s sobresalientes impulsados por la concejal Fr\u00edas fueron el de Creaci\u00f3n del programa \u201cDise\u00f1o para Todos\u201d brindando una soluci\u00f3n sistematizada para la accesibilidad para personas con ceguera y deficiencia visual garantizando un plan global que basado en un sistema normativo en lo que se refiere a la instalaci\u00f3n de Baldosas Podot\u00e1ctiles; la puesta en marcha del Programa \u201cEmpleo Inclusivo Municipal\u201d.<\/p>\n<p>En cuesti\u00f3n de g\u00e9nero y diversidad, se destacan las iniciativas de \u201cCreaci\u00f3n de la Agenda Anual de tres Sesiones Especiales del Concejo bajo la denominaci\u00f3n Sesi\u00f3n Especial, G\u00e9nero y Diversidad\u201d; la creaci\u00f3n del Programa de \u201cMujeres Conductoras\u201d para todo el personal femenino que tendr\u00e1 como objetivo favorecer en iniciar su labor dentro de la instituci\u00f3n municipal; Adhesi\u00f3n a las leyes nacionales N\u00b0 1591-G (antes Ley 6.025) y N\u00b0 26.279, a los fines de concientizar sobre la Pesquisa Neonatal; proyecto para declarar Asueto Extraordinario por el D\u00eda Internacional de la Mujer, el d\u00eda 8 de marzo para el personal femenino.<\/p>\n<p><strong>Entre los proyectos presentados en forma conjunta por los concejales Fr\u00edas y Bolatti, podemos mencionar:<\/strong><\/p>\n<p>\u2981 Establecer el incremento salarial a los trabajadores municipales de las distintas categor\u00edas.<br \/>\n\u2981 La creaci\u00f3n del \u201cPrograma Corredores Culturales Barriales\u201d, con el fin de fomentar la inclusi\u00f3n y diversidad cultural, de una sociedad democr\u00e1tica.<br \/>\n\u2981 Establecer la capacitaci\u00f3n obligatoria en la tem\u00e1tica de g\u00e9nero y violencia contra la mujer para participantes en elecciones electorales municipales.<br \/>\n\u2981 Eximir del pago del impuesto al mayor valor del bien libres de mejoras, a los propietarios de terrenos que concedan en comodato a las Comisiones Vecinales.<br \/>\n\u2981 Establecer un incremento salarial del 45% en el sueldo b\u00e1sico para toda la escala salarial del personal municipal.<br \/>\n\u2981 Creaci\u00f3n del Programa \u201cVamos Con Vos\u201d por el cual las personas que se encuentran en situaci\u00f3n Violencia de G\u00e9nero.<\/p>\n<p>&nbsp;<\/p>\n<p>&nbsp;<\/p>\n","protected":false},"excerpt":{"rendered":"<p>Concejal Fabricio Bolatti y equipo<\/p>\n","protected":false},"author":3,"featured_media":6619,"comment_status":"open","ping_status":"open","sticky":false,"template":"","format":"standard","meta":{"_joinchat":[],"footnotes":""},"categories":[27],"tags":[],"class_list":["post-6575","post","type-post","status-publish","format-standard","has-post-thumbnail","hentry","category-comunicados-de-prensa"],"yoast_head":"<!-- This site is optimized with the Yoast SEO plugin v27.5 - https:\/\/yoast.com\/product\/yoast-seo-wordpress\/ -->\n<title>INFORME DE GESTI\u00d3N EN EL CONCEJO MUNICIPAL DE RESISTENCIA A DICIEMBRE 2021 - Fabricio Bolatti<\/title>\n<meta name=\"robots\" content=\"index, follow, max-snippet:-1, max-image-preview:large, max-video-preview:-1\" \/>\n<link rel=\"canonical\" href=\"https:\/\/fabriciob.ar\/web\/informe-de-gestion-en-el-concejo-municipal-de-resistencia-a-diciembre-2021\/\" \/>\n<meta property=\"og:locale\" content=\"es_ES\" \/>\n<meta property=\"og:type\" content=\"article\" \/>\n<meta property=\"og:title\" content=\"INFORME DE GESTI\u00d3N EN EL CONCEJO MUNICIPAL DE RESISTENCIA A DICIEMBRE 2021 - Fabricio Bolatti\" \/>\n<meta property=\"og:description\" content=\"Concejal Fabricio Bolatti y equipo\" \/>\n<meta property=\"og:url\" content=\"https:\/\/fabriciob.ar\/web\/informe-de-gestion-en-el-concejo-municipal-de-resistencia-a-diciembre-2021\/\" \/>\n<meta property=\"og:site_name\" content=\"Fabricio Bolatti\" \/>\n<meta property=\"article:publisher\" content=\"https:\/\/www.facebook.com\/fabriciobolattiK\/\" \/>\n<meta property=\"article:published_time\" content=\"2021-12-30T00:18:52+00:00\" \/>\n<meta property=\"og:image\" content=\"https:\/\/fabriciob.ar\/web\/wp-content\/uploads\/2021\/12\/18c080ef-eef6-430a-9c41-d5276005b98e.jpg\" \/>\n\t<meta property=\"og:image:width\" content=\"1280\" \/>\n\t<meta property=\"og:image:height\" content=\"853\" \/>\n\t<meta property=\"og:image:type\" content=\"image\/jpeg\" \/>\n<meta name=\"author\" content=\"Equipo Fabricio\" \/>\n<meta name=\"twitter:card\" content=\"summary_large_image\" \/>\n<meta name=\"twitter:creator\" content=\"@fabriciobolatti\" \/>\n<meta name=\"twitter:site\" content=\"@fabriciobolatti\" \/>\n<meta name=\"twitter:label1\" content=\"Escrito por\" \/>\n\t<meta name=\"twitter:data1\" content=\"Equipo Fabricio\" \/>\n\t<meta name=\"twitter:label2\" content=\"Tiempo de lectura\" \/>\n\t<meta name=\"twitter:data2\" content=\"15 minutos\" \/>\n<script type=\"application\/ld+json\" class=\"yoast-schema-graph\">{\"@context\":\"https:\\\/\\\/schema.org\",\"@graph\":[{\"@type\":\"Article\",\"@id\":\"https:\\\/\\\/fabriciob.ar\\\/web\\\/informe-de-gestion-en-el-concejo-municipal-de-resistencia-a-diciembre-2021\\\/#article\",\"isPartOf\":{\"@id\":\"https:\\\/\\\/fabriciob.ar\\\/web\\\/informe-de-gestion-en-el-concejo-municipal-de-resistencia-a-diciembre-2021\\\/\"},\"author\":{\"name\":\"Equipo Fabricio\",\"@id\":\"https:\\\/\\\/fabriciob.ar\\\/web\\\/#\\\/schema\\\/person\\\/d56dbc2f2489983c5270184312aab61b\"},\"headline\":\"INFORME DE GESTI\u00d3N EN EL CONCEJO MUNICIPAL DE RESISTENCIA A DICIEMBRE 2021\",\"datePublished\":\"2021-12-30T00:18:52+00:00\",\"mainEntityOfPage\":{\"@id\":\"https:\\\/\\\/fabriciob.ar\\\/web\\\/informe-de-gestion-en-el-concejo-municipal-de-resistencia-a-diciembre-2021\\\/\"},\"wordCount\":3087,\"commentCount\":1,\"publisher\":{\"@id\":\"https:\\\/\\\/fabriciob.ar\\\/web\\\/#organization\"},\"image\":{\"@id\":\"https:\\\/\\\/fabriciob.ar\\\/web\\\/informe-de-gestion-en-el-concejo-municipal-de-resistencia-a-diciembre-2021\\\/#primaryimage\"},\"thumbnailUrl\":\"https:\\\/\\\/fabriciob.ar\\\/web\\\/wp-content\\\/uploads\\\/2021\\\/12\\\/18c080ef-eef6-430a-9c41-d5276005b98e.jpg\",\"articleSection\":[\"COMUNICADOS DE PRENSA\"],\"inLanguage\":\"es\",\"potentialAction\":[{\"@type\":\"CommentAction\",\"name\":\"Comment\",\"target\":[\"https:\\\/\\\/fabriciob.ar\\\/web\\\/informe-de-gestion-en-el-concejo-municipal-de-resistencia-a-diciembre-2021\\\/#respond\"]}]},{\"@type\":\"WebPage\",\"@id\":\"https:\\\/\\\/fabriciob.ar\\\/web\\\/informe-de-gestion-en-el-concejo-municipal-de-resistencia-a-diciembre-2021\\\/\",\"url\":\"https:\\\/\\\/fabriciob.ar\\\/web\\\/informe-de-gestion-en-el-concejo-municipal-de-resistencia-a-diciembre-2021\\\/\",\"name\":\"INFORME DE GESTI\u00d3N EN EL CONCEJO MUNICIPAL DE RESISTENCIA A DICIEMBRE 2021 - Fabricio Bolatti\",\"isPartOf\":{\"@id\":\"https:\\\/\\\/fabriciob.ar\\\/web\\\/#website\"},\"primaryImageOfPage\":{\"@id\":\"https:\\\/\\\/fabriciob.ar\\\/web\\\/informe-de-gestion-en-el-concejo-municipal-de-resistencia-a-diciembre-2021\\\/#primaryimage\"},\"image\":{\"@id\":\"https:\\\/\\\/fabriciob.ar\\\/web\\\/informe-de-gestion-en-el-concejo-municipal-de-resistencia-a-diciembre-2021\\\/#primaryimage\"},\"thumbnailUrl\":\"https:\\\/\\\/fabriciob.ar\\\/web\\\/wp-content\\\/uploads\\\/2021\\\/12\\\/18c080ef-eef6-430a-9c41-d5276005b98e.jpg\",\"datePublished\":\"2021-12-30T00:18:52+00:00\",\"breadcrumb\":{\"@id\":\"https:\\\/\\\/fabriciob.ar\\\/web\\\/informe-de-gestion-en-el-concejo-municipal-de-resistencia-a-diciembre-2021\\\/#breadcrumb\"},\"inLanguage\":\"es\",\"potentialAction\":[{\"@type\":\"ReadAction\",\"target\":[\"https:\\\/\\\/fabriciob.ar\\\/web\\\/informe-de-gestion-en-el-concejo-municipal-de-resistencia-a-diciembre-2021\\\/\"]}]},{\"@type\":\"ImageObject\",\"inLanguage\":\"es\",\"@id\":\"https:\\\/\\\/fabriciob.ar\\\/web\\\/informe-de-gestion-en-el-concejo-municipal-de-resistencia-a-diciembre-2021\\\/#primaryimage\",\"url\":\"https:\\\/\\\/fabriciob.ar\\\/web\\\/wp-content\\\/uploads\\\/2021\\\/12\\\/18c080ef-eef6-430a-9c41-d5276005b98e.jpg\",\"contentUrl\":\"https:\\\/\\\/fabriciob.ar\\\/web\\\/wp-content\\\/uploads\\\/2021\\\/12\\\/18c080ef-eef6-430a-9c41-d5276005b98e.jpg\",\"width\":1280,\"height\":853},{\"@type\":\"BreadcrumbList\",\"@id\":\"https:\\\/\\\/fabriciob.ar\\\/web\\\/informe-de-gestion-en-el-concejo-municipal-de-resistencia-a-diciembre-2021\\\/#breadcrumb\",\"itemListElement\":[{\"@type\":\"ListItem\",\"position\":1,\"name\":\"Portada\",\"item\":\"https:\\\/\\\/fabriciob.ar\\\/web\\\/\"},{\"@type\":\"ListItem\",\"position\":2,\"name\":\"INFORME DE GESTI\u00d3N EN EL CONCEJO MUNICIPAL DE RESISTENCIA A DICIEMBRE 2021\"}]},{\"@type\":\"WebSite\",\"@id\":\"https:\\\/\\\/fabriciob.ar\\\/web\\\/#website\",\"url\":\"https:\\\/\\\/fabriciob.ar\\\/web\\\/\",\"name\":\"Fabricio Bolatti\",\"description\":\"Sitio Oficial-Comunicaci\u00f3n institucional de la gesti\u00f3n legislativa del concejal Fabricio Bolatti con los vecinos y vecinas de la ciudad de Resistencia\",\"publisher\":{\"@id\":\"https:\\\/\\\/fabriciob.ar\\\/web\\\/#organization\"},\"potentialAction\":[{\"@type\":\"SearchAction\",\"target\":{\"@type\":\"EntryPoint\",\"urlTemplate\":\"https:\\\/\\\/fabriciob.ar\\\/web\\\/?s={search_term_string}\"},\"query-input\":{\"@type\":\"PropertyValueSpecification\",\"valueRequired\":true,\"valueName\":\"search_term_string\"}}],\"inLanguage\":\"es\"},{\"@type\":\"Organization\",\"@id\":\"https:\\\/\\\/fabriciob.ar\\\/web\\\/#organization\",\"name\":\"Fabricio Bolatti-Sitio Oficial\",\"url\":\"https:\\\/\\\/fabriciob.ar\\\/web\\\/\",\"logo\":{\"@type\":\"ImageObject\",\"inLanguage\":\"es\",\"@id\":\"https:\\\/\\\/fabriciob.ar\\\/web\\\/#\\\/schema\\\/logo\\\/image\\\/\",\"url\":\"https:\\\/\\\/fabriciob.ar\\\/web\\\/wp-content\\\/uploads\\\/2020\\\/12\\\/cropped-fb-en-el-concejo-a-red-2-1.png\",\"contentUrl\":\"https:\\\/\\\/fabriciob.ar\\\/web\\\/wp-content\\\/uploads\\\/2020\\\/12\\\/cropped-fb-en-el-concejo-a-red-2-1.png\",\"width\":512,\"height\":512,\"caption\":\"Fabricio Bolatti-Sitio Oficial\"},\"image\":{\"@id\":\"https:\\\/\\\/fabriciob.ar\\\/web\\\/#\\\/schema\\\/logo\\\/image\\\/\"},\"sameAs\":[\"https:\\\/\\\/www.facebook.com\\\/fabriciobolattiK\\\/\",\"https:\\\/\\\/x.com\\\/fabriciobolatti\",\"https:\\\/\\\/www.instagram.com\\\/fabriciobolatti\\\/?igshid=7ztsgzj0mwql\",\"https:\\\/\\\/www.youtube.com\\\/channel\\\/UCWLMPKJZG1JgX9U29Pra3ng\"]},{\"@type\":\"Person\",\"@id\":\"https:\\\/\\\/fabriciob.ar\\\/web\\\/#\\\/schema\\\/person\\\/d56dbc2f2489983c5270184312aab61b\",\"name\":\"Equipo Fabricio\",\"image\":{\"@type\":\"ImageObject\",\"inLanguage\":\"es\",\"@id\":\"https:\\\/\\\/secure.gravatar.com\\\/avatar\\\/9d8e99352a71f2ac7e650885bc7721fe9d667070a36c2a5bb86aab909b8cf626?s=96&d=mm&r=g\",\"url\":\"https:\\\/\\\/secure.gravatar.com\\\/avatar\\\/9d8e99352a71f2ac7e650885bc7721fe9d667070a36c2a5bb86aab909b8cf626?s=96&d=mm&r=g\",\"contentUrl\":\"https:\\\/\\\/secure.gravatar.com\\\/avatar\\\/9d8e99352a71f2ac7e650885bc7721fe9d667070a36c2a5bb86aab909b8cf626?s=96&d=mm&r=g\",\"caption\":\"Equipo Fabricio\"},\"url\":\"https:\\\/\\\/fabriciob.ar\\\/web\\\/author\\\/admin\\\/\"}]}<\/script>\n<!-- \/ Yoast SEO plugin. -->","yoast_head_json":{"title":"INFORME DE GESTI\u00d3N EN EL CONCEJO MUNICIPAL DE RESISTENCIA A DICIEMBRE 2021 - Fabricio Bolatti","robots":{"index":"index","follow":"follow","max-snippet":"max-snippet:-1","max-image-preview":"max-image-preview:large","max-video-preview":"max-video-preview:-1"},"canonical":"https:\/\/fabriciob.ar\/web\/informe-de-gestion-en-el-concejo-municipal-de-resistencia-a-diciembre-2021\/","og_locale":"es_ES","og_type":"article","og_title":"INFORME DE GESTI\u00d3N EN EL CONCEJO MUNICIPAL DE RESISTENCIA A DICIEMBRE 2021 - Fabricio Bolatti","og_description":"Concejal Fabricio Bolatti y equipo","og_url":"https:\/\/fabriciob.ar\/web\/informe-de-gestion-en-el-concejo-municipal-de-resistencia-a-diciembre-2021\/","og_site_name":"Fabricio Bolatti","article_publisher":"https:\/\/www.facebook.com\/fabriciobolattiK\/","article_published_time":"2021-12-30T00:18:52+00:00","og_image":[{"width":1280,"height":853,"url":"https:\/\/fabriciob.ar\/web\/wp-content\/uploads\/2021\/12\/18c080ef-eef6-430a-9c41-d5276005b98e.jpg","type":"image\/jpeg"}],"author":"Equipo Fabricio","twitter_card":"summary_large_image","twitter_creator":"@fabriciobolatti","twitter_site":"@fabriciobolatti","twitter_misc":{"Escrito por":"Equipo Fabricio","Tiempo de lectura":"15 minutos"},"schema":{"@context":"https:\/\/schema.org","@graph":[{"@type":"Article","@id":"https:\/\/fabriciob.ar\/web\/informe-de-gestion-en-el-concejo-municipal-de-resistencia-a-diciembre-2021\/#article","isPartOf":{"@id":"https:\/\/fabriciob.ar\/web\/informe-de-gestion-en-el-concejo-municipal-de-resistencia-a-diciembre-2021\/"},"author":{"name":"Equipo Fabricio","@id":"https:\/\/fabriciob.ar\/web\/#\/schema\/person\/d56dbc2f2489983c5270184312aab61b"},"headline":"INFORME DE GESTI\u00d3N EN EL CONCEJO MUNICIPAL DE RESISTENCIA A DICIEMBRE 2021","datePublished":"2021-12-30T00:18:52+00:00","mainEntityOfPage":{"@id":"https:\/\/fabriciob.ar\/web\/informe-de-gestion-en-el-concejo-municipal-de-resistencia-a-diciembre-2021\/"},"wordCount":3087,"commentCount":1,"publisher":{"@id":"https:\/\/fabriciob.ar\/web\/#organization"},"image":{"@id":"https:\/\/fabriciob.ar\/web\/informe-de-gestion-en-el-concejo-municipal-de-resistencia-a-diciembre-2021\/#primaryimage"},"thumbnailUrl":"https:\/\/fabriciob.ar\/web\/wp-content\/uploads\/2021\/12\/18c080ef-eef6-430a-9c41-d5276005b98e.jpg","articleSection":["COMUNICADOS DE PRENSA"],"inLanguage":"es","potentialAction":[{"@type":"CommentAction","name":"Comment","target":["https:\/\/fabriciob.ar\/web\/informe-de-gestion-en-el-concejo-municipal-de-resistencia-a-diciembre-2021\/#respond"]}]},{"@type":"WebPage","@id":"https:\/\/fabriciob.ar\/web\/informe-de-gestion-en-el-concejo-municipal-de-resistencia-a-diciembre-2021\/","url":"https:\/\/fabriciob.ar\/web\/informe-de-gestion-en-el-concejo-municipal-de-resistencia-a-diciembre-2021\/","name":"INFORME DE GESTI\u00d3N EN EL CONCEJO MUNICIPAL DE RESISTENCIA A DICIEMBRE 2021 - Fabricio Bolatti","isPartOf":{"@id":"https:\/\/fabriciob.ar\/web\/#website"},"primaryImageOfPage":{"@id":"https:\/\/fabriciob.ar\/web\/informe-de-gestion-en-el-concejo-municipal-de-resistencia-a-diciembre-2021\/#primaryimage"},"image":{"@id":"https:\/\/fabriciob.ar\/web\/informe-de-gestion-en-el-concejo-municipal-de-resistencia-a-diciembre-2021\/#primaryimage"},"thumbnailUrl":"https:\/\/fabriciob.ar\/web\/wp-content\/uploads\/2021\/12\/18c080ef-eef6-430a-9c41-d5276005b98e.jpg","datePublished":"2021-12-30T00:18:52+00:00","breadcrumb":{"@id":"https:\/\/fabriciob.ar\/web\/informe-de-gestion-en-el-concejo-municipal-de-resistencia-a-diciembre-2021\/#breadcrumb"},"inLanguage":"es","potentialAction":[{"@type":"ReadAction","target":["https:\/\/fabriciob.ar\/web\/informe-de-gestion-en-el-concejo-municipal-de-resistencia-a-diciembre-2021\/"]}]},{"@type":"ImageObject","inLanguage":"es","@id":"https:\/\/fabriciob.ar\/web\/informe-de-gestion-en-el-concejo-municipal-de-resistencia-a-diciembre-2021\/#primaryimage","url":"https:\/\/fabriciob.ar\/web\/wp-content\/uploads\/2021\/12\/18c080ef-eef6-430a-9c41-d5276005b98e.jpg","contentUrl":"https:\/\/fabriciob.ar\/web\/wp-content\/uploads\/2021\/12\/18c080ef-eef6-430a-9c41-d5276005b98e.jpg","width":1280,"height":853},{"@type":"BreadcrumbList","@id":"https:\/\/fabriciob.ar\/web\/informe-de-gestion-en-el-concejo-municipal-de-resistencia-a-diciembre-2021\/#breadcrumb","itemListElement":[{"@type":"ListItem","position":1,"name":"Portada","item":"https:\/\/fabriciob.ar\/web\/"},{"@type":"ListItem","position":2,"name":"INFORME DE GESTI\u00d3N EN EL CONCEJO MUNICIPAL DE RESISTENCIA A DICIEMBRE 2021"}]},{"@type":"WebSite","@id":"https:\/\/fabriciob.ar\/web\/#website","url":"https:\/\/fabriciob.ar\/web\/","name":"Fabricio Bolatti","description":"Sitio Oficial-Comunicaci\u00f3n institucional de la gesti\u00f3n legislativa del concejal Fabricio Bolatti con los vecinos y vecinas de la ciudad de Resistencia","publisher":{"@id":"https:\/\/fabriciob.ar\/web\/#organization"},"potentialAction":[{"@type":"SearchAction","target":{"@type":"EntryPoint","urlTemplate":"https:\/\/fabriciob.ar\/web\/?s={search_term_string}"},"query-input":{"@type":"PropertyValueSpecification","valueRequired":true,"valueName":"search_term_string"}}],"inLanguage":"es"},{"@type":"Organization","@id":"https:\/\/fabriciob.ar\/web\/#organization","name":"Fabricio Bolatti-Sitio Oficial","url":"https:\/\/fabriciob.ar\/web\/","logo":{"@type":"ImageObject","inLanguage":"es","@id":"https:\/\/fabriciob.ar\/web\/#\/schema\/logo\/image\/","url":"https:\/\/fabriciob.ar\/web\/wp-content\/uploads\/2020\/12\/cropped-fb-en-el-concejo-a-red-2-1.png","contentUrl":"https:\/\/fabriciob.ar\/web\/wp-content\/uploads\/2020\/12\/cropped-fb-en-el-concejo-a-red-2-1.png","width":512,"height":512,"caption":"Fabricio Bolatti-Sitio Oficial"},"image":{"@id":"https:\/\/fabriciob.ar\/web\/#\/schema\/logo\/image\/"},"sameAs":["https:\/\/www.facebook.com\/fabriciobolattiK\/","https:\/\/x.com\/fabriciobolatti","https:\/\/www.instagram.com\/fabriciobolatti\/?igshid=7ztsgzj0mwql","https:\/\/www.youtube.com\/channel\/UCWLMPKJZG1JgX9U29Pra3ng"]},{"@type":"Person","@id":"https:\/\/fabriciob.ar\/web\/#\/schema\/person\/d56dbc2f2489983c5270184312aab61b","name":"Equipo Fabricio","image":{"@type":"ImageObject","inLanguage":"es","@id":"https:\/\/secure.gravatar.com\/avatar\/9d8e99352a71f2ac7e650885bc7721fe9d667070a36c2a5bb86aab909b8cf626?s=96&d=mm&r=g","url":"https:\/\/secure.gravatar.com\/avatar\/9d8e99352a71f2ac7e650885bc7721fe9d667070a36c2a5bb86aab909b8cf626?s=96&d=mm&r=g","contentUrl":"https:\/\/secure.gravatar.com\/avatar\/9d8e99352a71f2ac7e650885bc7721fe9d667070a36c2a5bb86aab909b8cf626?s=96&d=mm&r=g","caption":"Equipo Fabricio"},"url":"https:\/\/fabriciob.ar\/web\/author\/admin\/"}]}},"_links":{"self":[{"href":"https:\/\/fabriciob.ar\/web\/wp-json\/wp\/v2\/posts\/6575","targetHints":{"allow":["GET"]}}],"collection":[{"href":"https:\/\/fabriciob.ar\/web\/wp-json\/wp\/v2\/posts"}],"about":[{"href":"https:\/\/fabriciob.ar\/web\/wp-json\/wp\/v2\/types\/post"}],"author":[{"embeddable":true,"href":"https:\/\/fabriciob.ar\/web\/wp-json\/wp\/v2\/users\/3"}],"replies":[{"embeddable":true,"href":"https:\/\/fabriciob.ar\/web\/wp-json\/wp\/v2\/comments?post=6575"}],"version-history":[{"count":0,"href":"https:\/\/fabriciob.ar\/web\/wp-json\/wp\/v2\/posts\/6575\/revisions"}],"wp:featuredmedia":[{"embeddable":true,"href":"https:\/\/fabriciob.ar\/web\/wp-json\/wp\/v2\/media\/6619"}],"wp:attachment":[{"href":"https:\/\/fabriciob.ar\/web\/wp-json\/wp\/v2\/media?parent=6575"}],"wp:term":[{"taxonomy":"category","embeddable":true,"href":"https:\/\/fabriciob.ar\/web\/wp-json\/wp\/v2\/categories?post=6575"},{"taxonomy":"post_tag","embeddable":true,"href":"https:\/\/fabriciob.ar\/web\/wp-json\/wp\/v2\/tags?post=6575"}],"curies":[{"name":"wp","href":"https:\/\/api.w.org\/{rel}","templated":true}]}}