{"id":6609,"date":"2021-12-22T15:43:25","date_gmt":"2021-12-22T15:43:25","guid":{"rendered":"https:\/\/fabriciob.ar\/web\/?p=6609"},"modified":"2021-12-28T15:43:43","modified_gmt":"2021-12-28T15:43:43","slug":"acuerdo-entre-el-espacio-de-gustavo-martinez-y-la-ucr-favorecio-la-sancion-de-ordenanzas-negativas-para-los-resistencianos","status":"publish","type":"post","link":"https:\/\/fabriciob.ar\/web\/acuerdo-entre-el-espacio-de-gustavo-martinez-y-la-ucr-favorecio-la-sancion-de-ordenanzas-negativas-para-los-resistencianos\/","title":{"rendered":"Acuerdo entre el espacio de Gustavo Mart\u00ednez y la UCR favoreci\u00f3 la sanci\u00f3n de ordenanzas negativas para los resistencianos"},"content":{"rendered":"<p><!--more--><\/p>\n<p><em><strong>La UCR vot\u00f3 a favor de la ordenanza antes objetada<\/strong><\/em><\/p>\n<p>&nbsp;<\/p>\n<p>En el marco del informe semanal que se viene realizando desde la concejal\u00eda de Fabricio Bolatti, el edil destac\u00f3 que en la sesi\u00f3n del Concejo Municipal de Resistencia llevada a cabo este martes 21 de diciembre, se sancionaron un total de siete ordenanzas, de las cuales cuatro de ellas tuvieron posici\u00f3n contraria a la del oficialismo (CER) y la UCR, todas ellas muy importantes para la ciudadan\u00eda.<\/p>\n<p><strong>Describimos a continuaci\u00f3n las mismas:<\/strong><\/p>\n<p>La primera, es el Aumento del Presupuesto 2021 se aprob\u00f3 con 9 votos afirmativos (UCR y el oficialismo CER ) y dos en contra (Fabricio Bolatti y Alicia Fr\u00edas).<\/p>\n<p>El proyecto de ordenanza se sancion\u00f3 propiciando el incremento del Presupuesto para el Ejercicio 2021 del Departamento Ejecutivo y del Concejo Municipal. Nuestro voto a la iniciativa fue en contra, ya que esta autorizaci\u00f3n para incorporar nuevos recursos tambi\u00e9n autoriza su afectaci\u00f3n, lo que deber\u00eda ser antes del uso de los recursos.<\/p>\n<p>Es un aumento al Presupuesto 2021 que oportunamente ya votamos en contra, objetamos irregularidades y finalmente denunciamos judicialmente ante el STJ, caso que est\u00e1 a la espera de resoluci\u00f3n.<\/p>\n<p>La presentaci\u00f3n judicial fue realizada junto a la concejal Fr\u00edas, y de la UCR, Carlos Salom, Teresa Celada y Carla Canteros; y en este punto queremos remarcar la contradicci\u00f3n evidenciada por el bloque de concejales de la UCR, quienes anteriormente denunciaron con nosotros ante la Justicia por arrogarse y concentrar facultades del Concejo en la Intendencia, lo que est\u00e1 prohibido. Sin embargo, votaron a favor legitimando la ordenanza antes objetada.<\/p>\n<p>La segunda iniciativa, es la de Zonificaci\u00f3n de Distrito, la cual se aprob\u00f3 con 9 votos afirmativos (UCR y el oficialismo CER ) y dos en contra (Bolatti y Fr\u00edas).<\/p>\n<p>La ordenanza aprobada modifica la zonificaci\u00f3n de distritos del C\u00f3digo de Planeamiento Urbano Ambiental. La misma, tuvo objeciones y un alto rechazo por parte de la Facultad de Arquitectura de la Unne y quienes participaron en la Audiencia P\u00fablica, enfocados mayoritariamente en lo que es la cuenca del R\u00edo Negro, que es parte de la ciudad y pertenece al sistema de desag\u00fce, adem\u00e1s ser el camino fundacional sobre el cual nace Resistencia, promovi\u00e9dose desde ah\u00ed la urbanizaci\u00f3n actual.<\/p>\n<p>Muchas personas estudiosas, grupos autoconvocados y militantes de la cuesti\u00f3n se expresaron en contra de este proyecto, advirtiendo que afectar\u00e1n el futuro de la ciudad, pero no se les ha dado importancia a sus opiniones y sus aportes t\u00e9cnicos no fueron tenidos en cuenta; aprob\u00e1ndose el texto sin modificaciones.<\/p>\n<p>Queremos recuperar parte de la historia de la ciudad. Preservar espacios de reservorio y biodiversidad, los que son esenciales para amortiguar los riesgos h\u00eddricos y ambientales, especialmente el valle del R\u00edo Negro, lugar fundacional de nuestra ciudad. Es m\u00e1s importante trabajar por su preservaci\u00f3n y conservaci\u00f3n que por su urbanizaci\u00f3n.<\/p>\n<p>El tercer proyecto que tampoco acompa\u00f1amos con nuestro voto, fue la de Prorrogar hasta el 31 de diciembre de 2022 la Ordenanza N\u00b0 13.466\/20, \u201cPrograma de Regularizaci\u00f3n de Obras Privadas, con car\u00e1cter excepcional y transitorio\u201d, ya que con ella se otorga un Certificado Parcial de Final de Obra, a construcciones que tienen observaciones de lo m\u00e1s diversas, que incluyen cuestiones de seguridad que podr\u00edan generar da\u00f1os irreparables en los bienes y en las personas.<br \/>\nEn la pr\u00e1ctica podr\u00eda dar lugar a flexibilizar controles y tapar irregularidades, siendo adem\u00e1s un mayor riesgo para la seguridad de los habitantes.<\/p>\n<p>Junto a la concejal Fr\u00edas, votamos en contra de la ordenanza original, y ahora volvimos a oponernos a esta pr\u00f3rroga, que parecer\u00eda tiene como principal fin RECAUDAR, rest\u00e1ndole seguridad a la ciudadan\u00eda.<\/p>\n<p>Por \u00faltimo, nos opusimos al proyecto para prorrogar el Estado de Emergencia Econ\u00f3mica, Financiera, Administrativa y Social del Municipio. No acompa\u00f1amos la sanci\u00f3n de este proyecto ya que falta informaci\u00f3n solicitada en las comisiones y que no fue respondida oportunamente, con lo cual no podemos decidir, desconociendo sobre el estado de emergencia del Municipio.<\/p>\n","protected":false},"excerpt":{"rendered":"","protected":false},"author":3,"featured_media":6605,"comment_status":"open","ping_status":"open","sticky":false,"template":"","format":"standard","meta":{"_joinchat":[],"footnotes":""},"categories":[27],"tags":[],"class_list":["post-6609","post","type-post","status-publish","format-standard","has-post-thumbnail","hentry","category-comunicados-de-prensa"],"yoast_head":"<!-- This site is optimized with the Yoast SEO plugin v27.5 - https:\/\/yoast.com\/product\/yoast-seo-wordpress\/ -->\n<title>Acuerdo entre el espacio de Gustavo Mart\u00ednez y la UCR favoreci\u00f3 la sanci\u00f3n de ordenanzas negativas para los resistencianos - Fabricio Bolatti<\/title>\n<meta name=\"robots\" content=\"index, follow, max-snippet:-1, max-image-preview:large, max-video-preview:-1\" \/>\n<link rel=\"canonical\" href=\"https:\/\/fabriciob.ar\/web\/acuerdo-entre-el-espacio-de-gustavo-martinez-y-la-ucr-favorecio-la-sancion-de-ordenanzas-negativas-para-los-resistencianos\/\" \/>\n<meta property=\"og:locale\" content=\"es_ES\" \/>\n<meta property=\"og:type\" content=\"article\" \/>\n<meta property=\"og:title\" content=\"Acuerdo entre el espacio de Gustavo Mart\u00ednez y la UCR favoreci\u00f3 la sanci\u00f3n de ordenanzas negativas para los resistencianos - Fabricio Bolatti\" \/>\n<meta property=\"og:url\" content=\"https:\/\/fabriciob.ar\/web\/acuerdo-entre-el-espacio-de-gustavo-martinez-y-la-ucr-favorecio-la-sancion-de-ordenanzas-negativas-para-los-resistencianos\/\" \/>\n<meta property=\"og:site_name\" content=\"Fabricio Bolatti\" \/>\n<meta property=\"article:publisher\" content=\"https:\/\/www.facebook.com\/fabriciobolattiK\/\" \/>\n<meta property=\"article:published_time\" content=\"2021-12-22T15:43:25+00:00\" \/>\n<meta property=\"article:modified_time\" content=\"2021-12-28T15:43:43+00:00\" \/>\n<meta property=\"og:image\" content=\"https:\/\/fabriciob.ar\/web\/wp-content\/uploads\/2021\/12\/Bolatti-Sesion-37.jpeg\" \/>\n\t<meta property=\"og:image:width\" content=\"1204\" \/>\n\t<meta property=\"og:image:height\" content=\"576\" \/>\n\t<meta property=\"og:image:type\" content=\"image\/jpeg\" \/>\n<meta name=\"author\" content=\"Equipo Fabricio\" \/>\n<meta name=\"twitter:card\" content=\"summary_large_image\" \/>\n<meta name=\"twitter:creator\" content=\"@fabriciobolatti\" \/>\n<meta name=\"twitter:site\" content=\"@fabriciobolatti\" \/>\n<meta name=\"twitter:label1\" content=\"Escrito por\" \/>\n\t<meta name=\"twitter:data1\" content=\"Equipo Fabricio\" \/>\n\t<meta name=\"twitter:label2\" content=\"Tiempo de lectura\" \/>\n\t<meta name=\"twitter:data2\" content=\"3 minutos\" \/>\n<script type=\"application\/ld+json\" class=\"yoast-schema-graph\">{\"@context\":\"https:\\\/\\\/schema.org\",\"@graph\":[{\"@type\":\"Article\",\"@id\":\"https:\\\/\\\/fabriciob.ar\\\/web\\\/acuerdo-entre-el-espacio-de-gustavo-martinez-y-la-ucr-favorecio-la-sancion-de-ordenanzas-negativas-para-los-resistencianos\\\/#article\",\"isPartOf\":{\"@id\":\"https:\\\/\\\/fabriciob.ar\\\/web\\\/acuerdo-entre-el-espacio-de-gustavo-martinez-y-la-ucr-favorecio-la-sancion-de-ordenanzas-negativas-para-los-resistencianos\\\/\"},\"author\":{\"name\":\"Equipo Fabricio\",\"@id\":\"https:\\\/\\\/fabriciob.ar\\\/web\\\/#\\\/schema\\\/person\\\/d56dbc2f2489983c5270184312aab61b\"},\"headline\":\"Acuerdo entre el espacio de Gustavo Mart\u00ednez y la UCR favoreci\u00f3 la sanci\u00f3n de ordenanzas negativas para los resistencianos\",\"datePublished\":\"2021-12-22T15:43:25+00:00\",\"dateModified\":\"2021-12-28T15:43:43+00:00\",\"mainEntityOfPage\":{\"@id\":\"https:\\\/\\\/fabriciob.ar\\\/web\\\/acuerdo-entre-el-espacio-de-gustavo-martinez-y-la-ucr-favorecio-la-sancion-de-ordenanzas-negativas-para-los-resistencianos\\\/\"},\"wordCount\":715,\"commentCount\":0,\"publisher\":{\"@id\":\"https:\\\/\\\/fabriciob.ar\\\/web\\\/#organization\"},\"image\":{\"@id\":\"https:\\\/\\\/fabriciob.ar\\\/web\\\/acuerdo-entre-el-espacio-de-gustavo-martinez-y-la-ucr-favorecio-la-sancion-de-ordenanzas-negativas-para-los-resistencianos\\\/#primaryimage\"},\"thumbnailUrl\":\"https:\\\/\\\/fabriciob.ar\\\/web\\\/wp-content\\\/uploads\\\/2021\\\/12\\\/Bolatti-Sesion-37.jpeg\",\"articleSection\":[\"COMUNICADOS DE PRENSA\"],\"inLanguage\":\"es\",\"potentialAction\":[{\"@type\":\"CommentAction\",\"name\":\"Comment\",\"target\":[\"https:\\\/\\\/fabriciob.ar\\\/web\\\/acuerdo-entre-el-espacio-de-gustavo-martinez-y-la-ucr-favorecio-la-sancion-de-ordenanzas-negativas-para-los-resistencianos\\\/#respond\"]}]},{\"@type\":\"WebPage\",\"@id\":\"https:\\\/\\\/fabriciob.ar\\\/web\\\/acuerdo-entre-el-espacio-de-gustavo-martinez-y-la-ucr-favorecio-la-sancion-de-ordenanzas-negativas-para-los-resistencianos\\\/\",\"url\":\"https:\\\/\\\/fabriciob.ar\\\/web\\\/acuerdo-entre-el-espacio-de-gustavo-martinez-y-la-ucr-favorecio-la-sancion-de-ordenanzas-negativas-para-los-resistencianos\\\/\",\"name\":\"Acuerdo entre el espacio de Gustavo Mart\u00ednez y la UCR favoreci\u00f3 la sanci\u00f3n de ordenanzas negativas para los resistencianos - Fabricio Bolatti\",\"isPartOf\":{\"@id\":\"https:\\\/\\\/fabriciob.ar\\\/web\\\/#website\"},\"primaryImageOfPage\":{\"@id\":\"https:\\\/\\\/fabriciob.ar\\\/web\\\/acuerdo-entre-el-espacio-de-gustavo-martinez-y-la-ucr-favorecio-la-sancion-de-ordenanzas-negativas-para-los-resistencianos\\\/#primaryimage\"},\"image\":{\"@id\":\"https:\\\/\\\/fabriciob.ar\\\/web\\\/acuerdo-entre-el-espacio-de-gustavo-martinez-y-la-ucr-favorecio-la-sancion-de-ordenanzas-negativas-para-los-resistencianos\\\/#primaryimage\"},\"thumbnailUrl\":\"https:\\\/\\\/fabriciob.ar\\\/web\\\/wp-content\\\/uploads\\\/2021\\\/12\\\/Bolatti-Sesion-37.jpeg\",\"datePublished\":\"2021-12-22T15:43:25+00:00\",\"dateModified\":\"2021-12-28T15:43:43+00:00\",\"breadcrumb\":{\"@id\":\"https:\\\/\\\/fabriciob.ar\\\/web\\\/acuerdo-entre-el-espacio-de-gustavo-martinez-y-la-ucr-favorecio-la-sancion-de-ordenanzas-negativas-para-los-resistencianos\\\/#breadcrumb\"},\"inLanguage\":\"es\",\"potentialAction\":[{\"@type\":\"ReadAction\",\"target\":[\"https:\\\/\\\/fabriciob.ar\\\/web\\\/acuerdo-entre-el-espacio-de-gustavo-martinez-y-la-ucr-favorecio-la-sancion-de-ordenanzas-negativas-para-los-resistencianos\\\/\"]}]},{\"@type\":\"ImageObject\",\"inLanguage\":\"es\",\"@id\":\"https:\\\/\\\/fabriciob.ar\\\/web\\\/acuerdo-entre-el-espacio-de-gustavo-martinez-y-la-ucr-favorecio-la-sancion-de-ordenanzas-negativas-para-los-resistencianos\\\/#primaryimage\",\"url\":\"https:\\\/\\\/fabriciob.ar\\\/web\\\/wp-content\\\/uploads\\\/2021\\\/12\\\/Bolatti-Sesion-37.jpeg\",\"contentUrl\":\"https:\\\/\\\/fabriciob.ar\\\/web\\\/wp-content\\\/uploads\\\/2021\\\/12\\\/Bolatti-Sesion-37.jpeg\",\"width\":1204,\"height\":576},{\"@type\":\"BreadcrumbList\",\"@id\":\"https:\\\/\\\/fabriciob.ar\\\/web\\\/acuerdo-entre-el-espacio-de-gustavo-martinez-y-la-ucr-favorecio-la-sancion-de-ordenanzas-negativas-para-los-resistencianos\\\/#breadcrumb\",\"itemListElement\":[{\"@type\":\"ListItem\",\"position\":1,\"name\":\"Portada\",\"item\":\"https:\\\/\\\/fabriciob.ar\\\/web\\\/\"},{\"@type\":\"ListItem\",\"position\":2,\"name\":\"Acuerdo entre el espacio de Gustavo Mart\u00ednez y la UCR favoreci\u00f3 la sanci\u00f3n de ordenanzas negativas para los resistencianos\"}]},{\"@type\":\"WebSite\",\"@id\":\"https:\\\/\\\/fabriciob.ar\\\/web\\\/#website\",\"url\":\"https:\\\/\\\/fabriciob.ar\\\/web\\\/\",\"name\":\"Fabricio Bolatti\",\"description\":\"Sitio Oficial-Comunicaci\u00f3n institucional de la gesti\u00f3n legislativa del concejal Fabricio Bolatti con los vecinos y vecinas de la ciudad de Resistencia\",\"publisher\":{\"@id\":\"https:\\\/\\\/fabriciob.ar\\\/web\\\/#organization\"},\"potentialAction\":[{\"@type\":\"SearchAction\",\"target\":{\"@type\":\"EntryPoint\",\"urlTemplate\":\"https:\\\/\\\/fabriciob.ar\\\/web\\\/?s={search_term_string}\"},\"query-input\":{\"@type\":\"PropertyValueSpecification\",\"valueRequired\":true,\"valueName\":\"search_term_string\"}}],\"inLanguage\":\"es\"},{\"@type\":\"Organization\",\"@id\":\"https:\\\/\\\/fabriciob.ar\\\/web\\\/#organization\",\"name\":\"Fabricio Bolatti-Sitio Oficial\",\"url\":\"https:\\\/\\\/fabriciob.ar\\\/web\\\/\",\"logo\":{\"@type\":\"ImageObject\",\"inLanguage\":\"es\",\"@id\":\"https:\\\/\\\/fabriciob.ar\\\/web\\\/#\\\/schema\\\/logo\\\/image\\\/\",\"url\":\"https:\\\/\\\/fabriciob.ar\\\/web\\\/wp-content\\\/uploads\\\/2020\\\/12\\\/cropped-fb-en-el-concejo-a-red-2-1.png\",\"contentUrl\":\"https:\\\/\\\/fabriciob.ar\\\/web\\\/wp-content\\\/uploads\\\/2020\\\/12\\\/cropped-fb-en-el-concejo-a-red-2-1.png\",\"width\":512,\"height\":512,\"caption\":\"Fabricio Bolatti-Sitio Oficial\"},\"image\":{\"@id\":\"https:\\\/\\\/fabriciob.ar\\\/web\\\/#\\\/schema\\\/logo\\\/image\\\/\"},\"sameAs\":[\"https:\\\/\\\/www.facebook.com\\\/fabriciobolattiK\\\/\",\"https:\\\/\\\/x.com\\\/fabriciobolatti\",\"https:\\\/\\\/www.instagram.com\\\/fabriciobolatti\\\/?igshid=7ztsgzj0mwql\",\"https:\\\/\\\/www.youtube.com\\\/channel\\\/UCWLMPKJZG1JgX9U29Pra3ng\"]},{\"@type\":\"Person\",\"@id\":\"https:\\\/\\\/fabriciob.ar\\\/web\\\/#\\\/schema\\\/person\\\/d56dbc2f2489983c5270184312aab61b\",\"name\":\"Equipo Fabricio\",\"image\":{\"@type\":\"ImageObject\",\"inLanguage\":\"es\",\"@id\":\"https:\\\/\\\/secure.gravatar.com\\\/avatar\\\/9d8e99352a71f2ac7e650885bc7721fe9d667070a36c2a5bb86aab909b8cf626?s=96&d=mm&r=g\",\"url\":\"https:\\\/\\\/secure.gravatar.com\\\/avatar\\\/9d8e99352a71f2ac7e650885bc7721fe9d667070a36c2a5bb86aab909b8cf626?s=96&d=mm&r=g\",\"contentUrl\":\"https:\\\/\\\/secure.gravatar.com\\\/avatar\\\/9d8e99352a71f2ac7e650885bc7721fe9d667070a36c2a5bb86aab909b8cf626?s=96&d=mm&r=g\",\"caption\":\"Equipo Fabricio\"},\"url\":\"https:\\\/\\\/fabriciob.ar\\\/web\\\/author\\\/admin\\\/\"}]}<\/script>\n<!-- \/ Yoast SEO plugin. -->","yoast_head_json":{"title":"Acuerdo entre el espacio de Gustavo Mart\u00ednez y la UCR favoreci\u00f3 la sanci\u00f3n de ordenanzas negativas para los resistencianos - Fabricio Bolatti","robots":{"index":"index","follow":"follow","max-snippet":"max-snippet:-1","max-image-preview":"max-image-preview:large","max-video-preview":"max-video-preview:-1"},"canonical":"https:\/\/fabriciob.ar\/web\/acuerdo-entre-el-espacio-de-gustavo-martinez-y-la-ucr-favorecio-la-sancion-de-ordenanzas-negativas-para-los-resistencianos\/","og_locale":"es_ES","og_type":"article","og_title":"Acuerdo entre el espacio de Gustavo Mart\u00ednez y la UCR favoreci\u00f3 la sanci\u00f3n de ordenanzas negativas para los resistencianos - Fabricio Bolatti","og_url":"https:\/\/fabriciob.ar\/web\/acuerdo-entre-el-espacio-de-gustavo-martinez-y-la-ucr-favorecio-la-sancion-de-ordenanzas-negativas-para-los-resistencianos\/","og_site_name":"Fabricio Bolatti","article_publisher":"https:\/\/www.facebook.com\/fabriciobolattiK\/","article_published_time":"2021-12-22T15:43:25+00:00","article_modified_time":"2021-12-28T15:43:43+00:00","og_image":[{"width":1204,"height":576,"url":"https:\/\/fabriciob.ar\/web\/wp-content\/uploads\/2021\/12\/Bolatti-Sesion-37.jpeg","type":"image\/jpeg"}],"author":"Equipo Fabricio","twitter_card":"summary_large_image","twitter_creator":"@fabriciobolatti","twitter_site":"@fabriciobolatti","twitter_misc":{"Escrito por":"Equipo Fabricio","Tiempo de lectura":"3 minutos"},"schema":{"@context":"https:\/\/schema.org","@graph":[{"@type":"Article","@id":"https:\/\/fabriciob.ar\/web\/acuerdo-entre-el-espacio-de-gustavo-martinez-y-la-ucr-favorecio-la-sancion-de-ordenanzas-negativas-para-los-resistencianos\/#article","isPartOf":{"@id":"https:\/\/fabriciob.ar\/web\/acuerdo-entre-el-espacio-de-gustavo-martinez-y-la-ucr-favorecio-la-sancion-de-ordenanzas-negativas-para-los-resistencianos\/"},"author":{"name":"Equipo Fabricio","@id":"https:\/\/fabriciob.ar\/web\/#\/schema\/person\/d56dbc2f2489983c5270184312aab61b"},"headline":"Acuerdo entre el espacio de Gustavo Mart\u00ednez y la UCR favoreci\u00f3 la sanci\u00f3n de ordenanzas negativas para los resistencianos","datePublished":"2021-12-22T15:43:25+00:00","dateModified":"2021-12-28T15:43:43+00:00","mainEntityOfPage":{"@id":"https:\/\/fabriciob.ar\/web\/acuerdo-entre-el-espacio-de-gustavo-martinez-y-la-ucr-favorecio-la-sancion-de-ordenanzas-negativas-para-los-resistencianos\/"},"wordCount":715,"commentCount":0,"publisher":{"@id":"https:\/\/fabriciob.ar\/web\/#organization"},"image":{"@id":"https:\/\/fabriciob.ar\/web\/acuerdo-entre-el-espacio-de-gustavo-martinez-y-la-ucr-favorecio-la-sancion-de-ordenanzas-negativas-para-los-resistencianos\/#primaryimage"},"thumbnailUrl":"https:\/\/fabriciob.ar\/web\/wp-content\/uploads\/2021\/12\/Bolatti-Sesion-37.jpeg","articleSection":["COMUNICADOS DE PRENSA"],"inLanguage":"es","potentialAction":[{"@type":"CommentAction","name":"Comment","target":["https:\/\/fabriciob.ar\/web\/acuerdo-entre-el-espacio-de-gustavo-martinez-y-la-ucr-favorecio-la-sancion-de-ordenanzas-negativas-para-los-resistencianos\/#respond"]}]},{"@type":"WebPage","@id":"https:\/\/fabriciob.ar\/web\/acuerdo-entre-el-espacio-de-gustavo-martinez-y-la-ucr-favorecio-la-sancion-de-ordenanzas-negativas-para-los-resistencianos\/","url":"https:\/\/fabriciob.ar\/web\/acuerdo-entre-el-espacio-de-gustavo-martinez-y-la-ucr-favorecio-la-sancion-de-ordenanzas-negativas-para-los-resistencianos\/","name":"Acuerdo entre el espacio de Gustavo Mart\u00ednez y la UCR favoreci\u00f3 la sanci\u00f3n de ordenanzas negativas para los resistencianos - Fabricio Bolatti","isPartOf":{"@id":"https:\/\/fabriciob.ar\/web\/#website"},"primaryImageOfPage":{"@id":"https:\/\/fabriciob.ar\/web\/acuerdo-entre-el-espacio-de-gustavo-martinez-y-la-ucr-favorecio-la-sancion-de-ordenanzas-negativas-para-los-resistencianos\/#primaryimage"},"image":{"@id":"https:\/\/fabriciob.ar\/web\/acuerdo-entre-el-espacio-de-gustavo-martinez-y-la-ucr-favorecio-la-sancion-de-ordenanzas-negativas-para-los-resistencianos\/#primaryimage"},"thumbnailUrl":"https:\/\/fabriciob.ar\/web\/wp-content\/uploads\/2021\/12\/Bolatti-Sesion-37.jpeg","datePublished":"2021-12-22T15:43:25+00:00","dateModified":"2021-12-28T15:43:43+00:00","breadcrumb":{"@id":"https:\/\/fabriciob.ar\/web\/acuerdo-entre-el-espacio-de-gustavo-martinez-y-la-ucr-favorecio-la-sancion-de-ordenanzas-negativas-para-los-resistencianos\/#breadcrumb"},"inLanguage":"es","potentialAction":[{"@type":"ReadAction","target":["https:\/\/fabriciob.ar\/web\/acuerdo-entre-el-espacio-de-gustavo-martinez-y-la-ucr-favorecio-la-sancion-de-ordenanzas-negativas-para-los-resistencianos\/"]}]},{"@type":"ImageObject","inLanguage":"es","@id":"https:\/\/fabriciob.ar\/web\/acuerdo-entre-el-espacio-de-gustavo-martinez-y-la-ucr-favorecio-la-sancion-de-ordenanzas-negativas-para-los-resistencianos\/#primaryimage","url":"https:\/\/fabriciob.ar\/web\/wp-content\/uploads\/2021\/12\/Bolatti-Sesion-37.jpeg","contentUrl":"https:\/\/fabriciob.ar\/web\/wp-content\/uploads\/2021\/12\/Bolatti-Sesion-37.jpeg","width":1204,"height":576},{"@type":"BreadcrumbList","@id":"https:\/\/fabriciob.ar\/web\/acuerdo-entre-el-espacio-de-gustavo-martinez-y-la-ucr-favorecio-la-sancion-de-ordenanzas-negativas-para-los-resistencianos\/#breadcrumb","itemListElement":[{"@type":"ListItem","position":1,"name":"Portada","item":"https:\/\/fabriciob.ar\/web\/"},{"@type":"ListItem","position":2,"name":"Acuerdo entre el espacio de Gustavo Mart\u00ednez y la UCR favoreci\u00f3 la sanci\u00f3n de ordenanzas negativas para los resistencianos"}]},{"@type":"WebSite","@id":"https:\/\/fabriciob.ar\/web\/#website","url":"https:\/\/fabriciob.ar\/web\/","name":"Fabricio Bolatti","description":"Sitio Oficial-Comunicaci\u00f3n institucional de la gesti\u00f3n legislativa del concejal Fabricio Bolatti con los vecinos y vecinas de la ciudad de Resistencia","publisher":{"@id":"https:\/\/fabriciob.ar\/web\/#organization"},"potentialAction":[{"@type":"SearchAction","target":{"@type":"EntryPoint","urlTemplate":"https:\/\/fabriciob.ar\/web\/?s={search_term_string}"},"query-input":{"@type":"PropertyValueSpecification","valueRequired":true,"valueName":"search_term_string"}}],"inLanguage":"es"},{"@type":"Organization","@id":"https:\/\/fabriciob.ar\/web\/#organization","name":"Fabricio Bolatti-Sitio Oficial","url":"https:\/\/fabriciob.ar\/web\/","logo":{"@type":"ImageObject","inLanguage":"es","@id":"https:\/\/fabriciob.ar\/web\/#\/schema\/logo\/image\/","url":"https:\/\/fabriciob.ar\/web\/wp-content\/uploads\/2020\/12\/cropped-fb-en-el-concejo-a-red-2-1.png","contentUrl":"https:\/\/fabriciob.ar\/web\/wp-content\/uploads\/2020\/12\/cropped-fb-en-el-concejo-a-red-2-1.png","width":512,"height":512,"caption":"Fabricio Bolatti-Sitio Oficial"},"image":{"@id":"https:\/\/fabriciob.ar\/web\/#\/schema\/logo\/image\/"},"sameAs":["https:\/\/www.facebook.com\/fabriciobolattiK\/","https:\/\/x.com\/fabriciobolatti","https:\/\/www.instagram.com\/fabriciobolatti\/?igshid=7ztsgzj0mwql","https:\/\/www.youtube.com\/channel\/UCWLMPKJZG1JgX9U29Pra3ng"]},{"@type":"Person","@id":"https:\/\/fabriciob.ar\/web\/#\/schema\/person\/d56dbc2f2489983c5270184312aab61b","name":"Equipo Fabricio","image":{"@type":"ImageObject","inLanguage":"es","@id":"https:\/\/secure.gravatar.com\/avatar\/9d8e99352a71f2ac7e650885bc7721fe9d667070a36c2a5bb86aab909b8cf626?s=96&d=mm&r=g","url":"https:\/\/secure.gravatar.com\/avatar\/9d8e99352a71f2ac7e650885bc7721fe9d667070a36c2a5bb86aab909b8cf626?s=96&d=mm&r=g","contentUrl":"https:\/\/secure.gravatar.com\/avatar\/9d8e99352a71f2ac7e650885bc7721fe9d667070a36c2a5bb86aab909b8cf626?s=96&d=mm&r=g","caption":"Equipo Fabricio"},"url":"https:\/\/fabriciob.ar\/web\/author\/admin\/"}]}},"_links":{"self":[{"href":"https:\/\/fabriciob.ar\/web\/wp-json\/wp\/v2\/posts\/6609","targetHints":{"allow":["GET"]}}],"collection":[{"href":"https:\/\/fabriciob.ar\/web\/wp-json\/wp\/v2\/posts"}],"about":[{"href":"https:\/\/fabriciob.ar\/web\/wp-json\/wp\/v2\/types\/post"}],"author":[{"embeddable":true,"href":"https:\/\/fabriciob.ar\/web\/wp-json\/wp\/v2\/users\/3"}],"replies":[{"embeddable":true,"href":"https:\/\/fabriciob.ar\/web\/wp-json\/wp\/v2\/comments?post=6609"}],"version-history":[{"count":0,"href":"https:\/\/fabriciob.ar\/web\/wp-json\/wp\/v2\/posts\/6609\/revisions"}],"wp:featuredmedia":[{"embeddable":true,"href":"https:\/\/fabriciob.ar\/web\/wp-json\/wp\/v2\/media\/6605"}],"wp:attachment":[{"href":"https:\/\/fabriciob.ar\/web\/wp-json\/wp\/v2\/media?parent=6609"}],"wp:term":[{"taxonomy":"category","embeddable":true,"href":"https:\/\/fabriciob.ar\/web\/wp-json\/wp\/v2\/categories?post=6609"},{"taxonomy":"post_tag","embeddable":true,"href":"https:\/\/fabriciob.ar\/web\/wp-json\/wp\/v2\/tags?post=6609"}],"curies":[{"name":"wp","href":"https:\/\/api.w.org\/{rel}","templated":true}]}}