{"id":6612,"date":"2021-12-27T15:43:54","date_gmt":"2021-12-27T15:43:54","guid":{"rendered":"https:\/\/fabriciob.ar\/web\/?p=6612"},"modified":"2021-12-28T15:45:35","modified_gmt":"2021-12-28T15:45:35","slug":"sin-el-voto-de-la-ucr-no-habia-impuestazo","status":"publish","type":"post","link":"https:\/\/fabriciob.ar\/web\/sin-el-voto-de-la-ucr-no-habia-impuestazo\/","title":{"rendered":"Sin el voto de la UCR no hab\u00eda \u00abimpuestazo\u00bb"},"content":{"rendered":"<p><!--more--><\/p>\n<p>&nbsp;<\/p>\n<p><em><strong>\u201cGestan acuerdos con la Intendencia a espaldas de la ciudadan\u00eda\u201d<\/strong><\/em><\/p>\n<p>En la sesi\u00f3n del Concejo Municipal de Resistencia celebrada el pasado martes 21 de diciembre, se aprobaron siete ordenanzas de las cuales cuatro no benefician a los resistencianos, y se lo hicimos saber a la sociedad, como lo hemos hecho siempre, ya que es nuestra base promover el debate serio, transparente y bien intencionado, garantizando no s\u00f3lo la informaci\u00f3n sino tambi\u00e9n la participaci\u00f3n de la ciudadan\u00eda.<\/p>\n<p>Una vez m\u00e1s, los concejales de la UCR, Carlos Salom, Teresa Celada y Carla Canteros y Ort\u00edz Melgratti, me adjudican querer confundir, desinformar, mentir y votar algo distinto a lo que digo, pero lo que ocurre en la pr\u00e1ctica es justamente lo contrario, ya que son ellos quienes gestan acuerdos con el oficialismo municipal a espaldas de la ciudadan\u00eda y no como hechos aislados sino como parte principal de su estrategia pol\u00edtica.<\/p>\n<p>Las \u00faltimas cuatro ordenanzas sancionadas gracias al acuerdo entre los ediles de la UCR y el intendente Gustavo Mart\u00ednez, y que, junto a mi par Alicia Fr\u00edas no acompa\u00f1amos, fueron:<\/p>\n<p>1- Aumento del Presupuesto 2021, que incorpora nuevos recursos, su afectaci\u00f3n, y superpoderes para el intendente. Es un aumento al Presupuesto 2021 que oportunamente ya votamos en contra, objetamos irregularidades y finalmente denunciamos judicialmente ante el STJ parad\u00f3jicamente junto a los concejales Salom, Celada y Canteros; por arrogar y concentrar facultades del Concejo en la Intendencia, lo que est\u00e1 prohibido. Sin embargo, votaron a favor legitimando la ordenanza antes objetada, lo cual evidencia su contradicci\u00f3n.<br \/>\n2- Zonificaci\u00f3n de Distrito, que modifica la zonificaci\u00f3n de distritos del C\u00f3digo de Planeamiento Urbano Ambiental y tuvo objeciones y un alto rechazo en las audiencias p\u00fablicas celebradas. Promueve la urbanizaci\u00f3n enfocada mayoritariamente en lo que es la cuenca del R\u00edo Negro. Consideramos m\u00e1s importante trabajar por su preservaci\u00f3n y conservaci\u00f3n que por su urbanizaci\u00f3n.<br \/>\n3- Pr\u00f3rroga del \u201cPrograma de Regularizaci\u00f3n de Obras Privadas, con car\u00e1cter excepcional y transitorio\u201d, ya que con ella se otorga un Certificado Parcial de Final de Obra, a construcciones que tienen observaciones de lo m\u00e1s diversas, que incluyen cuestiones de seguridad que podr\u00edan generar da\u00f1os irreparables en los bienes y en las personas.<br \/>\n4- Pr\u00f3rroga del Estado de Emergencia Econ\u00f3mica, Financiera, Administrativa y Social del Municipio. No acompa\u00f1amos la sanci\u00f3n de este proyecto ya que falta informaci\u00f3n solicitada en las comisiones y que no fue respondida oportunamente, con lo cual no podemos decidir, desconociendo sobre el estado de emergencia del Municipio.<\/p>\n<p><strong>Sin el voto de la UCR no hab\u00eda \u00abimpuestazo\u00bb<\/strong><\/p>\n<p>Los concejales radicales me acusan de \u201cirresponsable\u201d, de \u201cocasionar graves da\u00f1os al municipio, a los trabajadores y a los vecinos\u201d y \u201cperjudicar a los ciudadanos\u00bb, por haber denunciado judicialmente la ordenanza del \u201cimpuestazo\u201d que hab\u00eda votado a favor.<\/p>\n<p>Y a esta acusaci\u00f3n les respondo: S\u00cd. Es verdad que en general votamos a favor, pero fue sobre una propuesta diferente, distinta a la que luego fuera aplicada, y por ello nos presentamos a la justicia. Denunciamos solos el aumento ilegal y tramposo del \u00abimpuestazo\u00bb, mientras la UCR dio los votos para su tratamiento y aprobaci\u00f3n, porque sin el voto de la UCR no hab\u00eda \u00abimpuestazo\u201d.<\/p>\n<p>Lo peor de todo es que defend\u00edan el aumento desmedido de tributos, mientras nosotros solos, nos presentamos y logramos un fallo de inconstitucionalidad que hizo caer esta ilegal norma que era repudiada socialmente.<\/p>\n<p>Pero esta falta de compromiso e incoherencia pol\u00edtica no termina ah\u00ed, ya que a las semanas de salir nuestro fallo, volvieron a dar los votos para implementar un incremento.<\/p>\n<p>As\u00ed que, si de confundir hablamos, ya es su \u00abarte\u00bb hacerlo bien y seguido. Como dije una vez, hacen la del \u00abtero\u00bb, que gritan por un lado y ponen el huevo en otro.<\/p>\n","protected":false},"excerpt":{"rendered":"","protected":false},"author":3,"featured_media":6603,"comment_status":"open","ping_status":"open","sticky":false,"template":"","format":"standard","meta":{"_joinchat":[],"footnotes":""},"categories":[27],"tags":[],"class_list":["post-6612","post","type-post","status-publish","format-standard","has-post-thumbnail","hentry","category-comunicados-de-prensa"],"yoast_head":"<!-- This site is optimized with the Yoast SEO plugin v27.5 - https:\/\/yoast.com\/product\/yoast-seo-wordpress\/ -->\n<title>Sin el voto de la UCR no hab\u00eda &quot;impuestazo&#039;&#039; - Fabricio Bolatti<\/title>\n<meta name=\"robots\" content=\"index, follow, max-snippet:-1, max-image-preview:large, max-video-preview:-1\" \/>\n<link rel=\"canonical\" href=\"https:\/\/fabriciob.ar\/web\/sin-el-voto-de-la-ucr-no-habia-impuestazo\/\" \/>\n<meta property=\"og:locale\" content=\"es_ES\" \/>\n<meta property=\"og:type\" content=\"article\" \/>\n<meta property=\"og:title\" content=\"Sin el voto de la UCR no hab\u00eda &quot;impuestazo&#039;&#039; - Fabricio Bolatti\" \/>\n<meta property=\"og:url\" content=\"https:\/\/fabriciob.ar\/web\/sin-el-voto-de-la-ucr-no-habia-impuestazo\/\" \/>\n<meta property=\"og:site_name\" content=\"Fabricio Bolatti\" \/>\n<meta property=\"article:publisher\" content=\"https:\/\/www.facebook.com\/fabriciobolattiK\/\" \/>\n<meta property=\"article:published_time\" content=\"2021-12-27T15:43:54+00:00\" \/>\n<meta property=\"article:modified_time\" content=\"2021-12-28T15:45:35+00:00\" \/>\n<meta property=\"og:image\" content=\"https:\/\/fabriciob.ar\/web\/wp-content\/uploads\/2021\/12\/Bolatti-Frias-2-850x560-1.jpg\" \/>\n\t<meta property=\"og:image:width\" content=\"850\" \/>\n\t<meta property=\"og:image:height\" content=\"560\" \/>\n\t<meta property=\"og:image:type\" content=\"image\/jpeg\" \/>\n<meta name=\"author\" content=\"Equipo Fabricio\" \/>\n<meta name=\"twitter:card\" content=\"summary_large_image\" \/>\n<meta name=\"twitter:creator\" content=\"@fabriciobolatti\" \/>\n<meta name=\"twitter:site\" content=\"@fabriciobolatti\" \/>\n<meta name=\"twitter:label1\" content=\"Escrito por\" \/>\n\t<meta name=\"twitter:data1\" content=\"Equipo Fabricio\" \/>\n\t<meta name=\"twitter:label2\" content=\"Tiempo de lectura\" \/>\n\t<meta name=\"twitter:data2\" content=\"3 minutos\" \/>\n<script type=\"application\/ld+json\" class=\"yoast-schema-graph\">{\"@context\":\"https:\\\/\\\/schema.org\",\"@graph\":[{\"@type\":\"Article\",\"@id\":\"https:\\\/\\\/fabriciob.ar\\\/web\\\/sin-el-voto-de-la-ucr-no-habia-impuestazo\\\/#article\",\"isPartOf\":{\"@id\":\"https:\\\/\\\/fabriciob.ar\\\/web\\\/sin-el-voto-de-la-ucr-no-habia-impuestazo\\\/\"},\"author\":{\"name\":\"Equipo Fabricio\",\"@id\":\"https:\\\/\\\/fabriciob.ar\\\/web\\\/#\\\/schema\\\/person\\\/d56dbc2f2489983c5270184312aab61b\"},\"headline\":\"Sin el voto de la UCR no hab\u00eda \u00abimpuestazo\u00bb\",\"datePublished\":\"2021-12-27T15:43:54+00:00\",\"dateModified\":\"2021-12-28T15:45:35+00:00\",\"mainEntityOfPage\":{\"@id\":\"https:\\\/\\\/fabriciob.ar\\\/web\\\/sin-el-voto-de-la-ucr-no-habia-impuestazo\\\/\"},\"wordCount\":672,\"commentCount\":0,\"publisher\":{\"@id\":\"https:\\\/\\\/fabriciob.ar\\\/web\\\/#organization\"},\"image\":{\"@id\":\"https:\\\/\\\/fabriciob.ar\\\/web\\\/sin-el-voto-de-la-ucr-no-habia-impuestazo\\\/#primaryimage\"},\"thumbnailUrl\":\"https:\\\/\\\/fabriciob.ar\\\/web\\\/wp-content\\\/uploads\\\/2021\\\/12\\\/Bolatti-Frias-2-850x560-1.jpg\",\"articleSection\":[\"COMUNICADOS DE PRENSA\"],\"inLanguage\":\"es\",\"potentialAction\":[{\"@type\":\"CommentAction\",\"name\":\"Comment\",\"target\":[\"https:\\\/\\\/fabriciob.ar\\\/web\\\/sin-el-voto-de-la-ucr-no-habia-impuestazo\\\/#respond\"]}]},{\"@type\":\"WebPage\",\"@id\":\"https:\\\/\\\/fabriciob.ar\\\/web\\\/sin-el-voto-de-la-ucr-no-habia-impuestazo\\\/\",\"url\":\"https:\\\/\\\/fabriciob.ar\\\/web\\\/sin-el-voto-de-la-ucr-no-habia-impuestazo\\\/\",\"name\":\"Sin el voto de la UCR no hab\u00eda \\\"impuestazo'' - Fabricio Bolatti\",\"isPartOf\":{\"@id\":\"https:\\\/\\\/fabriciob.ar\\\/web\\\/#website\"},\"primaryImageOfPage\":{\"@id\":\"https:\\\/\\\/fabriciob.ar\\\/web\\\/sin-el-voto-de-la-ucr-no-habia-impuestazo\\\/#primaryimage\"},\"image\":{\"@id\":\"https:\\\/\\\/fabriciob.ar\\\/web\\\/sin-el-voto-de-la-ucr-no-habia-impuestazo\\\/#primaryimage\"},\"thumbnailUrl\":\"https:\\\/\\\/fabriciob.ar\\\/web\\\/wp-content\\\/uploads\\\/2021\\\/12\\\/Bolatti-Frias-2-850x560-1.jpg\",\"datePublished\":\"2021-12-27T15:43:54+00:00\",\"dateModified\":\"2021-12-28T15:45:35+00:00\",\"breadcrumb\":{\"@id\":\"https:\\\/\\\/fabriciob.ar\\\/web\\\/sin-el-voto-de-la-ucr-no-habia-impuestazo\\\/#breadcrumb\"},\"inLanguage\":\"es\",\"potentialAction\":[{\"@type\":\"ReadAction\",\"target\":[\"https:\\\/\\\/fabriciob.ar\\\/web\\\/sin-el-voto-de-la-ucr-no-habia-impuestazo\\\/\"]}]},{\"@type\":\"ImageObject\",\"inLanguage\":\"es\",\"@id\":\"https:\\\/\\\/fabriciob.ar\\\/web\\\/sin-el-voto-de-la-ucr-no-habia-impuestazo\\\/#primaryimage\",\"url\":\"https:\\\/\\\/fabriciob.ar\\\/web\\\/wp-content\\\/uploads\\\/2021\\\/12\\\/Bolatti-Frias-2-850x560-1.jpg\",\"contentUrl\":\"https:\\\/\\\/fabriciob.ar\\\/web\\\/wp-content\\\/uploads\\\/2021\\\/12\\\/Bolatti-Frias-2-850x560-1.jpg\",\"width\":850,\"height\":560},{\"@type\":\"BreadcrumbList\",\"@id\":\"https:\\\/\\\/fabriciob.ar\\\/web\\\/sin-el-voto-de-la-ucr-no-habia-impuestazo\\\/#breadcrumb\",\"itemListElement\":[{\"@type\":\"ListItem\",\"position\":1,\"name\":\"Portada\",\"item\":\"https:\\\/\\\/fabriciob.ar\\\/web\\\/\"},{\"@type\":\"ListItem\",\"position\":2,\"name\":\"Sin el voto de la UCR no hab\u00eda &#8220;impuestazo&#8221;\"}]},{\"@type\":\"WebSite\",\"@id\":\"https:\\\/\\\/fabriciob.ar\\\/web\\\/#website\",\"url\":\"https:\\\/\\\/fabriciob.ar\\\/web\\\/\",\"name\":\"Fabricio Bolatti\",\"description\":\"Sitio Oficial-Comunicaci\u00f3n institucional de la gesti\u00f3n legislativa del concejal Fabricio Bolatti con los vecinos y vecinas de la ciudad de Resistencia\",\"publisher\":{\"@id\":\"https:\\\/\\\/fabriciob.ar\\\/web\\\/#organization\"},\"potentialAction\":[{\"@type\":\"SearchAction\",\"target\":{\"@type\":\"EntryPoint\",\"urlTemplate\":\"https:\\\/\\\/fabriciob.ar\\\/web\\\/?s={search_term_string}\"},\"query-input\":{\"@type\":\"PropertyValueSpecification\",\"valueRequired\":true,\"valueName\":\"search_term_string\"}}],\"inLanguage\":\"es\"},{\"@type\":\"Organization\",\"@id\":\"https:\\\/\\\/fabriciob.ar\\\/web\\\/#organization\",\"name\":\"Fabricio Bolatti-Sitio Oficial\",\"url\":\"https:\\\/\\\/fabriciob.ar\\\/web\\\/\",\"logo\":{\"@type\":\"ImageObject\",\"inLanguage\":\"es\",\"@id\":\"https:\\\/\\\/fabriciob.ar\\\/web\\\/#\\\/schema\\\/logo\\\/image\\\/\",\"url\":\"https:\\\/\\\/fabriciob.ar\\\/web\\\/wp-content\\\/uploads\\\/2020\\\/12\\\/cropped-fb-en-el-concejo-a-red-2-1.png\",\"contentUrl\":\"https:\\\/\\\/fabriciob.ar\\\/web\\\/wp-content\\\/uploads\\\/2020\\\/12\\\/cropped-fb-en-el-concejo-a-red-2-1.png\",\"width\":512,\"height\":512,\"caption\":\"Fabricio Bolatti-Sitio Oficial\"},\"image\":{\"@id\":\"https:\\\/\\\/fabriciob.ar\\\/web\\\/#\\\/schema\\\/logo\\\/image\\\/\"},\"sameAs\":[\"https:\\\/\\\/www.facebook.com\\\/fabriciobolattiK\\\/\",\"https:\\\/\\\/x.com\\\/fabriciobolatti\",\"https:\\\/\\\/www.instagram.com\\\/fabriciobolatti\\\/?igshid=7ztsgzj0mwql\",\"https:\\\/\\\/www.youtube.com\\\/channel\\\/UCWLMPKJZG1JgX9U29Pra3ng\"]},{\"@type\":\"Person\",\"@id\":\"https:\\\/\\\/fabriciob.ar\\\/web\\\/#\\\/schema\\\/person\\\/d56dbc2f2489983c5270184312aab61b\",\"name\":\"Equipo Fabricio\",\"image\":{\"@type\":\"ImageObject\",\"inLanguage\":\"es\",\"@id\":\"https:\\\/\\\/secure.gravatar.com\\\/avatar\\\/9d8e99352a71f2ac7e650885bc7721fe9d667070a36c2a5bb86aab909b8cf626?s=96&d=mm&r=g\",\"url\":\"https:\\\/\\\/secure.gravatar.com\\\/avatar\\\/9d8e99352a71f2ac7e650885bc7721fe9d667070a36c2a5bb86aab909b8cf626?s=96&d=mm&r=g\",\"contentUrl\":\"https:\\\/\\\/secure.gravatar.com\\\/avatar\\\/9d8e99352a71f2ac7e650885bc7721fe9d667070a36c2a5bb86aab909b8cf626?s=96&d=mm&r=g\",\"caption\":\"Equipo Fabricio\"},\"url\":\"https:\\\/\\\/fabriciob.ar\\\/web\\\/author\\\/admin\\\/\"}]}<\/script>\n<!-- \/ Yoast SEO plugin. -->","yoast_head_json":{"title":"Sin el voto de la UCR no hab\u00eda \"impuestazo'' - Fabricio Bolatti","robots":{"index":"index","follow":"follow","max-snippet":"max-snippet:-1","max-image-preview":"max-image-preview:large","max-video-preview":"max-video-preview:-1"},"canonical":"https:\/\/fabriciob.ar\/web\/sin-el-voto-de-la-ucr-no-habia-impuestazo\/","og_locale":"es_ES","og_type":"article","og_title":"Sin el voto de la UCR no hab\u00eda \"impuestazo'' - Fabricio Bolatti","og_url":"https:\/\/fabriciob.ar\/web\/sin-el-voto-de-la-ucr-no-habia-impuestazo\/","og_site_name":"Fabricio Bolatti","article_publisher":"https:\/\/www.facebook.com\/fabriciobolattiK\/","article_published_time":"2021-12-27T15:43:54+00:00","article_modified_time":"2021-12-28T15:45:35+00:00","og_image":[{"width":850,"height":560,"url":"https:\/\/fabriciob.ar\/web\/wp-content\/uploads\/2021\/12\/Bolatti-Frias-2-850x560-1.jpg","type":"image\/jpeg"}],"author":"Equipo Fabricio","twitter_card":"summary_large_image","twitter_creator":"@fabriciobolatti","twitter_site":"@fabriciobolatti","twitter_misc":{"Escrito por":"Equipo Fabricio","Tiempo de lectura":"3 minutos"},"schema":{"@context":"https:\/\/schema.org","@graph":[{"@type":"Article","@id":"https:\/\/fabriciob.ar\/web\/sin-el-voto-de-la-ucr-no-habia-impuestazo\/#article","isPartOf":{"@id":"https:\/\/fabriciob.ar\/web\/sin-el-voto-de-la-ucr-no-habia-impuestazo\/"},"author":{"name":"Equipo Fabricio","@id":"https:\/\/fabriciob.ar\/web\/#\/schema\/person\/d56dbc2f2489983c5270184312aab61b"},"headline":"Sin el voto de la UCR no hab\u00eda \u00abimpuestazo\u00bb","datePublished":"2021-12-27T15:43:54+00:00","dateModified":"2021-12-28T15:45:35+00:00","mainEntityOfPage":{"@id":"https:\/\/fabriciob.ar\/web\/sin-el-voto-de-la-ucr-no-habia-impuestazo\/"},"wordCount":672,"commentCount":0,"publisher":{"@id":"https:\/\/fabriciob.ar\/web\/#organization"},"image":{"@id":"https:\/\/fabriciob.ar\/web\/sin-el-voto-de-la-ucr-no-habia-impuestazo\/#primaryimage"},"thumbnailUrl":"https:\/\/fabriciob.ar\/web\/wp-content\/uploads\/2021\/12\/Bolatti-Frias-2-850x560-1.jpg","articleSection":["COMUNICADOS DE PRENSA"],"inLanguage":"es","potentialAction":[{"@type":"CommentAction","name":"Comment","target":["https:\/\/fabriciob.ar\/web\/sin-el-voto-de-la-ucr-no-habia-impuestazo\/#respond"]}]},{"@type":"WebPage","@id":"https:\/\/fabriciob.ar\/web\/sin-el-voto-de-la-ucr-no-habia-impuestazo\/","url":"https:\/\/fabriciob.ar\/web\/sin-el-voto-de-la-ucr-no-habia-impuestazo\/","name":"Sin el voto de la UCR no hab\u00eda \"impuestazo'' - Fabricio Bolatti","isPartOf":{"@id":"https:\/\/fabriciob.ar\/web\/#website"},"primaryImageOfPage":{"@id":"https:\/\/fabriciob.ar\/web\/sin-el-voto-de-la-ucr-no-habia-impuestazo\/#primaryimage"},"image":{"@id":"https:\/\/fabriciob.ar\/web\/sin-el-voto-de-la-ucr-no-habia-impuestazo\/#primaryimage"},"thumbnailUrl":"https:\/\/fabriciob.ar\/web\/wp-content\/uploads\/2021\/12\/Bolatti-Frias-2-850x560-1.jpg","datePublished":"2021-12-27T15:43:54+00:00","dateModified":"2021-12-28T15:45:35+00:00","breadcrumb":{"@id":"https:\/\/fabriciob.ar\/web\/sin-el-voto-de-la-ucr-no-habia-impuestazo\/#breadcrumb"},"inLanguage":"es","potentialAction":[{"@type":"ReadAction","target":["https:\/\/fabriciob.ar\/web\/sin-el-voto-de-la-ucr-no-habia-impuestazo\/"]}]},{"@type":"ImageObject","inLanguage":"es","@id":"https:\/\/fabriciob.ar\/web\/sin-el-voto-de-la-ucr-no-habia-impuestazo\/#primaryimage","url":"https:\/\/fabriciob.ar\/web\/wp-content\/uploads\/2021\/12\/Bolatti-Frias-2-850x560-1.jpg","contentUrl":"https:\/\/fabriciob.ar\/web\/wp-content\/uploads\/2021\/12\/Bolatti-Frias-2-850x560-1.jpg","width":850,"height":560},{"@type":"BreadcrumbList","@id":"https:\/\/fabriciob.ar\/web\/sin-el-voto-de-la-ucr-no-habia-impuestazo\/#breadcrumb","itemListElement":[{"@type":"ListItem","position":1,"name":"Portada","item":"https:\/\/fabriciob.ar\/web\/"},{"@type":"ListItem","position":2,"name":"Sin el voto de la UCR no hab\u00eda &#8220;impuestazo&#8221;"}]},{"@type":"WebSite","@id":"https:\/\/fabriciob.ar\/web\/#website","url":"https:\/\/fabriciob.ar\/web\/","name":"Fabricio Bolatti","description":"Sitio Oficial-Comunicaci\u00f3n institucional de la gesti\u00f3n legislativa del concejal Fabricio Bolatti con los vecinos y vecinas de la ciudad de Resistencia","publisher":{"@id":"https:\/\/fabriciob.ar\/web\/#organization"},"potentialAction":[{"@type":"SearchAction","target":{"@type":"EntryPoint","urlTemplate":"https:\/\/fabriciob.ar\/web\/?s={search_term_string}"},"query-input":{"@type":"PropertyValueSpecification","valueRequired":true,"valueName":"search_term_string"}}],"inLanguage":"es"},{"@type":"Organization","@id":"https:\/\/fabriciob.ar\/web\/#organization","name":"Fabricio Bolatti-Sitio Oficial","url":"https:\/\/fabriciob.ar\/web\/","logo":{"@type":"ImageObject","inLanguage":"es","@id":"https:\/\/fabriciob.ar\/web\/#\/schema\/logo\/image\/","url":"https:\/\/fabriciob.ar\/web\/wp-content\/uploads\/2020\/12\/cropped-fb-en-el-concejo-a-red-2-1.png","contentUrl":"https:\/\/fabriciob.ar\/web\/wp-content\/uploads\/2020\/12\/cropped-fb-en-el-concejo-a-red-2-1.png","width":512,"height":512,"caption":"Fabricio Bolatti-Sitio Oficial"},"image":{"@id":"https:\/\/fabriciob.ar\/web\/#\/schema\/logo\/image\/"},"sameAs":["https:\/\/www.facebook.com\/fabriciobolattiK\/","https:\/\/x.com\/fabriciobolatti","https:\/\/www.instagram.com\/fabriciobolatti\/?igshid=7ztsgzj0mwql","https:\/\/www.youtube.com\/channel\/UCWLMPKJZG1JgX9U29Pra3ng"]},{"@type":"Person","@id":"https:\/\/fabriciob.ar\/web\/#\/schema\/person\/d56dbc2f2489983c5270184312aab61b","name":"Equipo Fabricio","image":{"@type":"ImageObject","inLanguage":"es","@id":"https:\/\/secure.gravatar.com\/avatar\/9d8e99352a71f2ac7e650885bc7721fe9d667070a36c2a5bb86aab909b8cf626?s=96&d=mm&r=g","url":"https:\/\/secure.gravatar.com\/avatar\/9d8e99352a71f2ac7e650885bc7721fe9d667070a36c2a5bb86aab909b8cf626?s=96&d=mm&r=g","contentUrl":"https:\/\/secure.gravatar.com\/avatar\/9d8e99352a71f2ac7e650885bc7721fe9d667070a36c2a5bb86aab909b8cf626?s=96&d=mm&r=g","caption":"Equipo Fabricio"},"url":"https:\/\/fabriciob.ar\/web\/author\/admin\/"}]}},"_links":{"self":[{"href":"https:\/\/fabriciob.ar\/web\/wp-json\/wp\/v2\/posts\/6612","targetHints":{"allow":["GET"]}}],"collection":[{"href":"https:\/\/fabriciob.ar\/web\/wp-json\/wp\/v2\/posts"}],"about":[{"href":"https:\/\/fabriciob.ar\/web\/wp-json\/wp\/v2\/types\/post"}],"author":[{"embeddable":true,"href":"https:\/\/fabriciob.ar\/web\/wp-json\/wp\/v2\/users\/3"}],"replies":[{"embeddable":true,"href":"https:\/\/fabriciob.ar\/web\/wp-json\/wp\/v2\/comments?post=6612"}],"version-history":[{"count":0,"href":"https:\/\/fabriciob.ar\/web\/wp-json\/wp\/v2\/posts\/6612\/revisions"}],"wp:featuredmedia":[{"embeddable":true,"href":"https:\/\/fabriciob.ar\/web\/wp-json\/wp\/v2\/media\/6603"}],"wp:attachment":[{"href":"https:\/\/fabriciob.ar\/web\/wp-json\/wp\/v2\/media?parent=6612"}],"wp:term":[{"taxonomy":"category","embeddable":true,"href":"https:\/\/fabriciob.ar\/web\/wp-json\/wp\/v2\/categories?post=6612"},{"taxonomy":"post_tag","embeddable":true,"href":"https:\/\/fabriciob.ar\/web\/wp-json\/wp\/v2\/tags?post=6612"}],"curies":[{"name":"wp","href":"https:\/\/api.w.org\/{rel}","templated":true}]}}