{"id":6614,"date":"2021-12-28T15:51:13","date_gmt":"2021-12-28T15:51:13","guid":{"rendered":"https:\/\/fabriciob.ar\/web\/?p=6614"},"modified":"2021-12-28T15:51:13","modified_gmt":"2021-12-28T15:51:13","slug":"nos-oponemos-al-aumento-de-tributos-y-al-presupuesto-con-superpoderes-que-propone-martinez","status":"publish","type":"post","link":"https:\/\/fabriciob.ar\/web\/nos-oponemos-al-aumento-de-tributos-y-al-presupuesto-con-superpoderes-que-propone-martinez\/","title":{"rendered":"Nos oponemos al aumento de tributos y al Presupuesto con superpoderes que propone Mart\u00ednez"},"content":{"rendered":"<p><!--more--><\/p>\n<p><em><strong>Aumentar tributos a quienes pagan no es la \u00fanica forma de que alcance, otra es asignarlos bien<\/strong><\/em><\/p>\n<p>&nbsp;<\/p>\n<p>Desde las bancas del Concejo Municipal de Resistencia, Alicia Fr\u00edas y Fabricio Bolatti, comparten un sint\u00e9tico informe de lo que, hasta ac\u00e1, fue planteado como propuesta de gesti\u00f3n para el a\u00f1o 2022 por parte del Ejecutivo local, hoy a cargo de Gustavo Mart\u00ednez.<\/p>\n<p>&nbsp;<\/p>\n<h5>ORDENANZA GENERAL TRIBUTARIA E IMPOSITIVA<\/h5>\n<p>En t\u00e9rminos generales y tomando los tres conceptos o tributos principales de la administraci\u00f3n de recursos propios de la comuna capital, Impuesto Inmobiliario, Tasas Retributiva de Servicios y Patente, concluimos en que la propuesta oficial parte de un incremento inicial del 50%, 55% anual, en t\u00e9rminos generales para \u00e9stos y otros tributos. Pero adem\u00e1s se incluyen modificaciones puntuales o espec\u00edficas, as\u00ed como se omiten modificaciones o actualizaciones l\u00f3gicas, todo esto con impacto complementario directo sobre la citada suba inicial.<br \/>\nSubas especiales que var\u00edan en su monto, pero que en algunos casos su impacto superan el 100%.<\/p>\n<h6>\nInmobiliario Urbano \u2013 propuesta oficial<\/h6>\n<p>Se pretende desde la conducci\u00f3n municipal, que sea alcanzado por una suba del valor de la tierra y del metro cuadrado de construcci\u00f3n en torno al 55%, lo que har\u00eda pensar que una suba de la base imponible en ese porcentaje, se traducir\u00eda en una boleta semejante. Pero no va a ser para todos los contribuyentes as\u00ed, ya que se incluye una modificaci\u00f3n de la tabla de liquidaci\u00f3n del impuesto.<\/p>\n<p>Tabla donde debe ubicarse la base imponible en un rango seg\u00fan su monto, y con ello determinar un valor fijo, con m\u00e1s un monto equivalente a aplicar sobre el excedente dentro del rango, un \u00edndice que suma valores al monto fijo, juntos hacen el impuesto a pagar. Tabla cuyos rangos de progresividad tiene un techo dado para los inmuebles con base imponible de m\u00e1s de un mill\u00f3n de pesos. As\u00ed, todos los inmuebles cuya base superan el mill\u00f3n de pesos, van a tener un aumento extra, que a medida que se aleja del hoy valor indicado, tienen un fijo mayor y un \u00edndice creciente.<\/p>\n<p>En la propuesta del Intendente Mart\u00ednez, el techo pasa de 1 mill\u00f3n a 6 millones, nuevo techo que lleva el valor del fijo anterior de $10.696 a $76.500, siendo hasta ah\u00ed su aplicaci\u00f3n similar a la tabla anterior, y a partir de los 6 millones el \u00edndice se incrementa un 12%, sumando este porcentaje al aumento inicial promedio, del 50%.<\/p>\n<p>Seg\u00fan datos oficiales, 66.000 propietarios ser\u00edan alcanzados por un 50% y 8.000 tendr\u00edan un incremento superior al 60%, siempre que no aparezcan las modificaciones o planos de \u00faltima hora, para ser autores de mayores aumentos.<\/p>\n<h6>\nTasas Retributiva de Servicios<\/h6>\n<p>La propuesta oficial incluye un incremento del valor del fijo establecido para cada una de las cinco Zonas, del 20%, sobre la vigente del a\u00f1o 2020. Pero contradictoriamente para los beneficiarios, adjudicatarios, ocupantes y\/o tenedores precarios de inmuebles y\/o viviendas, que posean o cuenten con Certificado del Registro de Beneficiario del H\u00e1bitat (RUBH), el incremento es del 120%, del valor que deben pagar hoy.<\/p>\n<p>Para los casos de las Zonas, se le suma al fijo una tasa sobre el valor fiscal del inmueble, el que fuera actualizado en torno al 55% en el Impuesto Inmobiliario, llegando as\u00ed a ubicarse la suba final de las Tasas, en torno al 50%.<\/p>\n<h6>\nLa GRAN DUDA: \u00bfqu\u00e9 zonificaci\u00f3n va a aplicar, la legal o ilegal?<\/h6>\n<p>La determinaci\u00f3n del \u201cMapa de Zonas\u201d a aplicar, definir\u00e1 la ubicaci\u00f3n de cada inmueble en su Zona, la que definir\u00e1 su aporte fijo bimestral, el \u00edndice o porcentaje a aplicar al valor fiscal, los que sumados establecen el valor de la Tasa. Pero resulta que ya avisaron \u201cque el Mapa no va a ser el presentado sino otro\u201d, incorporando uno que no ten\u00eda finalidad tributaria sino organizativa y de servicio, el mismo que incorporaron por la ventana e ilegalmente en el a\u00f1o 2021, a la declarada inconstitucional Ordenanza Tributaria 2021, o sea mapa doblemente ilegal.<\/p>\n<p>Pero parecer\u00eda que igualmente se est\u00e1 aplicando, liquidando y en muchos casos, cobrando en base a lo mismo. Definici\u00f3n de alta incidencia tributaria, ya que pasamos a trabajar sobre \u201csupuestos\u201d: por ej: \u201cque el actual gobierno municipal viene cobrando aumentos ilegales a gran parte de los contribuyentes\u201d.<\/p>\n<p>Toda y todo ciudadano que haya contribuido al sostenimiento de los servicios que presta el Municipio, a trav\u00e9s del pago de \u201cTasas Retributiva de Servicios\u201d, no deber\u00eda haber tenido aumento alguno de la Tasa liquidada en este a\u00f1o 2021 con la del 2020, ya que se deber\u00eda estar aplicando la misma norma, toda vez que la pretendida \u201cTributaria e Impositiva 2021\u201d v\u00eda una tramposa pr\u00f3rroga sancionada, fue declarada \u201cinconstitucional\u201d por la C\u00e1mara Contenciosa Administrativa, Sentencia firme y de plena vigencia a la fecha.<\/p>\n<p>Pero resulta que hemos realizado un control por iniciativa de la Asociaci\u00f3n Civil Vecinal Resistencia, tambi\u00e9n nombrados como Vecinos Autoconvocados Resistencianos, puntualmente con la Dra. Cecilia Rivero, el Contador Abel Medina y el Ing. Victor Pastore, con quienes hicimos un relevamiento y estudio de las liquidaciones de tributos que hace el Municipio. Trabajo comunitario que nos mostr\u00f3 que se est\u00e1 incumpliendo la Sentencia Judicial, ya que son numerosos los aumentos aplicados y en un porcentaje que para muchos casos est\u00e1 en torno al 100% mayor que el del a\u00f1o pasado 2020, en concepto de \u201cTasas\u201d.<\/p>\n<p>Ante esta situaci\u00f3n, la pregunta ser\u00eda: \u00bfel aumento a aplicar se va a hacer sobre la base de aumentos ilegales, o se va a aplicar la norma que corresponde?.<\/p>\n<h6>\nPatentes<\/h6>\n<p>En este tributo se sostiene el valor de mercado de los veh\u00edculos modelos 2017 en adelante, modific\u00e1ndose y actualiz\u00e1ndose el valor establecido para aplicar el cambio de al\u00edcuota, del 1% al 1,5% del valor establecido, significando un salto entre ambas del 50%, m\u00e1s a\u00fan si se cambiaron los valores de corte, de manera de que un inverso mayor de autos ingresen en el segundo escal\u00f3n. Los que ingresando por primera vez al segundo tramo, y verse alcanzados por el cambio de al\u00edcuota, tendr\u00e1n el incremento del 50% por el santo del porcentaje, m\u00e1s el aumento de precio de la unidad en el mercado, el que incrementa la base fiscal sobre la que se va a aplicar la aumentada al\u00edcuota. Pod\u00edan verse aumentos en Patente, que superen el 100%.<\/p>\n<p>&nbsp;<\/p>\n<h5>PROYECTO DE PRESUPUESTO GENERAL DEL MUNICIPIO 2022<\/h5>\n<p>En el Presupuesto 2022 se profundiza el camino de la delegaci\u00f3n y concentraci\u00f3n de facultades en el Intendente \u2013 la Justicia no resuelve la denuncia y todo va a continuar igual para el a\u00f1o pr\u00f3ximo, aunque no es igual sino que mucho peor \u2013; pareciera que no es suficiente el nivel de delegaci\u00f3n y arrogaci\u00f3n de facultades y poderes del Concejo Deliberante, que ilegalmente (pero rigen y se aplican) tiene el Intendente este a\u00f1o por definirse as\u00ed en el Presupuesto 2021, que ahora para este 2022 se arrogar\u00e1 la facultad de endeudar el Municipio, as\u00ed lo escriben en la propuesta que est\u00e1 a consideraci\u00f3n de los y las Concejalas, lo que de ser aprobado y no se corrija judicialmente, ser\u00eda un buen r\u00e9cord alcanzado por la gesti\u00f3n.<\/p>\n","protected":false},"excerpt":{"rendered":"","protected":false},"author":3,"featured_media":6602,"comment_status":"open","ping_status":"open","sticky":false,"template":"","format":"standard","meta":{"_joinchat":[],"footnotes":""},"categories":[27],"tags":[],"class_list":["post-6614","post","type-post","status-publish","format-standard","has-post-thumbnail","hentry","category-comunicados-de-prensa"],"yoast_head":"<!-- This site is optimized with the Yoast SEO plugin v27.5 - https:\/\/yoast.com\/product\/yoast-seo-wordpress\/ -->\n<title>Nos oponemos al aumento de tributos y al Presupuesto con superpoderes que propone Mart\u00ednez - Fabricio Bolatti<\/title>\n<meta name=\"robots\" content=\"index, follow, max-snippet:-1, max-image-preview:large, max-video-preview:-1\" \/>\n<link rel=\"canonical\" href=\"https:\/\/fabriciob.ar\/web\/nos-oponemos-al-aumento-de-tributos-y-al-presupuesto-con-superpoderes-que-propone-martinez\/\" \/>\n<meta property=\"og:locale\" content=\"es_ES\" \/>\n<meta property=\"og:type\" content=\"article\" \/>\n<meta property=\"og:title\" content=\"Nos oponemos al aumento de tributos y al Presupuesto con superpoderes que propone Mart\u00ednez - Fabricio Bolatti\" \/>\n<meta property=\"og:url\" content=\"https:\/\/fabriciob.ar\/web\/nos-oponemos-al-aumento-de-tributos-y-al-presupuesto-con-superpoderes-que-propone-martinez\/\" \/>\n<meta property=\"og:site_name\" content=\"Fabricio Bolatti\" \/>\n<meta property=\"article:publisher\" content=\"https:\/\/www.facebook.com\/fabriciobolattiK\/\" \/>\n<meta property=\"article:published_time\" content=\"2021-12-28T15:51:13+00:00\" \/>\n<meta property=\"og:image\" content=\"https:\/\/fabriciob.ar\/web\/wp-content\/uploads\/2021\/12\/Bolatti-Frias-2-.jpg\" \/>\n\t<meta property=\"og:image:width\" content=\"1280\" \/>\n\t<meta property=\"og:image:height\" content=\"960\" \/>\n\t<meta property=\"og:image:type\" content=\"image\/jpeg\" \/>\n<meta name=\"author\" content=\"Equipo Fabricio\" \/>\n<meta name=\"twitter:card\" content=\"summary_large_image\" \/>\n<meta name=\"twitter:creator\" content=\"@fabriciobolatti\" \/>\n<meta name=\"twitter:site\" content=\"@fabriciobolatti\" \/>\n<meta name=\"twitter:label1\" content=\"Escrito por\" \/>\n\t<meta name=\"twitter:data1\" content=\"Equipo Fabricio\" \/>\n\t<meta name=\"twitter:label2\" content=\"Tiempo de lectura\" \/>\n\t<meta name=\"twitter:data2\" content=\"6 minutos\" \/>\n<script type=\"application\/ld+json\" class=\"yoast-schema-graph\">{\"@context\":\"https:\\\/\\\/schema.org\",\"@graph\":[{\"@type\":\"Article\",\"@id\":\"https:\\\/\\\/fabriciob.ar\\\/web\\\/nos-oponemos-al-aumento-de-tributos-y-al-presupuesto-con-superpoderes-que-propone-martinez\\\/#article\",\"isPartOf\":{\"@id\":\"https:\\\/\\\/fabriciob.ar\\\/web\\\/nos-oponemos-al-aumento-de-tributos-y-al-presupuesto-con-superpoderes-que-propone-martinez\\\/\"},\"author\":{\"name\":\"Equipo Fabricio\",\"@id\":\"https:\\\/\\\/fabriciob.ar\\\/web\\\/#\\\/schema\\\/person\\\/d56dbc2f2489983c5270184312aab61b\"},\"headline\":\"Nos oponemos al aumento de tributos y al Presupuesto con superpoderes que propone Mart\u00ednez\",\"datePublished\":\"2021-12-28T15:51:13+00:00\",\"mainEntityOfPage\":{\"@id\":\"https:\\\/\\\/fabriciob.ar\\\/web\\\/nos-oponemos-al-aumento-de-tributos-y-al-presupuesto-con-superpoderes-que-propone-martinez\\\/\"},\"wordCount\":1224,\"commentCount\":0,\"publisher\":{\"@id\":\"https:\\\/\\\/fabriciob.ar\\\/web\\\/#organization\"},\"image\":{\"@id\":\"https:\\\/\\\/fabriciob.ar\\\/web\\\/nos-oponemos-al-aumento-de-tributos-y-al-presupuesto-con-superpoderes-que-propone-martinez\\\/#primaryimage\"},\"thumbnailUrl\":\"https:\\\/\\\/fabriciob.ar\\\/web\\\/wp-content\\\/uploads\\\/2021\\\/12\\\/Bolatti-Frias-2-.jpg\",\"articleSection\":[\"COMUNICADOS DE PRENSA\"],\"inLanguage\":\"es\",\"potentialAction\":[{\"@type\":\"CommentAction\",\"name\":\"Comment\",\"target\":[\"https:\\\/\\\/fabriciob.ar\\\/web\\\/nos-oponemos-al-aumento-de-tributos-y-al-presupuesto-con-superpoderes-que-propone-martinez\\\/#respond\"]}]},{\"@type\":\"WebPage\",\"@id\":\"https:\\\/\\\/fabriciob.ar\\\/web\\\/nos-oponemos-al-aumento-de-tributos-y-al-presupuesto-con-superpoderes-que-propone-martinez\\\/\",\"url\":\"https:\\\/\\\/fabriciob.ar\\\/web\\\/nos-oponemos-al-aumento-de-tributos-y-al-presupuesto-con-superpoderes-que-propone-martinez\\\/\",\"name\":\"Nos oponemos al aumento de tributos y al Presupuesto con superpoderes que propone Mart\u00ednez - Fabricio Bolatti\",\"isPartOf\":{\"@id\":\"https:\\\/\\\/fabriciob.ar\\\/web\\\/#website\"},\"primaryImageOfPage\":{\"@id\":\"https:\\\/\\\/fabriciob.ar\\\/web\\\/nos-oponemos-al-aumento-de-tributos-y-al-presupuesto-con-superpoderes-que-propone-martinez\\\/#primaryimage\"},\"image\":{\"@id\":\"https:\\\/\\\/fabriciob.ar\\\/web\\\/nos-oponemos-al-aumento-de-tributos-y-al-presupuesto-con-superpoderes-que-propone-martinez\\\/#primaryimage\"},\"thumbnailUrl\":\"https:\\\/\\\/fabriciob.ar\\\/web\\\/wp-content\\\/uploads\\\/2021\\\/12\\\/Bolatti-Frias-2-.jpg\",\"datePublished\":\"2021-12-28T15:51:13+00:00\",\"breadcrumb\":{\"@id\":\"https:\\\/\\\/fabriciob.ar\\\/web\\\/nos-oponemos-al-aumento-de-tributos-y-al-presupuesto-con-superpoderes-que-propone-martinez\\\/#breadcrumb\"},\"inLanguage\":\"es\",\"potentialAction\":[{\"@type\":\"ReadAction\",\"target\":[\"https:\\\/\\\/fabriciob.ar\\\/web\\\/nos-oponemos-al-aumento-de-tributos-y-al-presupuesto-con-superpoderes-que-propone-martinez\\\/\"]}]},{\"@type\":\"ImageObject\",\"inLanguage\":\"es\",\"@id\":\"https:\\\/\\\/fabriciob.ar\\\/web\\\/nos-oponemos-al-aumento-de-tributos-y-al-presupuesto-con-superpoderes-que-propone-martinez\\\/#primaryimage\",\"url\":\"https:\\\/\\\/fabriciob.ar\\\/web\\\/wp-content\\\/uploads\\\/2021\\\/12\\\/Bolatti-Frias-2-.jpg\",\"contentUrl\":\"https:\\\/\\\/fabriciob.ar\\\/web\\\/wp-content\\\/uploads\\\/2021\\\/12\\\/Bolatti-Frias-2-.jpg\",\"width\":1280,\"height\":960},{\"@type\":\"BreadcrumbList\",\"@id\":\"https:\\\/\\\/fabriciob.ar\\\/web\\\/nos-oponemos-al-aumento-de-tributos-y-al-presupuesto-con-superpoderes-que-propone-martinez\\\/#breadcrumb\",\"itemListElement\":[{\"@type\":\"ListItem\",\"position\":1,\"name\":\"Portada\",\"item\":\"https:\\\/\\\/fabriciob.ar\\\/web\\\/\"},{\"@type\":\"ListItem\",\"position\":2,\"name\":\"Nos oponemos al aumento de tributos y al Presupuesto con superpoderes que propone Mart\u00ednez\"}]},{\"@type\":\"WebSite\",\"@id\":\"https:\\\/\\\/fabriciob.ar\\\/web\\\/#website\",\"url\":\"https:\\\/\\\/fabriciob.ar\\\/web\\\/\",\"name\":\"Fabricio Bolatti\",\"description\":\"Sitio Oficial-Comunicaci\u00f3n institucional de la gesti\u00f3n legislativa del concejal Fabricio Bolatti con los vecinos y vecinas de la ciudad de Resistencia\",\"publisher\":{\"@id\":\"https:\\\/\\\/fabriciob.ar\\\/web\\\/#organization\"},\"potentialAction\":[{\"@type\":\"SearchAction\",\"target\":{\"@type\":\"EntryPoint\",\"urlTemplate\":\"https:\\\/\\\/fabriciob.ar\\\/web\\\/?s={search_term_string}\"},\"query-input\":{\"@type\":\"PropertyValueSpecification\",\"valueRequired\":true,\"valueName\":\"search_term_string\"}}],\"inLanguage\":\"es\"},{\"@type\":\"Organization\",\"@id\":\"https:\\\/\\\/fabriciob.ar\\\/web\\\/#organization\",\"name\":\"Fabricio Bolatti-Sitio Oficial\",\"url\":\"https:\\\/\\\/fabriciob.ar\\\/web\\\/\",\"logo\":{\"@type\":\"ImageObject\",\"inLanguage\":\"es\",\"@id\":\"https:\\\/\\\/fabriciob.ar\\\/web\\\/#\\\/schema\\\/logo\\\/image\\\/\",\"url\":\"https:\\\/\\\/fabriciob.ar\\\/web\\\/wp-content\\\/uploads\\\/2020\\\/12\\\/cropped-fb-en-el-concejo-a-red-2-1.png\",\"contentUrl\":\"https:\\\/\\\/fabriciob.ar\\\/web\\\/wp-content\\\/uploads\\\/2020\\\/12\\\/cropped-fb-en-el-concejo-a-red-2-1.png\",\"width\":512,\"height\":512,\"caption\":\"Fabricio Bolatti-Sitio Oficial\"},\"image\":{\"@id\":\"https:\\\/\\\/fabriciob.ar\\\/web\\\/#\\\/schema\\\/logo\\\/image\\\/\"},\"sameAs\":[\"https:\\\/\\\/www.facebook.com\\\/fabriciobolattiK\\\/\",\"https:\\\/\\\/x.com\\\/fabriciobolatti\",\"https:\\\/\\\/www.instagram.com\\\/fabriciobolatti\\\/?igshid=7ztsgzj0mwql\",\"https:\\\/\\\/www.youtube.com\\\/channel\\\/UCWLMPKJZG1JgX9U29Pra3ng\"]},{\"@type\":\"Person\",\"@id\":\"https:\\\/\\\/fabriciob.ar\\\/web\\\/#\\\/schema\\\/person\\\/d56dbc2f2489983c5270184312aab61b\",\"name\":\"Equipo Fabricio\",\"image\":{\"@type\":\"ImageObject\",\"inLanguage\":\"es\",\"@id\":\"https:\\\/\\\/secure.gravatar.com\\\/avatar\\\/9d8e99352a71f2ac7e650885bc7721fe9d667070a36c2a5bb86aab909b8cf626?s=96&d=mm&r=g\",\"url\":\"https:\\\/\\\/secure.gravatar.com\\\/avatar\\\/9d8e99352a71f2ac7e650885bc7721fe9d667070a36c2a5bb86aab909b8cf626?s=96&d=mm&r=g\",\"contentUrl\":\"https:\\\/\\\/secure.gravatar.com\\\/avatar\\\/9d8e99352a71f2ac7e650885bc7721fe9d667070a36c2a5bb86aab909b8cf626?s=96&d=mm&r=g\",\"caption\":\"Equipo Fabricio\"},\"url\":\"https:\\\/\\\/fabriciob.ar\\\/web\\\/author\\\/admin\\\/\"}]}<\/script>\n<!-- \/ Yoast SEO plugin. -->","yoast_head_json":{"title":"Nos oponemos al aumento de tributos y al Presupuesto con superpoderes que propone Mart\u00ednez - Fabricio Bolatti","robots":{"index":"index","follow":"follow","max-snippet":"max-snippet:-1","max-image-preview":"max-image-preview:large","max-video-preview":"max-video-preview:-1"},"canonical":"https:\/\/fabriciob.ar\/web\/nos-oponemos-al-aumento-de-tributos-y-al-presupuesto-con-superpoderes-que-propone-martinez\/","og_locale":"es_ES","og_type":"article","og_title":"Nos oponemos al aumento de tributos y al Presupuesto con superpoderes que propone Mart\u00ednez - Fabricio Bolatti","og_url":"https:\/\/fabriciob.ar\/web\/nos-oponemos-al-aumento-de-tributos-y-al-presupuesto-con-superpoderes-que-propone-martinez\/","og_site_name":"Fabricio Bolatti","article_publisher":"https:\/\/www.facebook.com\/fabriciobolattiK\/","article_published_time":"2021-12-28T15:51:13+00:00","og_image":[{"width":1280,"height":960,"url":"https:\/\/fabriciob.ar\/web\/wp-content\/uploads\/2021\/12\/Bolatti-Frias-2-.jpg","type":"image\/jpeg"}],"author":"Equipo Fabricio","twitter_card":"summary_large_image","twitter_creator":"@fabriciobolatti","twitter_site":"@fabriciobolatti","twitter_misc":{"Escrito por":"Equipo Fabricio","Tiempo de lectura":"6 minutos"},"schema":{"@context":"https:\/\/schema.org","@graph":[{"@type":"Article","@id":"https:\/\/fabriciob.ar\/web\/nos-oponemos-al-aumento-de-tributos-y-al-presupuesto-con-superpoderes-que-propone-martinez\/#article","isPartOf":{"@id":"https:\/\/fabriciob.ar\/web\/nos-oponemos-al-aumento-de-tributos-y-al-presupuesto-con-superpoderes-que-propone-martinez\/"},"author":{"name":"Equipo Fabricio","@id":"https:\/\/fabriciob.ar\/web\/#\/schema\/person\/d56dbc2f2489983c5270184312aab61b"},"headline":"Nos oponemos al aumento de tributos y al Presupuesto con superpoderes que propone Mart\u00ednez","datePublished":"2021-12-28T15:51:13+00:00","mainEntityOfPage":{"@id":"https:\/\/fabriciob.ar\/web\/nos-oponemos-al-aumento-de-tributos-y-al-presupuesto-con-superpoderes-que-propone-martinez\/"},"wordCount":1224,"commentCount":0,"publisher":{"@id":"https:\/\/fabriciob.ar\/web\/#organization"},"image":{"@id":"https:\/\/fabriciob.ar\/web\/nos-oponemos-al-aumento-de-tributos-y-al-presupuesto-con-superpoderes-que-propone-martinez\/#primaryimage"},"thumbnailUrl":"https:\/\/fabriciob.ar\/web\/wp-content\/uploads\/2021\/12\/Bolatti-Frias-2-.jpg","articleSection":["COMUNICADOS DE PRENSA"],"inLanguage":"es","potentialAction":[{"@type":"CommentAction","name":"Comment","target":["https:\/\/fabriciob.ar\/web\/nos-oponemos-al-aumento-de-tributos-y-al-presupuesto-con-superpoderes-que-propone-martinez\/#respond"]}]},{"@type":"WebPage","@id":"https:\/\/fabriciob.ar\/web\/nos-oponemos-al-aumento-de-tributos-y-al-presupuesto-con-superpoderes-que-propone-martinez\/","url":"https:\/\/fabriciob.ar\/web\/nos-oponemos-al-aumento-de-tributos-y-al-presupuesto-con-superpoderes-que-propone-martinez\/","name":"Nos oponemos al aumento de tributos y al Presupuesto con superpoderes que propone Mart\u00ednez - Fabricio Bolatti","isPartOf":{"@id":"https:\/\/fabriciob.ar\/web\/#website"},"primaryImageOfPage":{"@id":"https:\/\/fabriciob.ar\/web\/nos-oponemos-al-aumento-de-tributos-y-al-presupuesto-con-superpoderes-que-propone-martinez\/#primaryimage"},"image":{"@id":"https:\/\/fabriciob.ar\/web\/nos-oponemos-al-aumento-de-tributos-y-al-presupuesto-con-superpoderes-que-propone-martinez\/#primaryimage"},"thumbnailUrl":"https:\/\/fabriciob.ar\/web\/wp-content\/uploads\/2021\/12\/Bolatti-Frias-2-.jpg","datePublished":"2021-12-28T15:51:13+00:00","breadcrumb":{"@id":"https:\/\/fabriciob.ar\/web\/nos-oponemos-al-aumento-de-tributos-y-al-presupuesto-con-superpoderes-que-propone-martinez\/#breadcrumb"},"inLanguage":"es","potentialAction":[{"@type":"ReadAction","target":["https:\/\/fabriciob.ar\/web\/nos-oponemos-al-aumento-de-tributos-y-al-presupuesto-con-superpoderes-que-propone-martinez\/"]}]},{"@type":"ImageObject","inLanguage":"es","@id":"https:\/\/fabriciob.ar\/web\/nos-oponemos-al-aumento-de-tributos-y-al-presupuesto-con-superpoderes-que-propone-martinez\/#primaryimage","url":"https:\/\/fabriciob.ar\/web\/wp-content\/uploads\/2021\/12\/Bolatti-Frias-2-.jpg","contentUrl":"https:\/\/fabriciob.ar\/web\/wp-content\/uploads\/2021\/12\/Bolatti-Frias-2-.jpg","width":1280,"height":960},{"@type":"BreadcrumbList","@id":"https:\/\/fabriciob.ar\/web\/nos-oponemos-al-aumento-de-tributos-y-al-presupuesto-con-superpoderes-que-propone-martinez\/#breadcrumb","itemListElement":[{"@type":"ListItem","position":1,"name":"Portada","item":"https:\/\/fabriciob.ar\/web\/"},{"@type":"ListItem","position":2,"name":"Nos oponemos al aumento de tributos y al Presupuesto con superpoderes que propone Mart\u00ednez"}]},{"@type":"WebSite","@id":"https:\/\/fabriciob.ar\/web\/#website","url":"https:\/\/fabriciob.ar\/web\/","name":"Fabricio Bolatti","description":"Sitio Oficial-Comunicaci\u00f3n institucional de la gesti\u00f3n legislativa del concejal Fabricio Bolatti con los vecinos y vecinas de la ciudad de Resistencia","publisher":{"@id":"https:\/\/fabriciob.ar\/web\/#organization"},"potentialAction":[{"@type":"SearchAction","target":{"@type":"EntryPoint","urlTemplate":"https:\/\/fabriciob.ar\/web\/?s={search_term_string}"},"query-input":{"@type":"PropertyValueSpecification","valueRequired":true,"valueName":"search_term_string"}}],"inLanguage":"es"},{"@type":"Organization","@id":"https:\/\/fabriciob.ar\/web\/#organization","name":"Fabricio Bolatti-Sitio Oficial","url":"https:\/\/fabriciob.ar\/web\/","logo":{"@type":"ImageObject","inLanguage":"es","@id":"https:\/\/fabriciob.ar\/web\/#\/schema\/logo\/image\/","url":"https:\/\/fabriciob.ar\/web\/wp-content\/uploads\/2020\/12\/cropped-fb-en-el-concejo-a-red-2-1.png","contentUrl":"https:\/\/fabriciob.ar\/web\/wp-content\/uploads\/2020\/12\/cropped-fb-en-el-concejo-a-red-2-1.png","width":512,"height":512,"caption":"Fabricio Bolatti-Sitio Oficial"},"image":{"@id":"https:\/\/fabriciob.ar\/web\/#\/schema\/logo\/image\/"},"sameAs":["https:\/\/www.facebook.com\/fabriciobolattiK\/","https:\/\/x.com\/fabriciobolatti","https:\/\/www.instagram.com\/fabriciobolatti\/?igshid=7ztsgzj0mwql","https:\/\/www.youtube.com\/channel\/UCWLMPKJZG1JgX9U29Pra3ng"]},{"@type":"Person","@id":"https:\/\/fabriciob.ar\/web\/#\/schema\/person\/d56dbc2f2489983c5270184312aab61b","name":"Equipo Fabricio","image":{"@type":"ImageObject","inLanguage":"es","@id":"https:\/\/secure.gravatar.com\/avatar\/9d8e99352a71f2ac7e650885bc7721fe9d667070a36c2a5bb86aab909b8cf626?s=96&d=mm&r=g","url":"https:\/\/secure.gravatar.com\/avatar\/9d8e99352a71f2ac7e650885bc7721fe9d667070a36c2a5bb86aab909b8cf626?s=96&d=mm&r=g","contentUrl":"https:\/\/secure.gravatar.com\/avatar\/9d8e99352a71f2ac7e650885bc7721fe9d667070a36c2a5bb86aab909b8cf626?s=96&d=mm&r=g","caption":"Equipo Fabricio"},"url":"https:\/\/fabriciob.ar\/web\/author\/admin\/"}]}},"_links":{"self":[{"href":"https:\/\/fabriciob.ar\/web\/wp-json\/wp\/v2\/posts\/6614","targetHints":{"allow":["GET"]}}],"collection":[{"href":"https:\/\/fabriciob.ar\/web\/wp-json\/wp\/v2\/posts"}],"about":[{"href":"https:\/\/fabriciob.ar\/web\/wp-json\/wp\/v2\/types\/post"}],"author":[{"embeddable":true,"href":"https:\/\/fabriciob.ar\/web\/wp-json\/wp\/v2\/users\/3"}],"replies":[{"embeddable":true,"href":"https:\/\/fabriciob.ar\/web\/wp-json\/wp\/v2\/comments?post=6614"}],"version-history":[{"count":0,"href":"https:\/\/fabriciob.ar\/web\/wp-json\/wp\/v2\/posts\/6614\/revisions"}],"wp:featuredmedia":[{"embeddable":true,"href":"https:\/\/fabriciob.ar\/web\/wp-json\/wp\/v2\/media\/6602"}],"wp:attachment":[{"href":"https:\/\/fabriciob.ar\/web\/wp-json\/wp\/v2\/media?parent=6614"}],"wp:term":[{"taxonomy":"category","embeddable":true,"href":"https:\/\/fabriciob.ar\/web\/wp-json\/wp\/v2\/categories?post=6614"},{"taxonomy":"post_tag","embeddable":true,"href":"https:\/\/fabriciob.ar\/web\/wp-json\/wp\/v2\/tags?post=6614"}],"curies":[{"name":"wp","href":"https:\/\/api.w.org\/{rel}","templated":true}]}}