{"id":6624,"date":"2021-12-30T18:13:55","date_gmt":"2021-12-30T18:13:55","guid":{"rendered":"https:\/\/fabriciob.ar\/web\/?p=6624"},"modified":"2021-12-30T18:13:55","modified_gmt":"2021-12-30T18:13:55","slug":"concejales-manifestaron-su-preocupacion-por-la-degradacion-institucional","status":"publish","type":"post","link":"https:\/\/fabriciob.ar\/web\/concejales-manifestaron-su-preocupacion-por-la-degradacion-institucional\/","title":{"rendered":"Concejales manifestaron su preocupaci\u00f3n por la degradaci\u00f3n institucional"},"content":{"rendered":"<p><!--more--><\/p>\n<p><em><strong>Fabricio Bolatti y Alicia Fr\u00edas rindieron cuenta de su labor p\u00fablica<\/strong><\/em><\/p>\n<p>&nbsp;<\/p>\n<p>Quienes integran el Bloque Frente Chaque\u00f1o en el Concejo Municipal de Resistencia, Alicia Fr\u00edas y Fabricio Bolatti, presentaron ante militantes, integrantes de Comisiones Vecinales y vecinos en general, un balance de la gesti\u00f3n que cada uno pudo aportar a la labor legislativa local.<\/p>\n<p>La presentaci\u00f3n fue encabezada por ambos concejales junto a cada uno de las y los responsables de las distintas \u00e1reas y funciones que se llevan adelante en cada concejal\u00eda. Pero el inicio de la actividad estuvo te\u00f1ida por la realidad que vive hoy el Municipio.<\/p>\n<p><img fetchpriority=\"high\" decoding=\"async\" class=\"aligncenter wp-image-6621 size-full\" src=\"https:\/\/fabriciob.ar\/web\/wp-content\/uploads\/2021\/12\/cc426941-ac24-4249-a191-3fec1acddcaf.jpg\" alt=\"\" width=\"1280\" height=\"853\" srcset=\"https:\/\/fabriciob.ar\/web\/wp-content\/uploads\/2021\/12\/cc426941-ac24-4249-a191-3fec1acddcaf.jpg 1280w, https:\/\/fabriciob.ar\/web\/wp-content\/uploads\/2021\/12\/cc426941-ac24-4249-a191-3fec1acddcaf-300x200.jpg 300w, https:\/\/fabriciob.ar\/web\/wp-content\/uploads\/2021\/12\/cc426941-ac24-4249-a191-3fec1acddcaf-1024x682.jpg 1024w, https:\/\/fabriciob.ar\/web\/wp-content\/uploads\/2021\/12\/cc426941-ac24-4249-a191-3fec1acddcaf-768x512.jpg 768w\" sizes=\"(max-width: 1280px) 100vw, 1280px\" \/><\/p>\n<p>En ese sentido, ambos ediles coincidieron en la importancia de defender y valorar la Instituci\u00f3n Municipal, su cercan\u00eda a la ciudadan\u00eda, su funci\u00f3n de promover la participaci\u00f3n en la convivencia comunitaria, su importancia en la vida cotidiana del pueblo a trav\u00e9s de la prestaci\u00f3n de servicios esenciales, su rol de contralor de actividades y bienes que debe realizar, etc, pero esencialmente su importancia en la democracia local y en general. \u201cHoy somos testigos y participantes directos de lo que se est\u00e1 viviendo en el \u00e1mbito municipal. Institucionalmente atravesamos una etapa de crisis caracterizada por la degradaci\u00f3n diaria que viene sufriendo nuestro Municipio y por ende toda la comunidad\u201d, expresaron.<\/p>\n<p>Detallaron que prueba de ello es la falta de respeto y valoraci\u00f3n de la Constituci\u00f3n, de la Carta Org\u00e1nica y de las Leyes, pero tambi\u00e9n de las personas en su car\u00e1cter de militantes, como trabajadoras y trabajadores, e incluso como ciudadanas y ciudadanos. Igual actitud se observa con la propia instrucci\u00f3n municipal, con los derechos laborales, con la libertad de prensa, con la verdad y con la b\u00fasqueda de acuerdos y di\u00e1logo, entre otros. \u201cPese a las dificultades, pudimos, con el compromiso militante de las compa\u00f1eras y compa\u00f1eros que tomamos esta responsabilidad, hacer frente a los obst\u00e1culos y garantizar condiciones de funcionamiento b\u00e1sico y necesario para desarrollar la labor legislativa\u201d, asever\u00f3 Bolatti.<\/p>\n<h4>\nBalance legislativo y social del concejal Fabricio Bolatti<\/h4>\n<p>En lo que va de gesti\u00f3n, el equipo del concejal Fabricio Bolatti present\u00f3 260 iniciativas de las cuales 50 son proyectos de ordenanzas, muchos surgidos desde la iniciativa de vecinos, organizaciones, agrupaciones y referentes que compartieron sus opiniones y propuestas con el concejal y su equipo.<\/p>\n<p>El edil hizo un repaso de los principales proyectos presentados, como tambi\u00e9n de los logros y objetivos cumplidos en este per\u00edodo. Ratific\u00f3 el compromiso militante de continuar trabajando diariamente junto al equipo que lo acompa\u00f1a, en cumplir con el rol que la sociedad de Resistencia les asign\u00f3, siempre procurando una gesti\u00f3n transparente y siempre al servicio de las y los ciudadanos, as\u00ed como de las organizaciones de la sociedad civil, las pol\u00edticas, gremiales y toda organizaci\u00f3n que busque aportar a una sociedad mejor y m\u00e1s inclusiva.<\/p>\n<p><img decoding=\"async\" class=\"aligncenter wp-image-6629 size-full\" src=\"https:\/\/fabriciob.ar\/web\/wp-content\/uploads\/2021\/12\/9.jpg\" alt=\"\" width=\"1161\" height=\"706\" srcset=\"https:\/\/fabriciob.ar\/web\/wp-content\/uploads\/2021\/12\/9.jpg 1161w, https:\/\/fabriciob.ar\/web\/wp-content\/uploads\/2021\/12\/9-300x182.jpg 300w, https:\/\/fabriciob.ar\/web\/wp-content\/uploads\/2021\/12\/9-1024x623.jpg 1024w, https:\/\/fabriciob.ar\/web\/wp-content\/uploads\/2021\/12\/9-768x467.jpg 768w\" sizes=\"(max-width: 1161px) 100vw, 1161px\" \/><\/p>\n<p>Dentro de los proyectos m\u00e1s destacados, se encuentran el de \u201cTransmisi\u00f3n en Vivo de las Sesiones\u201d, que logr\u00f3 ser sancionado, dando transparencia a los actos p\u00fablicos, garantizando la participaci\u00f3n y un mayor acceso a la informaci\u00f3n por parte de vecinas y vecinos. Tambi\u00e9n la \u201cCreaci\u00f3n de la Mesa de Entrada Virtual\u201d, para avanzar en la transparencia de la gesti\u00f3n municipal. Iniciativa que no capt\u00f3 inter\u00e9s del gobierno municipal ni los Concejales.<\/p>\n<p>Se impuls\u00f3 la \u00abConectividad universal, gratuita y de calidad en toda Resistencia\u00bb, en estos tiempos de necesaria inclusi\u00f3n tecnol\u00f3gica; la \u00abCreaci\u00f3n del Centro Comunitario Municipal Ind\u00edgena\u00bb, para atender las demandas y necesidades barriales de la comunidad. Se propuso la bonificaci\u00f3n del 50% del pago de patente para taxis y remises, renovaci\u00f3n e inspecci\u00f3n ocular, entendiendo la crisis que gener\u00f3 la pandemia en el sector; y tambi\u00e9n se busc\u00f3 la eximici\u00f3n del pago de tasas municipales a canillitas.<br \/>\nSobre discapacidad, accesibilidad e inclusi\u00f3n, se impuls\u00f3 el proyecto de \u00abTaxis Adaptados\u00bb, para que las personas con discapacidad puedan movilizarse con mayor autonom\u00eda, utilizando los servicios de transporte existentes.<\/p>\n<p>Respecto a acciones e iniciativas culturales, se promovi\u00f3 la creaci\u00f3n de la \u201cFeria de Arte de Resistencia\u201d, para dar mayor visibilidad al arte local, funcionando en los a\u00f1os que no se celebra la Bienal de Esculturas; y tambi\u00e9n junto a la Asociaci\u00f3n que nuclea a las y los artesanos propusieron la creaci\u00f3n del espacio \u201cPaseo de Artistas y Artesanos\u201d de la ciudad.<\/p>\n<p><img decoding=\"async\" class=\"size-medium wp-image-6626 alignright\" src=\"https:\/\/fabriciob.ar\/web\/wp-content\/uploads\/2021\/12\/5-1-300x169.jpg\" alt=\"\" width=\"300\" height=\"169\" srcset=\"https:\/\/fabriciob.ar\/web\/wp-content\/uploads\/2021\/12\/5-1-300x169.jpg 300w, https:\/\/fabriciob.ar\/web\/wp-content\/uploads\/2021\/12\/5-1-1024x575.jpg 1024w, https:\/\/fabriciob.ar\/web\/wp-content\/uploads\/2021\/12\/5-1-768x431.jpg 768w, https:\/\/fabriciob.ar\/web\/wp-content\/uploads\/2021\/12\/5-1.jpg 1280w\" sizes=\"(max-width: 300px) 100vw, 300px\" \/><br \/>\nEn lo que concierne a ambiente, junto a la Fundaci\u00f3n Casco hist\u00f3rico Barranqueras trabajaron en una iniciativa para declarar Patrimonio Ambiental y Cultural al Rio Negro. Impulsaron la creaci\u00f3n del \u201cPrograma Hogares Verdes\u201d, para fomentar la separaci\u00f3n de residuos y compostaje domiciliario; promovieron la puesta de carteler\u00eda sobre especies aut\u00f3ctonas a trav\u00e9s de la adhesi\u00f3n a una norma provincial; y la prohibici\u00f3n y multa por el arrojo de colillas de cigarrillos en espacios p\u00fablicos de la ciudad. Solicitaron informes sobre la reglamentaci\u00f3n de la ordenanza de sustituci\u00f3n de tracci\u00f3n a sangre; tambi\u00e9n sobre los animales secuestrados desde diciembre de 2019.<br \/>\nEn materia de g\u00e9nero y diversidad, se presentaron propuestas para lograr la paridad de g\u00e9nero en las autoridades del Concejo Municipal; la adhesi\u00f3n a la Ley Micaela para que los tres departamentos del gobierno municipal sean capacitados obligatoriamente; tambi\u00e9n establecer la capacitaci\u00f3n obligatoria en g\u00e9nero para todas las candidatas y candidatos que participen en los procesos electorales municipales de Resistencia y en elecciones de las comisiones vecinales; y la creaci\u00f3n del boleto gratuito para personas en situaci\u00f3n de violencia y los hijos e hijas, que se encuentren realizando denuncias y tr\u00e1mites judiciales para acceder a sus derechos.<\/p>\n<p>Asimismo, describi\u00f3 las acciones que se pudieron generar desde la concejal\u00eda, lo que no solo se limit\u00f3 al trabajo netamente legislativo, sino que se intent\u00f3 colaborar en lo social y sanitario, con la lucha que se da contra el Covid19, el Dengue y otras enfermedades.<\/p>\n<p>En ese sentido, Bolatti detall\u00f3 que el equipo recorri\u00f3 diferentes barrios concretando operativos de concientizaci\u00f3n, limpieza y descacharrado para la prevenci\u00f3n del dengue; promovieron y acompa\u00f1aron m\u00e1s de cien operativos Detectar; tambi\u00e9n operativos para el acceso a vacunas del calendario nacional, servicios de salud y registro civil m\u00f3vil y jornadas de donaci\u00f3n de sangre. Concretaron numerosos operativos de entrega de alcohol sanitizante y repelentes aportados por la UNCAus, en oficinas p\u00fablicas provinciales, municipios, instituciones, Centros de Salud, organizaciones deportivas, copeos, comedores populares y escuelas especiales.<\/p>\n<p><img loading=\"lazy\" decoding=\"async\" class=\"aligncenter wp-image-6628 size-full\" src=\"https:\/\/fabriciob.ar\/web\/wp-content\/uploads\/2021\/12\/8-1.jpg\" alt=\"\" width=\"1280\" height=\"719\" srcset=\"https:\/\/fabriciob.ar\/web\/wp-content\/uploads\/2021\/12\/8-1.jpg 1280w, https:\/\/fabriciob.ar\/web\/wp-content\/uploads\/2021\/12\/8-1-300x169.jpg 300w, https:\/\/fabriciob.ar\/web\/wp-content\/uploads\/2021\/12\/8-1-1024x575.jpg 1024w, https:\/\/fabriciob.ar\/web\/wp-content\/uploads\/2021\/12\/8-1-768x431.jpg 768w\" sizes=\"(max-width: 1280px) 100vw, 1280px\" \/><br \/>\nSe promovi\u00f3 la participaci\u00f3n de vecinos y vecinas en la convocatoria a conformar las nuevas comisiones directivas de las Comisiones Vecinales; visitaron clubes de barrio y canchitas, acompa\u00f1ando las actividades deportivas de mujeres y mixtas; y mantuvieron reuniones con referentes de distintos sectores, como consorcios de ladrilleros y emprendedores locales, dando respuesta mediante la intervenci\u00f3n del Estado, con herramientas e incentivos para su fortalecimiento.<\/p>\n<p>Adem\u00e1s, se puso en funci\u00f3n una p\u00e1gina web para que las y los vecinos puedan acercar sus ideas, inquietudes, necesidades y demandas.<br \/>\nPara cerrar, Bolatti reafirm\u00f3 su compromiso por seguir defendiendo los intereses de los ciudadanos con justicia social, trabajando siempre al servicio de los intereses del pueblo, promoviendo una comunidad m\u00e1s inclusiva y con participaci\u00f3n vecinal activa. \u201cHicimos este compromiso en la campa\u00f1a del a\u00f1o 2019, pero no es nuevo, constituye nuestra principal bandera, y vamos a hacer todo lo que est\u00e9 a nuestro alcance para que nuestras instituciones se fortalezcan; para que exista una verdadera planificaci\u00f3n participativa; para que la prioridad de una gesti\u00f3n local sea el bienestar de sus habitantes; para que la ciudadan\u00eda valore y simplifique con su participaci\u00f3n, su relaci\u00f3n con su ciudad, siendo parte de las decisiones, pueda controlar sus ejecuciones y busque ser protagonista en la vida comunitaria de nuestro territorio com\u00fan\u201d, remarc\u00f3.<\/p>\n<h5>\nBalance legislativo y social de la concejal Alicia Fr\u00edas<\/h5>\n<p>Desde la concejal\u00eda de Alicia Fr\u00edas, se presentaron un total de 214 iniciativas, de las cuales 27 son proyectos de ordenanzas, 63 son declaraciones y 124 proyectos de resoluci\u00f3n.<\/p>\n<p>Fr\u00edas complet\u00f3 el informe de sus colaboradores, repasando y resaltando algunos aspectos y proyectos principales de su gesti\u00f3n, adem\u00e1s de hacer un diagn\u00f3stico de la situaci\u00f3n y las formas en que se viene trabajando en el Concejo y en especial en la Comisi\u00f3n de Hacienda que preside.<\/p>\n<p><img loading=\"lazy\" decoding=\"async\" class=\"wp-image-6618  alignleft\" src=\"https:\/\/fabriciob.ar\/web\/wp-content\/uploads\/2021\/12\/4063cceb-798a-4520-9f2d-73dca830b5b1-1024x682.jpg\" alt=\"\" width=\"547\" height=\"365\" srcset=\"https:\/\/fabriciob.ar\/web\/wp-content\/uploads\/2021\/12\/4063cceb-798a-4520-9f2d-73dca830b5b1-1024x682.jpg 1024w, https:\/\/fabriciob.ar\/web\/wp-content\/uploads\/2021\/12\/4063cceb-798a-4520-9f2d-73dca830b5b1-300x200.jpg 300w, https:\/\/fabriciob.ar\/web\/wp-content\/uploads\/2021\/12\/4063cceb-798a-4520-9f2d-73dca830b5b1-768x512.jpg 768w, https:\/\/fabriciob.ar\/web\/wp-content\/uploads\/2021\/12\/4063cceb-798a-4520-9f2d-73dca830b5b1.jpg 1280w\" sizes=\"(max-width: 547px) 100vw, 547px\" \/>En ese marco, resalt\u00f3 un fuerte cambio en la actitud de la conducci\u00f3n del Ejecutivo y Legislativo, recordando el esfuerzo que se hac\u00eda para acordar y llegar al mayor consenso, convencidos de que el contenido y alcance de una norma, era mejor cuando se realizaba ese proceso, ya que los aportes eran m\u00e1s y mejores. \u201cHoy el d\u00e9bil debate y trabajo en las Comisiones, as\u00ed como en el Recinto, hace que en muchas oportunidades no surjan la mejores normas, sino m\u00e1s bien las impuestas o las que surgen de acuerdos ajenos al tema para alguna de las partes, o sea sin discutir conscientemente el contenido del texto, que deber\u00eda ser lo principal siempre\u201d, se\u00f1al\u00f3 la edil.<\/p>\n<p>Fr\u00edas agradeci\u00f3 tambi\u00e9n a las y los trabajadores de la Comisi\u00f3n de Hacienda, por todo el esfuerzo realizado durante la pandemia, y pidi\u00f3 disculpas por las situaciones de persecuci\u00f3n pol\u00edtica vividas este a\u00f1o, lo que trajo consecuencias en la salud y en los derechos laborales.<br \/>\nOtro tema resaltado por Alicia, fue el trabajo legislativo y territorial alcanzado en el tema de \u201ctracci\u00f3n a sangre\u201d y \u201cmaltrato animal\u201d, donde se pudo conocer la Sentencia Judicial que dio como v\u00e1lida la Consulta Popular que alcanz\u00f3 m\u00e1s de 50.000 adhesiones para que se trabaje y promueva la sustituci\u00f3n del trabajo animal, o tambi\u00e9n las campa\u00f1as de castraci\u00f3n que se realizaron para atender la demanda que surge del trabajo territorial que realizan los voluntarios quienes promueven la concientizaci\u00f3n y la aplicaci\u00f3n de las pol\u00edticas que atienden al sector.<\/p>\n<p><img loading=\"lazy\" decoding=\"async\" class=\"aligncenter wp-image-6627 size-full\" src=\"https:\/\/fabriciob.ar\/web\/wp-content\/uploads\/2021\/12\/6.jpg\" alt=\"\" width=\"987\" height=\"629\" srcset=\"https:\/\/fabriciob.ar\/web\/wp-content\/uploads\/2021\/12\/6.jpg 987w, https:\/\/fabriciob.ar\/web\/wp-content\/uploads\/2021\/12\/6-300x191.jpg 300w, https:\/\/fabriciob.ar\/web\/wp-content\/uploads\/2021\/12\/6-768x489.jpg 768w\" sizes=\"(max-width: 987px) 100vw, 987px\" \/><br \/>\nDentro de los aspectos m\u00e1s importantes de la labor legislativa, se resalta el trabajo en cuestiones de protecci\u00f3n de los derechos de los animales. En ese contexto, se destacan los proyectos de \u201cCreaci\u00f3n del Programa Serie de Colores\u201d, con la cual por medio de collares caninos de colores se identificar\u00e1 la peligrosidad del animal; la \u201cReconversi\u00f3n de Cuchas\u201d, con la finalidad de construir e instalar casa caninas para los perros en situaci\u00f3n de calle.<\/p>\n<p>En lo que respecta a discapacidad e inclusi\u00f3n, los proyectos m\u00e1s sobresalientes impulsados por la concejal Fr\u00edas fueron el de Creaci\u00f3n del programa \u201cDise\u00f1o para Todos\u201d brindando una soluci\u00f3n sistematizada para la accesibilidad para personas con ceguera y deficiencia visual garantizando un plan global que basado en un sistema normativo en lo que se refiere a la instalaci\u00f3n de Baldosas Podot\u00e1ctiles; la puesta en marcha del Programa \u201cEmpleo Inclusivo Municipal\u201d.<\/p>\n<p>En cuesti\u00f3n de g\u00e9nero y diversidad, se destacan las iniciativas de \u201cCreaci\u00f3n de la Agenda Anual de tres Sesiones Especiales del Concejo bajo la denominaci\u00f3n Sesi\u00f3n Especial, G\u00e9nero y Diversidad\u201d; la creaci\u00f3n del Programa de \u201cMujeres Conductoras\u201d para todo el personal femenino que tendr\u00e1 como objetivo favorecer en iniciar su labor dentro de la instituci\u00f3n municipal; y la iniciativa para promover la concientizaci\u00f3n sobre la Pesquisa Neonatal.<\/p>\n<p>Entre los proyectos presentados en forma conjunta por los concejales Fr\u00edas y Bolatti, podemos mencionar: la creaci\u00f3n del \u201cPrograma Corredores Culturales Barriales\u201d, con el fin de fomentar la inclusi\u00f3n y diversidad cultural, de una sociedad democr\u00e1tica; eximir del pago del impuesto al mayor valor del bien libres de mejoras, a los propietarios de terrenos que concedan en comodato a las Comisiones Vecinales; establecer un incremento salarial del 45% en el sueldo b\u00e1sico para toda la escala salarial del personal municipal; y la creaci\u00f3n del Programa \u201cVamos Con Vos\u201d por el cual las personas que se encuentran en situaci\u00f3n Violencia de G\u00e9nero.<\/p>\n<p>&nbsp;<\/p>\n<p><a href=\"https:\/\/fabriciob.ar\/web\/informe-de-gestion-en-el-concejo-municipal-de-resistencia-a-diciembre-2021\/\">El informe completo<\/a><\/p>\n","protected":false},"excerpt":{"rendered":"","protected":false},"author":3,"featured_media":6630,"comment_status":"open","ping_status":"open","sticky":false,"template":"","format":"standard","meta":{"_joinchat":[],"footnotes":""},"categories":[27],"tags":[],"class_list":["post-6624","post","type-post","status-publish","format-standard","has-post-thumbnail","hentry","category-comunicados-de-prensa"],"yoast_head":"<!-- This site is optimized with the Yoast SEO plugin v27.5 - https:\/\/yoast.com\/product\/yoast-seo-wordpress\/ -->\n<title>Concejales manifestaron su preocupaci\u00f3n por la degradaci\u00f3n institucional - Fabricio Bolatti<\/title>\n<meta name=\"robots\" content=\"index, follow, max-snippet:-1, max-image-preview:large, max-video-preview:-1\" \/>\n<link rel=\"canonical\" href=\"https:\/\/fabriciob.ar\/web\/concejales-manifestaron-su-preocupacion-por-la-degradacion-institucional\/\" \/>\n<meta property=\"og:locale\" content=\"es_ES\" \/>\n<meta property=\"og:type\" content=\"article\" \/>\n<meta property=\"og:title\" content=\"Concejales manifestaron su preocupaci\u00f3n por la degradaci\u00f3n institucional - Fabricio Bolatti\" \/>\n<meta property=\"og:url\" content=\"https:\/\/fabriciob.ar\/web\/concejales-manifestaron-su-preocupacion-por-la-degradacion-institucional\/\" \/>\n<meta property=\"og:site_name\" content=\"Fabricio Bolatti\" \/>\n<meta property=\"article:publisher\" content=\"https:\/\/www.facebook.com\/fabriciobolattiK\/\" \/>\n<meta property=\"article:published_time\" content=\"2021-12-30T18:13:55+00:00\" \/>\n<meta property=\"og:image\" content=\"https:\/\/fabriciob.ar\/web\/wp-content\/uploads\/2021\/12\/10.jpg\" \/>\n\t<meta property=\"og:image:width\" content=\"1057\" \/>\n\t<meta property=\"og:image:height\" content=\"708\" \/>\n\t<meta property=\"og:image:type\" content=\"image\/jpeg\" \/>\n<meta name=\"author\" content=\"Equipo Fabricio\" \/>\n<meta name=\"twitter:card\" content=\"summary_large_image\" \/>\n<meta name=\"twitter:creator\" content=\"@fabriciobolatti\" \/>\n<meta name=\"twitter:site\" content=\"@fabriciobolatti\" \/>\n<meta name=\"twitter:label1\" content=\"Escrito por\" \/>\n\t<meta name=\"twitter:data1\" content=\"Equipo Fabricio\" \/>\n\t<meta name=\"twitter:label2\" content=\"Tiempo de lectura\" \/>\n\t<meta name=\"twitter:data2\" content=\"10 minutos\" \/>\n<script type=\"application\/ld+json\" class=\"yoast-schema-graph\">{\"@context\":\"https:\\\/\\\/schema.org\",\"@graph\":[{\"@type\":\"Article\",\"@id\":\"https:\\\/\\\/fabriciob.ar\\\/web\\\/concejales-manifestaron-su-preocupacion-por-la-degradacion-institucional\\\/#article\",\"isPartOf\":{\"@id\":\"https:\\\/\\\/fabriciob.ar\\\/web\\\/concejales-manifestaron-su-preocupacion-por-la-degradacion-institucional\\\/\"},\"author\":{\"name\":\"Equipo Fabricio\",\"@id\":\"https:\\\/\\\/fabriciob.ar\\\/web\\\/#\\\/schema\\\/person\\\/d56dbc2f2489983c5270184312aab61b\"},\"headline\":\"Concejales manifestaron su preocupaci\u00f3n por la degradaci\u00f3n institucional\",\"datePublished\":\"2021-12-30T18:13:55+00:00\",\"mainEntityOfPage\":{\"@id\":\"https:\\\/\\\/fabriciob.ar\\\/web\\\/concejales-manifestaron-su-preocupacion-por-la-degradacion-institucional\\\/\"},\"wordCount\":2063,\"commentCount\":0,\"publisher\":{\"@id\":\"https:\\\/\\\/fabriciob.ar\\\/web\\\/#organization\"},\"image\":{\"@id\":\"https:\\\/\\\/fabriciob.ar\\\/web\\\/concejales-manifestaron-su-preocupacion-por-la-degradacion-institucional\\\/#primaryimage\"},\"thumbnailUrl\":\"https:\\\/\\\/fabriciob.ar\\\/web\\\/wp-content\\\/uploads\\\/2021\\\/12\\\/10.jpg\",\"articleSection\":[\"COMUNICADOS DE PRENSA\"],\"inLanguage\":\"es\",\"potentialAction\":[{\"@type\":\"CommentAction\",\"name\":\"Comment\",\"target\":[\"https:\\\/\\\/fabriciob.ar\\\/web\\\/concejales-manifestaron-su-preocupacion-por-la-degradacion-institucional\\\/#respond\"]}]},{\"@type\":\"WebPage\",\"@id\":\"https:\\\/\\\/fabriciob.ar\\\/web\\\/concejales-manifestaron-su-preocupacion-por-la-degradacion-institucional\\\/\",\"url\":\"https:\\\/\\\/fabriciob.ar\\\/web\\\/concejales-manifestaron-su-preocupacion-por-la-degradacion-institucional\\\/\",\"name\":\"Concejales manifestaron su preocupaci\u00f3n por la degradaci\u00f3n institucional - Fabricio Bolatti\",\"isPartOf\":{\"@id\":\"https:\\\/\\\/fabriciob.ar\\\/web\\\/#website\"},\"primaryImageOfPage\":{\"@id\":\"https:\\\/\\\/fabriciob.ar\\\/web\\\/concejales-manifestaron-su-preocupacion-por-la-degradacion-institucional\\\/#primaryimage\"},\"image\":{\"@id\":\"https:\\\/\\\/fabriciob.ar\\\/web\\\/concejales-manifestaron-su-preocupacion-por-la-degradacion-institucional\\\/#primaryimage\"},\"thumbnailUrl\":\"https:\\\/\\\/fabriciob.ar\\\/web\\\/wp-content\\\/uploads\\\/2021\\\/12\\\/10.jpg\",\"datePublished\":\"2021-12-30T18:13:55+00:00\",\"breadcrumb\":{\"@id\":\"https:\\\/\\\/fabriciob.ar\\\/web\\\/concejales-manifestaron-su-preocupacion-por-la-degradacion-institucional\\\/#breadcrumb\"},\"inLanguage\":\"es\",\"potentialAction\":[{\"@type\":\"ReadAction\",\"target\":[\"https:\\\/\\\/fabriciob.ar\\\/web\\\/concejales-manifestaron-su-preocupacion-por-la-degradacion-institucional\\\/\"]}]},{\"@type\":\"ImageObject\",\"inLanguage\":\"es\",\"@id\":\"https:\\\/\\\/fabriciob.ar\\\/web\\\/concejales-manifestaron-su-preocupacion-por-la-degradacion-institucional\\\/#primaryimage\",\"url\":\"https:\\\/\\\/fabriciob.ar\\\/web\\\/wp-content\\\/uploads\\\/2021\\\/12\\\/10.jpg\",\"contentUrl\":\"https:\\\/\\\/fabriciob.ar\\\/web\\\/wp-content\\\/uploads\\\/2021\\\/12\\\/10.jpg\",\"width\":1057,\"height\":708},{\"@type\":\"BreadcrumbList\",\"@id\":\"https:\\\/\\\/fabriciob.ar\\\/web\\\/concejales-manifestaron-su-preocupacion-por-la-degradacion-institucional\\\/#breadcrumb\",\"itemListElement\":[{\"@type\":\"ListItem\",\"position\":1,\"name\":\"Portada\",\"item\":\"https:\\\/\\\/fabriciob.ar\\\/web\\\/\"},{\"@type\":\"ListItem\",\"position\":2,\"name\":\"Concejales manifestaron su preocupaci\u00f3n por la degradaci\u00f3n institucional\"}]},{\"@type\":\"WebSite\",\"@id\":\"https:\\\/\\\/fabriciob.ar\\\/web\\\/#website\",\"url\":\"https:\\\/\\\/fabriciob.ar\\\/web\\\/\",\"name\":\"Fabricio Bolatti\",\"description\":\"Sitio Oficial-Comunicaci\u00f3n institucional de la gesti\u00f3n legislativa del concejal Fabricio Bolatti con los vecinos y vecinas de la ciudad de Resistencia\",\"publisher\":{\"@id\":\"https:\\\/\\\/fabriciob.ar\\\/web\\\/#organization\"},\"potentialAction\":[{\"@type\":\"SearchAction\",\"target\":{\"@type\":\"EntryPoint\",\"urlTemplate\":\"https:\\\/\\\/fabriciob.ar\\\/web\\\/?s={search_term_string}\"},\"query-input\":{\"@type\":\"PropertyValueSpecification\",\"valueRequired\":true,\"valueName\":\"search_term_string\"}}],\"inLanguage\":\"es\"},{\"@type\":\"Organization\",\"@id\":\"https:\\\/\\\/fabriciob.ar\\\/web\\\/#organization\",\"name\":\"Fabricio Bolatti-Sitio Oficial\",\"url\":\"https:\\\/\\\/fabriciob.ar\\\/web\\\/\",\"logo\":{\"@type\":\"ImageObject\",\"inLanguage\":\"es\",\"@id\":\"https:\\\/\\\/fabriciob.ar\\\/web\\\/#\\\/schema\\\/logo\\\/image\\\/\",\"url\":\"https:\\\/\\\/fabriciob.ar\\\/web\\\/wp-content\\\/uploads\\\/2020\\\/12\\\/cropped-fb-en-el-concejo-a-red-2-1.png\",\"contentUrl\":\"https:\\\/\\\/fabriciob.ar\\\/web\\\/wp-content\\\/uploads\\\/2020\\\/12\\\/cropped-fb-en-el-concejo-a-red-2-1.png\",\"width\":512,\"height\":512,\"caption\":\"Fabricio Bolatti-Sitio Oficial\"},\"image\":{\"@id\":\"https:\\\/\\\/fabriciob.ar\\\/web\\\/#\\\/schema\\\/logo\\\/image\\\/\"},\"sameAs\":[\"https:\\\/\\\/www.facebook.com\\\/fabriciobolattiK\\\/\",\"https:\\\/\\\/x.com\\\/fabriciobolatti\",\"https:\\\/\\\/www.instagram.com\\\/fabriciobolatti\\\/?igshid=7ztsgzj0mwql\",\"https:\\\/\\\/www.youtube.com\\\/channel\\\/UCWLMPKJZG1JgX9U29Pra3ng\"]},{\"@type\":\"Person\",\"@id\":\"https:\\\/\\\/fabriciob.ar\\\/web\\\/#\\\/schema\\\/person\\\/d56dbc2f2489983c5270184312aab61b\",\"name\":\"Equipo Fabricio\",\"image\":{\"@type\":\"ImageObject\",\"inLanguage\":\"es\",\"@id\":\"https:\\\/\\\/secure.gravatar.com\\\/avatar\\\/9d8e99352a71f2ac7e650885bc7721fe9d667070a36c2a5bb86aab909b8cf626?s=96&d=mm&r=g\",\"url\":\"https:\\\/\\\/secure.gravatar.com\\\/avatar\\\/9d8e99352a71f2ac7e650885bc7721fe9d667070a36c2a5bb86aab909b8cf626?s=96&d=mm&r=g\",\"contentUrl\":\"https:\\\/\\\/secure.gravatar.com\\\/avatar\\\/9d8e99352a71f2ac7e650885bc7721fe9d667070a36c2a5bb86aab909b8cf626?s=96&d=mm&r=g\",\"caption\":\"Equipo Fabricio\"},\"url\":\"https:\\\/\\\/fabriciob.ar\\\/web\\\/author\\\/admin\\\/\"}]}<\/script>\n<!-- \/ Yoast SEO plugin. -->","yoast_head_json":{"title":"Concejales manifestaron su preocupaci\u00f3n por la degradaci\u00f3n institucional - Fabricio Bolatti","robots":{"index":"index","follow":"follow","max-snippet":"max-snippet:-1","max-image-preview":"max-image-preview:large","max-video-preview":"max-video-preview:-1"},"canonical":"https:\/\/fabriciob.ar\/web\/concejales-manifestaron-su-preocupacion-por-la-degradacion-institucional\/","og_locale":"es_ES","og_type":"article","og_title":"Concejales manifestaron su preocupaci\u00f3n por la degradaci\u00f3n institucional - Fabricio Bolatti","og_url":"https:\/\/fabriciob.ar\/web\/concejales-manifestaron-su-preocupacion-por-la-degradacion-institucional\/","og_site_name":"Fabricio Bolatti","article_publisher":"https:\/\/www.facebook.com\/fabriciobolattiK\/","article_published_time":"2021-12-30T18:13:55+00:00","og_image":[{"width":1057,"height":708,"url":"https:\/\/fabriciob.ar\/web\/wp-content\/uploads\/2021\/12\/10.jpg","type":"image\/jpeg"}],"author":"Equipo Fabricio","twitter_card":"summary_large_image","twitter_creator":"@fabriciobolatti","twitter_site":"@fabriciobolatti","twitter_misc":{"Escrito por":"Equipo Fabricio","Tiempo de lectura":"10 minutos"},"schema":{"@context":"https:\/\/schema.org","@graph":[{"@type":"Article","@id":"https:\/\/fabriciob.ar\/web\/concejales-manifestaron-su-preocupacion-por-la-degradacion-institucional\/#article","isPartOf":{"@id":"https:\/\/fabriciob.ar\/web\/concejales-manifestaron-su-preocupacion-por-la-degradacion-institucional\/"},"author":{"name":"Equipo Fabricio","@id":"https:\/\/fabriciob.ar\/web\/#\/schema\/person\/d56dbc2f2489983c5270184312aab61b"},"headline":"Concejales manifestaron su preocupaci\u00f3n por la degradaci\u00f3n institucional","datePublished":"2021-12-30T18:13:55+00:00","mainEntityOfPage":{"@id":"https:\/\/fabriciob.ar\/web\/concejales-manifestaron-su-preocupacion-por-la-degradacion-institucional\/"},"wordCount":2063,"commentCount":0,"publisher":{"@id":"https:\/\/fabriciob.ar\/web\/#organization"},"image":{"@id":"https:\/\/fabriciob.ar\/web\/concejales-manifestaron-su-preocupacion-por-la-degradacion-institucional\/#primaryimage"},"thumbnailUrl":"https:\/\/fabriciob.ar\/web\/wp-content\/uploads\/2021\/12\/10.jpg","articleSection":["COMUNICADOS DE PRENSA"],"inLanguage":"es","potentialAction":[{"@type":"CommentAction","name":"Comment","target":["https:\/\/fabriciob.ar\/web\/concejales-manifestaron-su-preocupacion-por-la-degradacion-institucional\/#respond"]}]},{"@type":"WebPage","@id":"https:\/\/fabriciob.ar\/web\/concejales-manifestaron-su-preocupacion-por-la-degradacion-institucional\/","url":"https:\/\/fabriciob.ar\/web\/concejales-manifestaron-su-preocupacion-por-la-degradacion-institucional\/","name":"Concejales manifestaron su preocupaci\u00f3n por la degradaci\u00f3n institucional - Fabricio Bolatti","isPartOf":{"@id":"https:\/\/fabriciob.ar\/web\/#website"},"primaryImageOfPage":{"@id":"https:\/\/fabriciob.ar\/web\/concejales-manifestaron-su-preocupacion-por-la-degradacion-institucional\/#primaryimage"},"image":{"@id":"https:\/\/fabriciob.ar\/web\/concejales-manifestaron-su-preocupacion-por-la-degradacion-institucional\/#primaryimage"},"thumbnailUrl":"https:\/\/fabriciob.ar\/web\/wp-content\/uploads\/2021\/12\/10.jpg","datePublished":"2021-12-30T18:13:55+00:00","breadcrumb":{"@id":"https:\/\/fabriciob.ar\/web\/concejales-manifestaron-su-preocupacion-por-la-degradacion-institucional\/#breadcrumb"},"inLanguage":"es","potentialAction":[{"@type":"ReadAction","target":["https:\/\/fabriciob.ar\/web\/concejales-manifestaron-su-preocupacion-por-la-degradacion-institucional\/"]}]},{"@type":"ImageObject","inLanguage":"es","@id":"https:\/\/fabriciob.ar\/web\/concejales-manifestaron-su-preocupacion-por-la-degradacion-institucional\/#primaryimage","url":"https:\/\/fabriciob.ar\/web\/wp-content\/uploads\/2021\/12\/10.jpg","contentUrl":"https:\/\/fabriciob.ar\/web\/wp-content\/uploads\/2021\/12\/10.jpg","width":1057,"height":708},{"@type":"BreadcrumbList","@id":"https:\/\/fabriciob.ar\/web\/concejales-manifestaron-su-preocupacion-por-la-degradacion-institucional\/#breadcrumb","itemListElement":[{"@type":"ListItem","position":1,"name":"Portada","item":"https:\/\/fabriciob.ar\/web\/"},{"@type":"ListItem","position":2,"name":"Concejales manifestaron su preocupaci\u00f3n por la degradaci\u00f3n institucional"}]},{"@type":"WebSite","@id":"https:\/\/fabriciob.ar\/web\/#website","url":"https:\/\/fabriciob.ar\/web\/","name":"Fabricio Bolatti","description":"Sitio Oficial-Comunicaci\u00f3n institucional de la gesti\u00f3n legislativa del concejal Fabricio Bolatti con los vecinos y vecinas de la ciudad de Resistencia","publisher":{"@id":"https:\/\/fabriciob.ar\/web\/#organization"},"potentialAction":[{"@type":"SearchAction","target":{"@type":"EntryPoint","urlTemplate":"https:\/\/fabriciob.ar\/web\/?s={search_term_string}"},"query-input":{"@type":"PropertyValueSpecification","valueRequired":true,"valueName":"search_term_string"}}],"inLanguage":"es"},{"@type":"Organization","@id":"https:\/\/fabriciob.ar\/web\/#organization","name":"Fabricio Bolatti-Sitio Oficial","url":"https:\/\/fabriciob.ar\/web\/","logo":{"@type":"ImageObject","inLanguage":"es","@id":"https:\/\/fabriciob.ar\/web\/#\/schema\/logo\/image\/","url":"https:\/\/fabriciob.ar\/web\/wp-content\/uploads\/2020\/12\/cropped-fb-en-el-concejo-a-red-2-1.png","contentUrl":"https:\/\/fabriciob.ar\/web\/wp-content\/uploads\/2020\/12\/cropped-fb-en-el-concejo-a-red-2-1.png","width":512,"height":512,"caption":"Fabricio Bolatti-Sitio Oficial"},"image":{"@id":"https:\/\/fabriciob.ar\/web\/#\/schema\/logo\/image\/"},"sameAs":["https:\/\/www.facebook.com\/fabriciobolattiK\/","https:\/\/x.com\/fabriciobolatti","https:\/\/www.instagram.com\/fabriciobolatti\/?igshid=7ztsgzj0mwql","https:\/\/www.youtube.com\/channel\/UCWLMPKJZG1JgX9U29Pra3ng"]},{"@type":"Person","@id":"https:\/\/fabriciob.ar\/web\/#\/schema\/person\/d56dbc2f2489983c5270184312aab61b","name":"Equipo Fabricio","image":{"@type":"ImageObject","inLanguage":"es","@id":"https:\/\/secure.gravatar.com\/avatar\/9d8e99352a71f2ac7e650885bc7721fe9d667070a36c2a5bb86aab909b8cf626?s=96&d=mm&r=g","url":"https:\/\/secure.gravatar.com\/avatar\/9d8e99352a71f2ac7e650885bc7721fe9d667070a36c2a5bb86aab909b8cf626?s=96&d=mm&r=g","contentUrl":"https:\/\/secure.gravatar.com\/avatar\/9d8e99352a71f2ac7e650885bc7721fe9d667070a36c2a5bb86aab909b8cf626?s=96&d=mm&r=g","caption":"Equipo Fabricio"},"url":"https:\/\/fabriciob.ar\/web\/author\/admin\/"}]}},"_links":{"self":[{"href":"https:\/\/fabriciob.ar\/web\/wp-json\/wp\/v2\/posts\/6624","targetHints":{"allow":["GET"]}}],"collection":[{"href":"https:\/\/fabriciob.ar\/web\/wp-json\/wp\/v2\/posts"}],"about":[{"href":"https:\/\/fabriciob.ar\/web\/wp-json\/wp\/v2\/types\/post"}],"author":[{"embeddable":true,"href":"https:\/\/fabriciob.ar\/web\/wp-json\/wp\/v2\/users\/3"}],"replies":[{"embeddable":true,"href":"https:\/\/fabriciob.ar\/web\/wp-json\/wp\/v2\/comments?post=6624"}],"version-history":[{"count":0,"href":"https:\/\/fabriciob.ar\/web\/wp-json\/wp\/v2\/posts\/6624\/revisions"}],"wp:featuredmedia":[{"embeddable":true,"href":"https:\/\/fabriciob.ar\/web\/wp-json\/wp\/v2\/media\/6630"}],"wp:attachment":[{"href":"https:\/\/fabriciob.ar\/web\/wp-json\/wp\/v2\/media?parent=6624"}],"wp:term":[{"taxonomy":"category","embeddable":true,"href":"https:\/\/fabriciob.ar\/web\/wp-json\/wp\/v2\/categories?post=6624"},{"taxonomy":"post_tag","embeddable":true,"href":"https:\/\/fabriciob.ar\/web\/wp-json\/wp\/v2\/tags?post=6624"}],"curies":[{"name":"wp","href":"https:\/\/api.w.org\/{rel}","templated":true}]}}