{"id":6672,"date":"2021-10-03T15:47:42","date_gmt":"2021-10-03T15:47:42","guid":{"rendered":"https:\/\/fabriciob.ar\/web\/?p=6672"},"modified":"2022-02-03T15:54:30","modified_gmt":"2022-02-03T15:54:30","slug":"colectivos-solicitamos-se-intime-a-las-empresas-a-cumplir-con-las-frecuencias-de-recorridos-en-horas-pico","status":"publish","type":"post","link":"https:\/\/fabriciob.ar\/web\/colectivos-solicitamos-se-intime-a-las-empresas-a-cumplir-con-las-frecuencias-de-recorridos-en-horas-pico\/","title":{"rendered":"Colectivos: solicitamos se intime a las empresas a cumplir con las frecuencias de recorridos en horas pico"},"content":{"rendered":"<p><!--more--><\/p>\n<p><strong>VISTO:<\/strong><\/p>\n<p>Los reclamos que nos hacen llegar a trav\u00e9s de v\u00edas digitales de comunicaci\u00f3n y la emergencia sanitaria dictada por la circulaci\u00f3n del virus COVID-19;<\/p>\n<p><strong>CONSIDERANDO:<\/strong><\/p>\n<p>Que vecinas y vecinos, de la ciudad de Resistencia nos realizan distintos reclamos a trav\u00e9s de los distintos canales de comunicaci\u00f3n digitales con nuestra concejal\u00eda, que nos vimos obligados a habilitar por la pandemia;<\/p>\n<p>Que entre los reclamos se repiten las quejas por la falta de refuerzo de las unidades de colectivos en horas pico y que las unidades pasan con menor frecuencia,<\/p>\n<p>Que como es sabido no pueden transportar pasajeras o pasajeros parados;<\/p>\n<p>Que esto genera m\u00faltiples inconvenientes como ser llegadas tarde al lugar de trabajo o a la actividad escolar para les estudiantes que deben asistir a sus burbujas;<\/p>\n<p>Que las empresas de transporte p\u00fablico de pasajeros deben cumplir con estas exigencias y colaborar en minimizar el impacto de la circulaci\u00f3n del virus, pero tambi\u00e9n prestar eficientemente el servicio;<\/p>\n<p><strong>QUE POR TODO ELLO:<\/strong><\/p>\n<p style=\"text-align: center;\"><strong>EL CONCEJO MUNICIPAL DE LA CIUDAD DE RESISTENCIA<\/strong><br \/>\n<strong>RESUELVE:<\/strong><\/p>\n<p>1.Dirigirse al Departamento Ejecutivo Municipal para que, a trav\u00e9s del \u00e1rea correspondiente, intime a las empresas de colectivos que tienen la concesi\u00f3n de las l\u00edneas urbanas, a cumplir con las frecuencias en el recorrido y a sumar unidades en los horarios picos, con el objetivo de cumplir .<\/p>\n<p>2.De forma.<\/p>\n<p>&nbsp;<\/p>\n<p>&nbsp;<\/p>\n","protected":false},"excerpt":{"rendered":"","protected":false},"author":3,"featured_media":6673,"comment_status":"open","ping_status":"open","sticky":false,"template":"","format":"standard","meta":{"_joinchat":[],"footnotes":""},"categories":[41],"tags":[],"class_list":["post-6672","post","type-post","status-publish","format-standard","has-post-thumbnail","hentry","category-proyectos-de-resolucion"],"yoast_head":"<!-- This site is optimized with the Yoast SEO plugin v27.5 - https:\/\/yoast.com\/product\/yoast-seo-wordpress\/ -->\n<title>Colectivos: solicitamos se intime a las empresas a cumplir con las frecuencias de recorridos en horas pico - Fabricio Bolatti<\/title>\n<meta name=\"robots\" content=\"index, follow, max-snippet:-1, max-image-preview:large, max-video-preview:-1\" \/>\n<link rel=\"canonical\" href=\"https:\/\/fabriciob.ar\/web\/colectivos-solicitamos-se-intime-a-las-empresas-a-cumplir-con-las-frecuencias-de-recorridos-en-horas-pico\/\" \/>\n<meta property=\"og:locale\" content=\"es_ES\" \/>\n<meta property=\"og:type\" content=\"article\" \/>\n<meta property=\"og:title\" content=\"Colectivos: solicitamos se intime a las empresas a cumplir con las frecuencias de recorridos en horas pico - Fabricio Bolatti\" \/>\n<meta property=\"og:url\" content=\"https:\/\/fabriciob.ar\/web\/colectivos-solicitamos-se-intime-a-las-empresas-a-cumplir-con-las-frecuencias-de-recorridos-en-horas-pico\/\" \/>\n<meta property=\"og:site_name\" content=\"Fabricio Bolatti\" \/>\n<meta property=\"article:publisher\" content=\"https:\/\/www.facebook.com\/fabriciobolattiK\/\" \/>\n<meta property=\"article:published_time\" content=\"2021-10-03T15:47:42+00:00\" \/>\n<meta property=\"article:modified_time\" content=\"2022-02-03T15:54:30+00:00\" \/>\n<meta property=\"og:image\" content=\"https:\/\/fabriciob.ar\/web\/wp-content\/uploads\/2022\/02\/colectivos.jpg\" \/>\n\t<meta property=\"og:image:width\" content=\"616\" \/>\n\t<meta property=\"og:image:height\" content=\"365\" \/>\n\t<meta property=\"og:image:type\" content=\"image\/jpeg\" \/>\n<meta name=\"author\" content=\"Equipo Fabricio\" \/>\n<meta name=\"twitter:card\" content=\"summary_large_image\" \/>\n<meta name=\"twitter:creator\" content=\"@fabriciobolatti\" \/>\n<meta name=\"twitter:site\" content=\"@fabriciobolatti\" \/>\n<meta name=\"twitter:label1\" content=\"Escrito por\" \/>\n\t<meta name=\"twitter:data1\" content=\"Equipo Fabricio\" \/>\n\t<meta name=\"twitter:label2\" content=\"Tiempo de lectura\" \/>\n\t<meta name=\"twitter:data2\" content=\"1 minuto\" \/>\n<script type=\"application\/ld+json\" class=\"yoast-schema-graph\">{\"@context\":\"https:\\\/\\\/schema.org\",\"@graph\":[{\"@type\":\"Article\",\"@id\":\"https:\\\/\\\/fabriciob.ar\\\/web\\\/colectivos-solicitamos-se-intime-a-las-empresas-a-cumplir-con-las-frecuencias-de-recorridos-en-horas-pico\\\/#article\",\"isPartOf\":{\"@id\":\"https:\\\/\\\/fabriciob.ar\\\/web\\\/colectivos-solicitamos-se-intime-a-las-empresas-a-cumplir-con-las-frecuencias-de-recorridos-en-horas-pico\\\/\"},\"author\":{\"name\":\"Equipo Fabricio\",\"@id\":\"https:\\\/\\\/fabriciob.ar\\\/web\\\/#\\\/schema\\\/person\\\/d56dbc2f2489983c5270184312aab61b\"},\"headline\":\"Colectivos: solicitamos se intime a las empresas a cumplir con las frecuencias de recorridos en horas pico\",\"datePublished\":\"2021-10-03T15:47:42+00:00\",\"dateModified\":\"2022-02-03T15:54:30+00:00\",\"mainEntityOfPage\":{\"@id\":\"https:\\\/\\\/fabriciob.ar\\\/web\\\/colectivos-solicitamos-se-intime-a-las-empresas-a-cumplir-con-las-frecuencias-de-recorridos-en-horas-pico\\\/\"},\"wordCount\":252,\"commentCount\":0,\"publisher\":{\"@id\":\"https:\\\/\\\/fabriciob.ar\\\/web\\\/#organization\"},\"image\":{\"@id\":\"https:\\\/\\\/fabriciob.ar\\\/web\\\/colectivos-solicitamos-se-intime-a-las-empresas-a-cumplir-con-las-frecuencias-de-recorridos-en-horas-pico\\\/#primaryimage\"},\"thumbnailUrl\":\"https:\\\/\\\/fabriciob.ar\\\/web\\\/wp-content\\\/uploads\\\/2022\\\/02\\\/colectivos.jpg\",\"articleSection\":[\"PROYECTOS DE RESOLUCION\"],\"inLanguage\":\"es\",\"potentialAction\":[{\"@type\":\"CommentAction\",\"name\":\"Comment\",\"target\":[\"https:\\\/\\\/fabriciob.ar\\\/web\\\/colectivos-solicitamos-se-intime-a-las-empresas-a-cumplir-con-las-frecuencias-de-recorridos-en-horas-pico\\\/#respond\"]}]},{\"@type\":\"WebPage\",\"@id\":\"https:\\\/\\\/fabriciob.ar\\\/web\\\/colectivos-solicitamos-se-intime-a-las-empresas-a-cumplir-con-las-frecuencias-de-recorridos-en-horas-pico\\\/\",\"url\":\"https:\\\/\\\/fabriciob.ar\\\/web\\\/colectivos-solicitamos-se-intime-a-las-empresas-a-cumplir-con-las-frecuencias-de-recorridos-en-horas-pico\\\/\",\"name\":\"Colectivos: solicitamos se intime a las empresas a cumplir con las frecuencias de recorridos en horas pico - Fabricio Bolatti\",\"isPartOf\":{\"@id\":\"https:\\\/\\\/fabriciob.ar\\\/web\\\/#website\"},\"primaryImageOfPage\":{\"@id\":\"https:\\\/\\\/fabriciob.ar\\\/web\\\/colectivos-solicitamos-se-intime-a-las-empresas-a-cumplir-con-las-frecuencias-de-recorridos-en-horas-pico\\\/#primaryimage\"},\"image\":{\"@id\":\"https:\\\/\\\/fabriciob.ar\\\/web\\\/colectivos-solicitamos-se-intime-a-las-empresas-a-cumplir-con-las-frecuencias-de-recorridos-en-horas-pico\\\/#primaryimage\"},\"thumbnailUrl\":\"https:\\\/\\\/fabriciob.ar\\\/web\\\/wp-content\\\/uploads\\\/2022\\\/02\\\/colectivos.jpg\",\"datePublished\":\"2021-10-03T15:47:42+00:00\",\"dateModified\":\"2022-02-03T15:54:30+00:00\",\"breadcrumb\":{\"@id\":\"https:\\\/\\\/fabriciob.ar\\\/web\\\/colectivos-solicitamos-se-intime-a-las-empresas-a-cumplir-con-las-frecuencias-de-recorridos-en-horas-pico\\\/#breadcrumb\"},\"inLanguage\":\"es\",\"potentialAction\":[{\"@type\":\"ReadAction\",\"target\":[\"https:\\\/\\\/fabriciob.ar\\\/web\\\/colectivos-solicitamos-se-intime-a-las-empresas-a-cumplir-con-las-frecuencias-de-recorridos-en-horas-pico\\\/\"]}]},{\"@type\":\"ImageObject\",\"inLanguage\":\"es\",\"@id\":\"https:\\\/\\\/fabriciob.ar\\\/web\\\/colectivos-solicitamos-se-intime-a-las-empresas-a-cumplir-con-las-frecuencias-de-recorridos-en-horas-pico\\\/#primaryimage\",\"url\":\"https:\\\/\\\/fabriciob.ar\\\/web\\\/wp-content\\\/uploads\\\/2022\\\/02\\\/colectivos.jpg\",\"contentUrl\":\"https:\\\/\\\/fabriciob.ar\\\/web\\\/wp-content\\\/uploads\\\/2022\\\/02\\\/colectivos.jpg\",\"width\":616,\"height\":365},{\"@type\":\"BreadcrumbList\",\"@id\":\"https:\\\/\\\/fabriciob.ar\\\/web\\\/colectivos-solicitamos-se-intime-a-las-empresas-a-cumplir-con-las-frecuencias-de-recorridos-en-horas-pico\\\/#breadcrumb\",\"itemListElement\":[{\"@type\":\"ListItem\",\"position\":1,\"name\":\"Portada\",\"item\":\"https:\\\/\\\/fabriciob.ar\\\/web\\\/\"},{\"@type\":\"ListItem\",\"position\":2,\"name\":\"Colectivos: solicitamos se intime a las empresas a cumplir con las frecuencias de recorridos en horas pico\"}]},{\"@type\":\"WebSite\",\"@id\":\"https:\\\/\\\/fabriciob.ar\\\/web\\\/#website\",\"url\":\"https:\\\/\\\/fabriciob.ar\\\/web\\\/\",\"name\":\"Fabricio Bolatti\",\"description\":\"Sitio Oficial-Comunicaci\u00f3n institucional de la gesti\u00f3n legislativa del concejal Fabricio Bolatti con los vecinos y vecinas de la ciudad de Resistencia\",\"publisher\":{\"@id\":\"https:\\\/\\\/fabriciob.ar\\\/web\\\/#organization\"},\"potentialAction\":[{\"@type\":\"SearchAction\",\"target\":{\"@type\":\"EntryPoint\",\"urlTemplate\":\"https:\\\/\\\/fabriciob.ar\\\/web\\\/?s={search_term_string}\"},\"query-input\":{\"@type\":\"PropertyValueSpecification\",\"valueRequired\":true,\"valueName\":\"search_term_string\"}}],\"inLanguage\":\"es\"},{\"@type\":\"Organization\",\"@id\":\"https:\\\/\\\/fabriciob.ar\\\/web\\\/#organization\",\"name\":\"Fabricio Bolatti-Sitio Oficial\",\"url\":\"https:\\\/\\\/fabriciob.ar\\\/web\\\/\",\"logo\":{\"@type\":\"ImageObject\",\"inLanguage\":\"es\",\"@id\":\"https:\\\/\\\/fabriciob.ar\\\/web\\\/#\\\/schema\\\/logo\\\/image\\\/\",\"url\":\"https:\\\/\\\/fabriciob.ar\\\/web\\\/wp-content\\\/uploads\\\/2020\\\/12\\\/cropped-fb-en-el-concejo-a-red-2-1.png\",\"contentUrl\":\"https:\\\/\\\/fabriciob.ar\\\/web\\\/wp-content\\\/uploads\\\/2020\\\/12\\\/cropped-fb-en-el-concejo-a-red-2-1.png\",\"width\":512,\"height\":512,\"caption\":\"Fabricio Bolatti-Sitio Oficial\"},\"image\":{\"@id\":\"https:\\\/\\\/fabriciob.ar\\\/web\\\/#\\\/schema\\\/logo\\\/image\\\/\"},\"sameAs\":[\"https:\\\/\\\/www.facebook.com\\\/fabriciobolattiK\\\/\",\"https:\\\/\\\/x.com\\\/fabriciobolatti\",\"https:\\\/\\\/www.instagram.com\\\/fabriciobolatti\\\/?igshid=7ztsgzj0mwql\",\"https:\\\/\\\/www.youtube.com\\\/channel\\\/UCWLMPKJZG1JgX9U29Pra3ng\"]},{\"@type\":\"Person\",\"@id\":\"https:\\\/\\\/fabriciob.ar\\\/web\\\/#\\\/schema\\\/person\\\/d56dbc2f2489983c5270184312aab61b\",\"name\":\"Equipo Fabricio\",\"image\":{\"@type\":\"ImageObject\",\"inLanguage\":\"es\",\"@id\":\"https:\\\/\\\/secure.gravatar.com\\\/avatar\\\/9d8e99352a71f2ac7e650885bc7721fe9d667070a36c2a5bb86aab909b8cf626?s=96&d=mm&r=g\",\"url\":\"https:\\\/\\\/secure.gravatar.com\\\/avatar\\\/9d8e99352a71f2ac7e650885bc7721fe9d667070a36c2a5bb86aab909b8cf626?s=96&d=mm&r=g\",\"contentUrl\":\"https:\\\/\\\/secure.gravatar.com\\\/avatar\\\/9d8e99352a71f2ac7e650885bc7721fe9d667070a36c2a5bb86aab909b8cf626?s=96&d=mm&r=g\",\"caption\":\"Equipo Fabricio\"},\"url\":\"https:\\\/\\\/fabriciob.ar\\\/web\\\/author\\\/admin\\\/\"}]}<\/script>\n<!-- \/ Yoast SEO plugin. -->","yoast_head_json":{"title":"Colectivos: solicitamos se intime a las empresas a cumplir con las frecuencias de recorridos en horas pico - Fabricio Bolatti","robots":{"index":"index","follow":"follow","max-snippet":"max-snippet:-1","max-image-preview":"max-image-preview:large","max-video-preview":"max-video-preview:-1"},"canonical":"https:\/\/fabriciob.ar\/web\/colectivos-solicitamos-se-intime-a-las-empresas-a-cumplir-con-las-frecuencias-de-recorridos-en-horas-pico\/","og_locale":"es_ES","og_type":"article","og_title":"Colectivos: solicitamos se intime a las empresas a cumplir con las frecuencias de recorridos en horas pico - Fabricio Bolatti","og_url":"https:\/\/fabriciob.ar\/web\/colectivos-solicitamos-se-intime-a-las-empresas-a-cumplir-con-las-frecuencias-de-recorridos-en-horas-pico\/","og_site_name":"Fabricio Bolatti","article_publisher":"https:\/\/www.facebook.com\/fabriciobolattiK\/","article_published_time":"2021-10-03T15:47:42+00:00","article_modified_time":"2022-02-03T15:54:30+00:00","og_image":[{"width":616,"height":365,"url":"https:\/\/fabriciob.ar\/web\/wp-content\/uploads\/2022\/02\/colectivos.jpg","type":"image\/jpeg"}],"author":"Equipo Fabricio","twitter_card":"summary_large_image","twitter_creator":"@fabriciobolatti","twitter_site":"@fabriciobolatti","twitter_misc":{"Escrito por":"Equipo Fabricio","Tiempo de lectura":"1 minuto"},"schema":{"@context":"https:\/\/schema.org","@graph":[{"@type":"Article","@id":"https:\/\/fabriciob.ar\/web\/colectivos-solicitamos-se-intime-a-las-empresas-a-cumplir-con-las-frecuencias-de-recorridos-en-horas-pico\/#article","isPartOf":{"@id":"https:\/\/fabriciob.ar\/web\/colectivos-solicitamos-se-intime-a-las-empresas-a-cumplir-con-las-frecuencias-de-recorridos-en-horas-pico\/"},"author":{"name":"Equipo Fabricio","@id":"https:\/\/fabriciob.ar\/web\/#\/schema\/person\/d56dbc2f2489983c5270184312aab61b"},"headline":"Colectivos: solicitamos se intime a las empresas a cumplir con las frecuencias de recorridos en horas pico","datePublished":"2021-10-03T15:47:42+00:00","dateModified":"2022-02-03T15:54:30+00:00","mainEntityOfPage":{"@id":"https:\/\/fabriciob.ar\/web\/colectivos-solicitamos-se-intime-a-las-empresas-a-cumplir-con-las-frecuencias-de-recorridos-en-horas-pico\/"},"wordCount":252,"commentCount":0,"publisher":{"@id":"https:\/\/fabriciob.ar\/web\/#organization"},"image":{"@id":"https:\/\/fabriciob.ar\/web\/colectivos-solicitamos-se-intime-a-las-empresas-a-cumplir-con-las-frecuencias-de-recorridos-en-horas-pico\/#primaryimage"},"thumbnailUrl":"https:\/\/fabriciob.ar\/web\/wp-content\/uploads\/2022\/02\/colectivos.jpg","articleSection":["PROYECTOS DE RESOLUCION"],"inLanguage":"es","potentialAction":[{"@type":"CommentAction","name":"Comment","target":["https:\/\/fabriciob.ar\/web\/colectivos-solicitamos-se-intime-a-las-empresas-a-cumplir-con-las-frecuencias-de-recorridos-en-horas-pico\/#respond"]}]},{"@type":"WebPage","@id":"https:\/\/fabriciob.ar\/web\/colectivos-solicitamos-se-intime-a-las-empresas-a-cumplir-con-las-frecuencias-de-recorridos-en-horas-pico\/","url":"https:\/\/fabriciob.ar\/web\/colectivos-solicitamos-se-intime-a-las-empresas-a-cumplir-con-las-frecuencias-de-recorridos-en-horas-pico\/","name":"Colectivos: solicitamos se intime a las empresas a cumplir con las frecuencias de recorridos en horas pico - Fabricio Bolatti","isPartOf":{"@id":"https:\/\/fabriciob.ar\/web\/#website"},"primaryImageOfPage":{"@id":"https:\/\/fabriciob.ar\/web\/colectivos-solicitamos-se-intime-a-las-empresas-a-cumplir-con-las-frecuencias-de-recorridos-en-horas-pico\/#primaryimage"},"image":{"@id":"https:\/\/fabriciob.ar\/web\/colectivos-solicitamos-se-intime-a-las-empresas-a-cumplir-con-las-frecuencias-de-recorridos-en-horas-pico\/#primaryimage"},"thumbnailUrl":"https:\/\/fabriciob.ar\/web\/wp-content\/uploads\/2022\/02\/colectivos.jpg","datePublished":"2021-10-03T15:47:42+00:00","dateModified":"2022-02-03T15:54:30+00:00","breadcrumb":{"@id":"https:\/\/fabriciob.ar\/web\/colectivos-solicitamos-se-intime-a-las-empresas-a-cumplir-con-las-frecuencias-de-recorridos-en-horas-pico\/#breadcrumb"},"inLanguage":"es","potentialAction":[{"@type":"ReadAction","target":["https:\/\/fabriciob.ar\/web\/colectivos-solicitamos-se-intime-a-las-empresas-a-cumplir-con-las-frecuencias-de-recorridos-en-horas-pico\/"]}]},{"@type":"ImageObject","inLanguage":"es","@id":"https:\/\/fabriciob.ar\/web\/colectivos-solicitamos-se-intime-a-las-empresas-a-cumplir-con-las-frecuencias-de-recorridos-en-horas-pico\/#primaryimage","url":"https:\/\/fabriciob.ar\/web\/wp-content\/uploads\/2022\/02\/colectivos.jpg","contentUrl":"https:\/\/fabriciob.ar\/web\/wp-content\/uploads\/2022\/02\/colectivos.jpg","width":616,"height":365},{"@type":"BreadcrumbList","@id":"https:\/\/fabriciob.ar\/web\/colectivos-solicitamos-se-intime-a-las-empresas-a-cumplir-con-las-frecuencias-de-recorridos-en-horas-pico\/#breadcrumb","itemListElement":[{"@type":"ListItem","position":1,"name":"Portada","item":"https:\/\/fabriciob.ar\/web\/"},{"@type":"ListItem","position":2,"name":"Colectivos: solicitamos se intime a las empresas a cumplir con las frecuencias de recorridos en horas pico"}]},{"@type":"WebSite","@id":"https:\/\/fabriciob.ar\/web\/#website","url":"https:\/\/fabriciob.ar\/web\/","name":"Fabricio Bolatti","description":"Sitio Oficial-Comunicaci\u00f3n institucional de la gesti\u00f3n legislativa del concejal Fabricio Bolatti con los vecinos y vecinas de la ciudad de Resistencia","publisher":{"@id":"https:\/\/fabriciob.ar\/web\/#organization"},"potentialAction":[{"@type":"SearchAction","target":{"@type":"EntryPoint","urlTemplate":"https:\/\/fabriciob.ar\/web\/?s={search_term_string}"},"query-input":{"@type":"PropertyValueSpecification","valueRequired":true,"valueName":"search_term_string"}}],"inLanguage":"es"},{"@type":"Organization","@id":"https:\/\/fabriciob.ar\/web\/#organization","name":"Fabricio Bolatti-Sitio Oficial","url":"https:\/\/fabriciob.ar\/web\/","logo":{"@type":"ImageObject","inLanguage":"es","@id":"https:\/\/fabriciob.ar\/web\/#\/schema\/logo\/image\/","url":"https:\/\/fabriciob.ar\/web\/wp-content\/uploads\/2020\/12\/cropped-fb-en-el-concejo-a-red-2-1.png","contentUrl":"https:\/\/fabriciob.ar\/web\/wp-content\/uploads\/2020\/12\/cropped-fb-en-el-concejo-a-red-2-1.png","width":512,"height":512,"caption":"Fabricio Bolatti-Sitio Oficial"},"image":{"@id":"https:\/\/fabriciob.ar\/web\/#\/schema\/logo\/image\/"},"sameAs":["https:\/\/www.facebook.com\/fabriciobolattiK\/","https:\/\/x.com\/fabriciobolatti","https:\/\/www.instagram.com\/fabriciobolatti\/?igshid=7ztsgzj0mwql","https:\/\/www.youtube.com\/channel\/UCWLMPKJZG1JgX9U29Pra3ng"]},{"@type":"Person","@id":"https:\/\/fabriciob.ar\/web\/#\/schema\/person\/d56dbc2f2489983c5270184312aab61b","name":"Equipo Fabricio","image":{"@type":"ImageObject","inLanguage":"es","@id":"https:\/\/secure.gravatar.com\/avatar\/9d8e99352a71f2ac7e650885bc7721fe9d667070a36c2a5bb86aab909b8cf626?s=96&d=mm&r=g","url":"https:\/\/secure.gravatar.com\/avatar\/9d8e99352a71f2ac7e650885bc7721fe9d667070a36c2a5bb86aab909b8cf626?s=96&d=mm&r=g","contentUrl":"https:\/\/secure.gravatar.com\/avatar\/9d8e99352a71f2ac7e650885bc7721fe9d667070a36c2a5bb86aab909b8cf626?s=96&d=mm&r=g","caption":"Equipo Fabricio"},"url":"https:\/\/fabriciob.ar\/web\/author\/admin\/"}]}},"_links":{"self":[{"href":"https:\/\/fabriciob.ar\/web\/wp-json\/wp\/v2\/posts\/6672","targetHints":{"allow":["GET"]}}],"collection":[{"href":"https:\/\/fabriciob.ar\/web\/wp-json\/wp\/v2\/posts"}],"about":[{"href":"https:\/\/fabriciob.ar\/web\/wp-json\/wp\/v2\/types\/post"}],"author":[{"embeddable":true,"href":"https:\/\/fabriciob.ar\/web\/wp-json\/wp\/v2\/users\/3"}],"replies":[{"embeddable":true,"href":"https:\/\/fabriciob.ar\/web\/wp-json\/wp\/v2\/comments?post=6672"}],"version-history":[{"count":0,"href":"https:\/\/fabriciob.ar\/web\/wp-json\/wp\/v2\/posts\/6672\/revisions"}],"wp:featuredmedia":[{"embeddable":true,"href":"https:\/\/fabriciob.ar\/web\/wp-json\/wp\/v2\/media\/6673"}],"wp:attachment":[{"href":"https:\/\/fabriciob.ar\/web\/wp-json\/wp\/v2\/media?parent=6672"}],"wp:term":[{"taxonomy":"category","embeddable":true,"href":"https:\/\/fabriciob.ar\/web\/wp-json\/wp\/v2\/categories?post=6672"},{"taxonomy":"post_tag","embeddable":true,"href":"https:\/\/fabriciob.ar\/web\/wp-json\/wp\/v2\/tags?post=6672"}],"curies":[{"name":"wp","href":"https:\/\/api.w.org\/{rel}","templated":true}]}}