{"id":6679,"date":"2021-11-07T16:33:23","date_gmt":"2021-11-07T16:33:23","guid":{"rendered":"https:\/\/fabriciob.ar\/web\/?p=6679"},"modified":"2022-04-23T19:39:27","modified_gmt":"2022-04-23T19:39:27","slug":"solicitamos-informe-al-ejecutivo-municipal-sobre-proyecto-de-remodelacion-y-construccion-en-espacios-publicos","status":"publish","type":"post","link":"https:\/\/fabriciob.ar\/web\/solicitamos-informe-al-ejecutivo-municipal-sobre-proyecto-de-remodelacion-y-construccion-en-espacios-publicos\/","title":{"rendered":"Pedimos informe al Ejecutivo Municipal sobre proyecto de remodelaci\u00f3n y construcci\u00f3n en espacios p\u00fablicos"},"content":{"rendered":"<p><!--more--><\/p>\n<p><strong>Visto:<\/strong><\/p>\n<p>El art\u00edculo 137 de la Carta Org\u00e1nica de la Ciudad, los planteos medi\u00e1ticos y presenciales promovidos por ciudadanas y ciudadanos de Resistencia;<\/p>\n<p><strong>Considerando:<\/strong><\/p>\n<p>Que el Departamento Ejecutivo Municipal, ha publicado en el sitio web oficial, en la parte de \u201cLicitaciones\u201d, cinco (5) casos de arreglo, remodelaci\u00f3n y construcci\u00f3n de y en espacios p\u00fablicos de la ciudad, como ser puntualmente, la Plaza Central, Laguna Arguello y Parque 2 de Febrero, entre otros;<\/p>\n<p>Que desde el Concejo Municipal, no hemos accedido formalmente a la iniciativa o presentaci\u00f3n alguna por parte de la Intendencia, por lo que constituye formalmente un tema ajeno a la agenda legislativa, lo que es contrario al ejercicio de los derechos y obligaciones que detenta el cargo de Concejal;<\/p>\n<p>Que medios de comunicaci\u00f3n y presencia de vecinos y vecinas en el Recinto de Sesiones, advierten la existencia de cuestionamientos y muchas dudas sobre aspectos relacionados con las obras citadas anteriormente, lo que hace ver la necesidad de informarse y participar de vecinos y vecinas de la ciudad, lo que resultar\u00eda suficiente motivo para tener que ampliar criterios de acceso a la informaci\u00f3n y generar los \u00e1mbitos de participaci\u00f3n y debate sobre los temas en cuesti\u00f3n, independientemente de la interpretaci\u00f3n o an\u00e1lisis pol\u00edtico sectorial que se pueda hacer en tiempos de elecciones;<\/p>\n<p>Que quien gobierna tiene responsabilidades y obligaciones que surgen de la normativa, la que nos obliga a realizar estas y otras acciones tendientes a lograr que la opini\u00f3n de vecinos est\u00e9 contenida en las decisiones adoptadas, as\u00ed como la transparencia en el uso y destino de recursos p\u00fablicos.<\/p>\n<p>Que estas obras citadas no son parte de ning\u00fan programa o plan que se relacione con aspectos de la emergencia sanitaria o econ\u00f3mica en que se encuentra formalmente el Municipio, en l\u00ednea con la Provincia y la Naci\u00f3n, por lo que su dilaci\u00f3n en el tiempo necesario para realizar \u00e9stas y otras propuestas que persigan la misma finalidad, no provocar\u00eda amenaza o riesgos complementarios a la definida situaci\u00f3n cr\u00edtica, y s\u00ed permitir\u00eda buscar mayor legalidad, transparencia y sobre todo legitimidad comunitaria, lo que aporta a la adopci\u00f3n como algo propio de cada vecino y vecina que se sinti\u00f3 parte, escuchado y respetado por el proceso realizado, lo que no debe menospreciarse como parte de una cultura comunitaria;<\/p>\n<p>Que por lo expuesto y mucho m\u00e1s, creemos necesario adoptar los gestos que vayan en el sentido expuesto y tomarnos el plazo necesario para lograrlo, por ello y las facultades conferidas por la normativa;<\/p>\n<p><strong>QUE POR TODO ELLO:<\/strong><\/p>\n<p style=\"text-align: center;\"><strong>EL CONCEJO MUNICIPAL DE LA CIUDAD DE RESISTENCIA<\/strong><br \/>\n<strong>RESUELVE:<\/strong><\/p>\n<p>1) Dirigirse al Departamento Ejecutivo Municipal, a los efectos de solicitar informe los siguientes puntos:<br \/>\na) Cu\u00e1l es el procedimiento adoptado para realizar las obras de remodelaci\u00f3n anunciadas en los medios, con su correspondiente documentaci\u00f3n;<br \/>\nb) Detalle exactamente cu\u00e1les son los espacios p\u00fablicos considerados;<br \/>\nc) Remita el pliego de licitaci\u00f3n, proyecto ejecutivo de cada una de las obras, su cronograma de ejecuci\u00f3n; con su correspondiente documentaci\u00f3n respaldatoria;<br \/>\nd) Todo otro dato de inter\u00e9s.<\/p>\n<p>2) DE FORMA.<\/p>\n","protected":false},"excerpt":{"rendered":"","protected":false},"author":3,"featured_media":6680,"comment_status":"open","ping_status":"open","sticky":false,"template":"","format":"standard","meta":{"_joinchat":[],"footnotes":""},"categories":[41],"tags":[],"class_list":["post-6679","post","type-post","status-publish","format-standard","has-post-thumbnail","hentry","category-proyectos-de-resolucion"],"yoast_head":"<!-- This site is optimized with the Yoast SEO plugin v27.5 - https:\/\/yoast.com\/product\/yoast-seo-wordpress\/ -->\n<title>Pedimos informe al Ejecutivo Municipal sobre proyecto de remodelaci\u00f3n y construcci\u00f3n en espacios p\u00fablicos - Fabricio Bolatti<\/title>\n<meta name=\"robots\" content=\"index, follow, max-snippet:-1, max-image-preview:large, max-video-preview:-1\" \/>\n<link rel=\"canonical\" href=\"https:\/\/fabriciob.ar\/web\/solicitamos-informe-al-ejecutivo-municipal-sobre-proyecto-de-remodelacion-y-construccion-en-espacios-publicos\/\" \/>\n<meta property=\"og:locale\" content=\"es_ES\" \/>\n<meta property=\"og:type\" content=\"article\" \/>\n<meta property=\"og:title\" content=\"Pedimos informe al Ejecutivo Municipal sobre proyecto de remodelaci\u00f3n y construcci\u00f3n en espacios p\u00fablicos - Fabricio Bolatti\" \/>\n<meta property=\"og:url\" content=\"https:\/\/fabriciob.ar\/web\/solicitamos-informe-al-ejecutivo-municipal-sobre-proyecto-de-remodelacion-y-construccion-en-espacios-publicos\/\" \/>\n<meta property=\"og:site_name\" content=\"Fabricio Bolatti\" \/>\n<meta property=\"article:publisher\" content=\"https:\/\/www.facebook.com\/fabriciobolattiK\/\" \/>\n<meta property=\"article:published_time\" content=\"2021-11-07T16:33:23+00:00\" \/>\n<meta property=\"article:modified_time\" content=\"2022-04-23T19:39:27+00:00\" \/>\n<meta property=\"og:image\" content=\"https:\/\/fabriciob.ar\/web\/wp-content\/uploads\/2022\/02\/laguna-arguello.jpg\" \/>\n\t<meta property=\"og:image:width\" content=\"687\" \/>\n\t<meta property=\"og:image:height\" content=\"450\" \/>\n\t<meta property=\"og:image:type\" content=\"image\/jpeg\" \/>\n<meta name=\"author\" content=\"Equipo Fabricio\" \/>\n<meta name=\"twitter:card\" content=\"summary_large_image\" \/>\n<meta name=\"twitter:creator\" content=\"@fabriciobolatti\" \/>\n<meta name=\"twitter:site\" content=\"@fabriciobolatti\" \/>\n<meta name=\"twitter:label1\" content=\"Escrito por\" \/>\n\t<meta name=\"twitter:data1\" content=\"Equipo Fabricio\" \/>\n\t<meta name=\"twitter:label2\" content=\"Tiempo de lectura\" \/>\n\t<meta name=\"twitter:data2\" content=\"3 minutos\" \/>\n<script type=\"application\/ld+json\" class=\"yoast-schema-graph\">{\"@context\":\"https:\\\/\\\/schema.org\",\"@graph\":[{\"@type\":\"Article\",\"@id\":\"https:\\\/\\\/fabriciob.ar\\\/web\\\/solicitamos-informe-al-ejecutivo-municipal-sobre-proyecto-de-remodelacion-y-construccion-en-espacios-publicos\\\/#article\",\"isPartOf\":{\"@id\":\"https:\\\/\\\/fabriciob.ar\\\/web\\\/solicitamos-informe-al-ejecutivo-municipal-sobre-proyecto-de-remodelacion-y-construccion-en-espacios-publicos\\\/\"},\"author\":{\"name\":\"Equipo Fabricio\",\"@id\":\"https:\\\/\\\/fabriciob.ar\\\/web\\\/#\\\/schema\\\/person\\\/d56dbc2f2489983c5270184312aab61b\"},\"headline\":\"Pedimos informe al Ejecutivo Municipal sobre proyecto de remodelaci\u00f3n y construcci\u00f3n en espacios p\u00fablicos\",\"datePublished\":\"2021-11-07T16:33:23+00:00\",\"dateModified\":\"2022-04-23T19:39:27+00:00\",\"mainEntityOfPage\":{\"@id\":\"https:\\\/\\\/fabriciob.ar\\\/web\\\/solicitamos-informe-al-ejecutivo-municipal-sobre-proyecto-de-remodelacion-y-construccion-en-espacios-publicos\\\/\"},\"wordCount\":550,\"commentCount\":0,\"publisher\":{\"@id\":\"https:\\\/\\\/fabriciob.ar\\\/web\\\/#organization\"},\"image\":{\"@id\":\"https:\\\/\\\/fabriciob.ar\\\/web\\\/solicitamos-informe-al-ejecutivo-municipal-sobre-proyecto-de-remodelacion-y-construccion-en-espacios-publicos\\\/#primaryimage\"},\"thumbnailUrl\":\"https:\\\/\\\/fabriciob.ar\\\/web\\\/wp-content\\\/uploads\\\/2022\\\/02\\\/laguna-arguello.jpg\",\"articleSection\":[\"PROYECTOS DE RESOLUCION\"],\"inLanguage\":\"es\",\"potentialAction\":[{\"@type\":\"CommentAction\",\"name\":\"Comment\",\"target\":[\"https:\\\/\\\/fabriciob.ar\\\/web\\\/solicitamos-informe-al-ejecutivo-municipal-sobre-proyecto-de-remodelacion-y-construccion-en-espacios-publicos\\\/#respond\"]}]},{\"@type\":\"WebPage\",\"@id\":\"https:\\\/\\\/fabriciob.ar\\\/web\\\/solicitamos-informe-al-ejecutivo-municipal-sobre-proyecto-de-remodelacion-y-construccion-en-espacios-publicos\\\/\",\"url\":\"https:\\\/\\\/fabriciob.ar\\\/web\\\/solicitamos-informe-al-ejecutivo-municipal-sobre-proyecto-de-remodelacion-y-construccion-en-espacios-publicos\\\/\",\"name\":\"Pedimos informe al Ejecutivo Municipal sobre proyecto de remodelaci\u00f3n y construcci\u00f3n en espacios p\u00fablicos - Fabricio Bolatti\",\"isPartOf\":{\"@id\":\"https:\\\/\\\/fabriciob.ar\\\/web\\\/#website\"},\"primaryImageOfPage\":{\"@id\":\"https:\\\/\\\/fabriciob.ar\\\/web\\\/solicitamos-informe-al-ejecutivo-municipal-sobre-proyecto-de-remodelacion-y-construccion-en-espacios-publicos\\\/#primaryimage\"},\"image\":{\"@id\":\"https:\\\/\\\/fabriciob.ar\\\/web\\\/solicitamos-informe-al-ejecutivo-municipal-sobre-proyecto-de-remodelacion-y-construccion-en-espacios-publicos\\\/#primaryimage\"},\"thumbnailUrl\":\"https:\\\/\\\/fabriciob.ar\\\/web\\\/wp-content\\\/uploads\\\/2022\\\/02\\\/laguna-arguello.jpg\",\"datePublished\":\"2021-11-07T16:33:23+00:00\",\"dateModified\":\"2022-04-23T19:39:27+00:00\",\"breadcrumb\":{\"@id\":\"https:\\\/\\\/fabriciob.ar\\\/web\\\/solicitamos-informe-al-ejecutivo-municipal-sobre-proyecto-de-remodelacion-y-construccion-en-espacios-publicos\\\/#breadcrumb\"},\"inLanguage\":\"es\",\"potentialAction\":[{\"@type\":\"ReadAction\",\"target\":[\"https:\\\/\\\/fabriciob.ar\\\/web\\\/solicitamos-informe-al-ejecutivo-municipal-sobre-proyecto-de-remodelacion-y-construccion-en-espacios-publicos\\\/\"]}]},{\"@type\":\"ImageObject\",\"inLanguage\":\"es\",\"@id\":\"https:\\\/\\\/fabriciob.ar\\\/web\\\/solicitamos-informe-al-ejecutivo-municipal-sobre-proyecto-de-remodelacion-y-construccion-en-espacios-publicos\\\/#primaryimage\",\"url\":\"https:\\\/\\\/fabriciob.ar\\\/web\\\/wp-content\\\/uploads\\\/2022\\\/02\\\/laguna-arguello.jpg\",\"contentUrl\":\"https:\\\/\\\/fabriciob.ar\\\/web\\\/wp-content\\\/uploads\\\/2022\\\/02\\\/laguna-arguello.jpg\",\"width\":687,\"height\":450},{\"@type\":\"BreadcrumbList\",\"@id\":\"https:\\\/\\\/fabriciob.ar\\\/web\\\/solicitamos-informe-al-ejecutivo-municipal-sobre-proyecto-de-remodelacion-y-construccion-en-espacios-publicos\\\/#breadcrumb\",\"itemListElement\":[{\"@type\":\"ListItem\",\"position\":1,\"name\":\"Portada\",\"item\":\"https:\\\/\\\/fabriciob.ar\\\/web\\\/\"},{\"@type\":\"ListItem\",\"position\":2,\"name\":\"Pedimos informe al Ejecutivo Municipal sobre proyecto de remodelaci\u00f3n y construcci\u00f3n en espacios p\u00fablicos\"}]},{\"@type\":\"WebSite\",\"@id\":\"https:\\\/\\\/fabriciob.ar\\\/web\\\/#website\",\"url\":\"https:\\\/\\\/fabriciob.ar\\\/web\\\/\",\"name\":\"Fabricio Bolatti\",\"description\":\"Sitio Oficial-Comunicaci\u00f3n institucional de la gesti\u00f3n legislativa del concejal Fabricio Bolatti con los vecinos y vecinas de la ciudad de Resistencia\",\"publisher\":{\"@id\":\"https:\\\/\\\/fabriciob.ar\\\/web\\\/#organization\"},\"potentialAction\":[{\"@type\":\"SearchAction\",\"target\":{\"@type\":\"EntryPoint\",\"urlTemplate\":\"https:\\\/\\\/fabriciob.ar\\\/web\\\/?s={search_term_string}\"},\"query-input\":{\"@type\":\"PropertyValueSpecification\",\"valueRequired\":true,\"valueName\":\"search_term_string\"}}],\"inLanguage\":\"es\"},{\"@type\":\"Organization\",\"@id\":\"https:\\\/\\\/fabriciob.ar\\\/web\\\/#organization\",\"name\":\"Fabricio Bolatti-Sitio Oficial\",\"url\":\"https:\\\/\\\/fabriciob.ar\\\/web\\\/\",\"logo\":{\"@type\":\"ImageObject\",\"inLanguage\":\"es\",\"@id\":\"https:\\\/\\\/fabriciob.ar\\\/web\\\/#\\\/schema\\\/logo\\\/image\\\/\",\"url\":\"https:\\\/\\\/fabriciob.ar\\\/web\\\/wp-content\\\/uploads\\\/2020\\\/12\\\/cropped-fb-en-el-concejo-a-red-2-1.png\",\"contentUrl\":\"https:\\\/\\\/fabriciob.ar\\\/web\\\/wp-content\\\/uploads\\\/2020\\\/12\\\/cropped-fb-en-el-concejo-a-red-2-1.png\",\"width\":512,\"height\":512,\"caption\":\"Fabricio Bolatti-Sitio Oficial\"},\"image\":{\"@id\":\"https:\\\/\\\/fabriciob.ar\\\/web\\\/#\\\/schema\\\/logo\\\/image\\\/\"},\"sameAs\":[\"https:\\\/\\\/www.facebook.com\\\/fabriciobolattiK\\\/\",\"https:\\\/\\\/x.com\\\/fabriciobolatti\",\"https:\\\/\\\/www.instagram.com\\\/fabriciobolatti\\\/?igshid=7ztsgzj0mwql\",\"https:\\\/\\\/www.youtube.com\\\/channel\\\/UCWLMPKJZG1JgX9U29Pra3ng\"]},{\"@type\":\"Person\",\"@id\":\"https:\\\/\\\/fabriciob.ar\\\/web\\\/#\\\/schema\\\/person\\\/d56dbc2f2489983c5270184312aab61b\",\"name\":\"Equipo Fabricio\",\"image\":{\"@type\":\"ImageObject\",\"inLanguage\":\"es\",\"@id\":\"https:\\\/\\\/secure.gravatar.com\\\/avatar\\\/9d8e99352a71f2ac7e650885bc7721fe9d667070a36c2a5bb86aab909b8cf626?s=96&d=mm&r=g\",\"url\":\"https:\\\/\\\/secure.gravatar.com\\\/avatar\\\/9d8e99352a71f2ac7e650885bc7721fe9d667070a36c2a5bb86aab909b8cf626?s=96&d=mm&r=g\",\"contentUrl\":\"https:\\\/\\\/secure.gravatar.com\\\/avatar\\\/9d8e99352a71f2ac7e650885bc7721fe9d667070a36c2a5bb86aab909b8cf626?s=96&d=mm&r=g\",\"caption\":\"Equipo Fabricio\"},\"url\":\"https:\\\/\\\/fabriciob.ar\\\/web\\\/author\\\/admin\\\/\"}]}<\/script>\n<!-- \/ Yoast SEO plugin. -->","yoast_head_json":{"title":"Pedimos informe al Ejecutivo Municipal sobre proyecto de remodelaci\u00f3n y construcci\u00f3n en espacios p\u00fablicos - Fabricio Bolatti","robots":{"index":"index","follow":"follow","max-snippet":"max-snippet:-1","max-image-preview":"max-image-preview:large","max-video-preview":"max-video-preview:-1"},"canonical":"https:\/\/fabriciob.ar\/web\/solicitamos-informe-al-ejecutivo-municipal-sobre-proyecto-de-remodelacion-y-construccion-en-espacios-publicos\/","og_locale":"es_ES","og_type":"article","og_title":"Pedimos informe al Ejecutivo Municipal sobre proyecto de remodelaci\u00f3n y construcci\u00f3n en espacios p\u00fablicos - Fabricio Bolatti","og_url":"https:\/\/fabriciob.ar\/web\/solicitamos-informe-al-ejecutivo-municipal-sobre-proyecto-de-remodelacion-y-construccion-en-espacios-publicos\/","og_site_name":"Fabricio Bolatti","article_publisher":"https:\/\/www.facebook.com\/fabriciobolattiK\/","article_published_time":"2021-11-07T16:33:23+00:00","article_modified_time":"2022-04-23T19:39:27+00:00","og_image":[{"width":687,"height":450,"url":"https:\/\/fabriciob.ar\/web\/wp-content\/uploads\/2022\/02\/laguna-arguello.jpg","type":"image\/jpeg"}],"author":"Equipo Fabricio","twitter_card":"summary_large_image","twitter_creator":"@fabriciobolatti","twitter_site":"@fabriciobolatti","twitter_misc":{"Escrito por":"Equipo Fabricio","Tiempo de lectura":"3 minutos"},"schema":{"@context":"https:\/\/schema.org","@graph":[{"@type":"Article","@id":"https:\/\/fabriciob.ar\/web\/solicitamos-informe-al-ejecutivo-municipal-sobre-proyecto-de-remodelacion-y-construccion-en-espacios-publicos\/#article","isPartOf":{"@id":"https:\/\/fabriciob.ar\/web\/solicitamos-informe-al-ejecutivo-municipal-sobre-proyecto-de-remodelacion-y-construccion-en-espacios-publicos\/"},"author":{"name":"Equipo Fabricio","@id":"https:\/\/fabriciob.ar\/web\/#\/schema\/person\/d56dbc2f2489983c5270184312aab61b"},"headline":"Pedimos informe al Ejecutivo Municipal sobre proyecto de remodelaci\u00f3n y construcci\u00f3n en espacios p\u00fablicos","datePublished":"2021-11-07T16:33:23+00:00","dateModified":"2022-04-23T19:39:27+00:00","mainEntityOfPage":{"@id":"https:\/\/fabriciob.ar\/web\/solicitamos-informe-al-ejecutivo-municipal-sobre-proyecto-de-remodelacion-y-construccion-en-espacios-publicos\/"},"wordCount":550,"commentCount":0,"publisher":{"@id":"https:\/\/fabriciob.ar\/web\/#organization"},"image":{"@id":"https:\/\/fabriciob.ar\/web\/solicitamos-informe-al-ejecutivo-municipal-sobre-proyecto-de-remodelacion-y-construccion-en-espacios-publicos\/#primaryimage"},"thumbnailUrl":"https:\/\/fabriciob.ar\/web\/wp-content\/uploads\/2022\/02\/laguna-arguello.jpg","articleSection":["PROYECTOS DE RESOLUCION"],"inLanguage":"es","potentialAction":[{"@type":"CommentAction","name":"Comment","target":["https:\/\/fabriciob.ar\/web\/solicitamos-informe-al-ejecutivo-municipal-sobre-proyecto-de-remodelacion-y-construccion-en-espacios-publicos\/#respond"]}]},{"@type":"WebPage","@id":"https:\/\/fabriciob.ar\/web\/solicitamos-informe-al-ejecutivo-municipal-sobre-proyecto-de-remodelacion-y-construccion-en-espacios-publicos\/","url":"https:\/\/fabriciob.ar\/web\/solicitamos-informe-al-ejecutivo-municipal-sobre-proyecto-de-remodelacion-y-construccion-en-espacios-publicos\/","name":"Pedimos informe al Ejecutivo Municipal sobre proyecto de remodelaci\u00f3n y construcci\u00f3n en espacios p\u00fablicos - Fabricio Bolatti","isPartOf":{"@id":"https:\/\/fabriciob.ar\/web\/#website"},"primaryImageOfPage":{"@id":"https:\/\/fabriciob.ar\/web\/solicitamos-informe-al-ejecutivo-municipal-sobre-proyecto-de-remodelacion-y-construccion-en-espacios-publicos\/#primaryimage"},"image":{"@id":"https:\/\/fabriciob.ar\/web\/solicitamos-informe-al-ejecutivo-municipal-sobre-proyecto-de-remodelacion-y-construccion-en-espacios-publicos\/#primaryimage"},"thumbnailUrl":"https:\/\/fabriciob.ar\/web\/wp-content\/uploads\/2022\/02\/laguna-arguello.jpg","datePublished":"2021-11-07T16:33:23+00:00","dateModified":"2022-04-23T19:39:27+00:00","breadcrumb":{"@id":"https:\/\/fabriciob.ar\/web\/solicitamos-informe-al-ejecutivo-municipal-sobre-proyecto-de-remodelacion-y-construccion-en-espacios-publicos\/#breadcrumb"},"inLanguage":"es","potentialAction":[{"@type":"ReadAction","target":["https:\/\/fabriciob.ar\/web\/solicitamos-informe-al-ejecutivo-municipal-sobre-proyecto-de-remodelacion-y-construccion-en-espacios-publicos\/"]}]},{"@type":"ImageObject","inLanguage":"es","@id":"https:\/\/fabriciob.ar\/web\/solicitamos-informe-al-ejecutivo-municipal-sobre-proyecto-de-remodelacion-y-construccion-en-espacios-publicos\/#primaryimage","url":"https:\/\/fabriciob.ar\/web\/wp-content\/uploads\/2022\/02\/laguna-arguello.jpg","contentUrl":"https:\/\/fabriciob.ar\/web\/wp-content\/uploads\/2022\/02\/laguna-arguello.jpg","width":687,"height":450},{"@type":"BreadcrumbList","@id":"https:\/\/fabriciob.ar\/web\/solicitamos-informe-al-ejecutivo-municipal-sobre-proyecto-de-remodelacion-y-construccion-en-espacios-publicos\/#breadcrumb","itemListElement":[{"@type":"ListItem","position":1,"name":"Portada","item":"https:\/\/fabriciob.ar\/web\/"},{"@type":"ListItem","position":2,"name":"Pedimos informe al Ejecutivo Municipal sobre proyecto de remodelaci\u00f3n y construcci\u00f3n en espacios p\u00fablicos"}]},{"@type":"WebSite","@id":"https:\/\/fabriciob.ar\/web\/#website","url":"https:\/\/fabriciob.ar\/web\/","name":"Fabricio Bolatti","description":"Sitio Oficial-Comunicaci\u00f3n institucional de la gesti\u00f3n legislativa del concejal Fabricio Bolatti con los vecinos y vecinas de la ciudad de Resistencia","publisher":{"@id":"https:\/\/fabriciob.ar\/web\/#organization"},"potentialAction":[{"@type":"SearchAction","target":{"@type":"EntryPoint","urlTemplate":"https:\/\/fabriciob.ar\/web\/?s={search_term_string}"},"query-input":{"@type":"PropertyValueSpecification","valueRequired":true,"valueName":"search_term_string"}}],"inLanguage":"es"},{"@type":"Organization","@id":"https:\/\/fabriciob.ar\/web\/#organization","name":"Fabricio Bolatti-Sitio Oficial","url":"https:\/\/fabriciob.ar\/web\/","logo":{"@type":"ImageObject","inLanguage":"es","@id":"https:\/\/fabriciob.ar\/web\/#\/schema\/logo\/image\/","url":"https:\/\/fabriciob.ar\/web\/wp-content\/uploads\/2020\/12\/cropped-fb-en-el-concejo-a-red-2-1.png","contentUrl":"https:\/\/fabriciob.ar\/web\/wp-content\/uploads\/2020\/12\/cropped-fb-en-el-concejo-a-red-2-1.png","width":512,"height":512,"caption":"Fabricio Bolatti-Sitio Oficial"},"image":{"@id":"https:\/\/fabriciob.ar\/web\/#\/schema\/logo\/image\/"},"sameAs":["https:\/\/www.facebook.com\/fabriciobolattiK\/","https:\/\/x.com\/fabriciobolatti","https:\/\/www.instagram.com\/fabriciobolatti\/?igshid=7ztsgzj0mwql","https:\/\/www.youtube.com\/channel\/UCWLMPKJZG1JgX9U29Pra3ng"]},{"@type":"Person","@id":"https:\/\/fabriciob.ar\/web\/#\/schema\/person\/d56dbc2f2489983c5270184312aab61b","name":"Equipo Fabricio","image":{"@type":"ImageObject","inLanguage":"es","@id":"https:\/\/secure.gravatar.com\/avatar\/9d8e99352a71f2ac7e650885bc7721fe9d667070a36c2a5bb86aab909b8cf626?s=96&d=mm&r=g","url":"https:\/\/secure.gravatar.com\/avatar\/9d8e99352a71f2ac7e650885bc7721fe9d667070a36c2a5bb86aab909b8cf626?s=96&d=mm&r=g","contentUrl":"https:\/\/secure.gravatar.com\/avatar\/9d8e99352a71f2ac7e650885bc7721fe9d667070a36c2a5bb86aab909b8cf626?s=96&d=mm&r=g","caption":"Equipo Fabricio"},"url":"https:\/\/fabriciob.ar\/web\/author\/admin\/"}]}},"_links":{"self":[{"href":"https:\/\/fabriciob.ar\/web\/wp-json\/wp\/v2\/posts\/6679","targetHints":{"allow":["GET"]}}],"collection":[{"href":"https:\/\/fabriciob.ar\/web\/wp-json\/wp\/v2\/posts"}],"about":[{"href":"https:\/\/fabriciob.ar\/web\/wp-json\/wp\/v2\/types\/post"}],"author":[{"embeddable":true,"href":"https:\/\/fabriciob.ar\/web\/wp-json\/wp\/v2\/users\/3"}],"replies":[{"embeddable":true,"href":"https:\/\/fabriciob.ar\/web\/wp-json\/wp\/v2\/comments?post=6679"}],"version-history":[{"count":1,"href":"https:\/\/fabriciob.ar\/web\/wp-json\/wp\/v2\/posts\/6679\/revisions"}],"predecessor-version":[{"id":6915,"href":"https:\/\/fabriciob.ar\/web\/wp-json\/wp\/v2\/posts\/6679\/revisions\/6915"}],"wp:featuredmedia":[{"embeddable":true,"href":"https:\/\/fabriciob.ar\/web\/wp-json\/wp\/v2\/media\/6680"}],"wp:attachment":[{"href":"https:\/\/fabriciob.ar\/web\/wp-json\/wp\/v2\/media?parent=6679"}],"wp:term":[{"taxonomy":"category","embeddable":true,"href":"https:\/\/fabriciob.ar\/web\/wp-json\/wp\/v2\/categories?post=6679"},{"taxonomy":"post_tag","embeddable":true,"href":"https:\/\/fabriciob.ar\/web\/wp-json\/wp\/v2\/tags?post=6679"}],"curies":[{"name":"wp","href":"https:\/\/api.w.org\/{rel}","templated":true}]}}