{"id":7580,"date":"2022-12-09T04:49:17","date_gmt":"2022-12-09T04:49:17","guid":{"rendered":"https:\/\/fabriciob.ar\/web\/?p=7580"},"modified":"2022-12-10T04:53:13","modified_gmt":"2022-12-10T04:53:13","slug":"ademas-de-lo-logrado-nos-entusiasma-lo-que-pudimos-evitar","status":"publish","type":"post","link":"https:\/\/fabriciob.ar\/web\/ademas-de-lo-logrado-nos-entusiasma-lo-que-pudimos-evitar\/","title":{"rendered":"Adem\u00e1s de lo logrado nos entusiasma lo que pudimos evitar"},"content":{"rendered":"<p><!--more--><\/p>\n<p>Sobre lo votado en la Sesi\u00f3n del 6\/12 que incluy\u00f3 temas importantes<\/p>\n<p>El Concejal del Frente Chaque\u00f1o, Fabricio Bolatti, dio a conocer las posiciones que tomaron junto a su par Alicia Fr\u00edas, ante temas tan importantes que se trataron en la Sesi\u00f3n del martes 6 de diciembre y resaltaron que, a diferencia de los proyectos originales del oficialismo municipal, las normas sancionadas incluyen muchas modificaciones, que en el caso de ambos concejales, corresponden a planteos hechos oportunamente e incluso de manera p\u00fablica.<\/p>\n<p>Los planteos y b\u00fasqueda de respuestas por los y las concejalas tuvieron, como nunca eco y respuesta por parte del oficialismo, lo que gener\u00f3 un \u00e1mbito de trabajo legislativo que no se vio en estos casi tres a\u00f1os, desde donde surgieron normas que se hab\u00edan marcado como prioritarias desde la intendencia, como el Presupuesto, la Tributaria, Sindicatura, Emergencia, Retiro y Empresa de Servicios, entre las m\u00e1s destacables, temas en su mayor\u00eda fueron discutidos y estudiados en Comisi\u00f3n y que buscaban la oportunidad para sumar los votos necesarios, los dos tercios del cuerpo.<\/p>\n<p>Como en otras oportunidades y como en muchas otras no, se dieron coincidencias y preocupaciones comunes con la Concejala Carla Canteros y su par del mismo bloque, Carlos Salom, que nos permitieron a Bolatti y Fr\u00edas, priorizar planteos en cada una de las iniciativas, condicionando el acompa\u00f1amiento a que se incluyan los mismos.<\/p>\n<p>Luego de varias horas se logr\u00f3 avanzar en varios de los temas, dejando pendientes los que no hubo acuerdo.<\/p>\n<p>En cuanto a lo sancionado. los concejales compartieron detalles en un cuadro adjunto, donde se puede ver la propuesta original del oficialismo y comparar con un sint\u00e9tico detalle de lo sancionado en acuerdo.<\/p>\n<p><strong>El conjunto de ordenanzas sancionadas se caracterizan:<\/strong><\/p>\n<p>* Por NO incluir autorizaciones de endeudamiento p\u00fablico,<br \/>\n* Por NO delegar facultades o atribuciones de un Departamento a otro, ni aportar a la concentraci\u00f3n de funciones en el Ejecutivo Municipal,<br \/>\n* Por tener aumentos razonables y algunas bajas en impuestos y tasas,<br \/>\n* Por constituir l\u00edmites para el Departamento Ejecutivo sobre las medidas de administraci\u00f3n de personal que pueda tomar,<br \/>\n* Por garantizar incidencia de las minor\u00edas opositoras en \u00f3rganos de control interno,<br \/>\n* Por tener presente el efecto de las decisiones tomadas sobre el sector pasivo o de jubilados municipales y buscar reparar consecuencias que pudieran afectar al sector oportunamente (tema que se intentar\u00e1 abordar en la pr\u00f3xima sesi\u00f3n).<\/p>\n<p>\u201cEn esta oportunidad se dio lo que no logramos tener en sesiones anteriores de la novela legislativa municipal, que fuera la atenci\u00f3n del oficialismo a nuestras expresiones, iniciativas, propuestas y hasta recomendaciones\u201d, manifestaron y aclararon que la situaci\u00f3n \u201cse pudo lograr cuando las intenciones de cuatro ediles, coincidieron en criterios constructivos y en priorizar el inter\u00e9s general, lo que impidi\u00f3 que puedan concentrar los votos para alcanzar la mayor\u00eda necesarias para sancionar las normas con sus textos originales<\/p>\n<p>\u201cJunto a las Concejalas Alicia Fr\u00edas, Carla Cantero y al Concejal Carlos Salom, logramos que se generen \u00e1mbitos de trabajo legislativo que tendieron a lograr el consenso, desde la l\u00f3gica parlamentaria de ceder y tambi\u00e9n lograr incluir condiciones y propuestas en la elaboraci\u00f3n de las futuras norma, algo que es o deber\u00eda ser normal en los \u00e1mbitos parlamentarios, pero que en el Concejo de Resistencia resaltan por su ausencia.<\/p>\n<p><strong>CUADRO<\/strong><br \/>\nEl cuadro muestra claramente las diferencias entre la intenci\u00f3n original del gobierno municipal y las normativas que surgen de procesos legislativos y de la b\u00fasqueda del consenso.<\/p>\n<p>&nbsp;<\/p>\n<a href=\"https:\/\/fabriciob.ar\/web\/wp-content\/uploads\/2022\/12\/Cuadro-Proyecto-municipal.pdf\" class=\"pdfemb-viewer\" style=\"\" data-width=\"max\" data-height=\"max\" data-toolbar=\"bottom\" data-toolbar-fixed=\"off\">Cuadro - Proyecto municipal<\/a>\n<p>&nbsp;<\/p>\n<p>\u201cCon la misma preocupaci\u00f3n que observamos hay en actores o actoras pol\u00edticas cercanas a nuestro espacio o gesti\u00f3n, por la existencia o percepci\u00f3n de un acuerdo con quienes gobiernan el municipio, es que en su momento analizamos la conveniencia o no del mismo. Y podemos decir y reconocer que lo m\u00e1s conveniente era mantener una posici\u00f3n testimonial y oponernos en todo, ante las diferencias crecientes que venimos teniendo desde su inicio con la gesti\u00f3n de Mart\u00ednez\u201d, indicaron los ediles.<\/p>\n<p>\u201cPero antes estas exigencias pol\u00edticas de la sociedad, tambi\u00e9n sabemos que la misma espera respuestas de sus representantes, y entendemos que NO ES LO MISMO QUE SE ENDEUDE O NO EL MUNICIPIO EN MILES DE MILLONES DE PESOS, QUE NO ES LO MISMO UN IMPORTANTE AUMENTO DE TASAS A UNA REDUCCI\u00d3N DE LAS MISMAS, O TENER A NO TENER UN INTENDENTE CON FACULTADES CONCENTRADAS Y POCO CONTROL, QUE LA POSIBILIDAD DE CREAR UN ORGANISMO DE CONTROL M\u00c1S IMPARCIAL A UNA GESTI\u00d3N QUE DEBA SOLICITAR AL CONCEJO LAS AUTORIZACIONES PREVIAS CORRESPONDIENTES\u201d. (ver cuadro)<\/p>\n<p>Por \u00faltimo, Bolatti y Fr\u00edas remarcaron que optaron \u201cpor hacer los aportes que est\u00e1n a nuestro alcance m\u00e1s los que permite un transparente acuerdo legislativo, como lo hemos realizado con dos de los ediles de la UCR, Canteros y Salom. SABEMOS QUE PUEDE SER DISCUTIBLE Y QUE HABR\u00c1 A QUIENES LES CAIGA M\u00c1S O MENOS BIEN LA IDEA, PERO QUEREMOS EXPRESAR QUE NOS MOVI\u00d3 UN CONJUNTO DE BUENAS INTENCIONES Y DE ENCONTRAR RESPUESTAS PARA LA CIUDAD, EN MEDIO DE UNA \u00c9POCA DE IMPORTANTES DECEPCIONES\u201d.<\/p>\n","protected":false},"excerpt":{"rendered":"","protected":false},"author":3,"featured_media":7581,"comment_status":"open","ping_status":"open","sticky":false,"template":"","format":"standard","meta":{"_joinchat":[],"footnotes":""},"categories":[27],"tags":[],"class_list":["post-7580","post","type-post","status-publish","format-standard","has-post-thumbnail","hentry","category-comunicados-de-prensa"],"yoast_head":"<!-- This site is optimized with the Yoast SEO plugin v27.5 - https:\/\/yoast.com\/product\/yoast-seo-wordpress\/ -->\n<title>Adem\u00e1s de lo logrado nos entusiasma lo que pudimos evitar - Fabricio Bolatti<\/title>\n<meta name=\"robots\" content=\"index, follow, max-snippet:-1, max-image-preview:large, max-video-preview:-1\" \/>\n<link rel=\"canonical\" href=\"https:\/\/fabriciob.ar\/web\/ademas-de-lo-logrado-nos-entusiasma-lo-que-pudimos-evitar\/\" \/>\n<meta property=\"og:locale\" content=\"es_ES\" \/>\n<meta property=\"og:type\" content=\"article\" \/>\n<meta property=\"og:title\" content=\"Adem\u00e1s de lo logrado nos entusiasma lo que pudimos evitar - Fabricio Bolatti\" \/>\n<meta property=\"og:url\" content=\"https:\/\/fabriciob.ar\/web\/ademas-de-lo-logrado-nos-entusiasma-lo-que-pudimos-evitar\/\" \/>\n<meta property=\"og:site_name\" content=\"Fabricio Bolatti\" \/>\n<meta property=\"article:publisher\" content=\"https:\/\/www.facebook.com\/fabriciobolattiK\/\" \/>\n<meta property=\"article:published_time\" content=\"2022-12-09T04:49:17+00:00\" \/>\n<meta property=\"article:modified_time\" content=\"2022-12-10T04:53:13+00:00\" \/>\n<meta property=\"og:image\" content=\"https:\/\/fabriciob.ar\/web\/wp-content\/uploads\/2022\/12\/sESION.jpg\" \/>\n\t<meta property=\"og:image:width\" content=\"1392\" \/>\n\t<meta property=\"og:image:height\" content=\"928\" \/>\n\t<meta property=\"og:image:type\" content=\"image\/jpeg\" \/>\n<meta name=\"author\" content=\"Equipo Fabricio\" \/>\n<meta name=\"twitter:card\" content=\"summary_large_image\" \/>\n<meta name=\"twitter:creator\" content=\"@fabriciobolatti\" \/>\n<meta name=\"twitter:site\" content=\"@fabriciobolatti\" \/>\n<meta name=\"twitter:label1\" content=\"Escrito por\" \/>\n\t<meta name=\"twitter:data1\" content=\"Equipo Fabricio\" \/>\n\t<meta name=\"twitter:label2\" content=\"Tiempo de lectura\" \/>\n\t<meta name=\"twitter:data2\" content=\"4 minutos\" \/>\n<script type=\"application\/ld+json\" class=\"yoast-schema-graph\">{\"@context\":\"https:\\\/\\\/schema.org\",\"@graph\":[{\"@type\":\"Article\",\"@id\":\"https:\\\/\\\/fabriciob.ar\\\/web\\\/ademas-de-lo-logrado-nos-entusiasma-lo-que-pudimos-evitar\\\/#article\",\"isPartOf\":{\"@id\":\"https:\\\/\\\/fabriciob.ar\\\/web\\\/ademas-de-lo-logrado-nos-entusiasma-lo-que-pudimos-evitar\\\/\"},\"author\":{\"name\":\"Equipo Fabricio\",\"@id\":\"https:\\\/\\\/fabriciob.ar\\\/web\\\/#\\\/schema\\\/person\\\/d56dbc2f2489983c5270184312aab61b\"},\"headline\":\"Adem\u00e1s de lo logrado nos entusiasma lo que pudimos evitar\",\"datePublished\":\"2022-12-09T04:49:17+00:00\",\"dateModified\":\"2022-12-10T04:53:13+00:00\",\"mainEntityOfPage\":{\"@id\":\"https:\\\/\\\/fabriciob.ar\\\/web\\\/ademas-de-lo-logrado-nos-entusiasma-lo-que-pudimos-evitar\\\/\"},\"wordCount\":896,\"commentCount\":0,\"publisher\":{\"@id\":\"https:\\\/\\\/fabriciob.ar\\\/web\\\/#organization\"},\"image\":{\"@id\":\"https:\\\/\\\/fabriciob.ar\\\/web\\\/ademas-de-lo-logrado-nos-entusiasma-lo-que-pudimos-evitar\\\/#primaryimage\"},\"thumbnailUrl\":\"https:\\\/\\\/fabriciob.ar\\\/web\\\/wp-content\\\/uploads\\\/2022\\\/12\\\/sESION.jpg\",\"articleSection\":[\"COMUNICADOS DE PRENSA\"],\"inLanguage\":\"es\",\"potentialAction\":[{\"@type\":\"CommentAction\",\"name\":\"Comment\",\"target\":[\"https:\\\/\\\/fabriciob.ar\\\/web\\\/ademas-de-lo-logrado-nos-entusiasma-lo-que-pudimos-evitar\\\/#respond\"]}]},{\"@type\":\"WebPage\",\"@id\":\"https:\\\/\\\/fabriciob.ar\\\/web\\\/ademas-de-lo-logrado-nos-entusiasma-lo-que-pudimos-evitar\\\/\",\"url\":\"https:\\\/\\\/fabriciob.ar\\\/web\\\/ademas-de-lo-logrado-nos-entusiasma-lo-que-pudimos-evitar\\\/\",\"name\":\"Adem\u00e1s de lo logrado nos entusiasma lo que pudimos evitar - Fabricio Bolatti\",\"isPartOf\":{\"@id\":\"https:\\\/\\\/fabriciob.ar\\\/web\\\/#website\"},\"primaryImageOfPage\":{\"@id\":\"https:\\\/\\\/fabriciob.ar\\\/web\\\/ademas-de-lo-logrado-nos-entusiasma-lo-que-pudimos-evitar\\\/#primaryimage\"},\"image\":{\"@id\":\"https:\\\/\\\/fabriciob.ar\\\/web\\\/ademas-de-lo-logrado-nos-entusiasma-lo-que-pudimos-evitar\\\/#primaryimage\"},\"thumbnailUrl\":\"https:\\\/\\\/fabriciob.ar\\\/web\\\/wp-content\\\/uploads\\\/2022\\\/12\\\/sESION.jpg\",\"datePublished\":\"2022-12-09T04:49:17+00:00\",\"dateModified\":\"2022-12-10T04:53:13+00:00\",\"breadcrumb\":{\"@id\":\"https:\\\/\\\/fabriciob.ar\\\/web\\\/ademas-de-lo-logrado-nos-entusiasma-lo-que-pudimos-evitar\\\/#breadcrumb\"},\"inLanguage\":\"es\",\"potentialAction\":[{\"@type\":\"ReadAction\",\"target\":[\"https:\\\/\\\/fabriciob.ar\\\/web\\\/ademas-de-lo-logrado-nos-entusiasma-lo-que-pudimos-evitar\\\/\"]}]},{\"@type\":\"ImageObject\",\"inLanguage\":\"es\",\"@id\":\"https:\\\/\\\/fabriciob.ar\\\/web\\\/ademas-de-lo-logrado-nos-entusiasma-lo-que-pudimos-evitar\\\/#primaryimage\",\"url\":\"https:\\\/\\\/fabriciob.ar\\\/web\\\/wp-content\\\/uploads\\\/2022\\\/12\\\/sESION.jpg\",\"contentUrl\":\"https:\\\/\\\/fabriciob.ar\\\/web\\\/wp-content\\\/uploads\\\/2022\\\/12\\\/sESION.jpg\",\"width\":1392,\"height\":928},{\"@type\":\"BreadcrumbList\",\"@id\":\"https:\\\/\\\/fabriciob.ar\\\/web\\\/ademas-de-lo-logrado-nos-entusiasma-lo-que-pudimos-evitar\\\/#breadcrumb\",\"itemListElement\":[{\"@type\":\"ListItem\",\"position\":1,\"name\":\"Portada\",\"item\":\"https:\\\/\\\/fabriciob.ar\\\/web\\\/\"},{\"@type\":\"ListItem\",\"position\":2,\"name\":\"Adem\u00e1s de lo logrado nos entusiasma lo que pudimos evitar\"}]},{\"@type\":\"WebSite\",\"@id\":\"https:\\\/\\\/fabriciob.ar\\\/web\\\/#website\",\"url\":\"https:\\\/\\\/fabriciob.ar\\\/web\\\/\",\"name\":\"Fabricio Bolatti\",\"description\":\"Sitio Oficial-Comunicaci\u00f3n institucional de la gesti\u00f3n legislativa del concejal Fabricio Bolatti con los vecinos y vecinas de la ciudad de Resistencia\",\"publisher\":{\"@id\":\"https:\\\/\\\/fabriciob.ar\\\/web\\\/#organization\"},\"potentialAction\":[{\"@type\":\"SearchAction\",\"target\":{\"@type\":\"EntryPoint\",\"urlTemplate\":\"https:\\\/\\\/fabriciob.ar\\\/web\\\/?s={search_term_string}\"},\"query-input\":{\"@type\":\"PropertyValueSpecification\",\"valueRequired\":true,\"valueName\":\"search_term_string\"}}],\"inLanguage\":\"es\"},{\"@type\":\"Organization\",\"@id\":\"https:\\\/\\\/fabriciob.ar\\\/web\\\/#organization\",\"name\":\"Fabricio Bolatti-Sitio Oficial\",\"url\":\"https:\\\/\\\/fabriciob.ar\\\/web\\\/\",\"logo\":{\"@type\":\"ImageObject\",\"inLanguage\":\"es\",\"@id\":\"https:\\\/\\\/fabriciob.ar\\\/web\\\/#\\\/schema\\\/logo\\\/image\\\/\",\"url\":\"https:\\\/\\\/fabriciob.ar\\\/web\\\/wp-content\\\/uploads\\\/2020\\\/12\\\/cropped-fb-en-el-concejo-a-red-2-1.png\",\"contentUrl\":\"https:\\\/\\\/fabriciob.ar\\\/web\\\/wp-content\\\/uploads\\\/2020\\\/12\\\/cropped-fb-en-el-concejo-a-red-2-1.png\",\"width\":512,\"height\":512,\"caption\":\"Fabricio Bolatti-Sitio Oficial\"},\"image\":{\"@id\":\"https:\\\/\\\/fabriciob.ar\\\/web\\\/#\\\/schema\\\/logo\\\/image\\\/\"},\"sameAs\":[\"https:\\\/\\\/www.facebook.com\\\/fabriciobolattiK\\\/\",\"https:\\\/\\\/x.com\\\/fabriciobolatti\",\"https:\\\/\\\/www.instagram.com\\\/fabriciobolatti\\\/?igshid=7ztsgzj0mwql\",\"https:\\\/\\\/www.youtube.com\\\/channel\\\/UCWLMPKJZG1JgX9U29Pra3ng\"]},{\"@type\":\"Person\",\"@id\":\"https:\\\/\\\/fabriciob.ar\\\/web\\\/#\\\/schema\\\/person\\\/d56dbc2f2489983c5270184312aab61b\",\"name\":\"Equipo Fabricio\",\"image\":{\"@type\":\"ImageObject\",\"inLanguage\":\"es\",\"@id\":\"https:\\\/\\\/secure.gravatar.com\\\/avatar\\\/9d8e99352a71f2ac7e650885bc7721fe9d667070a36c2a5bb86aab909b8cf626?s=96&d=mm&r=g\",\"url\":\"https:\\\/\\\/secure.gravatar.com\\\/avatar\\\/9d8e99352a71f2ac7e650885bc7721fe9d667070a36c2a5bb86aab909b8cf626?s=96&d=mm&r=g\",\"contentUrl\":\"https:\\\/\\\/secure.gravatar.com\\\/avatar\\\/9d8e99352a71f2ac7e650885bc7721fe9d667070a36c2a5bb86aab909b8cf626?s=96&d=mm&r=g\",\"caption\":\"Equipo Fabricio\"},\"url\":\"https:\\\/\\\/fabriciob.ar\\\/web\\\/author\\\/admin\\\/\"}]}<\/script>\n<!-- \/ Yoast SEO plugin. -->","yoast_head_json":{"title":"Adem\u00e1s de lo logrado nos entusiasma lo que pudimos evitar - Fabricio Bolatti","robots":{"index":"index","follow":"follow","max-snippet":"max-snippet:-1","max-image-preview":"max-image-preview:large","max-video-preview":"max-video-preview:-1"},"canonical":"https:\/\/fabriciob.ar\/web\/ademas-de-lo-logrado-nos-entusiasma-lo-que-pudimos-evitar\/","og_locale":"es_ES","og_type":"article","og_title":"Adem\u00e1s de lo logrado nos entusiasma lo que pudimos evitar - Fabricio Bolatti","og_url":"https:\/\/fabriciob.ar\/web\/ademas-de-lo-logrado-nos-entusiasma-lo-que-pudimos-evitar\/","og_site_name":"Fabricio Bolatti","article_publisher":"https:\/\/www.facebook.com\/fabriciobolattiK\/","article_published_time":"2022-12-09T04:49:17+00:00","article_modified_time":"2022-12-10T04:53:13+00:00","og_image":[{"width":1392,"height":928,"url":"https:\/\/fabriciob.ar\/web\/wp-content\/uploads\/2022\/12\/sESION.jpg","type":"image\/jpeg"}],"author":"Equipo Fabricio","twitter_card":"summary_large_image","twitter_creator":"@fabriciobolatti","twitter_site":"@fabriciobolatti","twitter_misc":{"Escrito por":"Equipo Fabricio","Tiempo de lectura":"4 minutos"},"schema":{"@context":"https:\/\/schema.org","@graph":[{"@type":"Article","@id":"https:\/\/fabriciob.ar\/web\/ademas-de-lo-logrado-nos-entusiasma-lo-que-pudimos-evitar\/#article","isPartOf":{"@id":"https:\/\/fabriciob.ar\/web\/ademas-de-lo-logrado-nos-entusiasma-lo-que-pudimos-evitar\/"},"author":{"name":"Equipo Fabricio","@id":"https:\/\/fabriciob.ar\/web\/#\/schema\/person\/d56dbc2f2489983c5270184312aab61b"},"headline":"Adem\u00e1s de lo logrado nos entusiasma lo que pudimos evitar","datePublished":"2022-12-09T04:49:17+00:00","dateModified":"2022-12-10T04:53:13+00:00","mainEntityOfPage":{"@id":"https:\/\/fabriciob.ar\/web\/ademas-de-lo-logrado-nos-entusiasma-lo-que-pudimos-evitar\/"},"wordCount":896,"commentCount":0,"publisher":{"@id":"https:\/\/fabriciob.ar\/web\/#organization"},"image":{"@id":"https:\/\/fabriciob.ar\/web\/ademas-de-lo-logrado-nos-entusiasma-lo-que-pudimos-evitar\/#primaryimage"},"thumbnailUrl":"https:\/\/fabriciob.ar\/web\/wp-content\/uploads\/2022\/12\/sESION.jpg","articleSection":["COMUNICADOS DE PRENSA"],"inLanguage":"es","potentialAction":[{"@type":"CommentAction","name":"Comment","target":["https:\/\/fabriciob.ar\/web\/ademas-de-lo-logrado-nos-entusiasma-lo-que-pudimos-evitar\/#respond"]}]},{"@type":"WebPage","@id":"https:\/\/fabriciob.ar\/web\/ademas-de-lo-logrado-nos-entusiasma-lo-que-pudimos-evitar\/","url":"https:\/\/fabriciob.ar\/web\/ademas-de-lo-logrado-nos-entusiasma-lo-que-pudimos-evitar\/","name":"Adem\u00e1s de lo logrado nos entusiasma lo que pudimos evitar - Fabricio Bolatti","isPartOf":{"@id":"https:\/\/fabriciob.ar\/web\/#website"},"primaryImageOfPage":{"@id":"https:\/\/fabriciob.ar\/web\/ademas-de-lo-logrado-nos-entusiasma-lo-que-pudimos-evitar\/#primaryimage"},"image":{"@id":"https:\/\/fabriciob.ar\/web\/ademas-de-lo-logrado-nos-entusiasma-lo-que-pudimos-evitar\/#primaryimage"},"thumbnailUrl":"https:\/\/fabriciob.ar\/web\/wp-content\/uploads\/2022\/12\/sESION.jpg","datePublished":"2022-12-09T04:49:17+00:00","dateModified":"2022-12-10T04:53:13+00:00","breadcrumb":{"@id":"https:\/\/fabriciob.ar\/web\/ademas-de-lo-logrado-nos-entusiasma-lo-que-pudimos-evitar\/#breadcrumb"},"inLanguage":"es","potentialAction":[{"@type":"ReadAction","target":["https:\/\/fabriciob.ar\/web\/ademas-de-lo-logrado-nos-entusiasma-lo-que-pudimos-evitar\/"]}]},{"@type":"ImageObject","inLanguage":"es","@id":"https:\/\/fabriciob.ar\/web\/ademas-de-lo-logrado-nos-entusiasma-lo-que-pudimos-evitar\/#primaryimage","url":"https:\/\/fabriciob.ar\/web\/wp-content\/uploads\/2022\/12\/sESION.jpg","contentUrl":"https:\/\/fabriciob.ar\/web\/wp-content\/uploads\/2022\/12\/sESION.jpg","width":1392,"height":928},{"@type":"BreadcrumbList","@id":"https:\/\/fabriciob.ar\/web\/ademas-de-lo-logrado-nos-entusiasma-lo-que-pudimos-evitar\/#breadcrumb","itemListElement":[{"@type":"ListItem","position":1,"name":"Portada","item":"https:\/\/fabriciob.ar\/web\/"},{"@type":"ListItem","position":2,"name":"Adem\u00e1s de lo logrado nos entusiasma lo que pudimos evitar"}]},{"@type":"WebSite","@id":"https:\/\/fabriciob.ar\/web\/#website","url":"https:\/\/fabriciob.ar\/web\/","name":"Fabricio Bolatti","description":"Sitio Oficial-Comunicaci\u00f3n institucional de la gesti\u00f3n legislativa del concejal Fabricio Bolatti con los vecinos y vecinas de la ciudad de Resistencia","publisher":{"@id":"https:\/\/fabriciob.ar\/web\/#organization"},"potentialAction":[{"@type":"SearchAction","target":{"@type":"EntryPoint","urlTemplate":"https:\/\/fabriciob.ar\/web\/?s={search_term_string}"},"query-input":{"@type":"PropertyValueSpecification","valueRequired":true,"valueName":"search_term_string"}}],"inLanguage":"es"},{"@type":"Organization","@id":"https:\/\/fabriciob.ar\/web\/#organization","name":"Fabricio Bolatti-Sitio Oficial","url":"https:\/\/fabriciob.ar\/web\/","logo":{"@type":"ImageObject","inLanguage":"es","@id":"https:\/\/fabriciob.ar\/web\/#\/schema\/logo\/image\/","url":"https:\/\/fabriciob.ar\/web\/wp-content\/uploads\/2020\/12\/cropped-fb-en-el-concejo-a-red-2-1.png","contentUrl":"https:\/\/fabriciob.ar\/web\/wp-content\/uploads\/2020\/12\/cropped-fb-en-el-concejo-a-red-2-1.png","width":512,"height":512,"caption":"Fabricio Bolatti-Sitio Oficial"},"image":{"@id":"https:\/\/fabriciob.ar\/web\/#\/schema\/logo\/image\/"},"sameAs":["https:\/\/www.facebook.com\/fabriciobolattiK\/","https:\/\/x.com\/fabriciobolatti","https:\/\/www.instagram.com\/fabriciobolatti\/?igshid=7ztsgzj0mwql","https:\/\/www.youtube.com\/channel\/UCWLMPKJZG1JgX9U29Pra3ng"]},{"@type":"Person","@id":"https:\/\/fabriciob.ar\/web\/#\/schema\/person\/d56dbc2f2489983c5270184312aab61b","name":"Equipo Fabricio","image":{"@type":"ImageObject","inLanguage":"es","@id":"https:\/\/secure.gravatar.com\/avatar\/9d8e99352a71f2ac7e650885bc7721fe9d667070a36c2a5bb86aab909b8cf626?s=96&d=mm&r=g","url":"https:\/\/secure.gravatar.com\/avatar\/9d8e99352a71f2ac7e650885bc7721fe9d667070a36c2a5bb86aab909b8cf626?s=96&d=mm&r=g","contentUrl":"https:\/\/secure.gravatar.com\/avatar\/9d8e99352a71f2ac7e650885bc7721fe9d667070a36c2a5bb86aab909b8cf626?s=96&d=mm&r=g","caption":"Equipo Fabricio"},"url":"https:\/\/fabriciob.ar\/web\/author\/admin\/"}]}},"_links":{"self":[{"href":"https:\/\/fabriciob.ar\/web\/wp-json\/wp\/v2\/posts\/7580","targetHints":{"allow":["GET"]}}],"collection":[{"href":"https:\/\/fabriciob.ar\/web\/wp-json\/wp\/v2\/posts"}],"about":[{"href":"https:\/\/fabriciob.ar\/web\/wp-json\/wp\/v2\/types\/post"}],"author":[{"embeddable":true,"href":"https:\/\/fabriciob.ar\/web\/wp-json\/wp\/v2\/users\/3"}],"replies":[{"embeddable":true,"href":"https:\/\/fabriciob.ar\/web\/wp-json\/wp\/v2\/comments?post=7580"}],"version-history":[{"count":1,"href":"https:\/\/fabriciob.ar\/web\/wp-json\/wp\/v2\/posts\/7580\/revisions"}],"predecessor-version":[{"id":7583,"href":"https:\/\/fabriciob.ar\/web\/wp-json\/wp\/v2\/posts\/7580\/revisions\/7583"}],"wp:featuredmedia":[{"embeddable":true,"href":"https:\/\/fabriciob.ar\/web\/wp-json\/wp\/v2\/media\/7581"}],"wp:attachment":[{"href":"https:\/\/fabriciob.ar\/web\/wp-json\/wp\/v2\/media?parent=7580"}],"wp:term":[{"taxonomy":"category","embeddable":true,"href":"https:\/\/fabriciob.ar\/web\/wp-json\/wp\/v2\/categories?post=7580"},{"taxonomy":"post_tag","embeddable":true,"href":"https:\/\/fabriciob.ar\/web\/wp-json\/wp\/v2\/tags?post=7580"}],"curies":[{"name":"wp","href":"https:\/\/api.w.org\/{rel}","templated":true}]}}