{"id":9231,"date":"2024-09-17T22:25:00","date_gmt":"2024-09-17T22:25:00","guid":{"rendered":"https:\/\/fabriciob.ar\/web\/?p=9231"},"modified":"2024-09-17T22:25:00","modified_gmt":"2024-09-17T22:25:00","slug":"bolatti-propone-estacionamientos-de-motos-mas-seguros","status":"publish","type":"post","link":"https:\/\/fabriciob.ar\/web\/bolatti-propone-estacionamientos-de-motos-mas-seguros\/","title":{"rendered":"Bolatti propone \u00abEstacionamientos de Motos m\u00e1s Seguros\u00bb"},"content":{"rendered":"<p><!--more--><\/p>\n<h5>Motos: Ante el creciente uso y la necesidad de aportar al orden y su resguardo<\/h5>\n<p>El concejal del Frente Chaque\u00f1o, Fabricio Bolatti, present\u00f3 un proyecto de Ordenanza para la creaci\u00f3n del Programa de Infraestructura B\u00e1sica \u201cEMMaS\u201d (Estacionamientos de Motos M\u00e1s Seguros), que tendr\u00e1 por objeto fortalecer la infraestructura b\u00e1sica que requieren los espacios destinados a estacionamiento y resguardo de motos y bicicletas en la ciudad de Resistencia, buscando aportar mejores condiciones para atender las demandas que trae consigo la realidad y las consecuencias de las medidas de los actuales gobiernos.<\/p>\n<p>\u201cEl impacto del incremento de casi el 1.000% en la tarifa de colectivos en los pocos meses de los nuevos gobiernos nacional, provincial y municipal, no iba a ser indistinto para las y los usuarios del \u00c1rea Metropolitana del Gran Resistencia, quienes adem\u00e1s atraviesan un contexto de baja de empleo y p\u00e9rdida del poder adquisitivo. Esta situaci\u00f3n obliga a buscar otra manera de trasladarse, siendo la moto la opci\u00f3n de movilidad m\u00e1s elegida, junto a un incipiente uso de la bicicleta, pero que trae consecuencias y nuevos desaf\u00edos para la sociedad; lo m\u00e1s lamentable estad\u00edsticamente, es el incremento de accidentes viales en la ciudad y un mayor desorden en el tr\u00e1nsito, que tiende a afectar derecho de peatonas y peatones, por el uso de veredas como lugar de estacionamiento\u201d, expres\u00f3 el Concejal.<\/p>\n<p>\u201cUna primera respuesta a esta problem\u00e1tica fueron los espacios destinados a estacionamiento exclusivo para motos, en calles y junto al cord\u00f3n, un esquema que se fue consolidando y que permite estacionar alrededor de 4.000 motos en el micro y macrocentro, lo que resolvi\u00f3 alguno de los aspectos o consecuencias derivadas de este fen\u00f3meno ya com\u00fan en ciudades de climas c\u00e1lidos\u201d, se\u00f1al\u00f3 el edil.<\/p>\n<h6>\nPropuesta y financiamiento<\/h6>\n<p>En cuanto a la iniciativa, Bolatti detall\u00f3 que se propone dotar a los espacios de una infraestructura b\u00e1sica que aportar\u00eda a una mayor seguridad de los bienes, de las personas y por sus caracter\u00edsticas, al orden y la seguridad vial. \u201cLa infraestructura necesaria no requiere afrontar altos costos, por lo que el Municipio deber\u00eda afectar recursos del excedente presupuestario que se est\u00e1 ejecutando y que ya le permiti\u00f3 a la gesti\u00f3n actual contar con ahorros en Plazo Fijo y fondos de inversi\u00f3n por el equivalente a 5 meses de pago de salarios de toda la estructura de personal municipal; lo que no es m\u00e1s que el resultado de la baja del poder de compra del salario y una ausente pol\u00edtica de actualizaci\u00f3n de los mismos, junto a una subejecuci\u00f3n del gasto municipal\u201d, subray\u00f3.<\/p>\n<h6>\nLa inseguridad, uno de los ejes de la iniciativa<\/h6>\n<p>Bolatti marc\u00f3 la importancia de abordar desde el Municipio distintos aspectos que surgen de este fen\u00f3meno en crecimiento, implementando herramientas y normativas que atiendan las demandas de las y los ciudadanos, y que tienen que ver principalmente con la prevenci\u00f3n en cuanto a seguridad ciudadana, seguridad vial, y la planificaci\u00f3n urbana.<\/p>\n<p>En ese sentido, indic\u00f3 que la iniciativa \u201cbusca esencialmente establecer espacios de estacionamiento seguros, ya que la ausencia de lugares debidamente establecidos y cuidados o controlados, motivan el estacionamiento en espacios verdes o comunes de recreaci\u00f3n, entradas de garajes, veredas o calzadas, entre otros, obstaculizando la circulaci\u00f3n en muchos casos, y siendo tambi\u00e9n blanco de actos delictivos\u201d.<\/p>\n<p>El edil se\u00f1al\u00f3 que el proyecto surge de la demanda de distintos encuentros con vecinos y vecinas de la ciudad, y principalmente a requerimiento del Sindicato de Call Center, quienes no s\u00f3lo plasmaron la problem\u00e1tica, sino tambi\u00e9n plantearon propuestas para trabajar en la soluci\u00f3n o atenci\u00f3n al problema. \u201cCreemos que la mejora de infraestructura de estos espacios, acompa\u00f1ado por la incorporaci\u00f3n de elementos de seguridad, otorgar\u00e1 mayor protecci\u00f3n y resguardo de las motocicletas, aportando a desalentar los robos y da\u00f1os de los mismos\u201d.<\/p>\n<p>Precis\u00f3 que en uno de los encuentros realizados la Secretaria General del Sindicato ATACC (Asociaci\u00f3n Trabajadores de Call Center), Silvina Mendez, \u00e9sta le traslad\u00f3 un planteo de sus representadas y representados. \u201cEste sector representa en gran parte la demanda de estos espacios, ya que son tambi\u00e9n, quienes sufren un creciente aumento de los robos y da\u00f1os de los motoveh\u00edculos que quedan a la intemperie en horas laborales, sin una m\u00ednima estructura que les permita tomar medidas de seguridad habituales, como la de atar el veh\u00edculo y asegurarlo con candado\u201d.<\/p>\n<h6>\nAlgunos de los elementos que componen la iniciativa para los espacios seguros, son:<\/h6>\n<p>-Baranda de agarre: estructura de hierro fija al piso, para atar el veh\u00edculo a la misma.<br \/>\n-Cartel de los extremos de Inicio y fin: delimita e identifica el espacio (refractario).<br \/>\n-Cartel que identifica el espacio y su finalidad de uso: ubicado en la vereda para ser visto por quienes circulan con veh\u00edculos por la calle.<br \/>\n-Se\u00f1al\u00e9tica destinada a segmentar los espacios individuales a asignar: marcada sobre el piso o forma alternativa, debe delimitar el espacio y la direcci\u00f3n para estacionar el veh\u00edculo.<br \/>\n-Barra de definici\u00f3n del espacio y de prevenci\u00f3n sobre la circulaci\u00f3n vial conexa: elemento flexible, refractario, que muestra el final del espacio y limita con el resto de la circulaci\u00f3n vial.<br \/>\n-Alumbrado espec\u00edfico: destinado a incrementar la visibilidad del espacio donde se estaciona, para lo cual se pueden utilizar distintas alternativas disponibles.<br \/>\n-C\u00e1maras de seguridad: con destino a que se pueda observar en l\u00ednea, la situaci\u00f3n del estacionamiento, y contar con grabaciones ante hechos inesperados, que requieran determinar responsabilidades y como prueba para casos de hurtos o da\u00f1o.<\/p>\n<h6>\nProponemos un esquema sin fines de lucro, de promoci\u00f3n laboral<\/h6>\n<p>El concejal detall\u00f3 que, si bien la iniciativa incluye la autorizaci\u00f3n para que el Ejecutivo pueda ir mejorando y modernizando con el uso de nuevas alternativas, los estacionamientos de la Ciudad, entre ellas la posibilidad de que se desarrolle un esquema medido y oneroso para usuarios, pero en este caso debe incluir un seguro por robos y da\u00f1os, garantizando el recupero por parte del usuario\/a, del capital o bien da\u00f1ado o sustra\u00eddo en forma definitiva, durante el uso del servicio. Estableciendo adem\u00e1s, que los ingresos obtenidos ser\u00edan parcialmente un programa de reconversi\u00f3n, reinserci\u00f3n y promoci\u00f3n laboral, que tendr\u00e1 como primeras beneficiarias a las personas relevadas en el ejercicio de la actividad de cuidado y lavado de veh\u00edculos en la v\u00eda p\u00fablica que no est\u00e9n incluidas en el servicio contratado.<\/p>\n","protected":false},"excerpt":{"rendered":"","protected":false},"author":3,"featured_media":9233,"comment_status":"open","ping_status":"open","sticky":false,"template":"","format":"standard","meta":{"_joinchat":[],"footnotes":""},"categories":[27],"tags":[],"class_list":["post-9231","post","type-post","status-publish","format-standard","has-post-thumbnail","hentry","category-comunicados-de-prensa"],"yoast_head":"<!-- This site is optimized with the Yoast SEO plugin v27.5 - https:\/\/yoast.com\/product\/yoast-seo-wordpress\/ -->\n<title>Bolatti propone &quot;Estacionamientos de Motos m\u00e1s Seguros&quot; - Fabricio Bolatti<\/title>\n<meta name=\"robots\" content=\"index, follow, max-snippet:-1, max-image-preview:large, max-video-preview:-1\" \/>\n<link rel=\"canonical\" href=\"https:\/\/fabriciob.ar\/web\/bolatti-propone-estacionamientos-de-motos-mas-seguros\/\" \/>\n<meta property=\"og:locale\" content=\"es_ES\" \/>\n<meta property=\"og:type\" content=\"article\" \/>\n<meta property=\"og:title\" content=\"Bolatti propone &quot;Estacionamientos de Motos m\u00e1s Seguros&quot; - Fabricio Bolatti\" \/>\n<meta property=\"og:url\" content=\"https:\/\/fabriciob.ar\/web\/bolatti-propone-estacionamientos-de-motos-mas-seguros\/\" \/>\n<meta property=\"og:site_name\" content=\"Fabricio Bolatti\" \/>\n<meta property=\"article:publisher\" content=\"https:\/\/www.facebook.com\/fabriciobolattiK\/\" \/>\n<meta property=\"article:published_time\" content=\"2024-09-17T22:25:00+00:00\" \/>\n<meta property=\"og:image\" content=\"https:\/\/fabriciob.ar\/web\/wp-content\/uploads\/2024\/09\/motos.png\" \/>\n\t<meta property=\"og:image:width\" content=\"940\" \/>\n\t<meta property=\"og:image:height\" content=\"788\" \/>\n\t<meta property=\"og:image:type\" content=\"image\/png\" \/>\n<meta name=\"author\" content=\"Equipo Fabricio\" \/>\n<meta name=\"twitter:card\" content=\"summary_large_image\" \/>\n<meta name=\"twitter:creator\" content=\"@fabriciobolatti\" \/>\n<meta name=\"twitter:site\" content=\"@fabriciobolatti\" \/>\n<meta name=\"twitter:label1\" content=\"Escrito por\" \/>\n\t<meta name=\"twitter:data1\" content=\"Equipo Fabricio\" \/>\n\t<meta name=\"twitter:label2\" content=\"Tiempo de lectura\" \/>\n\t<meta name=\"twitter:data2\" content=\"6 minutos\" \/>\n<script type=\"application\/ld+json\" class=\"yoast-schema-graph\">{\"@context\":\"https:\\\/\\\/schema.org\",\"@graph\":[{\"@type\":\"Article\",\"@id\":\"https:\\\/\\\/fabriciob.ar\\\/web\\\/bolatti-propone-estacionamientos-de-motos-mas-seguros\\\/#article\",\"isPartOf\":{\"@id\":\"https:\\\/\\\/fabriciob.ar\\\/web\\\/bolatti-propone-estacionamientos-de-motos-mas-seguros\\\/\"},\"author\":{\"name\":\"Equipo Fabricio\",\"@id\":\"https:\\\/\\\/fabriciob.ar\\\/web\\\/#\\\/schema\\\/person\\\/d56dbc2f2489983c5270184312aab61b\"},\"headline\":\"Bolatti propone \u00abEstacionamientos de Motos m\u00e1s Seguros\u00bb\",\"datePublished\":\"2024-09-17T22:25:00+00:00\",\"mainEntityOfPage\":{\"@id\":\"https:\\\/\\\/fabriciob.ar\\\/web\\\/bolatti-propone-estacionamientos-de-motos-mas-seguros\\\/\"},\"wordCount\":1119,\"commentCount\":0,\"publisher\":{\"@id\":\"https:\\\/\\\/fabriciob.ar\\\/web\\\/#organization\"},\"image\":{\"@id\":\"https:\\\/\\\/fabriciob.ar\\\/web\\\/bolatti-propone-estacionamientos-de-motos-mas-seguros\\\/#primaryimage\"},\"thumbnailUrl\":\"https:\\\/\\\/fabriciob.ar\\\/web\\\/wp-content\\\/uploads\\\/2024\\\/09\\\/motos.png\",\"articleSection\":[\"COMUNICADOS DE PRENSA\"],\"inLanguage\":\"es\",\"potentialAction\":[{\"@type\":\"CommentAction\",\"name\":\"Comment\",\"target\":[\"https:\\\/\\\/fabriciob.ar\\\/web\\\/bolatti-propone-estacionamientos-de-motos-mas-seguros\\\/#respond\"]}]},{\"@type\":\"WebPage\",\"@id\":\"https:\\\/\\\/fabriciob.ar\\\/web\\\/bolatti-propone-estacionamientos-de-motos-mas-seguros\\\/\",\"url\":\"https:\\\/\\\/fabriciob.ar\\\/web\\\/bolatti-propone-estacionamientos-de-motos-mas-seguros\\\/\",\"name\":\"Bolatti propone \\\"Estacionamientos de Motos m\u00e1s Seguros\\\" - Fabricio Bolatti\",\"isPartOf\":{\"@id\":\"https:\\\/\\\/fabriciob.ar\\\/web\\\/#website\"},\"primaryImageOfPage\":{\"@id\":\"https:\\\/\\\/fabriciob.ar\\\/web\\\/bolatti-propone-estacionamientos-de-motos-mas-seguros\\\/#primaryimage\"},\"image\":{\"@id\":\"https:\\\/\\\/fabriciob.ar\\\/web\\\/bolatti-propone-estacionamientos-de-motos-mas-seguros\\\/#primaryimage\"},\"thumbnailUrl\":\"https:\\\/\\\/fabriciob.ar\\\/web\\\/wp-content\\\/uploads\\\/2024\\\/09\\\/motos.png\",\"datePublished\":\"2024-09-17T22:25:00+00:00\",\"breadcrumb\":{\"@id\":\"https:\\\/\\\/fabriciob.ar\\\/web\\\/bolatti-propone-estacionamientos-de-motos-mas-seguros\\\/#breadcrumb\"},\"inLanguage\":\"es\",\"potentialAction\":[{\"@type\":\"ReadAction\",\"target\":[\"https:\\\/\\\/fabriciob.ar\\\/web\\\/bolatti-propone-estacionamientos-de-motos-mas-seguros\\\/\"]}]},{\"@type\":\"ImageObject\",\"inLanguage\":\"es\",\"@id\":\"https:\\\/\\\/fabriciob.ar\\\/web\\\/bolatti-propone-estacionamientos-de-motos-mas-seguros\\\/#primaryimage\",\"url\":\"https:\\\/\\\/fabriciob.ar\\\/web\\\/wp-content\\\/uploads\\\/2024\\\/09\\\/motos.png\",\"contentUrl\":\"https:\\\/\\\/fabriciob.ar\\\/web\\\/wp-content\\\/uploads\\\/2024\\\/09\\\/motos.png\",\"width\":940,\"height\":788},{\"@type\":\"BreadcrumbList\",\"@id\":\"https:\\\/\\\/fabriciob.ar\\\/web\\\/bolatti-propone-estacionamientos-de-motos-mas-seguros\\\/#breadcrumb\",\"itemListElement\":[{\"@type\":\"ListItem\",\"position\":1,\"name\":\"Portada\",\"item\":\"https:\\\/\\\/fabriciob.ar\\\/web\\\/\"},{\"@type\":\"ListItem\",\"position\":2,\"name\":\"Bolatti propone &#8220;Estacionamientos de Motos m\u00e1s Seguros&#8221;\"}]},{\"@type\":\"WebSite\",\"@id\":\"https:\\\/\\\/fabriciob.ar\\\/web\\\/#website\",\"url\":\"https:\\\/\\\/fabriciob.ar\\\/web\\\/\",\"name\":\"Fabricio Bolatti\",\"description\":\"Sitio Oficial-Comunicaci\u00f3n institucional de la gesti\u00f3n legislativa del concejal Fabricio Bolatti con los vecinos y vecinas de la ciudad de Resistencia\",\"publisher\":{\"@id\":\"https:\\\/\\\/fabriciob.ar\\\/web\\\/#organization\"},\"potentialAction\":[{\"@type\":\"SearchAction\",\"target\":{\"@type\":\"EntryPoint\",\"urlTemplate\":\"https:\\\/\\\/fabriciob.ar\\\/web\\\/?s={search_term_string}\"},\"query-input\":{\"@type\":\"PropertyValueSpecification\",\"valueRequired\":true,\"valueName\":\"search_term_string\"}}],\"inLanguage\":\"es\"},{\"@type\":\"Organization\",\"@id\":\"https:\\\/\\\/fabriciob.ar\\\/web\\\/#organization\",\"name\":\"Fabricio Bolatti-Sitio Oficial\",\"url\":\"https:\\\/\\\/fabriciob.ar\\\/web\\\/\",\"logo\":{\"@type\":\"ImageObject\",\"inLanguage\":\"es\",\"@id\":\"https:\\\/\\\/fabriciob.ar\\\/web\\\/#\\\/schema\\\/logo\\\/image\\\/\",\"url\":\"https:\\\/\\\/fabriciob.ar\\\/web\\\/wp-content\\\/uploads\\\/2020\\\/12\\\/cropped-fb-en-el-concejo-a-red-2-1.png\",\"contentUrl\":\"https:\\\/\\\/fabriciob.ar\\\/web\\\/wp-content\\\/uploads\\\/2020\\\/12\\\/cropped-fb-en-el-concejo-a-red-2-1.png\",\"width\":512,\"height\":512,\"caption\":\"Fabricio Bolatti-Sitio Oficial\"},\"image\":{\"@id\":\"https:\\\/\\\/fabriciob.ar\\\/web\\\/#\\\/schema\\\/logo\\\/image\\\/\"},\"sameAs\":[\"https:\\\/\\\/www.facebook.com\\\/fabriciobolattiK\\\/\",\"https:\\\/\\\/x.com\\\/fabriciobolatti\",\"https:\\\/\\\/www.instagram.com\\\/fabriciobolatti\\\/?igshid=7ztsgzj0mwql\",\"https:\\\/\\\/www.youtube.com\\\/channel\\\/UCWLMPKJZG1JgX9U29Pra3ng\"]},{\"@type\":\"Person\",\"@id\":\"https:\\\/\\\/fabriciob.ar\\\/web\\\/#\\\/schema\\\/person\\\/d56dbc2f2489983c5270184312aab61b\",\"name\":\"Equipo Fabricio\",\"image\":{\"@type\":\"ImageObject\",\"inLanguage\":\"es\",\"@id\":\"https:\\\/\\\/secure.gravatar.com\\\/avatar\\\/9d8e99352a71f2ac7e650885bc7721fe9d667070a36c2a5bb86aab909b8cf626?s=96&d=mm&r=g\",\"url\":\"https:\\\/\\\/secure.gravatar.com\\\/avatar\\\/9d8e99352a71f2ac7e650885bc7721fe9d667070a36c2a5bb86aab909b8cf626?s=96&d=mm&r=g\",\"contentUrl\":\"https:\\\/\\\/secure.gravatar.com\\\/avatar\\\/9d8e99352a71f2ac7e650885bc7721fe9d667070a36c2a5bb86aab909b8cf626?s=96&d=mm&r=g\",\"caption\":\"Equipo Fabricio\"},\"url\":\"https:\\\/\\\/fabriciob.ar\\\/web\\\/author\\\/admin\\\/\"}]}<\/script>\n<!-- \/ Yoast SEO plugin. -->","yoast_head_json":{"title":"Bolatti propone \"Estacionamientos de Motos m\u00e1s Seguros\" - Fabricio Bolatti","robots":{"index":"index","follow":"follow","max-snippet":"max-snippet:-1","max-image-preview":"max-image-preview:large","max-video-preview":"max-video-preview:-1"},"canonical":"https:\/\/fabriciob.ar\/web\/bolatti-propone-estacionamientos-de-motos-mas-seguros\/","og_locale":"es_ES","og_type":"article","og_title":"Bolatti propone \"Estacionamientos de Motos m\u00e1s Seguros\" - Fabricio Bolatti","og_url":"https:\/\/fabriciob.ar\/web\/bolatti-propone-estacionamientos-de-motos-mas-seguros\/","og_site_name":"Fabricio Bolatti","article_publisher":"https:\/\/www.facebook.com\/fabriciobolattiK\/","article_published_time":"2024-09-17T22:25:00+00:00","og_image":[{"width":940,"height":788,"url":"https:\/\/fabriciob.ar\/web\/wp-content\/uploads\/2024\/09\/motos.png","type":"image\/png"}],"author":"Equipo Fabricio","twitter_card":"summary_large_image","twitter_creator":"@fabriciobolatti","twitter_site":"@fabriciobolatti","twitter_misc":{"Escrito por":"Equipo Fabricio","Tiempo de lectura":"6 minutos"},"schema":{"@context":"https:\/\/schema.org","@graph":[{"@type":"Article","@id":"https:\/\/fabriciob.ar\/web\/bolatti-propone-estacionamientos-de-motos-mas-seguros\/#article","isPartOf":{"@id":"https:\/\/fabriciob.ar\/web\/bolatti-propone-estacionamientos-de-motos-mas-seguros\/"},"author":{"name":"Equipo Fabricio","@id":"https:\/\/fabriciob.ar\/web\/#\/schema\/person\/d56dbc2f2489983c5270184312aab61b"},"headline":"Bolatti propone \u00abEstacionamientos de Motos m\u00e1s Seguros\u00bb","datePublished":"2024-09-17T22:25:00+00:00","mainEntityOfPage":{"@id":"https:\/\/fabriciob.ar\/web\/bolatti-propone-estacionamientos-de-motos-mas-seguros\/"},"wordCount":1119,"commentCount":0,"publisher":{"@id":"https:\/\/fabriciob.ar\/web\/#organization"},"image":{"@id":"https:\/\/fabriciob.ar\/web\/bolatti-propone-estacionamientos-de-motos-mas-seguros\/#primaryimage"},"thumbnailUrl":"https:\/\/fabriciob.ar\/web\/wp-content\/uploads\/2024\/09\/motos.png","articleSection":["COMUNICADOS DE PRENSA"],"inLanguage":"es","potentialAction":[{"@type":"CommentAction","name":"Comment","target":["https:\/\/fabriciob.ar\/web\/bolatti-propone-estacionamientos-de-motos-mas-seguros\/#respond"]}]},{"@type":"WebPage","@id":"https:\/\/fabriciob.ar\/web\/bolatti-propone-estacionamientos-de-motos-mas-seguros\/","url":"https:\/\/fabriciob.ar\/web\/bolatti-propone-estacionamientos-de-motos-mas-seguros\/","name":"Bolatti propone \"Estacionamientos de Motos m\u00e1s Seguros\" - Fabricio Bolatti","isPartOf":{"@id":"https:\/\/fabriciob.ar\/web\/#website"},"primaryImageOfPage":{"@id":"https:\/\/fabriciob.ar\/web\/bolatti-propone-estacionamientos-de-motos-mas-seguros\/#primaryimage"},"image":{"@id":"https:\/\/fabriciob.ar\/web\/bolatti-propone-estacionamientos-de-motos-mas-seguros\/#primaryimage"},"thumbnailUrl":"https:\/\/fabriciob.ar\/web\/wp-content\/uploads\/2024\/09\/motos.png","datePublished":"2024-09-17T22:25:00+00:00","breadcrumb":{"@id":"https:\/\/fabriciob.ar\/web\/bolatti-propone-estacionamientos-de-motos-mas-seguros\/#breadcrumb"},"inLanguage":"es","potentialAction":[{"@type":"ReadAction","target":["https:\/\/fabriciob.ar\/web\/bolatti-propone-estacionamientos-de-motos-mas-seguros\/"]}]},{"@type":"ImageObject","inLanguage":"es","@id":"https:\/\/fabriciob.ar\/web\/bolatti-propone-estacionamientos-de-motos-mas-seguros\/#primaryimage","url":"https:\/\/fabriciob.ar\/web\/wp-content\/uploads\/2024\/09\/motos.png","contentUrl":"https:\/\/fabriciob.ar\/web\/wp-content\/uploads\/2024\/09\/motos.png","width":940,"height":788},{"@type":"BreadcrumbList","@id":"https:\/\/fabriciob.ar\/web\/bolatti-propone-estacionamientos-de-motos-mas-seguros\/#breadcrumb","itemListElement":[{"@type":"ListItem","position":1,"name":"Portada","item":"https:\/\/fabriciob.ar\/web\/"},{"@type":"ListItem","position":2,"name":"Bolatti propone &#8220;Estacionamientos de Motos m\u00e1s Seguros&#8221;"}]},{"@type":"WebSite","@id":"https:\/\/fabriciob.ar\/web\/#website","url":"https:\/\/fabriciob.ar\/web\/","name":"Fabricio Bolatti","description":"Sitio Oficial-Comunicaci\u00f3n institucional de la gesti\u00f3n legislativa del concejal Fabricio Bolatti con los vecinos y vecinas de la ciudad de Resistencia","publisher":{"@id":"https:\/\/fabriciob.ar\/web\/#organization"},"potentialAction":[{"@type":"SearchAction","target":{"@type":"EntryPoint","urlTemplate":"https:\/\/fabriciob.ar\/web\/?s={search_term_string}"},"query-input":{"@type":"PropertyValueSpecification","valueRequired":true,"valueName":"search_term_string"}}],"inLanguage":"es"},{"@type":"Organization","@id":"https:\/\/fabriciob.ar\/web\/#organization","name":"Fabricio Bolatti-Sitio Oficial","url":"https:\/\/fabriciob.ar\/web\/","logo":{"@type":"ImageObject","inLanguage":"es","@id":"https:\/\/fabriciob.ar\/web\/#\/schema\/logo\/image\/","url":"https:\/\/fabriciob.ar\/web\/wp-content\/uploads\/2020\/12\/cropped-fb-en-el-concejo-a-red-2-1.png","contentUrl":"https:\/\/fabriciob.ar\/web\/wp-content\/uploads\/2020\/12\/cropped-fb-en-el-concejo-a-red-2-1.png","width":512,"height":512,"caption":"Fabricio Bolatti-Sitio Oficial"},"image":{"@id":"https:\/\/fabriciob.ar\/web\/#\/schema\/logo\/image\/"},"sameAs":["https:\/\/www.facebook.com\/fabriciobolattiK\/","https:\/\/x.com\/fabriciobolatti","https:\/\/www.instagram.com\/fabriciobolatti\/?igshid=7ztsgzj0mwql","https:\/\/www.youtube.com\/channel\/UCWLMPKJZG1JgX9U29Pra3ng"]},{"@type":"Person","@id":"https:\/\/fabriciob.ar\/web\/#\/schema\/person\/d56dbc2f2489983c5270184312aab61b","name":"Equipo Fabricio","image":{"@type":"ImageObject","inLanguage":"es","@id":"https:\/\/secure.gravatar.com\/avatar\/9d8e99352a71f2ac7e650885bc7721fe9d667070a36c2a5bb86aab909b8cf626?s=96&d=mm&r=g","url":"https:\/\/secure.gravatar.com\/avatar\/9d8e99352a71f2ac7e650885bc7721fe9d667070a36c2a5bb86aab909b8cf626?s=96&d=mm&r=g","contentUrl":"https:\/\/secure.gravatar.com\/avatar\/9d8e99352a71f2ac7e650885bc7721fe9d667070a36c2a5bb86aab909b8cf626?s=96&d=mm&r=g","caption":"Equipo Fabricio"},"url":"https:\/\/fabriciob.ar\/web\/author\/admin\/"}]}},"_links":{"self":[{"href":"https:\/\/fabriciob.ar\/web\/wp-json\/wp\/v2\/posts\/9231","targetHints":{"allow":["GET"]}}],"collection":[{"href":"https:\/\/fabriciob.ar\/web\/wp-json\/wp\/v2\/posts"}],"about":[{"href":"https:\/\/fabriciob.ar\/web\/wp-json\/wp\/v2\/types\/post"}],"author":[{"embeddable":true,"href":"https:\/\/fabriciob.ar\/web\/wp-json\/wp\/v2\/users\/3"}],"replies":[{"embeddable":true,"href":"https:\/\/fabriciob.ar\/web\/wp-json\/wp\/v2\/comments?post=9231"}],"version-history":[{"count":1,"href":"https:\/\/fabriciob.ar\/web\/wp-json\/wp\/v2\/posts\/9231\/revisions"}],"predecessor-version":[{"id":9234,"href":"https:\/\/fabriciob.ar\/web\/wp-json\/wp\/v2\/posts\/9231\/revisions\/9234"}],"wp:featuredmedia":[{"embeddable":true,"href":"https:\/\/fabriciob.ar\/web\/wp-json\/wp\/v2\/media\/9233"}],"wp:attachment":[{"href":"https:\/\/fabriciob.ar\/web\/wp-json\/wp\/v2\/media?parent=9231"}],"wp:term":[{"taxonomy":"category","embeddable":true,"href":"https:\/\/fabriciob.ar\/web\/wp-json\/wp\/v2\/categories?post=9231"},{"taxonomy":"post_tag","embeddable":true,"href":"https:\/\/fabriciob.ar\/web\/wp-json\/wp\/v2\/tags?post=9231"}],"curies":[{"name":"wp","href":"https:\/\/api.w.org\/{rel}","templated":true}]}}