{"id":9248,"date":"2024-09-25T03:19:10","date_gmt":"2024-09-25T03:19:10","guid":{"rendered":"https:\/\/fabriciob.ar\/web\/?p=9248"},"modified":"2024-09-25T03:19:10","modified_gmt":"2024-09-25T03:19:10","slug":"a-la-mentira-se-le-suma-la-extorsion-al-pueblo-del-chaco-2","status":"publish","type":"post","link":"https:\/\/fabriciob.ar\/web\/a-la-mentira-se-le-suma-la-extorsion-al-pueblo-del-chaco-2\/","title":{"rendered":"A la mentira se le suma la extorsi\u00f3n al pueblo del Chaco"},"content":{"rendered":"<p><!--more--><\/p>\n<p>Av\u00edsenle al gobernador que la campa\u00f1a ya termin\u00f3, podr\u00eda dejar de mentir<\/p>\n<p>&nbsp;<\/p>\n<h6><em>*Por Fabricio Bolatti<\/em><\/h6>\n<p>Decir que vamos a tener cortes de 8 horas en el verano si no le aprueban el endeudamiento en d\u00f3lares que le pide Milei, es algo que roza lo nefasto, a menos que le hayan hecho creer realmente las irresponsabilidades que anda repitiendo el gobernador Zdero. Siempre lo vi muy activo y haciendo pol\u00edtica, ya en la facultad era un l\u00edder de la Franja regional, cuando se supo que gan\u00f3, y de optimista nom\u00e1s, pens\u00e9 que pod\u00eda llegar a volver sobre sus pasos de Macrista y con su gesti\u00f3n reivindicar la pol\u00edtica, la militancia, la palabra y compromiso asumido, y con ello respetar al pueblo que lo vot\u00f3 y que le crey\u00f3.<\/p>\n<p>Pero no paro de sorprenderme y hasta siento cierta responsabilidad por haber imaginado que pod\u00eda estar a la altura del cargo, lo que me llev\u00f3 a realizar varias publicaciones en redes para exponer algunas irregularidades y mal manejo de situaciones p\u00fablicas, sobreactuando y usando la mentira y hasta imponi\u00e9ndola con el poder que ostenta.<\/p>\n<p>Hoy me top\u00e9 con declaraciones del gobernador sobre el sistema el\u00e9ctrico, Secheep, etc, y considero tener la responsabilidad de contestar algunas de sus afirmaciones.<\/p>\n<p><strong>Hay mucho por decir, pero me referir\u00e9 puntual y sint\u00e9ticamente a algunas declaraciones de Zdero:<\/strong><\/p>\n<h5>1- \u201cQueremos un sistema \u00f3ptimo. Hoy la situaci\u00f3n es grave, vamos a tener hasta 8 horas en los meses m\u00e1s comprometidos, de corte de luz, por esto pedimos el cr\u00e9dito, que hay que subsanar la situaci\u00f3n donde alquilaban los equipos, y planificar una conexi\u00f3n segura, dando a entender que es un problema de toda la provincia\u201d.<\/h5>\n<p>1- Una gran y enorme mentira lograda mal informando y ocultando informaci\u00f3n al pueblo. El sistema logrado en la provincia es muy bueno y a nivel de acceso de energ\u00eda y l\u00edneas de alta y media tensi\u00f3n, est\u00e1 cerca de lo \u00f3ptimo, ya que se logr\u00f3 cerrar el anillo que permite junto a una doble entrada desde Bastiani y Rinc\u00f3n Santa Mar\u00eda, garantizar la provisi\u00f3n de calidad y cantidad a nuestra provincia. Adem\u00e1s, esto funciona dentro o como parte del Sistema Interconectado Nacional, lo que da a\u00fan mayor garant\u00eda.<\/p>\n<p>Esto funciona para el 98% de la Provincia, dependiendo la energ\u00eda disponible de la capacidad de las Estaciones Transformadoras que se ubican en Resistencia y S\u00e1enz Pe\u00f1a, las que hoy y ante un pico de consumo, alcanzan un 90% de su capacidad. Ya en el final de la gesti\u00f3n de Capitanich, habi\u00e9ndose advertido sobre la necesidad de ampliaci\u00f3n, en la Estaci\u00f3n Resistencia, se incorpor\u00f3 un transformador m\u00e1s, de apoyo al sistema, el que hoy s\u00f3lo requiere hoy puesta a punto.<\/p>\n<p><strong>POR LO QUE ZDERO MIENTE, AMENAZA, MAL INFORMA Y EXTORSIONA, CUANDO DICE QUE HABR\u00c1 CORTES DE 8 HORAS SI NO LE APRUEBAN EL CR\u00c9DITO EN D\u00d3LARES.<\/strong><\/p>\n<p>Lo que hace el gobernador es generalizar una situaci\u00f3n que puntualmente sucede o afecta a un 2% de los usuarios y en una zona especial de la provincia.<\/p>\n<p>Actualmente hay 4 localidades (Fuerte Esperanza, Wichi, El Sauzal y el Sauzalito) que re\u00fanen menos de 5.000 usuarios que hoy est\u00e1n desconectados del Sistema, por lo que entre los gobiernos nacional y provincial, se ven\u00eda generando energ\u00eda con motores y en base a di\u00e9sel.<\/p>\n<p>Lo que se hac\u00eda en Nueva Pompeya v\u00eda l\u00ednea de 33kv, es atender a 4692 usuarios de esta zona. El costo para la provincia no alcanzaba los $25 millones de pesos por mes. Hab\u00eda en el territorio provincial otras estaciones similares que ya estaban en desuso y fueron retir\u00e1ndose las que quedaban y puntualmente esta que es la \u00fanica necesaria, sin embargo, con el aval del gobierno provincial, fueron retiradas por el gobierno Nacional, o sea que Zdero y Milei no tuvieron ning\u00fan cargo de conciencia por haber dejado esta zona y sus familias familias sin energ\u00eda.<\/p>\n<h5>2- \u201cRecuperando una empresa quebrada, que tiene una deuda de $300.000 millones, y es por la mitad del monto que estamos pidiendo un cr\u00e9dito\u201d.<\/h5>\n<p>2- Secheep es una empresa del Estado que puede tener un objetivo distinto a una empresa de capitales privados que seguramente busca ganar dinero. Justamente por ello la Constituci\u00f3n de la Provincia le otorga esta tipolog\u00eda, porque las y los chaque\u00f1os no necesitamos ganar dinero con Secheep, sino tener el mejor servicio de provisi\u00f3n de energ\u00eda, al precio m\u00e1s barato posible, de manera de estar lo m\u00e1s cerca que se pueda de la universalizaci\u00f3n, o sea energ\u00eda de calidad, barata y accesible.<br \/>\nBajo este lema Zdero recibe una Empresa funcionando, con una planta reducida de personal (no pudo echar a nadie), pero con capacidad operativa dada por trabajar junto a otras \u00e1reas del Estado y empresas chaque\u00f1as del rubro.<\/p>\n<p>Durante los 12 a\u00f1os de su gobierno, Capitanich estuvo al frente del plan que llev\u00f3 adelante desde el primer minuto y hasta el \u00faltimo de su gesti\u00f3n, construyendo para la provincia (todas y todos los chaque\u00f1os) un sistema de provisi\u00f3n que est\u00e1 entre los m\u00e1s seguros del pa\u00eds. Prueba de ello son las empresas que se fueron instalando en la provincia, y que no se fueron sino que crecieron. Inversiones que son o deben ser parte del patrimonio de Secheep, o sea de todas y todos los chaque\u00f1os, y cuyo monto debe superar los $10.000 millones de d\u00f3lares, es decir que durante la gesti\u00f3n de Capitanich y con apoyo directo del gobierno de Cristina F. de Kirchner, se invirti\u00f3 en infraestructura el\u00e9ctrica por m\u00e1s de $10.000 millones, que tuvo entre otras contrapartidas provinciales, la de no aumentar el valor del servicio durante esos a\u00f1os, otro beneficio para el pueblo.<\/p>\n<p>En s\u00edntesis, aporte de activos por 10.000 mill de d\u00f3lares y pasivo o deuda con Cammesa por 150 millones de d\u00f3lares \u00bfSe puede creer que la empresa fuera perjudicada por gestiones pasadas?<\/p>\n<h5>3- \u201cQue los aumentos de Naci\u00f3n nos est\u00e1n golpeando y mucho, que si aplicamos subsidios, significa volver a tocar la caja de la provincia y comprometer a los chaque\u00f1os, sacar plata de la educaci\u00f3n para poner en energ\u00eda, o de los remedios para poner\u2026\u201d.<\/h5>\n<p>3- Desde que asumi\u00f3 Milei en naci\u00f3n y Zdero en la provincia, la energ\u00eda o m\u00e1s bien la boleta se increment\u00f3 m\u00e1s del 400%, o sea cuatro veces en ocho meses, alcanzando \u201dvalores confiscatorios\u201d, tal como lo dec\u00eda el actual ministro Livio Gutierrez en Audiencias P\u00fablicas donde iba con Zdero a oponerse de incrementos del 8% en el gobierno de Capitanich.<\/p>\n<p>Hoy pretenden justificar este descomunal aumento diciendo que es decisi\u00f3n del gobierno Nacional. El mismo del que siguen \u2018a rajatabla\u2019 las \u00f3rdenes, medidas y pol\u00edticas, como aumentar la tarifa del colectivo en m\u00e1s de un 600% y la energ\u00eda cerca del 500% (sin exigir recomposici\u00f3n de ingresos que permitan pagarlas); al que le firma los pactos que perjudican al pueblo chaque\u00f1o, por quien hoy solicita endeudar a la Provincia en d\u00f3lares, y por quien miente, aprieta, condiciona y hasta restringe derechos a chaque\u00f1os y chaque\u00f1as.<\/p>\n<p>De lo que no dice nada el Gobernador, es que junto a este m\u00e1s de 400% de aumento que traslada al pueblo, tambi\u00e9n aumenta otros conceptos provinciales que podr\u00edan morigerarse a montos m\u00e1s normales y lograr evitar o reducir el aumento final. Pero no dice nada, ya que la plata de las y los usuarios va a sus arcas, por ejemplo:<br \/>\n-El 10,5% que se aplica sobre la factura para Alumbrado P\u00fablico, en los \u00faltimos ocho meses pas\u00f3 de alrededor de $200 millones de pesos mensuales a m\u00e1s de $1.000 millones,<br \/>\n-El Cargo Fijo pas\u00f3 de $100 millones a m\u00e1s de $500 mill. para compra de equipos e insumos, lo que en el a\u00f1o ronda a un aporte cercano a los $20.000 millones para destinar al sistema el\u00e9ctrico, o sea, esto es \u201cque ya te manote\u00f3\u201d; sino por lo menos podr\u00eda tomar los valores que ten\u00eda antes de aplicar estos mega aumentos como techo de estos conceptos, y reducir un 10% la boleta de luz, o no endeudar para lo mismo, a la Provincia.<\/p>\n<h5>4- \u201cDicen que no podemos tomar deuda en d\u00f3lares, \u00bfy qu\u00e9 creen que estoy pagando?\u201d (Haciendo referencia a un pago de 80 mill de d\u00f3lares).<\/h5>\n<p>4- Deuda en d\u00f3lares, aqu\u00ed est\u00e1 la cuesti\u00f3n. Es que el gobierno de Milei necesita d\u00f3lares para sostener las Reservas del Banco Central, mientras sigue su pol\u00edtica que prioriza garantizar el cobro de la especulaci\u00f3n financiera y los negocios nuevos para sus jefes y amigos.<\/p>\n<p>Quiz\u00e1s no vieron en los medios d\u00f3nde paga pauta prohibitiva Zdero, pero el pa\u00eds en estos ocho meses aument\u00f3 su deuda p\u00fablica en m\u00e1s de 80.000 millones de d\u00f3lares, lo que equivale a tres Reservas del Banco Central; y lo hizo cambiando \u2018papelitos\u2019 por Bonos en D\u00f3lares con tasas altas y plazos cortos, por lo que ya son parte de los vencimientos de intereses a pagar y para lo que necesita billetes verdes. Y como tienen el mismo ministro (Caputo), se est\u00e1 haciendo lo mismo que en el Gobierno de Macri: ajustar a las Provincias y obligarlas a tomar deudas, en d\u00f3lares, as\u00ed entran al pa\u00eds m\u00e1s billetes verdes para ocuparlos en cobrarse la cuenta que se inventaron. Estos son los d\u00f3lares que tiene que pagar Zdero y que se queja.<\/p>\n<p>Pregunto: si la deuda de Cammesa es en pesos, \u00bfpor qu\u00e9 hay que tomar d\u00f3lares?.<\/p>\n<h5>5- \u201cQue prime el inter\u00e9s de los chaque\u00f1os sobre los partidarios y particulares, es decir, que si se administra bien, se hace lo que corresponde, si destinamos el dinero de los chaque\u00f1os a lo que corresponde y no se despilfarra, podemos afrontar este problema\u201d.<\/h5>\n<p>5- Zdero habla de \u201causteridad\u201d, de administrar bien los recursos, de no despilfarrar y destinar el dinero de las y los chaque\u00f1os a \u201clo que corresponde\u201d, sin embargo en los meses que lleva de gesti\u00f3n se conocieron una serie de denuncias sobre irregularidades en el manejo de fondos p\u00fablicos, donde uno de los puntos m\u00e1s destacados fue la pauta publicitaria destinada a periodistas y medios de Resistencia, que ya superar\u00eda los 4 mil millones de pesos. Se le suman m\u00e1s de 100 mill a la Expo Vino; m\u00e1s de 200 mill a la Cabalgata de la Fe; m\u00e1s de 80 mill en gorras; 150 mill en cuentas de empleados del Instituto del Deporte Chaque\u00f1o; entre otros.<\/p>\n<p>En este contexto de falta de transparencia, es que el gobernador solicita un endeudamiento en d\u00f3lares. Una cifra que plantea interrogantes, no s\u00f3lo por el elevado riesgo pa\u00eds y las tasas de inter\u00e9s igualmente altas que acompa\u00f1an a este tipo de pr\u00e9stamos internacionales, sino tambi\u00e9n porque el proceso para obtener estos recursos superar\u00eda en tiempo la llegada del verano, por lo que el endeudamiento, no resolver\u00e1 la crisis energ\u00e9tica y, como dije anteriormente, evidencia que la toma de deuda en d\u00f3lares responde a intereses pol\u00edticos y a la firme obediencia a Milei, porque hasta el momento, no ha alzado la voz para defender los intereses del pueblo que lo vot\u00f3.<\/p>\n<p>Zdero ha justificado esta medida como una soluci\u00f3n para la crisis energ\u00e9tica que enfrenta la provincia y extorsiona al pueblo chaque\u00f1o con mentiras. La crisis energ\u00e9tica a la que alude es producto de la inoperancia e incompetencia de su gobierno, porque como lo expliqu\u00e9 en puntos anteriores, la situaci\u00f3n energ\u00e9tica actual presenta alternativas viables que suprimen la necesidad de endeudar a la Provincia. Lo que falta es voluntad y administrar bien los recursos que son de todos los chaque\u00f1os y las chaque\u00f1as.<\/p>\n<p>&nbsp;<\/p>\n<h6 style=\"text-align: right;\">*Concejal de la Ciudad de Resistencia<br \/>\nPresidente del Bloque Frente Chaque\u00f1o<\/h6>\n","protected":false},"excerpt":{"rendered":"","protected":false},"author":3,"featured_media":9249,"comment_status":"open","ping_status":"open","sticky":false,"template":"","format":"standard","meta":{"_joinchat":[],"footnotes":""},"categories":[27],"tags":[],"class_list":["post-9248","post","type-post","status-publish","format-standard","has-post-thumbnail","hentry","category-comunicados-de-prensa"],"yoast_head":"<!-- This site is optimized with the Yoast SEO plugin v27.5 - https:\/\/yoast.com\/product\/yoast-seo-wordpress\/ -->\n<title>A la mentira se le suma la extorsi\u00f3n al pueblo del Chaco - Fabricio Bolatti<\/title>\n<meta name=\"robots\" content=\"index, follow, max-snippet:-1, max-image-preview:large, max-video-preview:-1\" \/>\n<link rel=\"canonical\" href=\"https:\/\/fabriciob.ar\/web\/a-la-mentira-se-le-suma-la-extorsion-al-pueblo-del-chaco-2\/\" \/>\n<meta property=\"og:locale\" content=\"es_ES\" \/>\n<meta property=\"og:type\" content=\"article\" \/>\n<meta property=\"og:title\" content=\"A la mentira se le suma la extorsi\u00f3n al pueblo del Chaco - Fabricio Bolatti\" \/>\n<meta property=\"og:url\" content=\"https:\/\/fabriciob.ar\/web\/a-la-mentira-se-le-suma-la-extorsion-al-pueblo-del-chaco-2\/\" \/>\n<meta property=\"og:site_name\" content=\"Fabricio Bolatti\" \/>\n<meta property=\"article:publisher\" content=\"https:\/\/www.facebook.com\/fabriciobolattiK\/\" \/>\n<meta property=\"article:published_time\" content=\"2024-09-25T03:19:10+00:00\" \/>\n<meta property=\"og:image\" content=\"https:\/\/fabriciob.ar\/web\/wp-content\/uploads\/2024\/09\/Fabricio-Bolatti-1.png\" \/>\n\t<meta property=\"og:image:width\" content=\"940\" \/>\n\t<meta property=\"og:image:height\" content=\"788\" \/>\n\t<meta property=\"og:image:type\" content=\"image\/png\" \/>\n<meta name=\"author\" content=\"Equipo Fabricio\" \/>\n<meta name=\"twitter:card\" content=\"summary_large_image\" \/>\n<meta name=\"twitter:creator\" content=\"@fabriciobolatti\" \/>\n<meta name=\"twitter:site\" content=\"@fabriciobolatti\" \/>\n<meta name=\"twitter:label1\" content=\"Escrito por\" \/>\n\t<meta name=\"twitter:data1\" content=\"Equipo Fabricio\" \/>\n\t<meta name=\"twitter:label2\" content=\"Tiempo de lectura\" \/>\n\t<meta name=\"twitter:data2\" content=\"10 minutos\" \/>\n<script type=\"application\/ld+json\" class=\"yoast-schema-graph\">{\"@context\":\"https:\\\/\\\/schema.org\",\"@graph\":[{\"@type\":\"Article\",\"@id\":\"https:\\\/\\\/fabriciob.ar\\\/web\\\/a-la-mentira-se-le-suma-la-extorsion-al-pueblo-del-chaco-2\\\/#article\",\"isPartOf\":{\"@id\":\"https:\\\/\\\/fabriciob.ar\\\/web\\\/a-la-mentira-se-le-suma-la-extorsion-al-pueblo-del-chaco-2\\\/\"},\"author\":{\"name\":\"Equipo Fabricio\",\"@id\":\"https:\\\/\\\/fabriciob.ar\\\/web\\\/#\\\/schema\\\/person\\\/d56dbc2f2489983c5270184312aab61b\"},\"headline\":\"A la mentira se le suma la extorsi\u00f3n al pueblo del Chaco\",\"datePublished\":\"2024-09-25T03:19:10+00:00\",\"mainEntityOfPage\":{\"@id\":\"https:\\\/\\\/fabriciob.ar\\\/web\\\/a-la-mentira-se-le-suma-la-extorsion-al-pueblo-del-chaco-2\\\/\"},\"wordCount\":2049,\"commentCount\":0,\"publisher\":{\"@id\":\"https:\\\/\\\/fabriciob.ar\\\/web\\\/#organization\"},\"image\":{\"@id\":\"https:\\\/\\\/fabriciob.ar\\\/web\\\/a-la-mentira-se-le-suma-la-extorsion-al-pueblo-del-chaco-2\\\/#primaryimage\"},\"thumbnailUrl\":\"https:\\\/\\\/fabriciob.ar\\\/web\\\/wp-content\\\/uploads\\\/2024\\\/09\\\/Fabricio-Bolatti-1.png\",\"articleSection\":[\"COMUNICADOS DE PRENSA\"],\"inLanguage\":\"es\",\"potentialAction\":[{\"@type\":\"CommentAction\",\"name\":\"Comment\",\"target\":[\"https:\\\/\\\/fabriciob.ar\\\/web\\\/a-la-mentira-se-le-suma-la-extorsion-al-pueblo-del-chaco-2\\\/#respond\"]}]},{\"@type\":\"WebPage\",\"@id\":\"https:\\\/\\\/fabriciob.ar\\\/web\\\/a-la-mentira-se-le-suma-la-extorsion-al-pueblo-del-chaco-2\\\/\",\"url\":\"https:\\\/\\\/fabriciob.ar\\\/web\\\/a-la-mentira-se-le-suma-la-extorsion-al-pueblo-del-chaco-2\\\/\",\"name\":\"A la mentira se le suma la extorsi\u00f3n al pueblo del Chaco - Fabricio Bolatti\",\"isPartOf\":{\"@id\":\"https:\\\/\\\/fabriciob.ar\\\/web\\\/#website\"},\"primaryImageOfPage\":{\"@id\":\"https:\\\/\\\/fabriciob.ar\\\/web\\\/a-la-mentira-se-le-suma-la-extorsion-al-pueblo-del-chaco-2\\\/#primaryimage\"},\"image\":{\"@id\":\"https:\\\/\\\/fabriciob.ar\\\/web\\\/a-la-mentira-se-le-suma-la-extorsion-al-pueblo-del-chaco-2\\\/#primaryimage\"},\"thumbnailUrl\":\"https:\\\/\\\/fabriciob.ar\\\/web\\\/wp-content\\\/uploads\\\/2024\\\/09\\\/Fabricio-Bolatti-1.png\",\"datePublished\":\"2024-09-25T03:19:10+00:00\",\"breadcrumb\":{\"@id\":\"https:\\\/\\\/fabriciob.ar\\\/web\\\/a-la-mentira-se-le-suma-la-extorsion-al-pueblo-del-chaco-2\\\/#breadcrumb\"},\"inLanguage\":\"es\",\"potentialAction\":[{\"@type\":\"ReadAction\",\"target\":[\"https:\\\/\\\/fabriciob.ar\\\/web\\\/a-la-mentira-se-le-suma-la-extorsion-al-pueblo-del-chaco-2\\\/\"]}]},{\"@type\":\"ImageObject\",\"inLanguage\":\"es\",\"@id\":\"https:\\\/\\\/fabriciob.ar\\\/web\\\/a-la-mentira-se-le-suma-la-extorsion-al-pueblo-del-chaco-2\\\/#primaryimage\",\"url\":\"https:\\\/\\\/fabriciob.ar\\\/web\\\/wp-content\\\/uploads\\\/2024\\\/09\\\/Fabricio-Bolatti-1.png\",\"contentUrl\":\"https:\\\/\\\/fabriciob.ar\\\/web\\\/wp-content\\\/uploads\\\/2024\\\/09\\\/Fabricio-Bolatti-1.png\",\"width\":940,\"height\":788},{\"@type\":\"BreadcrumbList\",\"@id\":\"https:\\\/\\\/fabriciob.ar\\\/web\\\/a-la-mentira-se-le-suma-la-extorsion-al-pueblo-del-chaco-2\\\/#breadcrumb\",\"itemListElement\":[{\"@type\":\"ListItem\",\"position\":1,\"name\":\"Portada\",\"item\":\"https:\\\/\\\/fabriciob.ar\\\/web\\\/\"},{\"@type\":\"ListItem\",\"position\":2,\"name\":\"A la mentira se le suma la extorsi\u00f3n al pueblo del Chaco\"}]},{\"@type\":\"WebSite\",\"@id\":\"https:\\\/\\\/fabriciob.ar\\\/web\\\/#website\",\"url\":\"https:\\\/\\\/fabriciob.ar\\\/web\\\/\",\"name\":\"Fabricio Bolatti\",\"description\":\"Sitio Oficial-Comunicaci\u00f3n institucional de la gesti\u00f3n legislativa del concejal Fabricio Bolatti con los vecinos y vecinas de la ciudad de Resistencia\",\"publisher\":{\"@id\":\"https:\\\/\\\/fabriciob.ar\\\/web\\\/#organization\"},\"potentialAction\":[{\"@type\":\"SearchAction\",\"target\":{\"@type\":\"EntryPoint\",\"urlTemplate\":\"https:\\\/\\\/fabriciob.ar\\\/web\\\/?s={search_term_string}\"},\"query-input\":{\"@type\":\"PropertyValueSpecification\",\"valueRequired\":true,\"valueName\":\"search_term_string\"}}],\"inLanguage\":\"es\"},{\"@type\":\"Organization\",\"@id\":\"https:\\\/\\\/fabriciob.ar\\\/web\\\/#organization\",\"name\":\"Fabricio Bolatti-Sitio Oficial\",\"url\":\"https:\\\/\\\/fabriciob.ar\\\/web\\\/\",\"logo\":{\"@type\":\"ImageObject\",\"inLanguage\":\"es\",\"@id\":\"https:\\\/\\\/fabriciob.ar\\\/web\\\/#\\\/schema\\\/logo\\\/image\\\/\",\"url\":\"https:\\\/\\\/fabriciob.ar\\\/web\\\/wp-content\\\/uploads\\\/2020\\\/12\\\/cropped-fb-en-el-concejo-a-red-2-1.png\",\"contentUrl\":\"https:\\\/\\\/fabriciob.ar\\\/web\\\/wp-content\\\/uploads\\\/2020\\\/12\\\/cropped-fb-en-el-concejo-a-red-2-1.png\",\"width\":512,\"height\":512,\"caption\":\"Fabricio Bolatti-Sitio Oficial\"},\"image\":{\"@id\":\"https:\\\/\\\/fabriciob.ar\\\/web\\\/#\\\/schema\\\/logo\\\/image\\\/\"},\"sameAs\":[\"https:\\\/\\\/www.facebook.com\\\/fabriciobolattiK\\\/\",\"https:\\\/\\\/x.com\\\/fabriciobolatti\",\"https:\\\/\\\/www.instagram.com\\\/fabriciobolatti\\\/?igshid=7ztsgzj0mwql\",\"https:\\\/\\\/www.youtube.com\\\/channel\\\/UCWLMPKJZG1JgX9U29Pra3ng\"]},{\"@type\":\"Person\",\"@id\":\"https:\\\/\\\/fabriciob.ar\\\/web\\\/#\\\/schema\\\/person\\\/d56dbc2f2489983c5270184312aab61b\",\"name\":\"Equipo Fabricio\",\"image\":{\"@type\":\"ImageObject\",\"inLanguage\":\"es\",\"@id\":\"https:\\\/\\\/secure.gravatar.com\\\/avatar\\\/9d8e99352a71f2ac7e650885bc7721fe9d667070a36c2a5bb86aab909b8cf626?s=96&d=mm&r=g\",\"url\":\"https:\\\/\\\/secure.gravatar.com\\\/avatar\\\/9d8e99352a71f2ac7e650885bc7721fe9d667070a36c2a5bb86aab909b8cf626?s=96&d=mm&r=g\",\"contentUrl\":\"https:\\\/\\\/secure.gravatar.com\\\/avatar\\\/9d8e99352a71f2ac7e650885bc7721fe9d667070a36c2a5bb86aab909b8cf626?s=96&d=mm&r=g\",\"caption\":\"Equipo Fabricio\"},\"url\":\"https:\\\/\\\/fabriciob.ar\\\/web\\\/author\\\/admin\\\/\"}]}<\/script>\n<!-- \/ Yoast SEO plugin. -->","yoast_head_json":{"title":"A la mentira se le suma la extorsi\u00f3n al pueblo del Chaco - Fabricio Bolatti","robots":{"index":"index","follow":"follow","max-snippet":"max-snippet:-1","max-image-preview":"max-image-preview:large","max-video-preview":"max-video-preview:-1"},"canonical":"https:\/\/fabriciob.ar\/web\/a-la-mentira-se-le-suma-la-extorsion-al-pueblo-del-chaco-2\/","og_locale":"es_ES","og_type":"article","og_title":"A la mentira se le suma la extorsi\u00f3n al pueblo del Chaco - Fabricio Bolatti","og_url":"https:\/\/fabriciob.ar\/web\/a-la-mentira-se-le-suma-la-extorsion-al-pueblo-del-chaco-2\/","og_site_name":"Fabricio Bolatti","article_publisher":"https:\/\/www.facebook.com\/fabriciobolattiK\/","article_published_time":"2024-09-25T03:19:10+00:00","og_image":[{"width":940,"height":788,"url":"https:\/\/fabriciob.ar\/web\/wp-content\/uploads\/2024\/09\/Fabricio-Bolatti-1.png","type":"image\/png"}],"author":"Equipo Fabricio","twitter_card":"summary_large_image","twitter_creator":"@fabriciobolatti","twitter_site":"@fabriciobolatti","twitter_misc":{"Escrito por":"Equipo Fabricio","Tiempo de lectura":"10 minutos"},"schema":{"@context":"https:\/\/schema.org","@graph":[{"@type":"Article","@id":"https:\/\/fabriciob.ar\/web\/a-la-mentira-se-le-suma-la-extorsion-al-pueblo-del-chaco-2\/#article","isPartOf":{"@id":"https:\/\/fabriciob.ar\/web\/a-la-mentira-se-le-suma-la-extorsion-al-pueblo-del-chaco-2\/"},"author":{"name":"Equipo Fabricio","@id":"https:\/\/fabriciob.ar\/web\/#\/schema\/person\/d56dbc2f2489983c5270184312aab61b"},"headline":"A la mentira se le suma la extorsi\u00f3n al pueblo del Chaco","datePublished":"2024-09-25T03:19:10+00:00","mainEntityOfPage":{"@id":"https:\/\/fabriciob.ar\/web\/a-la-mentira-se-le-suma-la-extorsion-al-pueblo-del-chaco-2\/"},"wordCount":2049,"commentCount":0,"publisher":{"@id":"https:\/\/fabriciob.ar\/web\/#organization"},"image":{"@id":"https:\/\/fabriciob.ar\/web\/a-la-mentira-se-le-suma-la-extorsion-al-pueblo-del-chaco-2\/#primaryimage"},"thumbnailUrl":"https:\/\/fabriciob.ar\/web\/wp-content\/uploads\/2024\/09\/Fabricio-Bolatti-1.png","articleSection":["COMUNICADOS DE PRENSA"],"inLanguage":"es","potentialAction":[{"@type":"CommentAction","name":"Comment","target":["https:\/\/fabriciob.ar\/web\/a-la-mentira-se-le-suma-la-extorsion-al-pueblo-del-chaco-2\/#respond"]}]},{"@type":"WebPage","@id":"https:\/\/fabriciob.ar\/web\/a-la-mentira-se-le-suma-la-extorsion-al-pueblo-del-chaco-2\/","url":"https:\/\/fabriciob.ar\/web\/a-la-mentira-se-le-suma-la-extorsion-al-pueblo-del-chaco-2\/","name":"A la mentira se le suma la extorsi\u00f3n al pueblo del Chaco - Fabricio Bolatti","isPartOf":{"@id":"https:\/\/fabriciob.ar\/web\/#website"},"primaryImageOfPage":{"@id":"https:\/\/fabriciob.ar\/web\/a-la-mentira-se-le-suma-la-extorsion-al-pueblo-del-chaco-2\/#primaryimage"},"image":{"@id":"https:\/\/fabriciob.ar\/web\/a-la-mentira-se-le-suma-la-extorsion-al-pueblo-del-chaco-2\/#primaryimage"},"thumbnailUrl":"https:\/\/fabriciob.ar\/web\/wp-content\/uploads\/2024\/09\/Fabricio-Bolatti-1.png","datePublished":"2024-09-25T03:19:10+00:00","breadcrumb":{"@id":"https:\/\/fabriciob.ar\/web\/a-la-mentira-se-le-suma-la-extorsion-al-pueblo-del-chaco-2\/#breadcrumb"},"inLanguage":"es","potentialAction":[{"@type":"ReadAction","target":["https:\/\/fabriciob.ar\/web\/a-la-mentira-se-le-suma-la-extorsion-al-pueblo-del-chaco-2\/"]}]},{"@type":"ImageObject","inLanguage":"es","@id":"https:\/\/fabriciob.ar\/web\/a-la-mentira-se-le-suma-la-extorsion-al-pueblo-del-chaco-2\/#primaryimage","url":"https:\/\/fabriciob.ar\/web\/wp-content\/uploads\/2024\/09\/Fabricio-Bolatti-1.png","contentUrl":"https:\/\/fabriciob.ar\/web\/wp-content\/uploads\/2024\/09\/Fabricio-Bolatti-1.png","width":940,"height":788},{"@type":"BreadcrumbList","@id":"https:\/\/fabriciob.ar\/web\/a-la-mentira-se-le-suma-la-extorsion-al-pueblo-del-chaco-2\/#breadcrumb","itemListElement":[{"@type":"ListItem","position":1,"name":"Portada","item":"https:\/\/fabriciob.ar\/web\/"},{"@type":"ListItem","position":2,"name":"A la mentira se le suma la extorsi\u00f3n al pueblo del Chaco"}]},{"@type":"WebSite","@id":"https:\/\/fabriciob.ar\/web\/#website","url":"https:\/\/fabriciob.ar\/web\/","name":"Fabricio Bolatti","description":"Sitio Oficial-Comunicaci\u00f3n institucional de la gesti\u00f3n legislativa del concejal Fabricio Bolatti con los vecinos y vecinas de la ciudad de Resistencia","publisher":{"@id":"https:\/\/fabriciob.ar\/web\/#organization"},"potentialAction":[{"@type":"SearchAction","target":{"@type":"EntryPoint","urlTemplate":"https:\/\/fabriciob.ar\/web\/?s={search_term_string}"},"query-input":{"@type":"PropertyValueSpecification","valueRequired":true,"valueName":"search_term_string"}}],"inLanguage":"es"},{"@type":"Organization","@id":"https:\/\/fabriciob.ar\/web\/#organization","name":"Fabricio Bolatti-Sitio Oficial","url":"https:\/\/fabriciob.ar\/web\/","logo":{"@type":"ImageObject","inLanguage":"es","@id":"https:\/\/fabriciob.ar\/web\/#\/schema\/logo\/image\/","url":"https:\/\/fabriciob.ar\/web\/wp-content\/uploads\/2020\/12\/cropped-fb-en-el-concejo-a-red-2-1.png","contentUrl":"https:\/\/fabriciob.ar\/web\/wp-content\/uploads\/2020\/12\/cropped-fb-en-el-concejo-a-red-2-1.png","width":512,"height":512,"caption":"Fabricio Bolatti-Sitio Oficial"},"image":{"@id":"https:\/\/fabriciob.ar\/web\/#\/schema\/logo\/image\/"},"sameAs":["https:\/\/www.facebook.com\/fabriciobolattiK\/","https:\/\/x.com\/fabriciobolatti","https:\/\/www.instagram.com\/fabriciobolatti\/?igshid=7ztsgzj0mwql","https:\/\/www.youtube.com\/channel\/UCWLMPKJZG1JgX9U29Pra3ng"]},{"@type":"Person","@id":"https:\/\/fabriciob.ar\/web\/#\/schema\/person\/d56dbc2f2489983c5270184312aab61b","name":"Equipo Fabricio","image":{"@type":"ImageObject","inLanguage":"es","@id":"https:\/\/secure.gravatar.com\/avatar\/9d8e99352a71f2ac7e650885bc7721fe9d667070a36c2a5bb86aab909b8cf626?s=96&d=mm&r=g","url":"https:\/\/secure.gravatar.com\/avatar\/9d8e99352a71f2ac7e650885bc7721fe9d667070a36c2a5bb86aab909b8cf626?s=96&d=mm&r=g","contentUrl":"https:\/\/secure.gravatar.com\/avatar\/9d8e99352a71f2ac7e650885bc7721fe9d667070a36c2a5bb86aab909b8cf626?s=96&d=mm&r=g","caption":"Equipo Fabricio"},"url":"https:\/\/fabriciob.ar\/web\/author\/admin\/"}]}},"_links":{"self":[{"href":"https:\/\/fabriciob.ar\/web\/wp-json\/wp\/v2\/posts\/9248","targetHints":{"allow":["GET"]}}],"collection":[{"href":"https:\/\/fabriciob.ar\/web\/wp-json\/wp\/v2\/posts"}],"about":[{"href":"https:\/\/fabriciob.ar\/web\/wp-json\/wp\/v2\/types\/post"}],"author":[{"embeddable":true,"href":"https:\/\/fabriciob.ar\/web\/wp-json\/wp\/v2\/users\/3"}],"replies":[{"embeddable":true,"href":"https:\/\/fabriciob.ar\/web\/wp-json\/wp\/v2\/comments?post=9248"}],"version-history":[{"count":1,"href":"https:\/\/fabriciob.ar\/web\/wp-json\/wp\/v2\/posts\/9248\/revisions"}],"predecessor-version":[{"id":9250,"href":"https:\/\/fabriciob.ar\/web\/wp-json\/wp\/v2\/posts\/9248\/revisions\/9250"}],"wp:featuredmedia":[{"embeddable":true,"href":"https:\/\/fabriciob.ar\/web\/wp-json\/wp\/v2\/media\/9249"}],"wp:attachment":[{"href":"https:\/\/fabriciob.ar\/web\/wp-json\/wp\/v2\/media?parent=9248"}],"wp:term":[{"taxonomy":"category","embeddable":true,"href":"https:\/\/fabriciob.ar\/web\/wp-json\/wp\/v2\/categories?post=9248"},{"taxonomy":"post_tag","embeddable":true,"href":"https:\/\/fabriciob.ar\/web\/wp-json\/wp\/v2\/tags?post=9248"}],"curies":[{"name":"wp","href":"https:\/\/api.w.org\/{rel}","templated":true}]}}