{"id":9252,"date":"2024-09-30T19:53:02","date_gmt":"2024-09-30T19:53:02","guid":{"rendered":"https:\/\/fabriciob.ar\/web\/?p=9252"},"modified":"2024-09-30T19:53:02","modified_gmt":"2024-09-30T19:53:02","slug":"la-toma-de-deuda-en-dolares-de-zdero-no-cierra-por-ningun-lado","status":"publish","type":"post","link":"https:\/\/fabriciob.ar\/web\/la-toma-de-deuda-en-dolares-de-zdero-no-cierra-por-ningun-lado\/","title":{"rendered":"La toma de deuda en d\u00f3lares de Zdero no cierra por ning\u00fan lado"},"content":{"rendered":"<p><!--more--><\/p>\n<p><em><strong>Otros aspectos sobre aumentos confiscatorios de luz y endeudamiento en d\u00f3lares de Zdero \/ Milei<\/strong><\/em><\/p>\n<p>&nbsp;<\/p>\n<p>*Por Fabricio Bolatti<\/p>\n<p><strong>En esta segunda publicaci\u00f3n respondemos:<\/strong><\/p>\n<ol>\n<li>\u00bfQu\u00e9 porcentajes de aumento se dieron en cada una de las \u00faltimas gestiones en la provincia\/naci\u00f3n y en cu\u00e1les se concretaron inversiones?. \u00bfLos aumentos los genera solo Milei o Zdero tambi\u00e9n aument\u00f3 el 700% la energ\u00eda a los y las chaque\u00f1as?.<\/li>\n<li>\u201cNos traen la cuenta\u201d de Cammesa, pero queremos saber qu\u00e9 debemos y c\u00f3mo lo calcularon.<\/li>\n<li>Debe el Gobierno Provincial aportar mensualmente recursos a Secheep o solo para cubrir d\u00e9ficit. Situaci\u00f3n econ\u00f3mica de la Provincia e incidencia del tema Secheep.<\/li>\n<li>\u00bfCu\u00e1l es el estado del sistema el\u00e9ctrico?. \u00bfC\u00f3mo se comport\u00f3 los d\u00edas 22 y 23 de septiembre, con 40\u00b0 de calor en la provincia (alerta amarilla)?.<\/li>\n<li>Los generadores m\u00f3viles que se retiraron durante el gobierno de Zdero \/ Milei, son necesarios, todos o algunos, es la inversi\u00f3n prioritaria que hay que hacer para el sistema el\u00e9ctrico, Zdero licit\u00f3 su alquiler ya?<\/li>\n<\/ol>\n<h5>\n**AUMENTOS EN CADA UNA DE LAS \u00daLTIMAS GESTIONES EN PROVINCIA\/NACI\u00d3N. OBRAS E INVERSIONES CONCRETADAS EN CADA UNA<\/h5>\n<p>El siguiente cuadro muestra el porcentaje de aumento que hubo en cada per\u00edodo de gobierno y qui\u00e9nes estaban al frente de los mismos a nivel provincial y nacional.<\/p>\n<p><img fetchpriority=\"high\" decoding=\"async\" class=\"aligncenter wp-image-9255 \" src=\"https:\/\/fabriciob.ar\/web\/wp-content\/uploads\/2024\/09\/x3.jpg\" alt=\"\" width=\"613\" height=\"176\" srcset=\"https:\/\/fabriciob.ar\/web\/wp-content\/uploads\/2024\/09\/x3.jpg 554w, https:\/\/fabriciob.ar\/web\/wp-content\/uploads\/2024\/09\/x3-300x86.jpg 300w\" sizes=\"(max-width: 613px) 100vw, 613px\" \/><br \/>\nLas mayores inversiones en el sistema energ\u00e9tico se dan durante los 8 primeros a\u00f1os, en las gestiones de Cristina Fern\u00e1ndez de Kirchner y Jorge Capitanich. Durante el gobierno de Peppo \/ Macri, hubo un per\u00edodo de poco avance y desfinanciamiento, que se reanud\u00f3 y en su mayor\u00eda se concret\u00f3, en los cuatro a\u00f1os del tercer mandato como gobernador de Capitanich, con Fern\u00e1ndez en la presidencia, coincidiendo tambi\u00e9n con los per\u00edodos donde hubo menos aumento tarifario.<\/p>\n<h5>\n**NO SOLO MILEI DECIDI\u00d3 ESTOS EXAGERADOS AUMENTOS, TAMBI\u00c9N ES DECISI\u00d3N POL\u00cdTICA DE ZDERO REPLICARLOS EN LA PROVINCIA<\/h5>\n<p>En la boleta actual se pueden diferenciar dos conceptos tras determinar el consumo: \u201cAlumbrado P\u00fablico\u201d y \u201cCargo Espec\u00edfico Tarifario\u201d, que aplican un 10,74% sobre el consumo de energ\u00eda y alrededor del 3% respectivamente. Estos conceptos son leyes provinciales y tienen como finalidad financiar las redes y consumo del alumbrado p\u00fablico, y la construcci\u00f3n de obras y equipamiento de redes el\u00e9ctricas. Ambos conceptos toman como base el valor de la energ\u00eda consumida, que es la que recibe los aumentos que expresa el cuadro anterior.<\/p>\n<p>Los exagerados aumentos no son solo decisi\u00f3n de Milei, su r\u00e9plica en la provincia es tambi\u00e9n decisi\u00f3n de Zdero. El esfuerzo de los chaque\u00f1os y las chaque\u00f1as, le redit\u00faa m\u00e1s del 500% en estos conceptos en menos de un a\u00f1o, pasando a incrementar los ingresos en estos conceptos de 224 millones de pesos a 1.570 millones, sumando alrededor de 16.000 millones de pesos anuales extras o no previstos, que permitir\u00edan -a valores de hoy- acumular en 8 a\u00f1os $128.000 millones; que para la hip\u00f3tesis de que no se aplique el 700% de aumento de Zdero sobre estos conceptos, podr\u00eda significar una rebaja de alrededor del 10% sobre el valor de la factura.<\/p>\n<p>Este extra equivale pr\u00e1cticamente a los UD$ 150 millones de d\u00f3lares con los que hoy nos quieren endeudar y no sabemos para qu\u00e9, ya que solo dan un t\u00edtulo de lo que hay que hacer, lo que indica que, o no lo saben hacer o han mentido fuertemente y no piensan hacer nada. Est\u00e1 claro que, adem\u00e1s de sacarles a los usuarios la plata del bolsillo, tambi\u00e9n vuelven a cobrarles v\u00eda la mayor Deuda P\u00fablica que deberemos afrontar como Provincia.<\/p>\n<h5>**ZDERO QUIERE UN SECHEEP QUE SE AUTOFINANCIE, NO QUIERE VOLVER A QUE EL GOBIERNO DEBA DARLE RECURSOS PARA CUBRIR EL D\u00c9FICIT. \u00bfEL GOBIERNO DEBE DARLE O NO EST\u00c1 OBLIGADO?<\/h5>\n<p>El actual gobernador viene cuestionando los aportes que en su momento el Ejecutivo Provincial a cargo de Capitanich transfer\u00eda a Secheep, y hasta lo mostr\u00f3 como algo ilegal, que afectaba a la empresa y que era objeto de corrupci\u00f3n. Sin embargo, vemos como principal caracter\u00edstica de estos nuevos gobiernos (tanto provincial, municipal como nacional), que han consolidado una pr\u00e1ctica que ven\u00eda desarroll\u00e1ndose, como ser la de el dif\u00edcil el acceso a la informaci\u00f3n de las gestiones p\u00fablicas y conocer las decisiones tomadas, por lo que debemos ocupar todos los recursos e informaci\u00f3n disponible para realizar los controles o seguimientos (que deber\u00edan ser habituales).<\/p>\n<p>Por eso en este caso debemos estimar que la composici\u00f3n de las y los usuarios de la empresa lleg\u00f3 a ser la siguiente hace unos a\u00f1os:<\/p>\n<p><img decoding=\"async\" class=\"aligncenter wp-image-9254 size-full\" src=\"https:\/\/fabriciob.ar\/web\/wp-content\/uploads\/2024\/09\/x2.jpg\" alt=\"\" width=\"473\" height=\"312\" srcset=\"https:\/\/fabriciob.ar\/web\/wp-content\/uploads\/2024\/09\/x2.jpg 473w, https:\/\/fabriciob.ar\/web\/wp-content\/uploads\/2024\/09\/x2-300x198.jpg 300w\" sizes=\"(max-width: 473px) 100vw, 473px\" \/><\/p>\n<p>Surge del cuadro que el 25%, o uno de cada cuatro usuarios se encuentra en una situaci\u00f3n especial, no paga el suministro o tiene beneficios legales sobre el mismo, pero que en ambos casos constituyen un costo extra a la empresa Secheep, que presta el servicio y no tiene el correspondiente ingreso o el mismo es reducido.<\/p>\n<p>Dejando de lado las conexiones irregulares, vemos que m\u00e1s de 50.000 usuarios pagan menos o no pagan la energ\u00eda (establecimientos p\u00fablicos provinciales sobre todo, las industrias incluidas dentro del r\u00e9gimen de promoci\u00f3n industrial), para finalmente incluir a la tarifa social que consta con una fuerte reducci\u00f3n sobre el mismo. En todos estos casos, o porque lo dice la normativa correspondiente, o porque a la vista corresponde, son o deber\u00edan ser financiados por programas especiales, pero a cargo del Poder Ejecutivo Provincial y no de la empresa Secheep, por lo que se deber\u00eda prever pagos o transferencias peri\u00f3dicas, ya que cuenta con recursos de tipo tributarios, que de cargarlos a la empresa lo estar\u00edamos cargando a los restantes 300.000 usuarios regulares que pagan el servicio entero.<\/p>\n<h5>**NOS TRAEN LA CUENTA, PERO QUEREMOS SABER QU\u00c9 DEBEMOS Y C\u00d3MO LO CALCULARON<\/h5>\n<p>En estos tiempos de Democracia, quienes gobiernan est\u00e1n obligados a brindar informaci\u00f3n y que sea p\u00fablica, m\u00e1s cuando pretenden endeudar en d\u00f3lares al Estado (condicionando el futuro del pueblo). Pero como dije anteriormente, no contamos con la informaci\u00f3n correspondiente, por lo que hay muchas dudas sobre la deuda real con Cammesa; resulta m\u00e1s que necesario realizar las aclaraciones correspondientes sobre la composici\u00f3n de la deuda, si hay o no plan de financiaci\u00f3n vigente, su situaci\u00f3n, particularidades de la misma, y cu\u00e1l ser\u00e1 su destino (en detalle). La informaci\u00f3n que se conoce sobre el endeudamiento solicitado es poco seria e insuficiente para justificar tama\u00f1a decisi\u00f3n.<\/p>\n<h6>Algunos datos sobre la deuda de Cammesa<\/h6>\n<p>Pudimos conocer sobre la Deuda de Cammesa que seg\u00fan Resoluci\u00f3n 2814\/24 de la FIA, el proceso de verificaci\u00f3n de deuda, convenio de pago y ley de endeudamiento ejecutada, determin\u00f3 que en diciembre de 2018 la provincia no registraba deuda con Cammesa, por lo que deber\u00eda ser posterior la deuda a la que hace referencia Zdero, per\u00edodos en los que se comienzan a dar los grandes incrementos, como el 1.000% que se da luego de haber cancelado la deuda en el gobierno de Macri y que impacta en el tama\u00f1o de la factura de consumo mensual que se debi\u00f3 pagar, proceso que sigui\u00f3 y se profundiz\u00f3 hoy con el 700% de aumento de Zdero.<\/p>\n<p>Por tanto, en los cinco a\u00f1os siguientes se debieron generar los m\u00e1s de $300.000 millones de deuda con Cammesa que dice haber heredado Zdero y con el cual fundamenta el endeudamiento en d\u00f3lares.<\/p>\n<p>Partiendo de un dato oficial de promedio de facturaci\u00f3n en el a\u00f1o 2021, aplicando los incrementos que tuvo la boleta y suponiendo que desde el 1 de enero de 2019 hasta hoy no se pag\u00f3 ninguna factura mensual a Cammesa, solo a valor hist\u00f3rico no actualizado, una posible Deuda se ubica apenas por encima de los $200.000 millones; tomando para el per\u00edodo Zdero el valor mensual que expres\u00f3 el presidente de la empresa, de 14.000 millones de pesos por mes. Sino ya tendr\u00edamos que estar hablando de una deuda anterior (de la d\u00e9cada de los \u201890) y que incluir\u00eda las gestiones radicales, pero no surge de las auditor\u00edas del Tribunal de Cuenta ni de la FIA, o es que la exageraci\u00f3n podr\u00eda estar en la forma de actualizaci\u00f3n, calculado a valores de la energ\u00eda de hoy el total de kwh adeudados, lo que ser\u00eda hasta ilegal. Ver Cuadro<\/p>\n<p><img decoding=\"async\" class=\"aligncenter wp-image-9253 \" src=\"https:\/\/fabriciob.ar\/web\/wp-content\/uploads\/2024\/09\/x1.jpg\" alt=\"\" width=\"660\" height=\"146\" srcset=\"https:\/\/fabriciob.ar\/web\/wp-content\/uploads\/2024\/09\/x1.jpg 565w, https:\/\/fabriciob.ar\/web\/wp-content\/uploads\/2024\/09\/x1-300x66.jpg 300w\" sizes=\"(max-width: 660px) 100vw, 660px\" \/><\/p>\n<p>Es por esto que entendemos que el gobierno deber\u00eda hasta realizar una audiencia p\u00fablica explicativa previa a la toma de deuda.<br \/>\nAl finalizar la gesti\u00f3n de Capitanich, se present\u00f3 p\u00fablicamente un Libre de Deuda emitido por Cammesa a diciembre de 2023, lo que puede interpretarse de dos maneras: que no hay deuda o que la deuda estaba regularizada en un plan de pago con cuotas al d\u00eda (lo que no es poco tras dos a\u00f1os de Pandemia y crisis econ\u00f3mica generada por el gobierno de Macri).<\/p>\n<p>El presidente de Secheep, habl\u00f3 tambi\u00e9n de una cuota -a la que defini\u00f3 como impagable- de $3.000 millones mensuales, lo que podr\u00eda corresponder a una cuota de un plan de pago, y que de ser as\u00ed, con los n\u00fameros (recursos) que hoy administra Zdero, no significa un monto alto para el gobierno provincial, por lo que resulta necesario (repito) resolver esta falta de informaci\u00f3n que deber\u00eda ser p\u00fablica.<\/p>\n<h6>**SITUACI\u00d3N ECON\u00d3MICA DE LA PROVINCIA E IMPACTO DEL VENCIMIENTO DE UNA CUOTA MENSUAL. Zdero un tr\u00e1gico-pol\u00edtico.<\/h6>\n<p>Si se me permite, caracterizar\u00e9 al Sr. Gobernador como un \u201ctr\u00e1gico-pol\u00edtico\u201d, porque solo sabe expresarse y mostrar la realidad desde una tragedia anterior y actual, donde pareciera que \u00e9l no tuvo nada que ver, pero se olvida que fue \u00e9l quien respondi\u00f3 a las pol\u00edticas del gobierno de Macri, y es \u00e9l quien gobierna hace 9 meses.<\/p>\n<p>La herencia recibida y los 9 meses de gesti\u00f3n que lleva Zdero, no indican un escenario complicado en el que se ve obligado a permitir incrementos del 700% en las boletas de luz de todos los y las chaque\u00f1as que lo votaron. Lo que s\u00ed observamos, es que durante los primeros 8 meses del 2023, Capitanich tuvo ingresos provenientes del R\u00e9gimen de Coparticipaci\u00f3n por 372.000 mill de pesos, y para el mismo per\u00edodo el actual tr\u00e1gico-gobernador recibi\u00f3 1.182.680 mill de pesos, o sea un 217% m\u00e1s de ingresos, lo que totaliza para solo 8 meses, un monto superior a los 800.000 millones, equivalente a 6 veces lo que supuestamente se le debe a Cammesa, o casi 60 meses de consumo de energ\u00eda de todas y todos los chaque\u00f1os (al valor de hoy, que es el m\u00e1s caro de la historia de la energ\u00eda, otro r\u00e9cord de autor\u00eda Milei y Zdero).<\/p>\n<p>Si la cuota que habr\u00eda que pagar por mes y por la Deuda oscila los $3.000 millones, y teniendo en cuenta que por el aumento ya aplicado, la Provincia ver\u00eda incrementada su recaudaci\u00f3n a diciembre 23, por alumbrado y para infraestructura, por casi $20.000 millones al a\u00f1o (lo desarrollamos en t\u00edtulos anteriores), podr\u00eda la Legislatura afectar parte de estos nuevos ingresos al pago de la Deuda, y lo que falta que se haga cargo el Presupuesto del Gobierno (lo que podr\u00eda rondar los $1.300 millones mensuales).<\/p>\n<p>De esta forma, la austeridad expresada en discursos por el actual gobierno provincial, podr\u00eda expresarse en la pr\u00e1ctica y afectar este monto de m\u00e1s de $200.000 millones de ingresos corrientes, de los cuales $120.000 afecta a salarios, a resolver este tema y no tener que hipotecar el futuro de las y los chaque\u00f1os.<\/p>\n<h5>**ESTADO DEL SISTEMA EL\u00c9CTRICO<\/h5>\n<p>El estado del Sistema El\u00e9ctrico es muy bueno, y con seguridad es el mejor de la historia de la Provincia, especialmente porque se concretaron programas estructurales de inversi\u00f3n en la producci\u00f3n y traslado de energ\u00eda el\u00e9ctrica, en los que la gesti\u00f3n chaque\u00f1a fue promotora y acompa\u00f1\u00f3 las inversiones que requer\u00edan hacerse para el funcionamiento dentro del territorio provincial.<br \/>\nLa principal obra que marca un antes y un despu\u00e9s en el acceso a este servicio p\u00fablico para el norte argentino, es la L\u00ednea de alta tensi\u00f3n NOA-NEA que transporta 500kV a trav\u00e9s de 1.208 kil\u00f3metros y posibilita la integraci\u00f3n el\u00e9ctrica del norte del pa\u00eds, y la vinculaci\u00f3n f\u00edsica con el sistema argentino de interconexi\u00f3n (SADI).<\/p>\n<p>Los \u00faltimos 500 kil\u00f3metros de la l\u00ednea NOA NEA fueron inaugurados por Cristina Fern\u00e1ndez y el gobernador Capitanich, el 17 de agosto del 2011, y se la reconoce como la \u201cmayor obra de interconexi\u00f3n el\u00e9ctrica\u201d de la historia de la Argentina, que con un tendido de 1.208 Km. de longitud vincula a las regiones del Noreste y Noroeste. El sistema energ\u00e9tico argentino se constituye a trav\u00e9s de 5.500 kil\u00f3metros y desde el 2003 que asume Nestor Kirchner, a agosto de 2011, se inauguraron 3.600 kil\u00f3metros, de este total 1.200 kil\u00f3metros corresponden a la l\u00ednea NOA-NEA, que demand\u00f3 una inversi\u00f3n de 1.000 millones de d\u00f3lares.<\/p>\n<p>Con las posteriores obras de alta y media tensi\u00f3n, m\u00e1s la ampliaci\u00f3n de la Estaci\u00f3n Bastiani, la Estaci\u00f3n Transformadora Chaco, en S\u00e1enz Pe\u00f1a, se desarrolla el sistema actual y vigente, que permiti\u00f3 la radicaci\u00f3n de industrias de envergadura, la incorporaci\u00f3n de 100.000 usuarios m\u00e1s y la provisi\u00f3n cada vez m\u00e1s estable del servicio. Todo esto se realiz\u00f3 manteniendo una tarifa barata, accesible y servicio de mayor calidad, hasta el 10 de diciembre que asumen Zdero y Milei.<\/p>\n<h6>\nPico de consumo<\/h6>\n<p>El crecimiento de la oferta de energ\u00eda a precios accesibles fue lo que permiti\u00f3 un incremento del consumo del 150%, lo que refleja una mejora en la calidad de vida y mayor producci\u00f3n en la provincia, situaci\u00f3n que antes se festejaba y constitu\u00eda metas de gobierno.<br \/>\nLos picos de este mayor consumo se dan en jornadas de altas temperaturas, donde se requiere mayor refrigeraci\u00f3n para poder superarlas en condiciones dignas, por la poblaci\u00f3n. Gran parte de los picos de consumo que se dieron en los \u00faltimos a\u00f1os, fueron superados por el nuevo sistema, sin negar los cortes sectoriales y de tiempos relativamente cortos, relacionados con las fallas de las l\u00edneas de baja tensi\u00f3n que se registran habitualmente y se solucionan con mejorar tendidos y trasformadores para que la energ\u00eda llegue, pero energ\u00eda disponible hubo y hay.<\/p>\n<p>El \u00faltimo pico se dio el pasado lunes 23 de septiembre, donde despu\u00e9s de una jornada de 48 horas de altas temperaturas que alcanzaron los 40\u00b0, el sistema energ\u00e9tico interconectado que se desarroll\u00f3 en \u00e9pocas de tarifas baja; y la provincia pudo superarlo ampliamente, sin tener que afrontar un corte de 8 horas como vaticina el Sr. Gobernador \u201cZ\u201d, si no le autorizan endeudar a la provincia en d\u00f3lares. Seguramente no fue buena jornada para las casi 5.000 conexiones de las localidades de Fuerte Esperanza, Sauzal, Sauzalito y Wichi, que no tuvieron disponibles los generadores que retiraron las gestiones de Milei y Zdero en el marco del ajuste que nos aplicaron y siguen aplicando. Parece que no pudieron pagarlos con el mega aumento del 700% que en 9 meses concretaron.<\/p>\n<h6>\nLos generadores m\u00f3viles que se llevaron Milei y Zdero<\/h6>\n<p>Los generadores m\u00f3viles, el caballito de batalla de Zdero para generar la crisis, dar fundamentos al cuento, y parecer\u00eda que para generar un gran negocio para la corona y con coparticipaci\u00f3n. Y lo m\u00e1s grave de todo es que esos generadores ya no hacen falta en el 80% de los casos, son obsoletos y podr\u00edan afectar el sistema si se los usa incorrectamente, lo que no se puede hacer sin autorizaci\u00f3n de Cammesa y Transnea, quienes no han permitido su uso en los \u00faltimos a\u00f1os, y solo se usaron en la zona \u201cdesconectada\u201d o que no recibe energ\u00eda del Sistema Nacional, por lo que su funcionamiento es aut\u00f3nomo del sistema interconectado nacional.<\/p>\n<p>Por lo que ya merece unas disculpas del Gobernador \u201cZ\u201d a las y los 5.000 usuarios que abandon\u00f3, unas disculpas al pueblo del Chaco por mentir que sin estos generadores (tuvieron uso provisorio hasta que se terminaron las obras en las estaciones transformadoras) tendr\u00edamos una crisis y cortes de 8 horas.<\/p>\n<p>Finalmente y adem\u00e1s de las disculpas merecidas, deber\u00eda parar la licitaci\u00f3n para contratar el alquiler de los generadores que se llevaron, para reemplazarlos por otros muchos m\u00e1s caros e igualmente innecesarios. Si realmente quieren invertir en el Sistema El\u00e9ctrico de la Provincia, deben seguir el plan vigente a nivel nacional, que fue el que nos trajo hasta ac\u00e1, el que hacia el a\u00f1o 2035 marca la necesidad de poner a punto el tercer transformador que se instal\u00f3 en Bastiani a fines de la gesti\u00f3n pasada, con lo que ser\u00eda suficiente para atender la demanda pico y sin inconvenientes, quedando solo la necesidad de reforzar con un segundo transformador la Estaci\u00f3n ubicada en S\u00e1enz Pe\u00f1a. Esto junto a lograr la conexi\u00f3n desde Pompeya a las cuatro localidades que hoy est\u00e1n desconectadas, consolidan el sistema de alta y media tensi\u00f3n provincial, poniendo a disposici\u00f3n de los y las chaque\u00f1as, la cantidad de energ\u00eda que consumimos, teniendo un aceptable nivel de vida y siempre que podr\u00edamos acceder a su precio finalmente, lo que se complica con el deseo de Zdero y Milei.<\/p>\n<p>No se conform\u00f3 con incrementar cinco veces y en 8 meses, la boleta de energ\u00eda a las familias chaque\u00f1as, tampoco lo conform\u00f3 ese 500% de incremento en los conceptos \u201calumbrado p\u00fablico\u201d y \u201cfondo de infraestructura el\u00e9ctrica\u201d, porque ambos son porcentajes aplicados a la facturaci\u00f3n de Secheep.<\/p>\n<p>En tan solo 8 meses increment\u00f3 sus ingresos en m\u00e1s de 8.000 mill de pesos mensuales (antes $2.000 millones) para comprar energ\u00eda, m\u00e1s de $1.000 millones mensuales para mantener y ampliar alumbrado p\u00fablico (antes $250 mill) y otros $400 millones por mes m\u00e1s de los $80 mill que ten\u00eda antes de asumir.<\/p>\n<p>Hasta ac\u00e1 la pol\u00edtica de Zdero para \u201csanear una empresa quebrada\u201d supuestamente, fue sacarle a las y los chaque\u00f1os de sus bolsillos cinco veces m\u00e1s recursos de lo que ven\u00edan aportando, o sea pagar la boleta con un 500% de aumento, para tener, en principio el mismo servicio.<\/p>\n<p style=\"text-align: right;\">*Concejal de la Ciudad de Resistencia<br \/>\nPresidente del Bloque Frente Chaque\u00f1o del Concejo.-<\/p>\n","protected":false},"excerpt":{"rendered":"","protected":false},"author":3,"featured_media":9256,"comment_status":"open","ping_status":"open","sticky":false,"template":"","format":"standard","meta":{"_joinchat":[],"footnotes":""},"categories":[27],"tags":[],"class_list":["post-9252","post","type-post","status-publish","format-standard","has-post-thumbnail","hentry","category-comunicados-de-prensa"],"yoast_head":"<!-- This site is optimized with the Yoast SEO plugin v27.5 - https:\/\/yoast.com\/product\/yoast-seo-wordpress\/ -->\n<title>La toma de deuda en d\u00f3lares de Zdero no cierra por ning\u00fan lado - Fabricio Bolatti<\/title>\n<meta name=\"robots\" content=\"index, follow, max-snippet:-1, max-image-preview:large, max-video-preview:-1\" \/>\n<link rel=\"canonical\" href=\"https:\/\/fabriciob.ar\/web\/la-toma-de-deuda-en-dolares-de-zdero-no-cierra-por-ningun-lado\/\" \/>\n<meta property=\"og:locale\" content=\"es_ES\" \/>\n<meta property=\"og:type\" content=\"article\" \/>\n<meta property=\"og:title\" content=\"La toma de deuda en d\u00f3lares de Zdero no cierra por ning\u00fan lado - Fabricio Bolatti\" \/>\n<meta property=\"og:url\" content=\"https:\/\/fabriciob.ar\/web\/la-toma-de-deuda-en-dolares-de-zdero-no-cierra-por-ningun-lado\/\" \/>\n<meta property=\"og:site_name\" content=\"Fabricio Bolatti\" \/>\n<meta property=\"article:publisher\" content=\"https:\/\/www.facebook.com\/fabriciobolattiK\/\" \/>\n<meta property=\"article:published_time\" content=\"2024-09-30T19:53:02+00:00\" \/>\n<meta property=\"og:image\" content=\"https:\/\/fabriciob.ar\/web\/wp-content\/uploads\/2024\/09\/xs.png\" \/>\n\t<meta property=\"og:image:width\" content=\"940\" \/>\n\t<meta property=\"og:image:height\" content=\"788\" \/>\n\t<meta property=\"og:image:type\" content=\"image\/png\" \/>\n<meta name=\"author\" content=\"Equipo Fabricio\" \/>\n<meta name=\"twitter:card\" content=\"summary_large_image\" \/>\n<meta name=\"twitter:creator\" content=\"@fabriciobolatti\" \/>\n<meta name=\"twitter:site\" content=\"@fabriciobolatti\" \/>\n<meta name=\"twitter:label1\" content=\"Escrito por\" \/>\n\t<meta name=\"twitter:data1\" content=\"Equipo Fabricio\" \/>\n\t<meta name=\"twitter:label2\" content=\"Tiempo de lectura\" \/>\n\t<meta name=\"twitter:data2\" content=\"16 minutos\" \/>\n<script type=\"application\/ld+json\" class=\"yoast-schema-graph\">{\"@context\":\"https:\\\/\\\/schema.org\",\"@graph\":[{\"@type\":\"Article\",\"@id\":\"https:\\\/\\\/fabriciob.ar\\\/web\\\/la-toma-de-deuda-en-dolares-de-zdero-no-cierra-por-ningun-lado\\\/#article\",\"isPartOf\":{\"@id\":\"https:\\\/\\\/fabriciob.ar\\\/web\\\/la-toma-de-deuda-en-dolares-de-zdero-no-cierra-por-ningun-lado\\\/\"},\"author\":{\"name\":\"Equipo Fabricio\",\"@id\":\"https:\\\/\\\/fabriciob.ar\\\/web\\\/#\\\/schema\\\/person\\\/d56dbc2f2489983c5270184312aab61b\"},\"headline\":\"La toma de deuda en d\u00f3lares de Zdero no cierra por ning\u00fan lado\",\"datePublished\":\"2024-09-30T19:53:02+00:00\",\"mainEntityOfPage\":{\"@id\":\"https:\\\/\\\/fabriciob.ar\\\/web\\\/la-toma-de-deuda-en-dolares-de-zdero-no-cierra-por-ningun-lado\\\/\"},\"wordCount\":3129,\"commentCount\":0,\"publisher\":{\"@id\":\"https:\\\/\\\/fabriciob.ar\\\/web\\\/#organization\"},\"image\":{\"@id\":\"https:\\\/\\\/fabriciob.ar\\\/web\\\/la-toma-de-deuda-en-dolares-de-zdero-no-cierra-por-ningun-lado\\\/#primaryimage\"},\"thumbnailUrl\":\"https:\\\/\\\/fabriciob.ar\\\/web\\\/wp-content\\\/uploads\\\/2024\\\/09\\\/xs.png\",\"articleSection\":[\"COMUNICADOS DE PRENSA\"],\"inLanguage\":\"es\",\"potentialAction\":[{\"@type\":\"CommentAction\",\"name\":\"Comment\",\"target\":[\"https:\\\/\\\/fabriciob.ar\\\/web\\\/la-toma-de-deuda-en-dolares-de-zdero-no-cierra-por-ningun-lado\\\/#respond\"]}]},{\"@type\":\"WebPage\",\"@id\":\"https:\\\/\\\/fabriciob.ar\\\/web\\\/la-toma-de-deuda-en-dolares-de-zdero-no-cierra-por-ningun-lado\\\/\",\"url\":\"https:\\\/\\\/fabriciob.ar\\\/web\\\/la-toma-de-deuda-en-dolares-de-zdero-no-cierra-por-ningun-lado\\\/\",\"name\":\"La toma de deuda en d\u00f3lares de Zdero no cierra por ning\u00fan lado - Fabricio Bolatti\",\"isPartOf\":{\"@id\":\"https:\\\/\\\/fabriciob.ar\\\/web\\\/#website\"},\"primaryImageOfPage\":{\"@id\":\"https:\\\/\\\/fabriciob.ar\\\/web\\\/la-toma-de-deuda-en-dolares-de-zdero-no-cierra-por-ningun-lado\\\/#primaryimage\"},\"image\":{\"@id\":\"https:\\\/\\\/fabriciob.ar\\\/web\\\/la-toma-de-deuda-en-dolares-de-zdero-no-cierra-por-ningun-lado\\\/#primaryimage\"},\"thumbnailUrl\":\"https:\\\/\\\/fabriciob.ar\\\/web\\\/wp-content\\\/uploads\\\/2024\\\/09\\\/xs.png\",\"datePublished\":\"2024-09-30T19:53:02+00:00\",\"breadcrumb\":{\"@id\":\"https:\\\/\\\/fabriciob.ar\\\/web\\\/la-toma-de-deuda-en-dolares-de-zdero-no-cierra-por-ningun-lado\\\/#breadcrumb\"},\"inLanguage\":\"es\",\"potentialAction\":[{\"@type\":\"ReadAction\",\"target\":[\"https:\\\/\\\/fabriciob.ar\\\/web\\\/la-toma-de-deuda-en-dolares-de-zdero-no-cierra-por-ningun-lado\\\/\"]}]},{\"@type\":\"ImageObject\",\"inLanguage\":\"es\",\"@id\":\"https:\\\/\\\/fabriciob.ar\\\/web\\\/la-toma-de-deuda-en-dolares-de-zdero-no-cierra-por-ningun-lado\\\/#primaryimage\",\"url\":\"https:\\\/\\\/fabriciob.ar\\\/web\\\/wp-content\\\/uploads\\\/2024\\\/09\\\/xs.png\",\"contentUrl\":\"https:\\\/\\\/fabriciob.ar\\\/web\\\/wp-content\\\/uploads\\\/2024\\\/09\\\/xs.png\",\"width\":940,\"height\":788},{\"@type\":\"BreadcrumbList\",\"@id\":\"https:\\\/\\\/fabriciob.ar\\\/web\\\/la-toma-de-deuda-en-dolares-de-zdero-no-cierra-por-ningun-lado\\\/#breadcrumb\",\"itemListElement\":[{\"@type\":\"ListItem\",\"position\":1,\"name\":\"Portada\",\"item\":\"https:\\\/\\\/fabriciob.ar\\\/web\\\/\"},{\"@type\":\"ListItem\",\"position\":2,\"name\":\"La toma de deuda en d\u00f3lares de Zdero no cierra por ning\u00fan lado\"}]},{\"@type\":\"WebSite\",\"@id\":\"https:\\\/\\\/fabriciob.ar\\\/web\\\/#website\",\"url\":\"https:\\\/\\\/fabriciob.ar\\\/web\\\/\",\"name\":\"Fabricio Bolatti\",\"description\":\"Sitio Oficial-Comunicaci\u00f3n institucional de la gesti\u00f3n legislativa del concejal Fabricio Bolatti con los vecinos y vecinas de la ciudad de Resistencia\",\"publisher\":{\"@id\":\"https:\\\/\\\/fabriciob.ar\\\/web\\\/#organization\"},\"potentialAction\":[{\"@type\":\"SearchAction\",\"target\":{\"@type\":\"EntryPoint\",\"urlTemplate\":\"https:\\\/\\\/fabriciob.ar\\\/web\\\/?s={search_term_string}\"},\"query-input\":{\"@type\":\"PropertyValueSpecification\",\"valueRequired\":true,\"valueName\":\"search_term_string\"}}],\"inLanguage\":\"es\"},{\"@type\":\"Organization\",\"@id\":\"https:\\\/\\\/fabriciob.ar\\\/web\\\/#organization\",\"name\":\"Fabricio Bolatti-Sitio Oficial\",\"url\":\"https:\\\/\\\/fabriciob.ar\\\/web\\\/\",\"logo\":{\"@type\":\"ImageObject\",\"inLanguage\":\"es\",\"@id\":\"https:\\\/\\\/fabriciob.ar\\\/web\\\/#\\\/schema\\\/logo\\\/image\\\/\",\"url\":\"https:\\\/\\\/fabriciob.ar\\\/web\\\/wp-content\\\/uploads\\\/2020\\\/12\\\/cropped-fb-en-el-concejo-a-red-2-1.png\",\"contentUrl\":\"https:\\\/\\\/fabriciob.ar\\\/web\\\/wp-content\\\/uploads\\\/2020\\\/12\\\/cropped-fb-en-el-concejo-a-red-2-1.png\",\"width\":512,\"height\":512,\"caption\":\"Fabricio Bolatti-Sitio Oficial\"},\"image\":{\"@id\":\"https:\\\/\\\/fabriciob.ar\\\/web\\\/#\\\/schema\\\/logo\\\/image\\\/\"},\"sameAs\":[\"https:\\\/\\\/www.facebook.com\\\/fabriciobolattiK\\\/\",\"https:\\\/\\\/x.com\\\/fabriciobolatti\",\"https:\\\/\\\/www.instagram.com\\\/fabriciobolatti\\\/?igshid=7ztsgzj0mwql\",\"https:\\\/\\\/www.youtube.com\\\/channel\\\/UCWLMPKJZG1JgX9U29Pra3ng\"]},{\"@type\":\"Person\",\"@id\":\"https:\\\/\\\/fabriciob.ar\\\/web\\\/#\\\/schema\\\/person\\\/d56dbc2f2489983c5270184312aab61b\",\"name\":\"Equipo Fabricio\",\"image\":{\"@type\":\"ImageObject\",\"inLanguage\":\"es\",\"@id\":\"https:\\\/\\\/secure.gravatar.com\\\/avatar\\\/9d8e99352a71f2ac7e650885bc7721fe9d667070a36c2a5bb86aab909b8cf626?s=96&d=mm&r=g\",\"url\":\"https:\\\/\\\/secure.gravatar.com\\\/avatar\\\/9d8e99352a71f2ac7e650885bc7721fe9d667070a36c2a5bb86aab909b8cf626?s=96&d=mm&r=g\",\"contentUrl\":\"https:\\\/\\\/secure.gravatar.com\\\/avatar\\\/9d8e99352a71f2ac7e650885bc7721fe9d667070a36c2a5bb86aab909b8cf626?s=96&d=mm&r=g\",\"caption\":\"Equipo Fabricio\"},\"url\":\"https:\\\/\\\/fabriciob.ar\\\/web\\\/author\\\/admin\\\/\"}]}<\/script>\n<!-- \/ Yoast SEO plugin. -->","yoast_head_json":{"title":"La toma de deuda en d\u00f3lares de Zdero no cierra por ning\u00fan lado - Fabricio Bolatti","robots":{"index":"index","follow":"follow","max-snippet":"max-snippet:-1","max-image-preview":"max-image-preview:large","max-video-preview":"max-video-preview:-1"},"canonical":"https:\/\/fabriciob.ar\/web\/la-toma-de-deuda-en-dolares-de-zdero-no-cierra-por-ningun-lado\/","og_locale":"es_ES","og_type":"article","og_title":"La toma de deuda en d\u00f3lares de Zdero no cierra por ning\u00fan lado - Fabricio Bolatti","og_url":"https:\/\/fabriciob.ar\/web\/la-toma-de-deuda-en-dolares-de-zdero-no-cierra-por-ningun-lado\/","og_site_name":"Fabricio Bolatti","article_publisher":"https:\/\/www.facebook.com\/fabriciobolattiK\/","article_published_time":"2024-09-30T19:53:02+00:00","og_image":[{"width":940,"height":788,"url":"https:\/\/fabriciob.ar\/web\/wp-content\/uploads\/2024\/09\/xs.png","type":"image\/png"}],"author":"Equipo Fabricio","twitter_card":"summary_large_image","twitter_creator":"@fabriciobolatti","twitter_site":"@fabriciobolatti","twitter_misc":{"Escrito por":"Equipo Fabricio","Tiempo de lectura":"16 minutos"},"schema":{"@context":"https:\/\/schema.org","@graph":[{"@type":"Article","@id":"https:\/\/fabriciob.ar\/web\/la-toma-de-deuda-en-dolares-de-zdero-no-cierra-por-ningun-lado\/#article","isPartOf":{"@id":"https:\/\/fabriciob.ar\/web\/la-toma-de-deuda-en-dolares-de-zdero-no-cierra-por-ningun-lado\/"},"author":{"name":"Equipo Fabricio","@id":"https:\/\/fabriciob.ar\/web\/#\/schema\/person\/d56dbc2f2489983c5270184312aab61b"},"headline":"La toma de deuda en d\u00f3lares de Zdero no cierra por ning\u00fan lado","datePublished":"2024-09-30T19:53:02+00:00","mainEntityOfPage":{"@id":"https:\/\/fabriciob.ar\/web\/la-toma-de-deuda-en-dolares-de-zdero-no-cierra-por-ningun-lado\/"},"wordCount":3129,"commentCount":0,"publisher":{"@id":"https:\/\/fabriciob.ar\/web\/#organization"},"image":{"@id":"https:\/\/fabriciob.ar\/web\/la-toma-de-deuda-en-dolares-de-zdero-no-cierra-por-ningun-lado\/#primaryimage"},"thumbnailUrl":"https:\/\/fabriciob.ar\/web\/wp-content\/uploads\/2024\/09\/xs.png","articleSection":["COMUNICADOS DE PRENSA"],"inLanguage":"es","potentialAction":[{"@type":"CommentAction","name":"Comment","target":["https:\/\/fabriciob.ar\/web\/la-toma-de-deuda-en-dolares-de-zdero-no-cierra-por-ningun-lado\/#respond"]}]},{"@type":"WebPage","@id":"https:\/\/fabriciob.ar\/web\/la-toma-de-deuda-en-dolares-de-zdero-no-cierra-por-ningun-lado\/","url":"https:\/\/fabriciob.ar\/web\/la-toma-de-deuda-en-dolares-de-zdero-no-cierra-por-ningun-lado\/","name":"La toma de deuda en d\u00f3lares de Zdero no cierra por ning\u00fan lado - Fabricio Bolatti","isPartOf":{"@id":"https:\/\/fabriciob.ar\/web\/#website"},"primaryImageOfPage":{"@id":"https:\/\/fabriciob.ar\/web\/la-toma-de-deuda-en-dolares-de-zdero-no-cierra-por-ningun-lado\/#primaryimage"},"image":{"@id":"https:\/\/fabriciob.ar\/web\/la-toma-de-deuda-en-dolares-de-zdero-no-cierra-por-ningun-lado\/#primaryimage"},"thumbnailUrl":"https:\/\/fabriciob.ar\/web\/wp-content\/uploads\/2024\/09\/xs.png","datePublished":"2024-09-30T19:53:02+00:00","breadcrumb":{"@id":"https:\/\/fabriciob.ar\/web\/la-toma-de-deuda-en-dolares-de-zdero-no-cierra-por-ningun-lado\/#breadcrumb"},"inLanguage":"es","potentialAction":[{"@type":"ReadAction","target":["https:\/\/fabriciob.ar\/web\/la-toma-de-deuda-en-dolares-de-zdero-no-cierra-por-ningun-lado\/"]}]},{"@type":"ImageObject","inLanguage":"es","@id":"https:\/\/fabriciob.ar\/web\/la-toma-de-deuda-en-dolares-de-zdero-no-cierra-por-ningun-lado\/#primaryimage","url":"https:\/\/fabriciob.ar\/web\/wp-content\/uploads\/2024\/09\/xs.png","contentUrl":"https:\/\/fabriciob.ar\/web\/wp-content\/uploads\/2024\/09\/xs.png","width":940,"height":788},{"@type":"BreadcrumbList","@id":"https:\/\/fabriciob.ar\/web\/la-toma-de-deuda-en-dolares-de-zdero-no-cierra-por-ningun-lado\/#breadcrumb","itemListElement":[{"@type":"ListItem","position":1,"name":"Portada","item":"https:\/\/fabriciob.ar\/web\/"},{"@type":"ListItem","position":2,"name":"La toma de deuda en d\u00f3lares de Zdero no cierra por ning\u00fan lado"}]},{"@type":"WebSite","@id":"https:\/\/fabriciob.ar\/web\/#website","url":"https:\/\/fabriciob.ar\/web\/","name":"Fabricio Bolatti","description":"Sitio Oficial-Comunicaci\u00f3n institucional de la gesti\u00f3n legislativa del concejal Fabricio Bolatti con los vecinos y vecinas de la ciudad de Resistencia","publisher":{"@id":"https:\/\/fabriciob.ar\/web\/#organization"},"potentialAction":[{"@type":"SearchAction","target":{"@type":"EntryPoint","urlTemplate":"https:\/\/fabriciob.ar\/web\/?s={search_term_string}"},"query-input":{"@type":"PropertyValueSpecification","valueRequired":true,"valueName":"search_term_string"}}],"inLanguage":"es"},{"@type":"Organization","@id":"https:\/\/fabriciob.ar\/web\/#organization","name":"Fabricio Bolatti-Sitio Oficial","url":"https:\/\/fabriciob.ar\/web\/","logo":{"@type":"ImageObject","inLanguage":"es","@id":"https:\/\/fabriciob.ar\/web\/#\/schema\/logo\/image\/","url":"https:\/\/fabriciob.ar\/web\/wp-content\/uploads\/2020\/12\/cropped-fb-en-el-concejo-a-red-2-1.png","contentUrl":"https:\/\/fabriciob.ar\/web\/wp-content\/uploads\/2020\/12\/cropped-fb-en-el-concejo-a-red-2-1.png","width":512,"height":512,"caption":"Fabricio Bolatti-Sitio Oficial"},"image":{"@id":"https:\/\/fabriciob.ar\/web\/#\/schema\/logo\/image\/"},"sameAs":["https:\/\/www.facebook.com\/fabriciobolattiK\/","https:\/\/x.com\/fabriciobolatti","https:\/\/www.instagram.com\/fabriciobolatti\/?igshid=7ztsgzj0mwql","https:\/\/www.youtube.com\/channel\/UCWLMPKJZG1JgX9U29Pra3ng"]},{"@type":"Person","@id":"https:\/\/fabriciob.ar\/web\/#\/schema\/person\/d56dbc2f2489983c5270184312aab61b","name":"Equipo Fabricio","image":{"@type":"ImageObject","inLanguage":"es","@id":"https:\/\/secure.gravatar.com\/avatar\/9d8e99352a71f2ac7e650885bc7721fe9d667070a36c2a5bb86aab909b8cf626?s=96&d=mm&r=g","url":"https:\/\/secure.gravatar.com\/avatar\/9d8e99352a71f2ac7e650885bc7721fe9d667070a36c2a5bb86aab909b8cf626?s=96&d=mm&r=g","contentUrl":"https:\/\/secure.gravatar.com\/avatar\/9d8e99352a71f2ac7e650885bc7721fe9d667070a36c2a5bb86aab909b8cf626?s=96&d=mm&r=g","caption":"Equipo Fabricio"},"url":"https:\/\/fabriciob.ar\/web\/author\/admin\/"}]}},"_links":{"self":[{"href":"https:\/\/fabriciob.ar\/web\/wp-json\/wp\/v2\/posts\/9252","targetHints":{"allow":["GET"]}}],"collection":[{"href":"https:\/\/fabriciob.ar\/web\/wp-json\/wp\/v2\/posts"}],"about":[{"href":"https:\/\/fabriciob.ar\/web\/wp-json\/wp\/v2\/types\/post"}],"author":[{"embeddable":true,"href":"https:\/\/fabriciob.ar\/web\/wp-json\/wp\/v2\/users\/3"}],"replies":[{"embeddable":true,"href":"https:\/\/fabriciob.ar\/web\/wp-json\/wp\/v2\/comments?post=9252"}],"version-history":[{"count":1,"href":"https:\/\/fabriciob.ar\/web\/wp-json\/wp\/v2\/posts\/9252\/revisions"}],"predecessor-version":[{"id":9257,"href":"https:\/\/fabriciob.ar\/web\/wp-json\/wp\/v2\/posts\/9252\/revisions\/9257"}],"wp:featuredmedia":[{"embeddable":true,"href":"https:\/\/fabriciob.ar\/web\/wp-json\/wp\/v2\/media\/9256"}],"wp:attachment":[{"href":"https:\/\/fabriciob.ar\/web\/wp-json\/wp\/v2\/media?parent=9252"}],"wp:term":[{"taxonomy":"category","embeddable":true,"href":"https:\/\/fabriciob.ar\/web\/wp-json\/wp\/v2\/categories?post=9252"},{"taxonomy":"post_tag","embeddable":true,"href":"https:\/\/fabriciob.ar\/web\/wp-json\/wp\/v2\/tags?post=9252"}],"curies":[{"name":"wp","href":"https:\/\/api.w.org\/{rel}","templated":true}]}}