{"id":9269,"date":"2024-10-08T21:41:30","date_gmt":"2024-10-08T21:41:30","guid":{"rendered":"https:\/\/fabriciob.ar\/web\/?p=9269"},"modified":"2024-10-08T21:41:30","modified_gmt":"2024-10-08T21:41:30","slug":"bolatti-busca-que-se-reactiven-y-finalicen-las-obras-inconclusas-en-espacios-publicos-de-la-ciudad","status":"publish","type":"post","link":"https:\/\/fabriciob.ar\/web\/bolatti-busca-que-se-reactiven-y-finalicen-las-obras-inconclusas-en-espacios-publicos-de-la-ciudad\/","title":{"rendered":"Bolatti busca que se reactiven y finalicen las obras inconclusas en espacios p\u00fablicos de la ciudad"},"content":{"rendered":"<p><!--more--><\/p>\n<p><em><strong>Planteamos la situaci\u00f3n de emergencia por su impacto negativo en la comunidad<\/strong><\/em><\/p>\n<p>&nbsp;<\/p>\n<p>Con el objetivo de reactivar y finalizar las obras ejecutadas por el Municipio, en espacios verdes, comunitarios y de recreaci\u00f3n que a la fecha se encuentran inconclusas, el concejal y presidente del Bloque del Frente Chaque\u00f1o en el Concejo Municipal de Resistencia, Fabricio Bolatti, elev\u00f3 un proyecto que busca la creaci\u00f3n del Programa \u2018Plazas y espacios p\u00fablicos abiertos\u2019. \u201cDel contacto e intercambio con las y los vecinos, presencial y a trav\u00e9s de las redes, recibimos una demanda prioritaria y urgente que nos llev\u00f3 a presentar una iniciativa formal, que logre la creaci\u00f3n del Programa de Infraestructura Comunitaria \u2018Plazas y espacios p\u00fablicos abiertos\u2019, afectando para ello parte de los recursos que se recibieron por encima de lo presupuestado oportunamente para el corriente a\u00f1o 2024\u201d, expres\u00f3 el edil.<\/p>\n<p><img fetchpriority=\"high\" decoding=\"async\" class=\"size-medium wp-image-9271 alignleft\" src=\"https:\/\/fabriciob.ar\/web\/wp-content\/uploads\/2024\/10\/1-300x198.jpg\" alt=\"\" width=\"300\" height=\"198\" srcset=\"https:\/\/fabriciob.ar\/web\/wp-content\/uploads\/2024\/10\/1-300x198.jpg 300w, https:\/\/fabriciob.ar\/web\/wp-content\/uploads\/2024\/10\/1-1024x677.jpg 1024w, https:\/\/fabriciob.ar\/web\/wp-content\/uploads\/2024\/10\/1-768x508.jpg 768w, https:\/\/fabriciob.ar\/web\/wp-content\/uploads\/2024\/10\/1-1536x1016.jpg 1536w, https:\/\/fabriciob.ar\/web\/wp-content\/uploads\/2024\/10\/1-2048x1354.jpg 2048w\" sizes=\"(max-width: 300px) 100vw, 300px\" \/><br \/>\n\u201cDurante la gesti\u00f3n del Intendente (mc) Gustavo Mart\u00ednez, se dio inicio a una importante cantidad de obras en espacios verdes y de uso comunitario, las que en su gran mayor\u00eda se encuentran con distintos grados de avance pero sin terminar, generando espacios a oscuras, cerrados con chapones o alambrados, sucios y en algunos casos hasta fueron desmantelados, dejando a quienes habitan en la zona en situaci\u00f3n de inseguridad tanto sanitaria como delictiva\u201d, se\u00f1al\u00f3 el edil y record\u00f3 que dicha paralizaci\u00f3n, junto a la presencia de irregularidades en los procesos de licitaci\u00f3n, costos y ejecuci\u00f3n, fueron denunciados oportunamente por su concejal\u00eda ante la FIA y el Tribunal de Cuentas.<\/p>\n<p>Bolatti asegur\u00f3 que la actual gesti\u00f3n municipal cuenta con los recursos necesarios para retomar la ejecuci\u00f3n de las obras paralizadas. \u201cHoy, no hay impedimentos para que el intendente Roy Nikisch reactive y finalice las obras inconclusas, ya que cuenta con un importante super\u00e1vit generado por el impacto inflacionario sobre los ingresos, que no fue aplicado a la correspondiente actualizaci\u00f3n salarial, ni a la prestaci\u00f3n de los servicios que le incumben a la Municipalidad, una situaci\u00f3n que se da hace casi cinco a\u00f1os y que permiti\u00f3 la acumulaci\u00f3n de recursos, pero a costa del salario de las y los agentes municipales, como tambi\u00e9n de las y los contribuyentes que no tuvieron los servicios\u201d.<\/p>\n<p><strong>Entendemos necesario plantear la situaci\u00f3n de EMERGENCIA<\/strong><\/p>\n<p>Para lograr la reactivaci\u00f3n y finalizaci\u00f3n de las obras en espacios p\u00fablicos, el edil considera conveniente hacerlo bajo el marco de una \u201cdeclaraci\u00f3n de emergencia\u201d, por el impacto negativo que viene soportando la comunidad. \u201cEstos espacios son de gran importancia en la vida comunitaria y urbana de Resistencia, por ello entendemos necesario plantear la situaci\u00f3n de EMERGENCIA de las obras en espacios p\u00fablicos, exhortando al intendente a recuperar y devolver estos \u00e1mbitos a las y los vecinos de la Ciudad\u201d.<\/p>\n<p><img decoding=\"async\" class=\"aligncenter wp-image-9264 size-full\" src=\"https:\/\/fabriciob.ar\/web\/wp-content\/uploads\/2024\/10\/442414370_10159451206261205_1281375973871652557_n.jpg\" alt=\"\" width=\"1599\" height=\"1200\" srcset=\"https:\/\/fabriciob.ar\/web\/wp-content\/uploads\/2024\/10\/442414370_10159451206261205_1281375973871652557_n.jpg 1599w, https:\/\/fabriciob.ar\/web\/wp-content\/uploads\/2024\/10\/442414370_10159451206261205_1281375973871652557_n-300x225.jpg 300w, https:\/\/fabriciob.ar\/web\/wp-content\/uploads\/2024\/10\/442414370_10159451206261205_1281375973871652557_n-1024x768.jpg 1024w, https:\/\/fabriciob.ar\/web\/wp-content\/uploads\/2024\/10\/442414370_10159451206261205_1281375973871652557_n-768x576.jpg 768w, https:\/\/fabriciob.ar\/web\/wp-content\/uploads\/2024\/10\/442414370_10159451206261205_1281375973871652557_n-1536x1153.jpg 1536w\" sizes=\"(max-width: 1599px) 100vw, 1599px\" \/><\/p>\n<p>Por \u00faltimo, Bolatti remarc\u00f3 que \u201cno es funci\u00f3n del Ejecutivo Municipal la de acumular recursos de las y los vecinos para hacer negocios financieros, a expensas de la baja de salarios y la ausencia de servicios; el intendente debe cumplir con sus deberes, los que son asignados por la normativa vigente. Por cuanto, atender las necesidades del pueblo resistenciano, como la ejecuci\u00f3n y finalizaci\u00f3n de estas obras, deben ser una prioridad en la pol\u00edtica municipal y la gesti\u00f3n; estamos frente a una disponibilidad de recursos importantes, lo que falta es voluntad de ejecutarla\u201d.<\/p>\n","protected":false},"excerpt":{"rendered":"","protected":false},"author":3,"featured_media":9270,"comment_status":"open","ping_status":"open","sticky":false,"template":"","format":"standard","meta":{"_joinchat":[],"footnotes":""},"categories":[27],"tags":[],"class_list":["post-9269","post","type-post","status-publish","format-standard","has-post-thumbnail","hentry","category-comunicados-de-prensa"],"yoast_head":"<!-- This site is optimized with the Yoast SEO plugin v27.5 - https:\/\/yoast.com\/product\/yoast-seo-wordpress\/ -->\n<title>Bolatti busca que se reactiven y finalicen las obras inconclusas en espacios p\u00fablicos de la ciudad - Fabricio Bolatti<\/title>\n<meta name=\"robots\" content=\"index, follow, max-snippet:-1, max-image-preview:large, max-video-preview:-1\" \/>\n<link rel=\"canonical\" href=\"https:\/\/fabriciob.ar\/web\/bolatti-busca-que-se-reactiven-y-finalicen-las-obras-inconclusas-en-espacios-publicos-de-la-ciudad\/\" \/>\n<meta property=\"og:locale\" content=\"es_ES\" \/>\n<meta property=\"og:type\" content=\"article\" \/>\n<meta property=\"og:title\" content=\"Bolatti busca que se reactiven y finalicen las obras inconclusas en espacios p\u00fablicos de la ciudad - Fabricio Bolatti\" \/>\n<meta property=\"og:url\" content=\"https:\/\/fabriciob.ar\/web\/bolatti-busca-que-se-reactiven-y-finalicen-las-obras-inconclusas-en-espacios-publicos-de-la-ciudad\/\" \/>\n<meta property=\"og:site_name\" content=\"Fabricio Bolatti\" \/>\n<meta property=\"article:publisher\" content=\"https:\/\/www.facebook.com\/fabriciobolattiK\/\" \/>\n<meta property=\"article:published_time\" content=\"2024-10-08T21:41:30+00:00\" \/>\n<meta property=\"og:image\" content=\"https:\/\/fabriciob.ar\/web\/wp-content\/uploads\/2024\/10\/20240607_162508-scaled.jpg\" \/>\n\t<meta property=\"og:image:width\" content=\"2560\" \/>\n\t<meta property=\"og:image:height\" content=\"1441\" \/>\n\t<meta property=\"og:image:type\" content=\"image\/jpeg\" \/>\n<meta name=\"author\" content=\"Equipo Fabricio\" \/>\n<meta name=\"twitter:card\" content=\"summary_large_image\" \/>\n<meta name=\"twitter:creator\" content=\"@fabriciobolatti\" \/>\n<meta name=\"twitter:site\" content=\"@fabriciobolatti\" \/>\n<meta name=\"twitter:label1\" content=\"Escrito por\" \/>\n\t<meta name=\"twitter:data1\" content=\"Equipo Fabricio\" \/>\n\t<meta name=\"twitter:label2\" content=\"Tiempo de lectura\" \/>\n\t<meta name=\"twitter:data2\" content=\"3 minutos\" \/>\n<script type=\"application\/ld+json\" class=\"yoast-schema-graph\">{\"@context\":\"https:\\\/\\\/schema.org\",\"@graph\":[{\"@type\":\"Article\",\"@id\":\"https:\\\/\\\/fabriciob.ar\\\/web\\\/bolatti-busca-que-se-reactiven-y-finalicen-las-obras-inconclusas-en-espacios-publicos-de-la-ciudad\\\/#article\",\"isPartOf\":{\"@id\":\"https:\\\/\\\/fabriciob.ar\\\/web\\\/bolatti-busca-que-se-reactiven-y-finalicen-las-obras-inconclusas-en-espacios-publicos-de-la-ciudad\\\/\"},\"author\":{\"name\":\"Equipo Fabricio\",\"@id\":\"https:\\\/\\\/fabriciob.ar\\\/web\\\/#\\\/schema\\\/person\\\/d56dbc2f2489983c5270184312aab61b\"},\"headline\":\"Bolatti busca que se reactiven y finalicen las obras inconclusas en espacios p\u00fablicos de la ciudad\",\"datePublished\":\"2024-10-08T21:41:30+00:00\",\"mainEntityOfPage\":{\"@id\":\"https:\\\/\\\/fabriciob.ar\\\/web\\\/bolatti-busca-que-se-reactiven-y-finalicen-las-obras-inconclusas-en-espacios-publicos-de-la-ciudad\\\/\"},\"wordCount\":594,\"commentCount\":0,\"publisher\":{\"@id\":\"https:\\\/\\\/fabriciob.ar\\\/web\\\/#organization\"},\"image\":{\"@id\":\"https:\\\/\\\/fabriciob.ar\\\/web\\\/bolatti-busca-que-se-reactiven-y-finalicen-las-obras-inconclusas-en-espacios-publicos-de-la-ciudad\\\/#primaryimage\"},\"thumbnailUrl\":\"https:\\\/\\\/fabriciob.ar\\\/web\\\/wp-content\\\/uploads\\\/2024\\\/10\\\/20240607_162508-scaled.jpg\",\"articleSection\":[\"COMUNICADOS DE PRENSA\"],\"inLanguage\":\"es\",\"potentialAction\":[{\"@type\":\"CommentAction\",\"name\":\"Comment\",\"target\":[\"https:\\\/\\\/fabriciob.ar\\\/web\\\/bolatti-busca-que-se-reactiven-y-finalicen-las-obras-inconclusas-en-espacios-publicos-de-la-ciudad\\\/#respond\"]}]},{\"@type\":\"WebPage\",\"@id\":\"https:\\\/\\\/fabriciob.ar\\\/web\\\/bolatti-busca-que-se-reactiven-y-finalicen-las-obras-inconclusas-en-espacios-publicos-de-la-ciudad\\\/\",\"url\":\"https:\\\/\\\/fabriciob.ar\\\/web\\\/bolatti-busca-que-se-reactiven-y-finalicen-las-obras-inconclusas-en-espacios-publicos-de-la-ciudad\\\/\",\"name\":\"Bolatti busca que se reactiven y finalicen las obras inconclusas en espacios p\u00fablicos de la ciudad - Fabricio Bolatti\",\"isPartOf\":{\"@id\":\"https:\\\/\\\/fabriciob.ar\\\/web\\\/#website\"},\"primaryImageOfPage\":{\"@id\":\"https:\\\/\\\/fabriciob.ar\\\/web\\\/bolatti-busca-que-se-reactiven-y-finalicen-las-obras-inconclusas-en-espacios-publicos-de-la-ciudad\\\/#primaryimage\"},\"image\":{\"@id\":\"https:\\\/\\\/fabriciob.ar\\\/web\\\/bolatti-busca-que-se-reactiven-y-finalicen-las-obras-inconclusas-en-espacios-publicos-de-la-ciudad\\\/#primaryimage\"},\"thumbnailUrl\":\"https:\\\/\\\/fabriciob.ar\\\/web\\\/wp-content\\\/uploads\\\/2024\\\/10\\\/20240607_162508-scaled.jpg\",\"datePublished\":\"2024-10-08T21:41:30+00:00\",\"breadcrumb\":{\"@id\":\"https:\\\/\\\/fabriciob.ar\\\/web\\\/bolatti-busca-que-se-reactiven-y-finalicen-las-obras-inconclusas-en-espacios-publicos-de-la-ciudad\\\/#breadcrumb\"},\"inLanguage\":\"es\",\"potentialAction\":[{\"@type\":\"ReadAction\",\"target\":[\"https:\\\/\\\/fabriciob.ar\\\/web\\\/bolatti-busca-que-se-reactiven-y-finalicen-las-obras-inconclusas-en-espacios-publicos-de-la-ciudad\\\/\"]}]},{\"@type\":\"ImageObject\",\"inLanguage\":\"es\",\"@id\":\"https:\\\/\\\/fabriciob.ar\\\/web\\\/bolatti-busca-que-se-reactiven-y-finalicen-las-obras-inconclusas-en-espacios-publicos-de-la-ciudad\\\/#primaryimage\",\"url\":\"https:\\\/\\\/fabriciob.ar\\\/web\\\/wp-content\\\/uploads\\\/2024\\\/10\\\/20240607_162508-scaled.jpg\",\"contentUrl\":\"https:\\\/\\\/fabriciob.ar\\\/web\\\/wp-content\\\/uploads\\\/2024\\\/10\\\/20240607_162508-scaled.jpg\",\"width\":2560,\"height\":1441},{\"@type\":\"BreadcrumbList\",\"@id\":\"https:\\\/\\\/fabriciob.ar\\\/web\\\/bolatti-busca-que-se-reactiven-y-finalicen-las-obras-inconclusas-en-espacios-publicos-de-la-ciudad\\\/#breadcrumb\",\"itemListElement\":[{\"@type\":\"ListItem\",\"position\":1,\"name\":\"Portada\",\"item\":\"https:\\\/\\\/fabriciob.ar\\\/web\\\/\"},{\"@type\":\"ListItem\",\"position\":2,\"name\":\"Bolatti busca que se reactiven y finalicen las obras inconclusas en espacios p\u00fablicos de la ciudad\"}]},{\"@type\":\"WebSite\",\"@id\":\"https:\\\/\\\/fabriciob.ar\\\/web\\\/#website\",\"url\":\"https:\\\/\\\/fabriciob.ar\\\/web\\\/\",\"name\":\"Fabricio Bolatti\",\"description\":\"Sitio Oficial-Comunicaci\u00f3n institucional de la gesti\u00f3n legislativa del concejal Fabricio Bolatti con los vecinos y vecinas de la ciudad de Resistencia\",\"publisher\":{\"@id\":\"https:\\\/\\\/fabriciob.ar\\\/web\\\/#organization\"},\"potentialAction\":[{\"@type\":\"SearchAction\",\"target\":{\"@type\":\"EntryPoint\",\"urlTemplate\":\"https:\\\/\\\/fabriciob.ar\\\/web\\\/?s={search_term_string}\"},\"query-input\":{\"@type\":\"PropertyValueSpecification\",\"valueRequired\":true,\"valueName\":\"search_term_string\"}}],\"inLanguage\":\"es\"},{\"@type\":\"Organization\",\"@id\":\"https:\\\/\\\/fabriciob.ar\\\/web\\\/#organization\",\"name\":\"Fabricio Bolatti-Sitio Oficial\",\"url\":\"https:\\\/\\\/fabriciob.ar\\\/web\\\/\",\"logo\":{\"@type\":\"ImageObject\",\"inLanguage\":\"es\",\"@id\":\"https:\\\/\\\/fabriciob.ar\\\/web\\\/#\\\/schema\\\/logo\\\/image\\\/\",\"url\":\"https:\\\/\\\/fabriciob.ar\\\/web\\\/wp-content\\\/uploads\\\/2020\\\/12\\\/cropped-fb-en-el-concejo-a-red-2-1.png\",\"contentUrl\":\"https:\\\/\\\/fabriciob.ar\\\/web\\\/wp-content\\\/uploads\\\/2020\\\/12\\\/cropped-fb-en-el-concejo-a-red-2-1.png\",\"width\":512,\"height\":512,\"caption\":\"Fabricio Bolatti-Sitio Oficial\"},\"image\":{\"@id\":\"https:\\\/\\\/fabriciob.ar\\\/web\\\/#\\\/schema\\\/logo\\\/image\\\/\"},\"sameAs\":[\"https:\\\/\\\/www.facebook.com\\\/fabriciobolattiK\\\/\",\"https:\\\/\\\/x.com\\\/fabriciobolatti\",\"https:\\\/\\\/www.instagram.com\\\/fabriciobolatti\\\/?igshid=7ztsgzj0mwql\",\"https:\\\/\\\/www.youtube.com\\\/channel\\\/UCWLMPKJZG1JgX9U29Pra3ng\"]},{\"@type\":\"Person\",\"@id\":\"https:\\\/\\\/fabriciob.ar\\\/web\\\/#\\\/schema\\\/person\\\/d56dbc2f2489983c5270184312aab61b\",\"name\":\"Equipo Fabricio\",\"image\":{\"@type\":\"ImageObject\",\"inLanguage\":\"es\",\"@id\":\"https:\\\/\\\/secure.gravatar.com\\\/avatar\\\/9d8e99352a71f2ac7e650885bc7721fe9d667070a36c2a5bb86aab909b8cf626?s=96&d=mm&r=g\",\"url\":\"https:\\\/\\\/secure.gravatar.com\\\/avatar\\\/9d8e99352a71f2ac7e650885bc7721fe9d667070a36c2a5bb86aab909b8cf626?s=96&d=mm&r=g\",\"contentUrl\":\"https:\\\/\\\/secure.gravatar.com\\\/avatar\\\/9d8e99352a71f2ac7e650885bc7721fe9d667070a36c2a5bb86aab909b8cf626?s=96&d=mm&r=g\",\"caption\":\"Equipo Fabricio\"},\"url\":\"https:\\\/\\\/fabriciob.ar\\\/web\\\/author\\\/admin\\\/\"}]}<\/script>\n<!-- \/ Yoast SEO plugin. -->","yoast_head_json":{"title":"Bolatti busca que se reactiven y finalicen las obras inconclusas en espacios p\u00fablicos de la ciudad - Fabricio Bolatti","robots":{"index":"index","follow":"follow","max-snippet":"max-snippet:-1","max-image-preview":"max-image-preview:large","max-video-preview":"max-video-preview:-1"},"canonical":"https:\/\/fabriciob.ar\/web\/bolatti-busca-que-se-reactiven-y-finalicen-las-obras-inconclusas-en-espacios-publicos-de-la-ciudad\/","og_locale":"es_ES","og_type":"article","og_title":"Bolatti busca que se reactiven y finalicen las obras inconclusas en espacios p\u00fablicos de la ciudad - Fabricio Bolatti","og_url":"https:\/\/fabriciob.ar\/web\/bolatti-busca-que-se-reactiven-y-finalicen-las-obras-inconclusas-en-espacios-publicos-de-la-ciudad\/","og_site_name":"Fabricio Bolatti","article_publisher":"https:\/\/www.facebook.com\/fabriciobolattiK\/","article_published_time":"2024-10-08T21:41:30+00:00","og_image":[{"width":2560,"height":1441,"url":"https:\/\/fabriciob.ar\/web\/wp-content\/uploads\/2024\/10\/20240607_162508-scaled.jpg","type":"image\/jpeg"}],"author":"Equipo Fabricio","twitter_card":"summary_large_image","twitter_creator":"@fabriciobolatti","twitter_site":"@fabriciobolatti","twitter_misc":{"Escrito por":"Equipo Fabricio","Tiempo de lectura":"3 minutos"},"schema":{"@context":"https:\/\/schema.org","@graph":[{"@type":"Article","@id":"https:\/\/fabriciob.ar\/web\/bolatti-busca-que-se-reactiven-y-finalicen-las-obras-inconclusas-en-espacios-publicos-de-la-ciudad\/#article","isPartOf":{"@id":"https:\/\/fabriciob.ar\/web\/bolatti-busca-que-se-reactiven-y-finalicen-las-obras-inconclusas-en-espacios-publicos-de-la-ciudad\/"},"author":{"name":"Equipo Fabricio","@id":"https:\/\/fabriciob.ar\/web\/#\/schema\/person\/d56dbc2f2489983c5270184312aab61b"},"headline":"Bolatti busca que se reactiven y finalicen las obras inconclusas en espacios p\u00fablicos de la ciudad","datePublished":"2024-10-08T21:41:30+00:00","mainEntityOfPage":{"@id":"https:\/\/fabriciob.ar\/web\/bolatti-busca-que-se-reactiven-y-finalicen-las-obras-inconclusas-en-espacios-publicos-de-la-ciudad\/"},"wordCount":594,"commentCount":0,"publisher":{"@id":"https:\/\/fabriciob.ar\/web\/#organization"},"image":{"@id":"https:\/\/fabriciob.ar\/web\/bolatti-busca-que-se-reactiven-y-finalicen-las-obras-inconclusas-en-espacios-publicos-de-la-ciudad\/#primaryimage"},"thumbnailUrl":"https:\/\/fabriciob.ar\/web\/wp-content\/uploads\/2024\/10\/20240607_162508-scaled.jpg","articleSection":["COMUNICADOS DE PRENSA"],"inLanguage":"es","potentialAction":[{"@type":"CommentAction","name":"Comment","target":["https:\/\/fabriciob.ar\/web\/bolatti-busca-que-se-reactiven-y-finalicen-las-obras-inconclusas-en-espacios-publicos-de-la-ciudad\/#respond"]}]},{"@type":"WebPage","@id":"https:\/\/fabriciob.ar\/web\/bolatti-busca-que-se-reactiven-y-finalicen-las-obras-inconclusas-en-espacios-publicos-de-la-ciudad\/","url":"https:\/\/fabriciob.ar\/web\/bolatti-busca-que-se-reactiven-y-finalicen-las-obras-inconclusas-en-espacios-publicos-de-la-ciudad\/","name":"Bolatti busca que se reactiven y finalicen las obras inconclusas en espacios p\u00fablicos de la ciudad - Fabricio Bolatti","isPartOf":{"@id":"https:\/\/fabriciob.ar\/web\/#website"},"primaryImageOfPage":{"@id":"https:\/\/fabriciob.ar\/web\/bolatti-busca-que-se-reactiven-y-finalicen-las-obras-inconclusas-en-espacios-publicos-de-la-ciudad\/#primaryimage"},"image":{"@id":"https:\/\/fabriciob.ar\/web\/bolatti-busca-que-se-reactiven-y-finalicen-las-obras-inconclusas-en-espacios-publicos-de-la-ciudad\/#primaryimage"},"thumbnailUrl":"https:\/\/fabriciob.ar\/web\/wp-content\/uploads\/2024\/10\/20240607_162508-scaled.jpg","datePublished":"2024-10-08T21:41:30+00:00","breadcrumb":{"@id":"https:\/\/fabriciob.ar\/web\/bolatti-busca-que-se-reactiven-y-finalicen-las-obras-inconclusas-en-espacios-publicos-de-la-ciudad\/#breadcrumb"},"inLanguage":"es","potentialAction":[{"@type":"ReadAction","target":["https:\/\/fabriciob.ar\/web\/bolatti-busca-que-se-reactiven-y-finalicen-las-obras-inconclusas-en-espacios-publicos-de-la-ciudad\/"]}]},{"@type":"ImageObject","inLanguage":"es","@id":"https:\/\/fabriciob.ar\/web\/bolatti-busca-que-se-reactiven-y-finalicen-las-obras-inconclusas-en-espacios-publicos-de-la-ciudad\/#primaryimage","url":"https:\/\/fabriciob.ar\/web\/wp-content\/uploads\/2024\/10\/20240607_162508-scaled.jpg","contentUrl":"https:\/\/fabriciob.ar\/web\/wp-content\/uploads\/2024\/10\/20240607_162508-scaled.jpg","width":2560,"height":1441},{"@type":"BreadcrumbList","@id":"https:\/\/fabriciob.ar\/web\/bolatti-busca-que-se-reactiven-y-finalicen-las-obras-inconclusas-en-espacios-publicos-de-la-ciudad\/#breadcrumb","itemListElement":[{"@type":"ListItem","position":1,"name":"Portada","item":"https:\/\/fabriciob.ar\/web\/"},{"@type":"ListItem","position":2,"name":"Bolatti busca que se reactiven y finalicen las obras inconclusas en espacios p\u00fablicos de la ciudad"}]},{"@type":"WebSite","@id":"https:\/\/fabriciob.ar\/web\/#website","url":"https:\/\/fabriciob.ar\/web\/","name":"Fabricio Bolatti","description":"Sitio Oficial-Comunicaci\u00f3n institucional de la gesti\u00f3n legislativa del concejal Fabricio Bolatti con los vecinos y vecinas de la ciudad de Resistencia","publisher":{"@id":"https:\/\/fabriciob.ar\/web\/#organization"},"potentialAction":[{"@type":"SearchAction","target":{"@type":"EntryPoint","urlTemplate":"https:\/\/fabriciob.ar\/web\/?s={search_term_string}"},"query-input":{"@type":"PropertyValueSpecification","valueRequired":true,"valueName":"search_term_string"}}],"inLanguage":"es"},{"@type":"Organization","@id":"https:\/\/fabriciob.ar\/web\/#organization","name":"Fabricio Bolatti-Sitio Oficial","url":"https:\/\/fabriciob.ar\/web\/","logo":{"@type":"ImageObject","inLanguage":"es","@id":"https:\/\/fabriciob.ar\/web\/#\/schema\/logo\/image\/","url":"https:\/\/fabriciob.ar\/web\/wp-content\/uploads\/2020\/12\/cropped-fb-en-el-concejo-a-red-2-1.png","contentUrl":"https:\/\/fabriciob.ar\/web\/wp-content\/uploads\/2020\/12\/cropped-fb-en-el-concejo-a-red-2-1.png","width":512,"height":512,"caption":"Fabricio Bolatti-Sitio Oficial"},"image":{"@id":"https:\/\/fabriciob.ar\/web\/#\/schema\/logo\/image\/"},"sameAs":["https:\/\/www.facebook.com\/fabriciobolattiK\/","https:\/\/x.com\/fabriciobolatti","https:\/\/www.instagram.com\/fabriciobolatti\/?igshid=7ztsgzj0mwql","https:\/\/www.youtube.com\/channel\/UCWLMPKJZG1JgX9U29Pra3ng"]},{"@type":"Person","@id":"https:\/\/fabriciob.ar\/web\/#\/schema\/person\/d56dbc2f2489983c5270184312aab61b","name":"Equipo Fabricio","image":{"@type":"ImageObject","inLanguage":"es","@id":"https:\/\/secure.gravatar.com\/avatar\/9d8e99352a71f2ac7e650885bc7721fe9d667070a36c2a5bb86aab909b8cf626?s=96&d=mm&r=g","url":"https:\/\/secure.gravatar.com\/avatar\/9d8e99352a71f2ac7e650885bc7721fe9d667070a36c2a5bb86aab909b8cf626?s=96&d=mm&r=g","contentUrl":"https:\/\/secure.gravatar.com\/avatar\/9d8e99352a71f2ac7e650885bc7721fe9d667070a36c2a5bb86aab909b8cf626?s=96&d=mm&r=g","caption":"Equipo Fabricio"},"url":"https:\/\/fabriciob.ar\/web\/author\/admin\/"}]}},"_links":{"self":[{"href":"https:\/\/fabriciob.ar\/web\/wp-json\/wp\/v2\/posts\/9269","targetHints":{"allow":["GET"]}}],"collection":[{"href":"https:\/\/fabriciob.ar\/web\/wp-json\/wp\/v2\/posts"}],"about":[{"href":"https:\/\/fabriciob.ar\/web\/wp-json\/wp\/v2\/types\/post"}],"author":[{"embeddable":true,"href":"https:\/\/fabriciob.ar\/web\/wp-json\/wp\/v2\/users\/3"}],"replies":[{"embeddable":true,"href":"https:\/\/fabriciob.ar\/web\/wp-json\/wp\/v2\/comments?post=9269"}],"version-history":[{"count":1,"href":"https:\/\/fabriciob.ar\/web\/wp-json\/wp\/v2\/posts\/9269\/revisions"}],"predecessor-version":[{"id":9272,"href":"https:\/\/fabriciob.ar\/web\/wp-json\/wp\/v2\/posts\/9269\/revisions\/9272"}],"wp:featuredmedia":[{"embeddable":true,"href":"https:\/\/fabriciob.ar\/web\/wp-json\/wp\/v2\/media\/9270"}],"wp:attachment":[{"href":"https:\/\/fabriciob.ar\/web\/wp-json\/wp\/v2\/media?parent=9269"}],"wp:term":[{"taxonomy":"category","embeddable":true,"href":"https:\/\/fabriciob.ar\/web\/wp-json\/wp\/v2\/categories?post=9269"},{"taxonomy":"post_tag","embeddable":true,"href":"https:\/\/fabriciob.ar\/web\/wp-json\/wp\/v2\/tags?post=9269"}],"curies":[{"name":"wp","href":"https:\/\/api.w.org\/{rel}","templated":true}]}}