{"id":9273,"date":"2024-10-11T16:31:40","date_gmt":"2024-10-11T16:31:40","guid":{"rendered":"https:\/\/fabriciob.ar\/web\/?p=9273"},"modified":"2024-10-11T16:31:40","modified_gmt":"2024-10-11T16:31:40","slug":"madura-otro-impuestazo-municipal-que-podria-superar-tres-veces-la-inflacion-y-los-aumentos-salariales","status":"publish","type":"post","link":"https:\/\/fabriciob.ar\/web\/madura-otro-impuestazo-municipal-que-podria-superar-tres-veces-la-inflacion-y-los-aumentos-salariales\/","title":{"rendered":"Madura otro impuestazo municipal que podr\u00eda superar tres veces la inflaci\u00f3n y los aumentos salariales"},"content":{"rendered":"<p><!--more--><\/p>\n<p><em><strong>En un contexto de super\u00e1vit, siguiendo el lineamiento de la Naci\u00f3n y la Provincia<\/strong><\/em><\/p>\n<p>&nbsp;<\/p>\n<p>El concejal de Resistencia y presidente del Bloque del Frente Chaque\u00f1o en el Concejo, Fabricio Bolatti, alert\u00f3 sobre la llegada de un nuevo \u2018impuestazo\u2019 para la ciudad que surge del an\u00e1lisis del proyecto de Ordenanza Tributaria para el a\u00f1o 2025 y de los par\u00e1metros establecidos en los proyectos de Presupuesto Nacional, que tomar\u00e1 la Provincia. \u201cDel estudio de los proyectos surgen diferencias importantes, que de darse tal lo planificado por los \u00e1mbitos superiores, estar\u00edamos frente a otro \u2018impuestazo\u2019 en la ciudad, que tendr\u00eda un impacto negativo directo sobre los ingresos de la ciudadan\u00eda\u201d, manifest\u00f3 el edil.<\/p>\n<p>\u201cHay que tener presente que el Ejecutivo Municipal tiene en la ejecuci\u00f3n de los primeros nueve meses del Presupuesto 2024, un super\u00e1vit del 27% de los ingresos corrientes, equivalente a m\u00e1s de cinco meses de paga de salarios totales (un monto superior a los 18 mil millones de pesos), y pese a ello est\u00e1 hoy proponiendo el incremento de los tres principales Tributos Municipales\u201d, remarc\u00f3 y detall\u00f3 el aumento promedio de cada uno:<\/p>\n<ul>\n<li>Impuesto Inmobiliario Urbano\u00a0 \u00a0 \u00a0 \u00a0 \u00a0 \u00a0 \u00a0 \u00a0incremento del 75%<\/li>\n<li>Tasa Retributiva de Servicios\u00a0 \u00a0 \u00a0 \u00a0 \u00a0 \u00a0 \u00a0 \u00a0 \u00a0 incremento del 85%<\/li>\n<li>Patente de veh\u00edculos\u00a0 \u00a0 \u00a0 \u00a0 \u00a0 \u00a0 \u00a0 \u00a0 \u00a0 \u00a0 \u00a0 \u00a0 \u00a0 \u00a0 \u00a0 \u00a0 \u00a0 incremento del 100%<\/li>\n<\/ul>\n<p>En esa l\u00ednea, indic\u00f3 que los porcentajes de aumento se ubican en torno a lo observado en los a\u00f1os 2020\/21\/22\/23, casi duplicando la del a\u00f1o 2024 vigente, pero diferenci\u00e1ndose en este caso por la estimaci\u00f3n del Presupuesto 2025 de Naci\u00f3n (que ser\u00e1 tomado por la Provincia) de una inflaci\u00f3n del 18% e incrementos salariales en torno al 20%. \u201cDe darse estas estimaciones, los Tributos Municipales superar\u00edan tres veces los incrementos de ingresos previstos, pasando a ocupar un segmento m\u00e1s que proporcional al que hoy tienen, en el ingreso de las y los vecinos de Resistencia, y por supuesto que con un impacto nada menor\u201d, subray\u00f3 el concejal.<\/p>\n<p>Bolatti sostuvo que el comportamiento va acorde al que vienen teniendo las tarifas de Energ\u00eda El\u00e9ctrica y el Transporte P\u00fablico. \u201cEn todos los incrementos que se dieron sobre los servicios de primera necesidad, vemos el distanciamiento, la indiferencia y hasta crueldad de las gestiones nacional, provincial y municipal, sobre las necesidades del pueblo, que son producto del descomunal ajuste que se viene aplicando en todos los frentes y que impacta en la calidad de vida, y hasta en la dignidad de la Patria\u201d.<\/p>\n<p>&nbsp;<\/p>\n<h5>El caro modelo econ\u00f3mico vigente avalado por los gobiernos provincial y municipal<\/h5>\n<p>El concejal se refiri\u00f3 a la situaci\u00f3n econ\u00f3mica actual y resalt\u00f3 que es \u201cun modelo avalado tanto por el gobierno provincial como el municipal; si bien se celebra y mucho se dice de la baja del \u00edndice de inflaci\u00f3n desde el oficialismo, tambi\u00e9n mucho se esconde sobre los efectos del brutal ajuste que impacta en los ingresos y multiplic\u00f3 el precio de los gastos principales de las familias argentinas, donde vuelve a ser el hambre, la mala alimentaci\u00f3n, la imposibilidad de acceder a servicios p\u00fablicos, la p\u00e9rdida de empleo y de derechos en general, la urgencia social imperante en nuestro territorio\u201d.<\/p>\n<p>En ese marco, y \u201ctras nueve meses de ca\u00edda libre\u201d, Bolatti se pregunta \u00bfqu\u00e9 cambi\u00f3 en la econom\u00eda argentina?, y enumer\u00f3 algunos de los cambios generados por las medidas oficialistas:<\/p>\n<ul>\n<li>Baj\u00f3 el ingreso real o poder de compra de los salarios y dem\u00e1s ingresos del pueblo trabajador.<\/li>\n<li>Baj\u00f3 el empleo y la disponibilidad de programas sociales y previsionales que compensaban muchas veces los efectos del aumento de precios o la desocupaci\u00f3n.<\/li>\n<li>Aument\u00f3 de manera desmesurada el precio de las tarifas de servicios esenciales.<br \/>\nBaj\u00f3 la Inflaci\u00f3n, pero no por un cambio estructural de la econom\u00eda sino por el fuerte ajuste al consumo que provoc\u00f3 la baja real del ingreso promedio, profundizado con una devaluaci\u00f3n inicial del gobierno nacional y la no actualizaci\u00f3n correspondiente de los ingresos afectados, m\u00e1s el aumento exagerado de tarifas por el ajuste en los subsidios que se aplicaban.<\/li>\n<li>Aument\u00f3 la Deuda P\u00fablica Nacional en U$D 87.000 millones de d\u00f3lares, el equivalente a tres Reservas del Banco Central; y al igual que en el gobierno de Macri, que tom\u00f3 deuda por U$D 103.000 millones, ni un solo d\u00f3lar es destinado a las reservas o al bienestar del pueblo, sino que estamos cada vez m\u00e1s pobres y endeudados. Estos d\u00f3lares est\u00e1n en el patrimonio de las empresas, las financieras y los fondos buitres, amigos de estos gobiernos, que hacen inversiones especulativas y ganan sin trabajar, llev\u00e1ndose el producto del trabajo argentino, de un pueblo al que cada vez se le exige m\u00e1s.<\/li>\n<li>Logr\u00f3 un gran Super\u00e1vit por cinco meses consecutivos, el que es celebrado solamente por los acreedores de las deudas creadas por Macri y Milei, cuyo negocio se concreta con el cobro de los intereses ganados y la fuga en d\u00f3lares de esas ganancias. Esto, porque el Super\u00e1vit producto del ajuste es destinado en un 99% al pago de intereses de deuda, tal lo expresara el Presidente en el Congreso al presentar el Presupuesto 2025: \u201cdeterminado los Intereses de la Deuda a Pagar, se establece el Super\u00e1vit a alcanzar para cubrirlo, lo que sobra por encima de este monto se asigna a los gastos del Presupuesto, hasta donde alcance\u201d.<\/li>\n<\/ul>\n<p><em><strong>\u201cEn definitiva, lo que cambi\u00f3 finalmente en este derrotero, es la prioridad del gobierno a los negocios propios y de los amigos del poder, por encima de la felicidad del pueblo y de la patria\u201d<\/strong><\/em>, concluy\u00f3 el concejal del Frente Chaque\u00f1o.<\/p>\n","protected":false},"excerpt":{"rendered":"","protected":false},"author":3,"featured_media":9154,"comment_status":"open","ping_status":"open","sticky":false,"template":"","format":"standard","meta":{"_joinchat":[],"footnotes":""},"categories":[27],"tags":[],"class_list":["post-9273","post","type-post","status-publish","format-standard","has-post-thumbnail","hentry","category-comunicados-de-prensa"],"yoast_head":"<!-- This site is optimized with the Yoast SEO plugin v27.5 - https:\/\/yoast.com\/product\/yoast-seo-wordpress\/ -->\n<title>Madura otro impuestazo municipal que podr\u00eda superar tres veces la inflaci\u00f3n y los aumentos salariales - Fabricio Bolatti<\/title>\n<meta name=\"robots\" content=\"index, follow, max-snippet:-1, max-image-preview:large, max-video-preview:-1\" \/>\n<link rel=\"canonical\" href=\"https:\/\/fabriciob.ar\/web\/madura-otro-impuestazo-municipal-que-podria-superar-tres-veces-la-inflacion-y-los-aumentos-salariales\/\" \/>\n<meta property=\"og:locale\" content=\"es_ES\" \/>\n<meta property=\"og:type\" content=\"article\" \/>\n<meta property=\"og:title\" content=\"Madura otro impuestazo municipal que podr\u00eda superar tres veces la inflaci\u00f3n y los aumentos salariales - Fabricio Bolatti\" \/>\n<meta property=\"og:url\" content=\"https:\/\/fabriciob.ar\/web\/madura-otro-impuestazo-municipal-que-podria-superar-tres-veces-la-inflacion-y-los-aumentos-salariales\/\" \/>\n<meta property=\"og:site_name\" content=\"Fabricio Bolatti\" \/>\n<meta property=\"article:publisher\" content=\"https:\/\/www.facebook.com\/fabriciobolattiK\/\" \/>\n<meta property=\"article:published_time\" content=\"2024-10-11T16:31:40+00:00\" \/>\n<meta property=\"og:image\" content=\"https:\/\/fabriciob.ar\/web\/wp-content\/uploads\/2024\/06\/Fabricio.jpeg\" \/>\n\t<meta property=\"og:image:width\" content=\"1100\" \/>\n\t<meta property=\"og:image:height\" content=\"890\" \/>\n\t<meta property=\"og:image:type\" content=\"image\/jpeg\" \/>\n<meta name=\"author\" content=\"Equipo Fabricio\" \/>\n<meta name=\"twitter:card\" content=\"summary_large_image\" \/>\n<meta name=\"twitter:creator\" content=\"@fabriciobolatti\" \/>\n<meta name=\"twitter:site\" content=\"@fabriciobolatti\" \/>\n<meta name=\"twitter:label1\" content=\"Escrito por\" \/>\n\t<meta name=\"twitter:data1\" content=\"Equipo Fabricio\" \/>\n\t<meta name=\"twitter:label2\" content=\"Tiempo de lectura\" \/>\n\t<meta name=\"twitter:data2\" content=\"5 minutos\" \/>\n<script type=\"application\/ld+json\" class=\"yoast-schema-graph\">{\"@context\":\"https:\\\/\\\/schema.org\",\"@graph\":[{\"@type\":\"Article\",\"@id\":\"https:\\\/\\\/fabriciob.ar\\\/web\\\/madura-otro-impuestazo-municipal-que-podria-superar-tres-veces-la-inflacion-y-los-aumentos-salariales\\\/#article\",\"isPartOf\":{\"@id\":\"https:\\\/\\\/fabriciob.ar\\\/web\\\/madura-otro-impuestazo-municipal-que-podria-superar-tres-veces-la-inflacion-y-los-aumentos-salariales\\\/\"},\"author\":{\"name\":\"Equipo Fabricio\",\"@id\":\"https:\\\/\\\/fabriciob.ar\\\/web\\\/#\\\/schema\\\/person\\\/d56dbc2f2489983c5270184312aab61b\"},\"headline\":\"Madura otro impuestazo municipal que podr\u00eda superar tres veces la inflaci\u00f3n y los aumentos salariales\",\"datePublished\":\"2024-10-11T16:31:40+00:00\",\"mainEntityOfPage\":{\"@id\":\"https:\\\/\\\/fabriciob.ar\\\/web\\\/madura-otro-impuestazo-municipal-que-podria-superar-tres-veces-la-inflacion-y-los-aumentos-salariales\\\/\"},\"wordCount\":958,\"commentCount\":0,\"publisher\":{\"@id\":\"https:\\\/\\\/fabriciob.ar\\\/web\\\/#organization\"},\"image\":{\"@id\":\"https:\\\/\\\/fabriciob.ar\\\/web\\\/madura-otro-impuestazo-municipal-que-podria-superar-tres-veces-la-inflacion-y-los-aumentos-salariales\\\/#primaryimage\"},\"thumbnailUrl\":\"https:\\\/\\\/fabriciob.ar\\\/web\\\/wp-content\\\/uploads\\\/2024\\\/06\\\/Fabricio.jpeg\",\"articleSection\":[\"COMUNICADOS DE PRENSA\"],\"inLanguage\":\"es\",\"potentialAction\":[{\"@type\":\"CommentAction\",\"name\":\"Comment\",\"target\":[\"https:\\\/\\\/fabriciob.ar\\\/web\\\/madura-otro-impuestazo-municipal-que-podria-superar-tres-veces-la-inflacion-y-los-aumentos-salariales\\\/#respond\"]}]},{\"@type\":\"WebPage\",\"@id\":\"https:\\\/\\\/fabriciob.ar\\\/web\\\/madura-otro-impuestazo-municipal-que-podria-superar-tres-veces-la-inflacion-y-los-aumentos-salariales\\\/\",\"url\":\"https:\\\/\\\/fabriciob.ar\\\/web\\\/madura-otro-impuestazo-municipal-que-podria-superar-tres-veces-la-inflacion-y-los-aumentos-salariales\\\/\",\"name\":\"Madura otro impuestazo municipal que podr\u00eda superar tres veces la inflaci\u00f3n y los aumentos salariales - Fabricio Bolatti\",\"isPartOf\":{\"@id\":\"https:\\\/\\\/fabriciob.ar\\\/web\\\/#website\"},\"primaryImageOfPage\":{\"@id\":\"https:\\\/\\\/fabriciob.ar\\\/web\\\/madura-otro-impuestazo-municipal-que-podria-superar-tres-veces-la-inflacion-y-los-aumentos-salariales\\\/#primaryimage\"},\"image\":{\"@id\":\"https:\\\/\\\/fabriciob.ar\\\/web\\\/madura-otro-impuestazo-municipal-que-podria-superar-tres-veces-la-inflacion-y-los-aumentos-salariales\\\/#primaryimage\"},\"thumbnailUrl\":\"https:\\\/\\\/fabriciob.ar\\\/web\\\/wp-content\\\/uploads\\\/2024\\\/06\\\/Fabricio.jpeg\",\"datePublished\":\"2024-10-11T16:31:40+00:00\",\"breadcrumb\":{\"@id\":\"https:\\\/\\\/fabriciob.ar\\\/web\\\/madura-otro-impuestazo-municipal-que-podria-superar-tres-veces-la-inflacion-y-los-aumentos-salariales\\\/#breadcrumb\"},\"inLanguage\":\"es\",\"potentialAction\":[{\"@type\":\"ReadAction\",\"target\":[\"https:\\\/\\\/fabriciob.ar\\\/web\\\/madura-otro-impuestazo-municipal-que-podria-superar-tres-veces-la-inflacion-y-los-aumentos-salariales\\\/\"]}]},{\"@type\":\"ImageObject\",\"inLanguage\":\"es\",\"@id\":\"https:\\\/\\\/fabriciob.ar\\\/web\\\/madura-otro-impuestazo-municipal-que-podria-superar-tres-veces-la-inflacion-y-los-aumentos-salariales\\\/#primaryimage\",\"url\":\"https:\\\/\\\/fabriciob.ar\\\/web\\\/wp-content\\\/uploads\\\/2024\\\/06\\\/Fabricio.jpeg\",\"contentUrl\":\"https:\\\/\\\/fabriciob.ar\\\/web\\\/wp-content\\\/uploads\\\/2024\\\/06\\\/Fabricio.jpeg\",\"width\":1100,\"height\":890},{\"@type\":\"BreadcrumbList\",\"@id\":\"https:\\\/\\\/fabriciob.ar\\\/web\\\/madura-otro-impuestazo-municipal-que-podria-superar-tres-veces-la-inflacion-y-los-aumentos-salariales\\\/#breadcrumb\",\"itemListElement\":[{\"@type\":\"ListItem\",\"position\":1,\"name\":\"Portada\",\"item\":\"https:\\\/\\\/fabriciob.ar\\\/web\\\/\"},{\"@type\":\"ListItem\",\"position\":2,\"name\":\"Madura otro impuestazo municipal que podr\u00eda superar tres veces la inflaci\u00f3n y los aumentos salariales\"}]},{\"@type\":\"WebSite\",\"@id\":\"https:\\\/\\\/fabriciob.ar\\\/web\\\/#website\",\"url\":\"https:\\\/\\\/fabriciob.ar\\\/web\\\/\",\"name\":\"Fabricio Bolatti\",\"description\":\"Sitio Oficial-Comunicaci\u00f3n institucional de la gesti\u00f3n legislativa del concejal Fabricio Bolatti con los vecinos y vecinas de la ciudad de Resistencia\",\"publisher\":{\"@id\":\"https:\\\/\\\/fabriciob.ar\\\/web\\\/#organization\"},\"potentialAction\":[{\"@type\":\"SearchAction\",\"target\":{\"@type\":\"EntryPoint\",\"urlTemplate\":\"https:\\\/\\\/fabriciob.ar\\\/web\\\/?s={search_term_string}\"},\"query-input\":{\"@type\":\"PropertyValueSpecification\",\"valueRequired\":true,\"valueName\":\"search_term_string\"}}],\"inLanguage\":\"es\"},{\"@type\":\"Organization\",\"@id\":\"https:\\\/\\\/fabriciob.ar\\\/web\\\/#organization\",\"name\":\"Fabricio Bolatti-Sitio Oficial\",\"url\":\"https:\\\/\\\/fabriciob.ar\\\/web\\\/\",\"logo\":{\"@type\":\"ImageObject\",\"inLanguage\":\"es\",\"@id\":\"https:\\\/\\\/fabriciob.ar\\\/web\\\/#\\\/schema\\\/logo\\\/image\\\/\",\"url\":\"https:\\\/\\\/fabriciob.ar\\\/web\\\/wp-content\\\/uploads\\\/2020\\\/12\\\/cropped-fb-en-el-concejo-a-red-2-1.png\",\"contentUrl\":\"https:\\\/\\\/fabriciob.ar\\\/web\\\/wp-content\\\/uploads\\\/2020\\\/12\\\/cropped-fb-en-el-concejo-a-red-2-1.png\",\"width\":512,\"height\":512,\"caption\":\"Fabricio Bolatti-Sitio Oficial\"},\"image\":{\"@id\":\"https:\\\/\\\/fabriciob.ar\\\/web\\\/#\\\/schema\\\/logo\\\/image\\\/\"},\"sameAs\":[\"https:\\\/\\\/www.facebook.com\\\/fabriciobolattiK\\\/\",\"https:\\\/\\\/x.com\\\/fabriciobolatti\",\"https:\\\/\\\/www.instagram.com\\\/fabriciobolatti\\\/?igshid=7ztsgzj0mwql\",\"https:\\\/\\\/www.youtube.com\\\/channel\\\/UCWLMPKJZG1JgX9U29Pra3ng\"]},{\"@type\":\"Person\",\"@id\":\"https:\\\/\\\/fabriciob.ar\\\/web\\\/#\\\/schema\\\/person\\\/d56dbc2f2489983c5270184312aab61b\",\"name\":\"Equipo Fabricio\",\"image\":{\"@type\":\"ImageObject\",\"inLanguage\":\"es\",\"@id\":\"https:\\\/\\\/secure.gravatar.com\\\/avatar\\\/9d8e99352a71f2ac7e650885bc7721fe9d667070a36c2a5bb86aab909b8cf626?s=96&d=mm&r=g\",\"url\":\"https:\\\/\\\/secure.gravatar.com\\\/avatar\\\/9d8e99352a71f2ac7e650885bc7721fe9d667070a36c2a5bb86aab909b8cf626?s=96&d=mm&r=g\",\"contentUrl\":\"https:\\\/\\\/secure.gravatar.com\\\/avatar\\\/9d8e99352a71f2ac7e650885bc7721fe9d667070a36c2a5bb86aab909b8cf626?s=96&d=mm&r=g\",\"caption\":\"Equipo Fabricio\"},\"url\":\"https:\\\/\\\/fabriciob.ar\\\/web\\\/author\\\/admin\\\/\"}]}<\/script>\n<!-- \/ Yoast SEO plugin. -->","yoast_head_json":{"title":"Madura otro impuestazo municipal que podr\u00eda superar tres veces la inflaci\u00f3n y los aumentos salariales - Fabricio Bolatti","robots":{"index":"index","follow":"follow","max-snippet":"max-snippet:-1","max-image-preview":"max-image-preview:large","max-video-preview":"max-video-preview:-1"},"canonical":"https:\/\/fabriciob.ar\/web\/madura-otro-impuestazo-municipal-que-podria-superar-tres-veces-la-inflacion-y-los-aumentos-salariales\/","og_locale":"es_ES","og_type":"article","og_title":"Madura otro impuestazo municipal que podr\u00eda superar tres veces la inflaci\u00f3n y los aumentos salariales - Fabricio Bolatti","og_url":"https:\/\/fabriciob.ar\/web\/madura-otro-impuestazo-municipal-que-podria-superar-tres-veces-la-inflacion-y-los-aumentos-salariales\/","og_site_name":"Fabricio Bolatti","article_publisher":"https:\/\/www.facebook.com\/fabriciobolattiK\/","article_published_time":"2024-10-11T16:31:40+00:00","og_image":[{"width":1100,"height":890,"url":"https:\/\/fabriciob.ar\/web\/wp-content\/uploads\/2024\/06\/Fabricio.jpeg","type":"image\/jpeg"}],"author":"Equipo Fabricio","twitter_card":"summary_large_image","twitter_creator":"@fabriciobolatti","twitter_site":"@fabriciobolatti","twitter_misc":{"Escrito por":"Equipo Fabricio","Tiempo de lectura":"5 minutos"},"schema":{"@context":"https:\/\/schema.org","@graph":[{"@type":"Article","@id":"https:\/\/fabriciob.ar\/web\/madura-otro-impuestazo-municipal-que-podria-superar-tres-veces-la-inflacion-y-los-aumentos-salariales\/#article","isPartOf":{"@id":"https:\/\/fabriciob.ar\/web\/madura-otro-impuestazo-municipal-que-podria-superar-tres-veces-la-inflacion-y-los-aumentos-salariales\/"},"author":{"name":"Equipo Fabricio","@id":"https:\/\/fabriciob.ar\/web\/#\/schema\/person\/d56dbc2f2489983c5270184312aab61b"},"headline":"Madura otro impuestazo municipal que podr\u00eda superar tres veces la inflaci\u00f3n y los aumentos salariales","datePublished":"2024-10-11T16:31:40+00:00","mainEntityOfPage":{"@id":"https:\/\/fabriciob.ar\/web\/madura-otro-impuestazo-municipal-que-podria-superar-tres-veces-la-inflacion-y-los-aumentos-salariales\/"},"wordCount":958,"commentCount":0,"publisher":{"@id":"https:\/\/fabriciob.ar\/web\/#organization"},"image":{"@id":"https:\/\/fabriciob.ar\/web\/madura-otro-impuestazo-municipal-que-podria-superar-tres-veces-la-inflacion-y-los-aumentos-salariales\/#primaryimage"},"thumbnailUrl":"https:\/\/fabriciob.ar\/web\/wp-content\/uploads\/2024\/06\/Fabricio.jpeg","articleSection":["COMUNICADOS DE PRENSA"],"inLanguage":"es","potentialAction":[{"@type":"CommentAction","name":"Comment","target":["https:\/\/fabriciob.ar\/web\/madura-otro-impuestazo-municipal-que-podria-superar-tres-veces-la-inflacion-y-los-aumentos-salariales\/#respond"]}]},{"@type":"WebPage","@id":"https:\/\/fabriciob.ar\/web\/madura-otro-impuestazo-municipal-que-podria-superar-tres-veces-la-inflacion-y-los-aumentos-salariales\/","url":"https:\/\/fabriciob.ar\/web\/madura-otro-impuestazo-municipal-que-podria-superar-tres-veces-la-inflacion-y-los-aumentos-salariales\/","name":"Madura otro impuestazo municipal que podr\u00eda superar tres veces la inflaci\u00f3n y los aumentos salariales - Fabricio Bolatti","isPartOf":{"@id":"https:\/\/fabriciob.ar\/web\/#website"},"primaryImageOfPage":{"@id":"https:\/\/fabriciob.ar\/web\/madura-otro-impuestazo-municipal-que-podria-superar-tres-veces-la-inflacion-y-los-aumentos-salariales\/#primaryimage"},"image":{"@id":"https:\/\/fabriciob.ar\/web\/madura-otro-impuestazo-municipal-que-podria-superar-tres-veces-la-inflacion-y-los-aumentos-salariales\/#primaryimage"},"thumbnailUrl":"https:\/\/fabriciob.ar\/web\/wp-content\/uploads\/2024\/06\/Fabricio.jpeg","datePublished":"2024-10-11T16:31:40+00:00","breadcrumb":{"@id":"https:\/\/fabriciob.ar\/web\/madura-otro-impuestazo-municipal-que-podria-superar-tres-veces-la-inflacion-y-los-aumentos-salariales\/#breadcrumb"},"inLanguage":"es","potentialAction":[{"@type":"ReadAction","target":["https:\/\/fabriciob.ar\/web\/madura-otro-impuestazo-municipal-que-podria-superar-tres-veces-la-inflacion-y-los-aumentos-salariales\/"]}]},{"@type":"ImageObject","inLanguage":"es","@id":"https:\/\/fabriciob.ar\/web\/madura-otro-impuestazo-municipal-que-podria-superar-tres-veces-la-inflacion-y-los-aumentos-salariales\/#primaryimage","url":"https:\/\/fabriciob.ar\/web\/wp-content\/uploads\/2024\/06\/Fabricio.jpeg","contentUrl":"https:\/\/fabriciob.ar\/web\/wp-content\/uploads\/2024\/06\/Fabricio.jpeg","width":1100,"height":890},{"@type":"BreadcrumbList","@id":"https:\/\/fabriciob.ar\/web\/madura-otro-impuestazo-municipal-que-podria-superar-tres-veces-la-inflacion-y-los-aumentos-salariales\/#breadcrumb","itemListElement":[{"@type":"ListItem","position":1,"name":"Portada","item":"https:\/\/fabriciob.ar\/web\/"},{"@type":"ListItem","position":2,"name":"Madura otro impuestazo municipal que podr\u00eda superar tres veces la inflaci\u00f3n y los aumentos salariales"}]},{"@type":"WebSite","@id":"https:\/\/fabriciob.ar\/web\/#website","url":"https:\/\/fabriciob.ar\/web\/","name":"Fabricio Bolatti","description":"Sitio Oficial-Comunicaci\u00f3n institucional de la gesti\u00f3n legislativa del concejal Fabricio Bolatti con los vecinos y vecinas de la ciudad de Resistencia","publisher":{"@id":"https:\/\/fabriciob.ar\/web\/#organization"},"potentialAction":[{"@type":"SearchAction","target":{"@type":"EntryPoint","urlTemplate":"https:\/\/fabriciob.ar\/web\/?s={search_term_string}"},"query-input":{"@type":"PropertyValueSpecification","valueRequired":true,"valueName":"search_term_string"}}],"inLanguage":"es"},{"@type":"Organization","@id":"https:\/\/fabriciob.ar\/web\/#organization","name":"Fabricio Bolatti-Sitio Oficial","url":"https:\/\/fabriciob.ar\/web\/","logo":{"@type":"ImageObject","inLanguage":"es","@id":"https:\/\/fabriciob.ar\/web\/#\/schema\/logo\/image\/","url":"https:\/\/fabriciob.ar\/web\/wp-content\/uploads\/2020\/12\/cropped-fb-en-el-concejo-a-red-2-1.png","contentUrl":"https:\/\/fabriciob.ar\/web\/wp-content\/uploads\/2020\/12\/cropped-fb-en-el-concejo-a-red-2-1.png","width":512,"height":512,"caption":"Fabricio Bolatti-Sitio Oficial"},"image":{"@id":"https:\/\/fabriciob.ar\/web\/#\/schema\/logo\/image\/"},"sameAs":["https:\/\/www.facebook.com\/fabriciobolattiK\/","https:\/\/x.com\/fabriciobolatti","https:\/\/www.instagram.com\/fabriciobolatti\/?igshid=7ztsgzj0mwql","https:\/\/www.youtube.com\/channel\/UCWLMPKJZG1JgX9U29Pra3ng"]},{"@type":"Person","@id":"https:\/\/fabriciob.ar\/web\/#\/schema\/person\/d56dbc2f2489983c5270184312aab61b","name":"Equipo Fabricio","image":{"@type":"ImageObject","inLanguage":"es","@id":"https:\/\/secure.gravatar.com\/avatar\/9d8e99352a71f2ac7e650885bc7721fe9d667070a36c2a5bb86aab909b8cf626?s=96&d=mm&r=g","url":"https:\/\/secure.gravatar.com\/avatar\/9d8e99352a71f2ac7e650885bc7721fe9d667070a36c2a5bb86aab909b8cf626?s=96&d=mm&r=g","contentUrl":"https:\/\/secure.gravatar.com\/avatar\/9d8e99352a71f2ac7e650885bc7721fe9d667070a36c2a5bb86aab909b8cf626?s=96&d=mm&r=g","caption":"Equipo Fabricio"},"url":"https:\/\/fabriciob.ar\/web\/author\/admin\/"}]}},"_links":{"self":[{"href":"https:\/\/fabriciob.ar\/web\/wp-json\/wp\/v2\/posts\/9273","targetHints":{"allow":["GET"]}}],"collection":[{"href":"https:\/\/fabriciob.ar\/web\/wp-json\/wp\/v2\/posts"}],"about":[{"href":"https:\/\/fabriciob.ar\/web\/wp-json\/wp\/v2\/types\/post"}],"author":[{"embeddable":true,"href":"https:\/\/fabriciob.ar\/web\/wp-json\/wp\/v2\/users\/3"}],"replies":[{"embeddable":true,"href":"https:\/\/fabriciob.ar\/web\/wp-json\/wp\/v2\/comments?post=9273"}],"version-history":[{"count":1,"href":"https:\/\/fabriciob.ar\/web\/wp-json\/wp\/v2\/posts\/9273\/revisions"}],"predecessor-version":[{"id":9274,"href":"https:\/\/fabriciob.ar\/web\/wp-json\/wp\/v2\/posts\/9273\/revisions\/9274"}],"wp:featuredmedia":[{"embeddable":true,"href":"https:\/\/fabriciob.ar\/web\/wp-json\/wp\/v2\/media\/9154"}],"wp:attachment":[{"href":"https:\/\/fabriciob.ar\/web\/wp-json\/wp\/v2\/media?parent=9273"}],"wp:term":[{"taxonomy":"category","embeddable":true,"href":"https:\/\/fabriciob.ar\/web\/wp-json\/wp\/v2\/categories?post=9273"},{"taxonomy":"post_tag","embeddable":true,"href":"https:\/\/fabriciob.ar\/web\/wp-json\/wp\/v2\/tags?post=9273"}],"curies":[{"name":"wp","href":"https:\/\/api.w.org\/{rel}","templated":true}]}}