{"id":9302,"date":"2024-11-02T20:44:29","date_gmt":"2024-11-02T20:44:29","guid":{"rendered":"https:\/\/fabriciob.ar\/web\/?p=9302"},"modified":"2024-11-02T20:44:29","modified_gmt":"2024-11-02T20:44:29","slug":"invitamos-a-acompanar-la-presentacion-del-defensor-del-pueblo-para-transparentar-el-procedimiento-y-costo-del-boleto","status":"publish","type":"post","link":"https:\/\/fabriciob.ar\/web\/invitamos-a-acompanar-la-presentacion-del-defensor-del-pueblo-para-transparentar-el-procedimiento-y-costo-del-boleto\/","title":{"rendered":"Invitamos a acompa\u00f1ar la presentaci\u00f3n del Defensor del Pueblo para transparentar el procedimiento y costo del boleto"},"content":{"rendered":"<p><!--more--><\/p>\n<p>Hemos denunciado ante el Tribunal de Cuentas, la Fiscal\u00eda de Investigaciones Administrativas y la Defensor\u00eda del Pueblo del Chaco, irregularidades observadas en el c\u00e1lculo de costos de la tarifa del Transporte P\u00fablico y procedimiento de las audiencias p\u00fablicas celebradas, porque no se cumple con la normativa y se esconde informaci\u00f3n. Adem\u00e1s, los valores que expone el gobierno no cierran, sus propios n\u00fameros demuestran un sobreprecio que est\u00e1 beneficiando a sector empresarial con transferencias millonarias injustificadas.<\/p>\n<p>Algunas de las denuncias p\u00fablicas e informes que publicamos en estos primeros meses de la gesti\u00f3n tras darse el aumento de m\u00e1s de 1250% en el boleto de colectivo:<\/p>\n<p><a href=\"https:\/\/fabriciob.ar\/web\/bolatti-advierte-sobre-la-existencia-de-sobreprecio-en-la-tarifa-de-colectivo-2\/\">Bolatti advierte sobre la existencia de sobreprecio en la tarifa de colectivo<\/a><\/p>\n<p><a href=\"https:\/\/fabriciob.ar\/web\/bolatti-denuncia-excesivo-precio-del-colectivo-para-el-gran-resistencia\/\">Bolatti denuncia excesivo precio del colectivo para el Gran Resistencia<\/a><\/p>\n<p><a href=\"https:\/\/fabriciob.ar\/web\/informe-sobre-el-costo-del-servicio-de-transporte-publico-de-pasajeros-del-area-metropolitana\/\">Informe sobre el costo del Servicio de Transporte P\u00fablico de Pasajeros del \u00c1rea Metropolitana<\/a><\/p>\n<p><a href=\"https:\/\/fabriciob.ar\/web\/con-los-6000-millones-aportados-por-la-provincia-a-las-empresas-el-boleto-debio-ser-gratis-en-el-area-metropolitana\/\">Con los fondos provinciales otorgados a las empresas de transporte, el boleto debi\u00f3 ser gratis en el \u00c1rea Metropolitana<\/a><\/p>\n<p><a href=\"https:\/\/fabriciob.ar\/web\/bolatti-recurrira-a-la-justicia-y-organismos-de-control-buscando-que-se-retrotraiga-el-valor-abusivo-del-boleto-de-colectivo\/\">Bolatti recurrir\u00e1 a la justicia y organismos de control buscando que se retrotraiga el valor abusivo del boleto de colectivo<\/a><\/p>\n<p><a href=\"https:\/\/fabriciob.ar\/web\/un-boleto-subsidiado-a-590-es-transferir-mas-de-6-500-millones-injustificados-a-empresas-de-transporte\/\">Un boleto subsidiado a $590 es transferir m\u00e1s de $6.500 millones injustificados a empresas de transporte<\/a><\/p>\n<p><a href=\"https:\/\/fabriciob.ar\/web\/pedimos-a-zdero-que-defienda-los-recursos-de-las-familias-chaquenas-y-exija-a-la-nacion-la-restitucion-de-los-fondos\/\">Pedimos a Zdero que defienda los recursos de las familias chaque\u00f1as y exija a la Naci\u00f3n la restituci\u00f3n de los fondos<\/a><\/p>\n<p><a href=\"https:\/\/fabriciob.ar\/web\/volvimos-a-la-epoca-donde-el-cuadro-de-costos-lo-hacian-las-empresas\/\">Volvimos a la \u00e9poca donde el cuadro de costos lo hac\u00edan las empresas<\/a><\/p>\n<p>&nbsp;<\/p>\n<p>Valoramos el rol y proceder del Defensor del Pueblo del Chaco, Bernardo Voloj, quien logr\u00f3 v\u00eda presentaci\u00f3n judicial suspender el \u00faltimo incremento establecido por el gobierno provincial y las empresas prestatarias, por no cumplirse la normativa y que de concretarse, seg\u00fan nuestro informe, va a permitir la transferencia injustificada de m\u00e1s de 3.000 millones de pesos para dar el servicio, y que no benefician a las y los usuarios, solo a las arcas de las empresas y terceros. Porque son recursos que se cobra por encima del costo real del boleto.<\/p>\n<p>Por ello te invitamos a acompa\u00f1ar la presentaci\u00f3n del Defensor del Pueblo y que juntos podamos hacer fuerza para transparentar el procedimiento y con esto, el valor del boleto completando el siguiente formulario:<\/p>\n<p><a href=\"https:\/\/forms.gle\/FQjNTxn9ptSVaEjw9\">Completar formulario de Adhesi\u00f3n contra las irregularidades en el aumento del Transporte P\u00fablico del Gran Resistencia<\/a><\/p>\n<p>&nbsp;<\/p>\n<p>&nbsp;<\/p>\n","protected":false},"excerpt":{"rendered":"","protected":false},"author":3,"featured_media":9303,"comment_status":"open","ping_status":"open","sticky":false,"template":"","format":"standard","meta":{"_joinchat":[],"footnotes":""},"categories":[27],"tags":[],"class_list":["post-9302","post","type-post","status-publish","format-standard","has-post-thumbnail","hentry","category-comunicados-de-prensa"],"yoast_head":"<!-- This site is optimized with the Yoast SEO plugin v27.5 - https:\/\/yoast.com\/product\/yoast-seo-wordpress\/ -->\n<title>Invitamos a acompa\u00f1ar la presentaci\u00f3n del Defensor del Pueblo para transparentar el procedimiento y costo del boleto - Fabricio Bolatti<\/title>\n<meta name=\"robots\" content=\"index, follow, max-snippet:-1, max-image-preview:large, max-video-preview:-1\" \/>\n<link rel=\"canonical\" href=\"https:\/\/fabriciob.ar\/web\/invitamos-a-acompanar-la-presentacion-del-defensor-del-pueblo-para-transparentar-el-procedimiento-y-costo-del-boleto\/\" \/>\n<meta property=\"og:locale\" content=\"es_ES\" \/>\n<meta property=\"og:type\" content=\"article\" \/>\n<meta property=\"og:title\" content=\"Invitamos a acompa\u00f1ar la presentaci\u00f3n del Defensor del Pueblo para transparentar el procedimiento y costo del boleto - Fabricio Bolatti\" \/>\n<meta property=\"og:url\" content=\"https:\/\/fabriciob.ar\/web\/invitamos-a-acompanar-la-presentacion-del-defensor-del-pueblo-para-transparentar-el-procedimiento-y-costo-del-boleto\/\" \/>\n<meta property=\"og:site_name\" content=\"Fabricio Bolatti\" \/>\n<meta property=\"article:publisher\" content=\"https:\/\/www.facebook.com\/fabriciobolattiK\/\" \/>\n<meta property=\"article:published_time\" content=\"2024-11-02T20:44:29+00:00\" \/>\n<meta property=\"og:image\" content=\"https:\/\/fabriciob.ar\/web\/wp-content\/uploads\/2024\/11\/WhatsApp-Image-2024-11-02-at-17.17.38-e1730579284307.jpeg\" \/>\n\t<meta property=\"og:image:width\" content=\"768\" \/>\n\t<meta property=\"og:image:height\" content=\"656\" \/>\n\t<meta property=\"og:image:type\" content=\"image\/jpeg\" \/>\n<meta name=\"author\" content=\"Equipo Fabricio\" \/>\n<meta name=\"twitter:card\" content=\"summary_large_image\" \/>\n<meta name=\"twitter:creator\" content=\"@fabriciobolatti\" \/>\n<meta name=\"twitter:site\" content=\"@fabriciobolatti\" \/>\n<meta name=\"twitter:label1\" content=\"Escrito por\" \/>\n\t<meta name=\"twitter:data1\" content=\"Equipo Fabricio\" \/>\n\t<meta name=\"twitter:label2\" content=\"Tiempo de lectura\" \/>\n\t<meta name=\"twitter:data2\" content=\"2 minutos\" \/>\n<script type=\"application\/ld+json\" class=\"yoast-schema-graph\">{\"@context\":\"https:\\\/\\\/schema.org\",\"@graph\":[{\"@type\":\"Article\",\"@id\":\"https:\\\/\\\/fabriciob.ar\\\/web\\\/invitamos-a-acompanar-la-presentacion-del-defensor-del-pueblo-para-transparentar-el-procedimiento-y-costo-del-boleto\\\/#article\",\"isPartOf\":{\"@id\":\"https:\\\/\\\/fabriciob.ar\\\/web\\\/invitamos-a-acompanar-la-presentacion-del-defensor-del-pueblo-para-transparentar-el-procedimiento-y-costo-del-boleto\\\/\"},\"author\":{\"name\":\"Equipo Fabricio\",\"@id\":\"https:\\\/\\\/fabriciob.ar\\\/web\\\/#\\\/schema\\\/person\\\/d56dbc2f2489983c5270184312aab61b\"},\"headline\":\"Invitamos a acompa\u00f1ar la presentaci\u00f3n del Defensor del Pueblo para transparentar el procedimiento y costo del boleto\",\"datePublished\":\"2024-11-02T20:44:29+00:00\",\"mainEntityOfPage\":{\"@id\":\"https:\\\/\\\/fabriciob.ar\\\/web\\\/invitamos-a-acompanar-la-presentacion-del-defensor-del-pueblo-para-transparentar-el-procedimiento-y-costo-del-boleto\\\/\"},\"wordCount\":412,\"commentCount\":0,\"publisher\":{\"@id\":\"https:\\\/\\\/fabriciob.ar\\\/web\\\/#organization\"},\"image\":{\"@id\":\"https:\\\/\\\/fabriciob.ar\\\/web\\\/invitamos-a-acompanar-la-presentacion-del-defensor-del-pueblo-para-transparentar-el-procedimiento-y-costo-del-boleto\\\/#primaryimage\"},\"thumbnailUrl\":\"https:\\\/\\\/fabriciob.ar\\\/web\\\/wp-content\\\/uploads\\\/2024\\\/11\\\/WhatsApp-Image-2024-11-02-at-17.17.38-e1730579284307.jpeg\",\"articleSection\":[\"COMUNICADOS DE PRENSA\"],\"inLanguage\":\"es\",\"potentialAction\":[{\"@type\":\"CommentAction\",\"name\":\"Comment\",\"target\":[\"https:\\\/\\\/fabriciob.ar\\\/web\\\/invitamos-a-acompanar-la-presentacion-del-defensor-del-pueblo-para-transparentar-el-procedimiento-y-costo-del-boleto\\\/#respond\"]}]},{\"@type\":\"WebPage\",\"@id\":\"https:\\\/\\\/fabriciob.ar\\\/web\\\/invitamos-a-acompanar-la-presentacion-del-defensor-del-pueblo-para-transparentar-el-procedimiento-y-costo-del-boleto\\\/\",\"url\":\"https:\\\/\\\/fabriciob.ar\\\/web\\\/invitamos-a-acompanar-la-presentacion-del-defensor-del-pueblo-para-transparentar-el-procedimiento-y-costo-del-boleto\\\/\",\"name\":\"Invitamos a acompa\u00f1ar la presentaci\u00f3n del Defensor del Pueblo para transparentar el procedimiento y costo del boleto - Fabricio Bolatti\",\"isPartOf\":{\"@id\":\"https:\\\/\\\/fabriciob.ar\\\/web\\\/#website\"},\"primaryImageOfPage\":{\"@id\":\"https:\\\/\\\/fabriciob.ar\\\/web\\\/invitamos-a-acompanar-la-presentacion-del-defensor-del-pueblo-para-transparentar-el-procedimiento-y-costo-del-boleto\\\/#primaryimage\"},\"image\":{\"@id\":\"https:\\\/\\\/fabriciob.ar\\\/web\\\/invitamos-a-acompanar-la-presentacion-del-defensor-del-pueblo-para-transparentar-el-procedimiento-y-costo-del-boleto\\\/#primaryimage\"},\"thumbnailUrl\":\"https:\\\/\\\/fabriciob.ar\\\/web\\\/wp-content\\\/uploads\\\/2024\\\/11\\\/WhatsApp-Image-2024-11-02-at-17.17.38-e1730579284307.jpeg\",\"datePublished\":\"2024-11-02T20:44:29+00:00\",\"breadcrumb\":{\"@id\":\"https:\\\/\\\/fabriciob.ar\\\/web\\\/invitamos-a-acompanar-la-presentacion-del-defensor-del-pueblo-para-transparentar-el-procedimiento-y-costo-del-boleto\\\/#breadcrumb\"},\"inLanguage\":\"es\",\"potentialAction\":[{\"@type\":\"ReadAction\",\"target\":[\"https:\\\/\\\/fabriciob.ar\\\/web\\\/invitamos-a-acompanar-la-presentacion-del-defensor-del-pueblo-para-transparentar-el-procedimiento-y-costo-del-boleto\\\/\"]}]},{\"@type\":\"ImageObject\",\"inLanguage\":\"es\",\"@id\":\"https:\\\/\\\/fabriciob.ar\\\/web\\\/invitamos-a-acompanar-la-presentacion-del-defensor-del-pueblo-para-transparentar-el-procedimiento-y-costo-del-boleto\\\/#primaryimage\",\"url\":\"https:\\\/\\\/fabriciob.ar\\\/web\\\/wp-content\\\/uploads\\\/2024\\\/11\\\/WhatsApp-Image-2024-11-02-at-17.17.38-e1730579284307.jpeg\",\"contentUrl\":\"https:\\\/\\\/fabriciob.ar\\\/web\\\/wp-content\\\/uploads\\\/2024\\\/11\\\/WhatsApp-Image-2024-11-02-at-17.17.38-e1730579284307.jpeg\",\"width\":768,\"height\":656},{\"@type\":\"BreadcrumbList\",\"@id\":\"https:\\\/\\\/fabriciob.ar\\\/web\\\/invitamos-a-acompanar-la-presentacion-del-defensor-del-pueblo-para-transparentar-el-procedimiento-y-costo-del-boleto\\\/#breadcrumb\",\"itemListElement\":[{\"@type\":\"ListItem\",\"position\":1,\"name\":\"Portada\",\"item\":\"https:\\\/\\\/fabriciob.ar\\\/web\\\/\"},{\"@type\":\"ListItem\",\"position\":2,\"name\":\"Invitamos a acompa\u00f1ar la presentaci\u00f3n del Defensor del Pueblo para transparentar el procedimiento y costo del boleto\"}]},{\"@type\":\"WebSite\",\"@id\":\"https:\\\/\\\/fabriciob.ar\\\/web\\\/#website\",\"url\":\"https:\\\/\\\/fabriciob.ar\\\/web\\\/\",\"name\":\"Fabricio Bolatti\",\"description\":\"Sitio Oficial-Comunicaci\u00f3n institucional de la gesti\u00f3n legislativa del concejal Fabricio Bolatti con los vecinos y vecinas de la ciudad de Resistencia\",\"publisher\":{\"@id\":\"https:\\\/\\\/fabriciob.ar\\\/web\\\/#organization\"},\"potentialAction\":[{\"@type\":\"SearchAction\",\"target\":{\"@type\":\"EntryPoint\",\"urlTemplate\":\"https:\\\/\\\/fabriciob.ar\\\/web\\\/?s={search_term_string}\"},\"query-input\":{\"@type\":\"PropertyValueSpecification\",\"valueRequired\":true,\"valueName\":\"search_term_string\"}}],\"inLanguage\":\"es\"},{\"@type\":\"Organization\",\"@id\":\"https:\\\/\\\/fabriciob.ar\\\/web\\\/#organization\",\"name\":\"Fabricio Bolatti-Sitio Oficial\",\"url\":\"https:\\\/\\\/fabriciob.ar\\\/web\\\/\",\"logo\":{\"@type\":\"ImageObject\",\"inLanguage\":\"es\",\"@id\":\"https:\\\/\\\/fabriciob.ar\\\/web\\\/#\\\/schema\\\/logo\\\/image\\\/\",\"url\":\"https:\\\/\\\/fabriciob.ar\\\/web\\\/wp-content\\\/uploads\\\/2020\\\/12\\\/cropped-fb-en-el-concejo-a-red-2-1.png\",\"contentUrl\":\"https:\\\/\\\/fabriciob.ar\\\/web\\\/wp-content\\\/uploads\\\/2020\\\/12\\\/cropped-fb-en-el-concejo-a-red-2-1.png\",\"width\":512,\"height\":512,\"caption\":\"Fabricio Bolatti-Sitio Oficial\"},\"image\":{\"@id\":\"https:\\\/\\\/fabriciob.ar\\\/web\\\/#\\\/schema\\\/logo\\\/image\\\/\"},\"sameAs\":[\"https:\\\/\\\/www.facebook.com\\\/fabriciobolattiK\\\/\",\"https:\\\/\\\/x.com\\\/fabriciobolatti\",\"https:\\\/\\\/www.instagram.com\\\/fabriciobolatti\\\/?igshid=7ztsgzj0mwql\",\"https:\\\/\\\/www.youtube.com\\\/channel\\\/UCWLMPKJZG1JgX9U29Pra3ng\"]},{\"@type\":\"Person\",\"@id\":\"https:\\\/\\\/fabriciob.ar\\\/web\\\/#\\\/schema\\\/person\\\/d56dbc2f2489983c5270184312aab61b\",\"name\":\"Equipo Fabricio\",\"image\":{\"@type\":\"ImageObject\",\"inLanguage\":\"es\",\"@id\":\"https:\\\/\\\/secure.gravatar.com\\\/avatar\\\/9d8e99352a71f2ac7e650885bc7721fe9d667070a36c2a5bb86aab909b8cf626?s=96&d=mm&r=g\",\"url\":\"https:\\\/\\\/secure.gravatar.com\\\/avatar\\\/9d8e99352a71f2ac7e650885bc7721fe9d667070a36c2a5bb86aab909b8cf626?s=96&d=mm&r=g\",\"contentUrl\":\"https:\\\/\\\/secure.gravatar.com\\\/avatar\\\/9d8e99352a71f2ac7e650885bc7721fe9d667070a36c2a5bb86aab909b8cf626?s=96&d=mm&r=g\",\"caption\":\"Equipo Fabricio\"},\"url\":\"https:\\\/\\\/fabriciob.ar\\\/web\\\/author\\\/admin\\\/\"}]}<\/script>\n<!-- \/ Yoast SEO plugin. -->","yoast_head_json":{"title":"Invitamos a acompa\u00f1ar la presentaci\u00f3n del Defensor del Pueblo para transparentar el procedimiento y costo del boleto - Fabricio Bolatti","robots":{"index":"index","follow":"follow","max-snippet":"max-snippet:-1","max-image-preview":"max-image-preview:large","max-video-preview":"max-video-preview:-1"},"canonical":"https:\/\/fabriciob.ar\/web\/invitamos-a-acompanar-la-presentacion-del-defensor-del-pueblo-para-transparentar-el-procedimiento-y-costo-del-boleto\/","og_locale":"es_ES","og_type":"article","og_title":"Invitamos a acompa\u00f1ar la presentaci\u00f3n del Defensor del Pueblo para transparentar el procedimiento y costo del boleto - Fabricio Bolatti","og_url":"https:\/\/fabriciob.ar\/web\/invitamos-a-acompanar-la-presentacion-del-defensor-del-pueblo-para-transparentar-el-procedimiento-y-costo-del-boleto\/","og_site_name":"Fabricio Bolatti","article_publisher":"https:\/\/www.facebook.com\/fabriciobolattiK\/","article_published_time":"2024-11-02T20:44:29+00:00","og_image":[{"width":768,"height":656,"url":"https:\/\/fabriciob.ar\/web\/wp-content\/uploads\/2024\/11\/WhatsApp-Image-2024-11-02-at-17.17.38-e1730579284307.jpeg","type":"image\/jpeg"}],"author":"Equipo Fabricio","twitter_card":"summary_large_image","twitter_creator":"@fabriciobolatti","twitter_site":"@fabriciobolatti","twitter_misc":{"Escrito por":"Equipo Fabricio","Tiempo de lectura":"2 minutos"},"schema":{"@context":"https:\/\/schema.org","@graph":[{"@type":"Article","@id":"https:\/\/fabriciob.ar\/web\/invitamos-a-acompanar-la-presentacion-del-defensor-del-pueblo-para-transparentar-el-procedimiento-y-costo-del-boleto\/#article","isPartOf":{"@id":"https:\/\/fabriciob.ar\/web\/invitamos-a-acompanar-la-presentacion-del-defensor-del-pueblo-para-transparentar-el-procedimiento-y-costo-del-boleto\/"},"author":{"name":"Equipo Fabricio","@id":"https:\/\/fabriciob.ar\/web\/#\/schema\/person\/d56dbc2f2489983c5270184312aab61b"},"headline":"Invitamos a acompa\u00f1ar la presentaci\u00f3n del Defensor del Pueblo para transparentar el procedimiento y costo del boleto","datePublished":"2024-11-02T20:44:29+00:00","mainEntityOfPage":{"@id":"https:\/\/fabriciob.ar\/web\/invitamos-a-acompanar-la-presentacion-del-defensor-del-pueblo-para-transparentar-el-procedimiento-y-costo-del-boleto\/"},"wordCount":412,"commentCount":0,"publisher":{"@id":"https:\/\/fabriciob.ar\/web\/#organization"},"image":{"@id":"https:\/\/fabriciob.ar\/web\/invitamos-a-acompanar-la-presentacion-del-defensor-del-pueblo-para-transparentar-el-procedimiento-y-costo-del-boleto\/#primaryimage"},"thumbnailUrl":"https:\/\/fabriciob.ar\/web\/wp-content\/uploads\/2024\/11\/WhatsApp-Image-2024-11-02-at-17.17.38-e1730579284307.jpeg","articleSection":["COMUNICADOS DE PRENSA"],"inLanguage":"es","potentialAction":[{"@type":"CommentAction","name":"Comment","target":["https:\/\/fabriciob.ar\/web\/invitamos-a-acompanar-la-presentacion-del-defensor-del-pueblo-para-transparentar-el-procedimiento-y-costo-del-boleto\/#respond"]}]},{"@type":"WebPage","@id":"https:\/\/fabriciob.ar\/web\/invitamos-a-acompanar-la-presentacion-del-defensor-del-pueblo-para-transparentar-el-procedimiento-y-costo-del-boleto\/","url":"https:\/\/fabriciob.ar\/web\/invitamos-a-acompanar-la-presentacion-del-defensor-del-pueblo-para-transparentar-el-procedimiento-y-costo-del-boleto\/","name":"Invitamos a acompa\u00f1ar la presentaci\u00f3n del Defensor del Pueblo para transparentar el procedimiento y costo del boleto - Fabricio Bolatti","isPartOf":{"@id":"https:\/\/fabriciob.ar\/web\/#website"},"primaryImageOfPage":{"@id":"https:\/\/fabriciob.ar\/web\/invitamos-a-acompanar-la-presentacion-del-defensor-del-pueblo-para-transparentar-el-procedimiento-y-costo-del-boleto\/#primaryimage"},"image":{"@id":"https:\/\/fabriciob.ar\/web\/invitamos-a-acompanar-la-presentacion-del-defensor-del-pueblo-para-transparentar-el-procedimiento-y-costo-del-boleto\/#primaryimage"},"thumbnailUrl":"https:\/\/fabriciob.ar\/web\/wp-content\/uploads\/2024\/11\/WhatsApp-Image-2024-11-02-at-17.17.38-e1730579284307.jpeg","datePublished":"2024-11-02T20:44:29+00:00","breadcrumb":{"@id":"https:\/\/fabriciob.ar\/web\/invitamos-a-acompanar-la-presentacion-del-defensor-del-pueblo-para-transparentar-el-procedimiento-y-costo-del-boleto\/#breadcrumb"},"inLanguage":"es","potentialAction":[{"@type":"ReadAction","target":["https:\/\/fabriciob.ar\/web\/invitamos-a-acompanar-la-presentacion-del-defensor-del-pueblo-para-transparentar-el-procedimiento-y-costo-del-boleto\/"]}]},{"@type":"ImageObject","inLanguage":"es","@id":"https:\/\/fabriciob.ar\/web\/invitamos-a-acompanar-la-presentacion-del-defensor-del-pueblo-para-transparentar-el-procedimiento-y-costo-del-boleto\/#primaryimage","url":"https:\/\/fabriciob.ar\/web\/wp-content\/uploads\/2024\/11\/WhatsApp-Image-2024-11-02-at-17.17.38-e1730579284307.jpeg","contentUrl":"https:\/\/fabriciob.ar\/web\/wp-content\/uploads\/2024\/11\/WhatsApp-Image-2024-11-02-at-17.17.38-e1730579284307.jpeg","width":768,"height":656},{"@type":"BreadcrumbList","@id":"https:\/\/fabriciob.ar\/web\/invitamos-a-acompanar-la-presentacion-del-defensor-del-pueblo-para-transparentar-el-procedimiento-y-costo-del-boleto\/#breadcrumb","itemListElement":[{"@type":"ListItem","position":1,"name":"Portada","item":"https:\/\/fabriciob.ar\/web\/"},{"@type":"ListItem","position":2,"name":"Invitamos a acompa\u00f1ar la presentaci\u00f3n del Defensor del Pueblo para transparentar el procedimiento y costo del boleto"}]},{"@type":"WebSite","@id":"https:\/\/fabriciob.ar\/web\/#website","url":"https:\/\/fabriciob.ar\/web\/","name":"Fabricio Bolatti","description":"Sitio Oficial-Comunicaci\u00f3n institucional de la gesti\u00f3n legislativa del concejal Fabricio Bolatti con los vecinos y vecinas de la ciudad de Resistencia","publisher":{"@id":"https:\/\/fabriciob.ar\/web\/#organization"},"potentialAction":[{"@type":"SearchAction","target":{"@type":"EntryPoint","urlTemplate":"https:\/\/fabriciob.ar\/web\/?s={search_term_string}"},"query-input":{"@type":"PropertyValueSpecification","valueRequired":true,"valueName":"search_term_string"}}],"inLanguage":"es"},{"@type":"Organization","@id":"https:\/\/fabriciob.ar\/web\/#organization","name":"Fabricio Bolatti-Sitio Oficial","url":"https:\/\/fabriciob.ar\/web\/","logo":{"@type":"ImageObject","inLanguage":"es","@id":"https:\/\/fabriciob.ar\/web\/#\/schema\/logo\/image\/","url":"https:\/\/fabriciob.ar\/web\/wp-content\/uploads\/2020\/12\/cropped-fb-en-el-concejo-a-red-2-1.png","contentUrl":"https:\/\/fabriciob.ar\/web\/wp-content\/uploads\/2020\/12\/cropped-fb-en-el-concejo-a-red-2-1.png","width":512,"height":512,"caption":"Fabricio Bolatti-Sitio Oficial"},"image":{"@id":"https:\/\/fabriciob.ar\/web\/#\/schema\/logo\/image\/"},"sameAs":["https:\/\/www.facebook.com\/fabriciobolattiK\/","https:\/\/x.com\/fabriciobolatti","https:\/\/www.instagram.com\/fabriciobolatti\/?igshid=7ztsgzj0mwql","https:\/\/www.youtube.com\/channel\/UCWLMPKJZG1JgX9U29Pra3ng"]},{"@type":"Person","@id":"https:\/\/fabriciob.ar\/web\/#\/schema\/person\/d56dbc2f2489983c5270184312aab61b","name":"Equipo Fabricio","image":{"@type":"ImageObject","inLanguage":"es","@id":"https:\/\/secure.gravatar.com\/avatar\/9d8e99352a71f2ac7e650885bc7721fe9d667070a36c2a5bb86aab909b8cf626?s=96&d=mm&r=g","url":"https:\/\/secure.gravatar.com\/avatar\/9d8e99352a71f2ac7e650885bc7721fe9d667070a36c2a5bb86aab909b8cf626?s=96&d=mm&r=g","contentUrl":"https:\/\/secure.gravatar.com\/avatar\/9d8e99352a71f2ac7e650885bc7721fe9d667070a36c2a5bb86aab909b8cf626?s=96&d=mm&r=g","caption":"Equipo Fabricio"},"url":"https:\/\/fabriciob.ar\/web\/author\/admin\/"}]}},"_links":{"self":[{"href":"https:\/\/fabriciob.ar\/web\/wp-json\/wp\/v2\/posts\/9302","targetHints":{"allow":["GET"]}}],"collection":[{"href":"https:\/\/fabriciob.ar\/web\/wp-json\/wp\/v2\/posts"}],"about":[{"href":"https:\/\/fabriciob.ar\/web\/wp-json\/wp\/v2\/types\/post"}],"author":[{"embeddable":true,"href":"https:\/\/fabriciob.ar\/web\/wp-json\/wp\/v2\/users\/3"}],"replies":[{"embeddable":true,"href":"https:\/\/fabriciob.ar\/web\/wp-json\/wp\/v2\/comments?post=9302"}],"version-history":[{"count":1,"href":"https:\/\/fabriciob.ar\/web\/wp-json\/wp\/v2\/posts\/9302\/revisions"}],"predecessor-version":[{"id":9304,"href":"https:\/\/fabriciob.ar\/web\/wp-json\/wp\/v2\/posts\/9302\/revisions\/9304"}],"wp:featuredmedia":[{"embeddable":true,"href":"https:\/\/fabriciob.ar\/web\/wp-json\/wp\/v2\/media\/9303"}],"wp:attachment":[{"href":"https:\/\/fabriciob.ar\/web\/wp-json\/wp\/v2\/media?parent=9302"}],"wp:term":[{"taxonomy":"category","embeddable":true,"href":"https:\/\/fabriciob.ar\/web\/wp-json\/wp\/v2\/categories?post=9302"},{"taxonomy":"post_tag","embeddable":true,"href":"https:\/\/fabriciob.ar\/web\/wp-json\/wp\/v2\/tags?post=9302"}],"curies":[{"name":"wp","href":"https:\/\/api.w.org\/{rel}","templated":true}]}}