{"id":9401,"date":"2024-12-16T20:23:40","date_gmt":"2024-12-16T20:23:40","guid":{"rendered":"https:\/\/fabriciob.ar\/web\/?p=9401"},"modified":"2024-12-16T20:23:40","modified_gmt":"2024-12-16T20:23:40","slug":"mantener-firme-nuestro-compromiso-con-los-valores-de-la-justicia-social-y-la-defensa-del-estado-como-promotor-del-desarrollo-y-garante-de-derechos","status":"publish","type":"post","link":"https:\/\/fabriciob.ar\/web\/mantener-firme-nuestro-compromiso-con-los-valores-de-la-justicia-social-y-la-defensa-del-estado-como-promotor-del-desarrollo-y-garante-de-derechos\/","title":{"rendered":"Mantener firme nuestro compromiso con los valores de la justicia social y la defensa del Estado como promotor del desarrollo y garante de derechos"},"content":{"rendered":"<p><!--more--><\/p>\n<p><span style=\"font-weight: 400;\">El s\u00e1bado 14 de diciembre, se llev\u00f3 a cabo en las instalaciones del Club San Fernando el II Plenario del <\/span><b>Frente Grande Resistencia<\/b><span style=\"font-weight: 400;\">, corriente interna del Frente Grande Distrito Chaco, donde se debatieron propuestas clave para fortalecer la organizaci\u00f3n y definir una estrategia rumbo a 2025.<\/span><\/p>\n<div id='gallery-1' class='gallery galleryid-9401 gallery-columns-3 gallery-size-medium'><figure class='gallery-item'>\n\t\t\t<div class='gallery-icon landscape'>\n\t\t\t\t<a href='https:\/\/fabriciob.ar\/web\/mantener-firme-nuestro-compromiso-con-los-valores-de-la-justicia-social-y-la-defensa-del-estado-como-promotor-del-desarrollo-y-garante-de-derechos\/2-133\/'><img decoding=\"async\" width=\"300\" height=\"166\" src=\"https:\/\/fabriciob.ar\/web\/wp-content\/uploads\/2024\/12\/2-300x166.jpg\" class=\"attachment-medium size-medium\" alt=\"\" srcset=\"https:\/\/fabriciob.ar\/web\/wp-content\/uploads\/2024\/12\/2-300x166.jpg 300w, https:\/\/fabriciob.ar\/web\/wp-content\/uploads\/2024\/12\/2-1024x566.jpg 1024w, https:\/\/fabriciob.ar\/web\/wp-content\/uploads\/2024\/12\/2-768x424.jpg 768w, https:\/\/fabriciob.ar\/web\/wp-content\/uploads\/2024\/12\/2-1536x849.jpg 1536w, https:\/\/fabriciob.ar\/web\/wp-content\/uploads\/2024\/12\/2-2048x1132.jpg 2048w\" sizes=\"(max-width: 300px) 100vw, 300px\" \/><\/a>\n\t\t\t<\/div><\/figure><figure class='gallery-item'>\n\t\t\t<div class='gallery-icon landscape'>\n\t\t\t\t<a href='https:\/\/fabriciob.ar\/web\/mantener-firme-nuestro-compromiso-con-los-valores-de-la-justicia-social-y-la-defensa-del-estado-como-promotor-del-desarrollo-y-garante-de-derechos\/4-110\/'><img fetchpriority=\"high\" decoding=\"async\" width=\"300\" height=\"183\" src=\"https:\/\/fabriciob.ar\/web\/wp-content\/uploads\/2024\/12\/4-300x183.jpg\" class=\"attachment-medium size-medium\" alt=\"\" srcset=\"https:\/\/fabriciob.ar\/web\/wp-content\/uploads\/2024\/12\/4-300x183.jpg 300w, https:\/\/fabriciob.ar\/web\/wp-content\/uploads\/2024\/12\/4-1024x624.jpg 1024w, https:\/\/fabriciob.ar\/web\/wp-content\/uploads\/2024\/12\/4-768x468.jpg 768w, https:\/\/fabriciob.ar\/web\/wp-content\/uploads\/2024\/12\/4-1536x936.jpg 1536w, https:\/\/fabriciob.ar\/web\/wp-content\/uploads\/2024\/12\/4-2048x1248.jpg 2048w\" sizes=\"(max-width: 300px) 100vw, 300px\" \/><\/a>\n\t\t\t<\/div><\/figure><figure class='gallery-item'>\n\t\t\t<div class='gallery-icon landscape'>\n\t\t\t\t<a href='https:\/\/fabriciob.ar\/web\/mantener-firme-nuestro-compromiso-con-los-valores-de-la-justicia-social-y-la-defensa-del-estado-como-promotor-del-desarrollo-y-garante-de-derechos\/13-7\/'><img decoding=\"async\" width=\"300\" height=\"169\" src=\"https:\/\/fabriciob.ar\/web\/wp-content\/uploads\/2024\/12\/13-300x169.jpg\" class=\"attachment-medium size-medium\" alt=\"\" srcset=\"https:\/\/fabriciob.ar\/web\/wp-content\/uploads\/2024\/12\/13-300x169.jpg 300w, https:\/\/fabriciob.ar\/web\/wp-content\/uploads\/2024\/12\/13-1024x576.jpg 1024w, https:\/\/fabriciob.ar\/web\/wp-content\/uploads\/2024\/12\/13-768x432.jpg 768w, https:\/\/fabriciob.ar\/web\/wp-content\/uploads\/2024\/12\/13-1536x864.jpg 1536w, https:\/\/fabriciob.ar\/web\/wp-content\/uploads\/2024\/12\/13-2048x1153.jpg 2048w\" sizes=\"(max-width: 300px) 100vw, 300px\" \/><\/a>\n\t\t\t<\/div><\/figure>\n\t\t<\/div>\n\n<p><span style=\"font-weight: 400;\">El plenario destac\u00f3 la necesidad urgente de construir una herramienta pol\u00edtica con un programa claro, enfocado en soluciones duraderas para los problemas de las grandes mayor\u00edas. \u201cDebemos ser capaces de mostrar a la sociedad que podemos ser un instrumento real de cambio, que nuestras propuestas impactar\u00e1n positivamente en su vida cotidiana, mejorando la educaci\u00f3n, la salud, la vivienda y la seguridad, en resumen, recuperando los derechos perdidos\u201d, coincidieron.<\/span><\/p>\n<p>&nbsp;<\/p>\n<p><span style=\"font-weight: 400;\">Tambi\u00e9n se enfatiz\u00f3 en la importancia de una actualizaci\u00f3n doctrinaria, sin abandonar los principios de justicia social, inclusi\u00f3n y equidad que siempre los han guiado. \u201cLa situaci\u00f3n social y pol\u00edtica tanto a nivel nacional, como provincial y municipal es compleja. En un contexto de creciente polarizaci\u00f3n y ataques constantes por parte del oficialismo nacional, es fundamental mantener firme nuestro compromiso con los valores democr\u00e1ticos de la justicia social y la defensa del Estado como conductor y promotor del desarrollo y garante de los derechos de los sectores populares\u201d.\u00a0<\/span><\/p>\n<p>&nbsp;<\/p>\n<p><span style=\"font-weight: 400;\">\u201cSuperar este modelo, para recuperar el bienestar del pueblo, depender\u00e1 de nuestra capacidad de construir colectivamente una propuesta program\u00e1tica que incluya reformas en planos de los servicios y la organizaci\u00f3n estatales que ya no funcionan como en otros tiempos\u201d, sostuvieron.<\/span><\/p>\n<p>&nbsp;<\/p>\n<p><span style=\"font-weight: 400;\">En este sentido, se discuti\u00f3 la necesidad de reorganizar internamente al Frente Grande Resistencia, expandiendo la presencia territorial, desarrollando actividades formativas y estableciendo alianzas con sectores populares, trabajadores, trabajadoras, el sector empresarial comprometido con el desarrollo econ\u00f3mico de las y los chaque\u00f1os.<\/span><\/p>\n<p>&nbsp;<\/p>\n<p><span style=\"font-weight: 400;\">Las y los participantes coincidieron adem\u00e1s, en la importancia de fortalecer la unidad y la militancia territorial, pero entendiendo que el prop\u00f3sito es reconstruir una fuerza pol\u00edtica, dando vida a una herramienta electoral que exprese y represente a las mayor\u00edas. <\/span><b><i>\u201c<\/i><\/b><b>Mucho se habla hoy de unidad, pero en esta discusi\u00f3n hay actores del campo popular que han reducido la pol\u00edtica a la satisfacci\u00f3n de intereses personales,<\/b><span style=\"font-weight: 400;\"> donde el individualismo y <\/span><b>la vieja pr\u00e1ctica de subastar espacios de representaci\u00f3n<\/b><span style=\"font-weight: 400;\">, siguen primando por sobre la urgencia de reestructurar y renovar el frente pol\u00edtico del que formamos parte; para lograr que la pol\u00edtica vuelva a ser verdaderamente transformadora, debemos volver a militar el territorio, e involucrando en el debate con todos los sectores\u201d.<\/span><\/p>\n<p>&nbsp;<\/p>\n<p><span style=\"font-weight: 400;\">Por \u00faltimo, con miras a 2025, el plenario reafirm\u00f3 su compromiso con una pol\u00edtica de esperanza, lejos de los discursos divisivos y autoritarios. La resistencia ser\u00e1 el motor para la construcci\u00f3n de una alternativa pol\u00edtica real, inclusiva y transformadora, que recupere la confianza de las grandes mayor\u00edas y promueva una Argentina m\u00e1s justa y equitativa. \u201cNecesitamos <\/span><b>reconstruir nuestras bases con una visi\u00f3n clara y transformadora, orientada a los problemas reales del pueblo<\/b><span style=\"font-weight: 400;\">, <\/span><b>para recuperar la confianza perdida.<\/b><span style=\"font-weight: 400;\"> Un proceso que no solo requiere de autocr\u00edtica, tambi\u00e9n de la construcci\u00f3n de una propuesta que sea capaz de interpretar las necesidades reales, que incluya, contenga y de respuesta a la creciente desigualdad; que represente los intereses populares, promoviendo una verdadera transformaci\u00f3n que permita enfrentar los desaf\u00edos del presente y construir un futuro m\u00e1s justo para todos y todas\u201d,<\/span><i><span style=\"font-weight: 400;\"> concluyeron.<\/span><\/i><\/p>\n<p>&nbsp;<\/p>\n<p>Documento completo:<\/p>\n<a href=\"https:\/\/fabriciob.ar\/web\/wp-content\/uploads\/2024\/12\/Documento-Plenario-Frente-Grande-Resistencia.pdf\" class=\"pdfemb-viewer\" style=\"\" data-width=\"max\" data-height=\"max\" data-toolbar=\"bottom\" data-toolbar-fixed=\"off\">Documento - Plenario Frente Grande Resistencia<\/a>\n","protected":false},"excerpt":{"rendered":"","protected":false},"author":3,"featured_media":9404,"comment_status":"open","ping_status":"open","sticky":false,"template":"","format":"standard","meta":{"_joinchat":[],"footnotes":""},"categories":[31],"tags":[],"class_list":["post-9401","post","type-post","status-publish","format-standard","has-post-thumbnail","hentry","category-info-util"],"yoast_head":"<!-- This site is optimized with the Yoast SEO plugin v27.5 - https:\/\/yoast.com\/product\/yoast-seo-wordpress\/ -->\n<title>Mantener firme nuestro compromiso con los valores de la justicia social y la defensa del Estado como promotor del desarrollo y garante de derechos - Fabricio Bolatti<\/title>\n<meta name=\"robots\" content=\"index, follow, max-snippet:-1, max-image-preview:large, max-video-preview:-1\" \/>\n<link rel=\"canonical\" href=\"https:\/\/fabriciob.ar\/web\/mantener-firme-nuestro-compromiso-con-los-valores-de-la-justicia-social-y-la-defensa-del-estado-como-promotor-del-desarrollo-y-garante-de-derechos\/\" \/>\n<meta property=\"og:locale\" content=\"es_ES\" \/>\n<meta property=\"og:type\" content=\"article\" \/>\n<meta property=\"og:title\" content=\"Mantener firme nuestro compromiso con los valores de la justicia social y la defensa del Estado como promotor del desarrollo y garante de derechos - Fabricio Bolatti\" \/>\n<meta property=\"og:url\" content=\"https:\/\/fabriciob.ar\/web\/mantener-firme-nuestro-compromiso-con-los-valores-de-la-justicia-social-y-la-defensa-del-estado-como-promotor-del-desarrollo-y-garante-de-derechos\/\" \/>\n<meta property=\"og:site_name\" content=\"Fabricio Bolatti\" \/>\n<meta property=\"article:publisher\" content=\"https:\/\/www.facebook.com\/fabriciobolattiK\/\" \/>\n<meta property=\"article:published_time\" content=\"2024-12-16T20:23:40+00:00\" \/>\n<meta property=\"og:image\" content=\"https:\/\/fabriciob.ar\/web\/wp-content\/uploads\/2024\/12\/1-scaled.jpg\" \/>\n\t<meta property=\"og:image:width\" content=\"2560\" \/>\n\t<meta property=\"og:image:height\" content=\"1441\" \/>\n\t<meta property=\"og:image:type\" content=\"image\/jpeg\" \/>\n<meta name=\"author\" content=\"Equipo Fabricio\" \/>\n<meta name=\"twitter:card\" content=\"summary_large_image\" \/>\n<meta name=\"twitter:creator\" content=\"@fabriciobolatti\" \/>\n<meta name=\"twitter:site\" content=\"@fabriciobolatti\" \/>\n<meta name=\"twitter:label1\" content=\"Escrito por\" \/>\n\t<meta name=\"twitter:data1\" content=\"Equipo Fabricio\" \/>\n\t<meta name=\"twitter:label2\" content=\"Tiempo de lectura\" \/>\n\t<meta name=\"twitter:data2\" content=\"3 minutos\" \/>\n<script type=\"application\/ld+json\" class=\"yoast-schema-graph\">{\"@context\":\"https:\\\/\\\/schema.org\",\"@graph\":[{\"@type\":\"Article\",\"@id\":\"https:\\\/\\\/fabriciob.ar\\\/web\\\/mantener-firme-nuestro-compromiso-con-los-valores-de-la-justicia-social-y-la-defensa-del-estado-como-promotor-del-desarrollo-y-garante-de-derechos\\\/#article\",\"isPartOf\":{\"@id\":\"https:\\\/\\\/fabriciob.ar\\\/web\\\/mantener-firme-nuestro-compromiso-con-los-valores-de-la-justicia-social-y-la-defensa-del-estado-como-promotor-del-desarrollo-y-garante-de-derechos\\\/\"},\"author\":{\"name\":\"Equipo Fabricio\",\"@id\":\"https:\\\/\\\/fabriciob.ar\\\/web\\\/#\\\/schema\\\/person\\\/d56dbc2f2489983c5270184312aab61b\"},\"headline\":\"Mantener firme nuestro compromiso con los valores de la justicia social y la defensa del Estado como promotor del desarrollo y garante de derechos\",\"datePublished\":\"2024-12-16T20:23:40+00:00\",\"mainEntityOfPage\":{\"@id\":\"https:\\\/\\\/fabriciob.ar\\\/web\\\/mantener-firme-nuestro-compromiso-con-los-valores-de-la-justicia-social-y-la-defensa-del-estado-como-promotor-del-desarrollo-y-garante-de-derechos\\\/\"},\"wordCount\":631,\"commentCount\":0,\"publisher\":{\"@id\":\"https:\\\/\\\/fabriciob.ar\\\/web\\\/#organization\"},\"image\":{\"@id\":\"https:\\\/\\\/fabriciob.ar\\\/web\\\/mantener-firme-nuestro-compromiso-con-los-valores-de-la-justicia-social-y-la-defensa-del-estado-como-promotor-del-desarrollo-y-garante-de-derechos\\\/#primaryimage\"},\"thumbnailUrl\":\"https:\\\/\\\/fabriciob.ar\\\/web\\\/wp-content\\\/uploads\\\/2024\\\/12\\\/1-scaled.jpg\",\"articleSection\":[\"INFO \u00daTIL\"],\"inLanguage\":\"es\",\"potentialAction\":[{\"@type\":\"CommentAction\",\"name\":\"Comment\",\"target\":[\"https:\\\/\\\/fabriciob.ar\\\/web\\\/mantener-firme-nuestro-compromiso-con-los-valores-de-la-justicia-social-y-la-defensa-del-estado-como-promotor-del-desarrollo-y-garante-de-derechos\\\/#respond\"]}]},{\"@type\":\"WebPage\",\"@id\":\"https:\\\/\\\/fabriciob.ar\\\/web\\\/mantener-firme-nuestro-compromiso-con-los-valores-de-la-justicia-social-y-la-defensa-del-estado-como-promotor-del-desarrollo-y-garante-de-derechos\\\/\",\"url\":\"https:\\\/\\\/fabriciob.ar\\\/web\\\/mantener-firme-nuestro-compromiso-con-los-valores-de-la-justicia-social-y-la-defensa-del-estado-como-promotor-del-desarrollo-y-garante-de-derechos\\\/\",\"name\":\"Mantener firme nuestro compromiso con los valores de la justicia social y la defensa del Estado como promotor del desarrollo y garante de derechos - Fabricio Bolatti\",\"isPartOf\":{\"@id\":\"https:\\\/\\\/fabriciob.ar\\\/web\\\/#website\"},\"primaryImageOfPage\":{\"@id\":\"https:\\\/\\\/fabriciob.ar\\\/web\\\/mantener-firme-nuestro-compromiso-con-los-valores-de-la-justicia-social-y-la-defensa-del-estado-como-promotor-del-desarrollo-y-garante-de-derechos\\\/#primaryimage\"},\"image\":{\"@id\":\"https:\\\/\\\/fabriciob.ar\\\/web\\\/mantener-firme-nuestro-compromiso-con-los-valores-de-la-justicia-social-y-la-defensa-del-estado-como-promotor-del-desarrollo-y-garante-de-derechos\\\/#primaryimage\"},\"thumbnailUrl\":\"https:\\\/\\\/fabriciob.ar\\\/web\\\/wp-content\\\/uploads\\\/2024\\\/12\\\/1-scaled.jpg\",\"datePublished\":\"2024-12-16T20:23:40+00:00\",\"breadcrumb\":{\"@id\":\"https:\\\/\\\/fabriciob.ar\\\/web\\\/mantener-firme-nuestro-compromiso-con-los-valores-de-la-justicia-social-y-la-defensa-del-estado-como-promotor-del-desarrollo-y-garante-de-derechos\\\/#breadcrumb\"},\"inLanguage\":\"es\",\"potentialAction\":[{\"@type\":\"ReadAction\",\"target\":[\"https:\\\/\\\/fabriciob.ar\\\/web\\\/mantener-firme-nuestro-compromiso-con-los-valores-de-la-justicia-social-y-la-defensa-del-estado-como-promotor-del-desarrollo-y-garante-de-derechos\\\/\"]}]},{\"@type\":\"ImageObject\",\"inLanguage\":\"es\",\"@id\":\"https:\\\/\\\/fabriciob.ar\\\/web\\\/mantener-firme-nuestro-compromiso-con-los-valores-de-la-justicia-social-y-la-defensa-del-estado-como-promotor-del-desarrollo-y-garante-de-derechos\\\/#primaryimage\",\"url\":\"https:\\\/\\\/fabriciob.ar\\\/web\\\/wp-content\\\/uploads\\\/2024\\\/12\\\/1-scaled.jpg\",\"contentUrl\":\"https:\\\/\\\/fabriciob.ar\\\/web\\\/wp-content\\\/uploads\\\/2024\\\/12\\\/1-scaled.jpg\",\"width\":2560,\"height\":1441},{\"@type\":\"BreadcrumbList\",\"@id\":\"https:\\\/\\\/fabriciob.ar\\\/web\\\/mantener-firme-nuestro-compromiso-con-los-valores-de-la-justicia-social-y-la-defensa-del-estado-como-promotor-del-desarrollo-y-garante-de-derechos\\\/#breadcrumb\",\"itemListElement\":[{\"@type\":\"ListItem\",\"position\":1,\"name\":\"Portada\",\"item\":\"https:\\\/\\\/fabriciob.ar\\\/web\\\/\"},{\"@type\":\"ListItem\",\"position\":2,\"name\":\"Mantener firme nuestro compromiso con los valores de la justicia social y la defensa del Estado como promotor del desarrollo y garante de derechos\"}]},{\"@type\":\"WebSite\",\"@id\":\"https:\\\/\\\/fabriciob.ar\\\/web\\\/#website\",\"url\":\"https:\\\/\\\/fabriciob.ar\\\/web\\\/\",\"name\":\"Fabricio Bolatti\",\"description\":\"Sitio Oficial-Comunicaci\u00f3n institucional de la gesti\u00f3n legislativa del concejal Fabricio Bolatti con los vecinos y vecinas de la ciudad de Resistencia\",\"publisher\":{\"@id\":\"https:\\\/\\\/fabriciob.ar\\\/web\\\/#organization\"},\"potentialAction\":[{\"@type\":\"SearchAction\",\"target\":{\"@type\":\"EntryPoint\",\"urlTemplate\":\"https:\\\/\\\/fabriciob.ar\\\/web\\\/?s={search_term_string}\"},\"query-input\":{\"@type\":\"PropertyValueSpecification\",\"valueRequired\":true,\"valueName\":\"search_term_string\"}}],\"inLanguage\":\"es\"},{\"@type\":\"Organization\",\"@id\":\"https:\\\/\\\/fabriciob.ar\\\/web\\\/#organization\",\"name\":\"Fabricio Bolatti-Sitio Oficial\",\"url\":\"https:\\\/\\\/fabriciob.ar\\\/web\\\/\",\"logo\":{\"@type\":\"ImageObject\",\"inLanguage\":\"es\",\"@id\":\"https:\\\/\\\/fabriciob.ar\\\/web\\\/#\\\/schema\\\/logo\\\/image\\\/\",\"url\":\"https:\\\/\\\/fabriciob.ar\\\/web\\\/wp-content\\\/uploads\\\/2020\\\/12\\\/cropped-fb-en-el-concejo-a-red-2-1.png\",\"contentUrl\":\"https:\\\/\\\/fabriciob.ar\\\/web\\\/wp-content\\\/uploads\\\/2020\\\/12\\\/cropped-fb-en-el-concejo-a-red-2-1.png\",\"width\":512,\"height\":512,\"caption\":\"Fabricio Bolatti-Sitio Oficial\"},\"image\":{\"@id\":\"https:\\\/\\\/fabriciob.ar\\\/web\\\/#\\\/schema\\\/logo\\\/image\\\/\"},\"sameAs\":[\"https:\\\/\\\/www.facebook.com\\\/fabriciobolattiK\\\/\",\"https:\\\/\\\/x.com\\\/fabriciobolatti\",\"https:\\\/\\\/www.instagram.com\\\/fabriciobolatti\\\/?igshid=7ztsgzj0mwql\",\"https:\\\/\\\/www.youtube.com\\\/channel\\\/UCWLMPKJZG1JgX9U29Pra3ng\"]},{\"@type\":\"Person\",\"@id\":\"https:\\\/\\\/fabriciob.ar\\\/web\\\/#\\\/schema\\\/person\\\/d56dbc2f2489983c5270184312aab61b\",\"name\":\"Equipo Fabricio\",\"image\":{\"@type\":\"ImageObject\",\"inLanguage\":\"es\",\"@id\":\"https:\\\/\\\/secure.gravatar.com\\\/avatar\\\/9d8e99352a71f2ac7e650885bc7721fe9d667070a36c2a5bb86aab909b8cf626?s=96&d=mm&r=g\",\"url\":\"https:\\\/\\\/secure.gravatar.com\\\/avatar\\\/9d8e99352a71f2ac7e650885bc7721fe9d667070a36c2a5bb86aab909b8cf626?s=96&d=mm&r=g\",\"contentUrl\":\"https:\\\/\\\/secure.gravatar.com\\\/avatar\\\/9d8e99352a71f2ac7e650885bc7721fe9d667070a36c2a5bb86aab909b8cf626?s=96&d=mm&r=g\",\"caption\":\"Equipo Fabricio\"},\"url\":\"https:\\\/\\\/fabriciob.ar\\\/web\\\/author\\\/admin\\\/\"}]}<\/script>\n<!-- \/ Yoast SEO plugin. -->","yoast_head_json":{"title":"Mantener firme nuestro compromiso con los valores de la justicia social y la defensa del Estado como promotor del desarrollo y garante de derechos - Fabricio Bolatti","robots":{"index":"index","follow":"follow","max-snippet":"max-snippet:-1","max-image-preview":"max-image-preview:large","max-video-preview":"max-video-preview:-1"},"canonical":"https:\/\/fabriciob.ar\/web\/mantener-firme-nuestro-compromiso-con-los-valores-de-la-justicia-social-y-la-defensa-del-estado-como-promotor-del-desarrollo-y-garante-de-derechos\/","og_locale":"es_ES","og_type":"article","og_title":"Mantener firme nuestro compromiso con los valores de la justicia social y la defensa del Estado como promotor del desarrollo y garante de derechos - Fabricio Bolatti","og_url":"https:\/\/fabriciob.ar\/web\/mantener-firme-nuestro-compromiso-con-los-valores-de-la-justicia-social-y-la-defensa-del-estado-como-promotor-del-desarrollo-y-garante-de-derechos\/","og_site_name":"Fabricio Bolatti","article_publisher":"https:\/\/www.facebook.com\/fabriciobolattiK\/","article_published_time":"2024-12-16T20:23:40+00:00","og_image":[{"width":2560,"height":1441,"url":"https:\/\/fabriciob.ar\/web\/wp-content\/uploads\/2024\/12\/1-scaled.jpg","type":"image\/jpeg"}],"author":"Equipo Fabricio","twitter_card":"summary_large_image","twitter_creator":"@fabriciobolatti","twitter_site":"@fabriciobolatti","twitter_misc":{"Escrito por":"Equipo Fabricio","Tiempo de lectura":"3 minutos"},"schema":{"@context":"https:\/\/schema.org","@graph":[{"@type":"Article","@id":"https:\/\/fabriciob.ar\/web\/mantener-firme-nuestro-compromiso-con-los-valores-de-la-justicia-social-y-la-defensa-del-estado-como-promotor-del-desarrollo-y-garante-de-derechos\/#article","isPartOf":{"@id":"https:\/\/fabriciob.ar\/web\/mantener-firme-nuestro-compromiso-con-los-valores-de-la-justicia-social-y-la-defensa-del-estado-como-promotor-del-desarrollo-y-garante-de-derechos\/"},"author":{"name":"Equipo Fabricio","@id":"https:\/\/fabriciob.ar\/web\/#\/schema\/person\/d56dbc2f2489983c5270184312aab61b"},"headline":"Mantener firme nuestro compromiso con los valores de la justicia social y la defensa del Estado como promotor del desarrollo y garante de derechos","datePublished":"2024-12-16T20:23:40+00:00","mainEntityOfPage":{"@id":"https:\/\/fabriciob.ar\/web\/mantener-firme-nuestro-compromiso-con-los-valores-de-la-justicia-social-y-la-defensa-del-estado-como-promotor-del-desarrollo-y-garante-de-derechos\/"},"wordCount":631,"commentCount":0,"publisher":{"@id":"https:\/\/fabriciob.ar\/web\/#organization"},"image":{"@id":"https:\/\/fabriciob.ar\/web\/mantener-firme-nuestro-compromiso-con-los-valores-de-la-justicia-social-y-la-defensa-del-estado-como-promotor-del-desarrollo-y-garante-de-derechos\/#primaryimage"},"thumbnailUrl":"https:\/\/fabriciob.ar\/web\/wp-content\/uploads\/2024\/12\/1-scaled.jpg","articleSection":["INFO \u00daTIL"],"inLanguage":"es","potentialAction":[{"@type":"CommentAction","name":"Comment","target":["https:\/\/fabriciob.ar\/web\/mantener-firme-nuestro-compromiso-con-los-valores-de-la-justicia-social-y-la-defensa-del-estado-como-promotor-del-desarrollo-y-garante-de-derechos\/#respond"]}]},{"@type":"WebPage","@id":"https:\/\/fabriciob.ar\/web\/mantener-firme-nuestro-compromiso-con-los-valores-de-la-justicia-social-y-la-defensa-del-estado-como-promotor-del-desarrollo-y-garante-de-derechos\/","url":"https:\/\/fabriciob.ar\/web\/mantener-firme-nuestro-compromiso-con-los-valores-de-la-justicia-social-y-la-defensa-del-estado-como-promotor-del-desarrollo-y-garante-de-derechos\/","name":"Mantener firme nuestro compromiso con los valores de la justicia social y la defensa del Estado como promotor del desarrollo y garante de derechos - Fabricio Bolatti","isPartOf":{"@id":"https:\/\/fabriciob.ar\/web\/#website"},"primaryImageOfPage":{"@id":"https:\/\/fabriciob.ar\/web\/mantener-firme-nuestro-compromiso-con-los-valores-de-la-justicia-social-y-la-defensa-del-estado-como-promotor-del-desarrollo-y-garante-de-derechos\/#primaryimage"},"image":{"@id":"https:\/\/fabriciob.ar\/web\/mantener-firme-nuestro-compromiso-con-los-valores-de-la-justicia-social-y-la-defensa-del-estado-como-promotor-del-desarrollo-y-garante-de-derechos\/#primaryimage"},"thumbnailUrl":"https:\/\/fabriciob.ar\/web\/wp-content\/uploads\/2024\/12\/1-scaled.jpg","datePublished":"2024-12-16T20:23:40+00:00","breadcrumb":{"@id":"https:\/\/fabriciob.ar\/web\/mantener-firme-nuestro-compromiso-con-los-valores-de-la-justicia-social-y-la-defensa-del-estado-como-promotor-del-desarrollo-y-garante-de-derechos\/#breadcrumb"},"inLanguage":"es","potentialAction":[{"@type":"ReadAction","target":["https:\/\/fabriciob.ar\/web\/mantener-firme-nuestro-compromiso-con-los-valores-de-la-justicia-social-y-la-defensa-del-estado-como-promotor-del-desarrollo-y-garante-de-derechos\/"]}]},{"@type":"ImageObject","inLanguage":"es","@id":"https:\/\/fabriciob.ar\/web\/mantener-firme-nuestro-compromiso-con-los-valores-de-la-justicia-social-y-la-defensa-del-estado-como-promotor-del-desarrollo-y-garante-de-derechos\/#primaryimage","url":"https:\/\/fabriciob.ar\/web\/wp-content\/uploads\/2024\/12\/1-scaled.jpg","contentUrl":"https:\/\/fabriciob.ar\/web\/wp-content\/uploads\/2024\/12\/1-scaled.jpg","width":2560,"height":1441},{"@type":"BreadcrumbList","@id":"https:\/\/fabriciob.ar\/web\/mantener-firme-nuestro-compromiso-con-los-valores-de-la-justicia-social-y-la-defensa-del-estado-como-promotor-del-desarrollo-y-garante-de-derechos\/#breadcrumb","itemListElement":[{"@type":"ListItem","position":1,"name":"Portada","item":"https:\/\/fabriciob.ar\/web\/"},{"@type":"ListItem","position":2,"name":"Mantener firme nuestro compromiso con los valores de la justicia social y la defensa del Estado como promotor del desarrollo y garante de derechos"}]},{"@type":"WebSite","@id":"https:\/\/fabriciob.ar\/web\/#website","url":"https:\/\/fabriciob.ar\/web\/","name":"Fabricio Bolatti","description":"Sitio Oficial-Comunicaci\u00f3n institucional de la gesti\u00f3n legislativa del concejal Fabricio Bolatti con los vecinos y vecinas de la ciudad de Resistencia","publisher":{"@id":"https:\/\/fabriciob.ar\/web\/#organization"},"potentialAction":[{"@type":"SearchAction","target":{"@type":"EntryPoint","urlTemplate":"https:\/\/fabriciob.ar\/web\/?s={search_term_string}"},"query-input":{"@type":"PropertyValueSpecification","valueRequired":true,"valueName":"search_term_string"}}],"inLanguage":"es"},{"@type":"Organization","@id":"https:\/\/fabriciob.ar\/web\/#organization","name":"Fabricio Bolatti-Sitio Oficial","url":"https:\/\/fabriciob.ar\/web\/","logo":{"@type":"ImageObject","inLanguage":"es","@id":"https:\/\/fabriciob.ar\/web\/#\/schema\/logo\/image\/","url":"https:\/\/fabriciob.ar\/web\/wp-content\/uploads\/2020\/12\/cropped-fb-en-el-concejo-a-red-2-1.png","contentUrl":"https:\/\/fabriciob.ar\/web\/wp-content\/uploads\/2020\/12\/cropped-fb-en-el-concejo-a-red-2-1.png","width":512,"height":512,"caption":"Fabricio Bolatti-Sitio Oficial"},"image":{"@id":"https:\/\/fabriciob.ar\/web\/#\/schema\/logo\/image\/"},"sameAs":["https:\/\/www.facebook.com\/fabriciobolattiK\/","https:\/\/x.com\/fabriciobolatti","https:\/\/www.instagram.com\/fabriciobolatti\/?igshid=7ztsgzj0mwql","https:\/\/www.youtube.com\/channel\/UCWLMPKJZG1JgX9U29Pra3ng"]},{"@type":"Person","@id":"https:\/\/fabriciob.ar\/web\/#\/schema\/person\/d56dbc2f2489983c5270184312aab61b","name":"Equipo Fabricio","image":{"@type":"ImageObject","inLanguage":"es","@id":"https:\/\/secure.gravatar.com\/avatar\/9d8e99352a71f2ac7e650885bc7721fe9d667070a36c2a5bb86aab909b8cf626?s=96&d=mm&r=g","url":"https:\/\/secure.gravatar.com\/avatar\/9d8e99352a71f2ac7e650885bc7721fe9d667070a36c2a5bb86aab909b8cf626?s=96&d=mm&r=g","contentUrl":"https:\/\/secure.gravatar.com\/avatar\/9d8e99352a71f2ac7e650885bc7721fe9d667070a36c2a5bb86aab909b8cf626?s=96&d=mm&r=g","caption":"Equipo Fabricio"},"url":"https:\/\/fabriciob.ar\/web\/author\/admin\/"}]}},"_links":{"self":[{"href":"https:\/\/fabriciob.ar\/web\/wp-json\/wp\/v2\/posts\/9401","targetHints":{"allow":["GET"]}}],"collection":[{"href":"https:\/\/fabriciob.ar\/web\/wp-json\/wp\/v2\/posts"}],"about":[{"href":"https:\/\/fabriciob.ar\/web\/wp-json\/wp\/v2\/types\/post"}],"author":[{"embeddable":true,"href":"https:\/\/fabriciob.ar\/web\/wp-json\/wp\/v2\/users\/3"}],"replies":[{"embeddable":true,"href":"https:\/\/fabriciob.ar\/web\/wp-json\/wp\/v2\/comments?post=9401"}],"version-history":[{"count":2,"href":"https:\/\/fabriciob.ar\/web\/wp-json\/wp\/v2\/posts\/9401\/revisions"}],"predecessor-version":[{"id":9408,"href":"https:\/\/fabriciob.ar\/web\/wp-json\/wp\/v2\/posts\/9401\/revisions\/9408"}],"wp:featuredmedia":[{"embeddable":true,"href":"https:\/\/fabriciob.ar\/web\/wp-json\/wp\/v2\/media\/9404"}],"wp:attachment":[{"href":"https:\/\/fabriciob.ar\/web\/wp-json\/wp\/v2\/media?parent=9401"}],"wp:term":[{"taxonomy":"category","embeddable":true,"href":"https:\/\/fabriciob.ar\/web\/wp-json\/wp\/v2\/categories?post=9401"},{"taxonomy":"post_tag","embeddable":true,"href":"https:\/\/fabriciob.ar\/web\/wp-json\/wp\/v2\/tags?post=9401"}],"curies":[{"name":"wp","href":"https:\/\/api.w.org\/{rel}","templated":true}]}}