{"id":9443,"date":"2024-12-20T06:07:55","date_gmt":"2024-12-20T06:07:55","guid":{"rendered":"https:\/\/fabriciob.ar\/web\/?p=9443"},"modified":"2024-12-20T06:10:24","modified_gmt":"2024-12-20T06:10:24","slug":"presupuesto-2025-nikisch-pide-superpoderes-y-endeudarse-escondiendo-recursos-e-inflando-gastos","status":"publish","type":"post","link":"https:\/\/fabriciob.ar\/web\/presupuesto-2025-nikisch-pide-superpoderes-y-endeudarse-escondiendo-recursos-e-inflando-gastos\/","title":{"rendered":"Presupuesto 2025: Nikisch pide superpoderes y endeudarse, escondiendo recursos e inflando gastos"},"content":{"rendered":"<p><!--more--><\/p>\n<p><em>Con subejecuci\u00f3n del 25%, con $20 mil millones guardados y un Municipio parado<\/em><\/p>\n<p>El concejal de Resistencia por el Frente Chaque\u00f1o, Fabricio Bolatti, dio a conocer un breve informe en el marco del tratamiento del Proyecto de Presupuesto 2025 del Ejecutivo Municipal, que se llevar\u00e1 a cabo este viernes 20 de diciembre, en sesi\u00f3n extraordinaria. \u201cObligados a mostrar algo de informaci\u00f3n en el proyecto de Presupuesto, la gesti\u00f3n de Nikisch dej\u00f3 ver la realidad del Municipio, la que estima terminar el a\u00f1o subejecutando el Presupuesto 2024, acumulando m\u00e1s de cuatro meses de salarios en el excedente de recursos que supera los $20.000 millones\u201d, se\u00f1al\u00f3 el edil y agreg\u00f3 que, pese a esa disponibilidad, \u201cincrementaron tributos en un 80% promedio para el a\u00f1o 2025 y elaboraron una propuesta de asignaci\u00f3n en t\u00e9rminos generales en la que se puede ver subestimaciones de ingresos e incrementos injustificados de partidas de gastos, muy por encima de lo razonable y sobre lo hecho este 2024\u201d, advirti\u00f3 el edil.<\/p>\n<p><em><strong>Algunos puntos analizados por el concejal:<\/strong><\/em><\/p>\n<h6>*HERENCIA MUNICIPAL DE ROY NIKISCH<\/h6>\n<p>Este \u2018raro\u2019 Presupuesto 2025, expresa la herencia de deudas, falta de m\u00e1quinas y equipos, obras paradas y en ejecuci\u00f3n, como tambi\u00e9n la situaci\u00f3n de excedente econ\u00f3mico que hered\u00f3 de la gesti\u00f3n pasada y que es mantenida por la actual, devenida de la ca\u00edda del salario de las y los agentes municipales, que perdieron contra la inflaci\u00f3n m\u00e1s del 50% de su valor real; un incremento de m\u00e1s de 400% en los tributos durante los \u00faltimos cuatro a\u00f1os y, si bien la estructura de personal heredada es algo m\u00e1s chica que la que dej\u00f3 A\u00edda Ayala en el Presupuesto 2016, la actual gesti\u00f3n suspendi\u00f3 400 trabajadores y trabajadoras bajo el falso argumento de \u201cfalta de presupuesto\u201d.<\/p>\n<p>En este contexto el Municipio termina con un balance de caja \u201cmuy positivo\u201d, reflejado en inversiones financieras y saldo de libre disponibilidad que se ubica sobre los $20 mil millones (m\u00e1s de 4 meses de salarios del municipio), a\u00fan despu\u00e9s de haber invertido cerca de $13 mil millones en equipamiento, herramientas y otros (dos de las compras m\u00e1s grandes fueron irregulares, sin publicaci\u00f3n), y cerca de $2.000 millones en pagos de deudas de gesti\u00f3n anterior.<\/p>\n<h6>*INGRESOS ESPERADOS PARA EL 2025, A LOS QUE HAY QUE SUMARLE LOS ESCONDIDOS<\/h6>\n<p>El equipo econ\u00f3mico de la gesti\u00f3n estima que sus ingresos para el a\u00f1o pr\u00f3ximo van a crecer un 43,6% con respecto a 2024, incluso despu\u00e9s de haber crecido la actual recaudaci\u00f3n en un 184,8% respecto al 2023, estimaciones que para los ingresos provenientes de la coparticipaci\u00f3n tienen su fuente en los datos de los gobiernos nacional y provincial, no as\u00ed para la recaudaci\u00f3n de tributos municipales que es calculada localmente, e decir, lo que pagan las y los vecinos de Resistencia y a los que se les observa un comportamiento incoherente y que no fue justificado.<\/p>\n<p>El m\u00e1s llamativo y de monto no menor, es el de las Tasas y dentro de ellas la Retributiva de Servicios (TRISC), que significa el 48% de los ingresos propios y el 10% del total de ingresos. Estas tasas tuvieron un incremento del 112% para el corriente a\u00f1o con respecto al 2023, m\u00e1s algunas modificaciones que se cargaron sobre algunas zonas de la ciudad, lo que estar\u00eda cerrando un incremento de recaudaci\u00f3n por este concepto superior al 200%.<\/p>\n<p>Partiendo de esta base, la gesti\u00f3n actual increment\u00f3 en promedio un 80% la Tasa Retributiva de Servicio para el a\u00f1o pr\u00f3ximo, pero llama mucho la atenci\u00f3n que s\u00f3lo estima recaudar un 29% m\u00e1s, cuando el total de los otros tributos propios se incrementa muy por encima. Por ejemplo: 92% los Impuestos, 75% los derechos, 100% la patente, o 100% la Tasa de alumbrado\/barrido, esta situaci\u00f3n normalizada al 70% de incremento, significa alrededor de $8.000 (1,5 meses de masa salarial) de recaudaci\u00f3n tapada o escondida.<\/p>\n<h6>*EXAGERADO CRECIMIENTO DE PARTIDAS PUNTUALES Y SIN EXPLICACI\u00d3N<\/h6>\n<p>Otro aspecto llamativo en el proyecto de Presupuesto es el comportamiento de los gastos, como las Transferencias Corrientes que pasan de $11 millones el corriente a\u00f1o, a $451 millones para el 2025; los Intereses de la Deuda que pasan de $3,3 millones a $206 millones; la Inversi\u00f3n Real que crece un 230%, significando la suma $31.500 millones de incremento, dentro de \u00e9sta resalta la partida Trabajo P\u00fablico, que pasa de $6.000 millones a $28.900 para el pr\u00f3ximo a\u00f1o, superando el 370% de aumento, cuando el total de las Erogaciones Corrientes se incrementa en 54% y la partida Personal en 52%.<\/p>\n<h6>*SUPERPODERES = ACUMULACI\u00d3N DE FUNCIONES: EST\u00c1 PROHIBIDO EN LA CONSTITUCI\u00d3N Y LA CARTA ORG\u00c1NICA<\/h6>\n<p>Si nos preguntamos el porqu\u00e9 de esconder recursos y exagerar gastos, una respuesta podr\u00eda ser la de \u201clograr una subejecuci\u00f3n de la partida\u201d, otra, \u201clograr una mayor recaudaci\u00f3n que lo presupuestado\u201d. En ambas situaciones lo correcto ser\u00eda que el Concejo modifique el Presupuesto, compensando las partidas y ampliando los recursos y el gasto, dentro de esos l\u00edmites el Intendente avanza en la ejecuci\u00f3n de estos ingresos nuevos o ampliaci\u00f3n de partidas. Pero, con algunos pocos matices, el Intendente y su equipo eligen el camino m\u00e1s corto e ilegal: el de lograr que el Concejo lo autorice a modificar el Presupuesto, compensar partidas sin l\u00edmites o afectar los nuevos ingresos que est\u00e1n por encima de lo esperado, tal como lo hicieron en la gesti\u00f3n de Mart\u00ednez.<\/p>\n<p><strong>\u00bfQu\u00e9 ventajas tiene \u00e9sta delegaci\u00f3n de facultades a favor del Ejecutivo?<\/strong> Que el Intendente va a autorizarse solo, decidir la afectaci\u00f3n de esos recursos, va a exagerar partidas y no presupuestar todos los ingresos para luego evitar controles, pudiendo asignar los recursos a inversiones financieras transitorias que generan intereses o ganancias, pero que nadie se entera porque no pasa por el Concejo, ni responden los pedidos de informe.<\/p>\n<blockquote><p><em>Esto pasa es lo que est\u00e1 sucediendo hoy en la Municipalidad. Pareciera que los garantes de la transparencia no se acordaron de traerla, tampoco el cumplimiento de la Carta Org\u00e1nica y las leyes a la hora de gobernar.<\/em><\/p>\n<p><em>Pareciera que no gobiernan para solucionar los problemas del pueblo y que se est\u00e1n dedicando a omitirlos y provocarlos, porque a\u00fan sin activar el Municipio ni controlar las incumbencias necesarias, exigen cada vez m\u00e1s a las y los resistencianos, que ya han sido perjudicados con el tarifazo del 1250% del boleto de colectivo, a lo que se le suma ahora el incremento en los tributos y la vuelta del Estacionamiento Medido que, lejos de ser una soluci\u00f3n para los embotellamientos de tr\u00e1nsito (porque la causa es otra), complicar\u00e1 la movilidad e impedir\u00e1 el uso del espacio p\u00fablico. Esto s\u00f3lo permite a los gobiernos aumentar la recaudaci\u00f3n, es decir, m\u00e1s recursos p\u00fablicos para manejar sin control.<\/em><\/p>\n<p><em>As\u00ed estamos y as\u00ed vamos.<\/em><\/p><\/blockquote>\n","protected":false},"excerpt":{"rendered":"","protected":false},"author":3,"featured_media":9028,"comment_status":"open","ping_status":"open","sticky":false,"template":"","format":"standard","meta":{"_joinchat":[],"footnotes":""},"categories":[27],"tags":[],"class_list":["post-9443","post","type-post","status-publish","format-standard","has-post-thumbnail","hentry","category-comunicados-de-prensa"],"yoast_head":"<!-- This site is optimized with the Yoast SEO plugin v27.5 - https:\/\/yoast.com\/product\/yoast-seo-wordpress\/ -->\n<title>Presupuesto 2025: Nikisch pide superpoderes y endeudarse, escondiendo recursos e inflando gastos - Fabricio Bolatti<\/title>\n<meta name=\"robots\" content=\"index, follow, max-snippet:-1, max-image-preview:large, max-video-preview:-1\" \/>\n<link rel=\"canonical\" href=\"https:\/\/fabriciob.ar\/web\/presupuesto-2025-nikisch-pide-superpoderes-y-endeudarse-escondiendo-recursos-e-inflando-gastos\/\" \/>\n<meta property=\"og:locale\" content=\"es_ES\" \/>\n<meta property=\"og:type\" content=\"article\" \/>\n<meta property=\"og:title\" content=\"Presupuesto 2025: Nikisch pide superpoderes y endeudarse, escondiendo recursos e inflando gastos - Fabricio Bolatti\" \/>\n<meta property=\"og:url\" content=\"https:\/\/fabriciob.ar\/web\/presupuesto-2025-nikisch-pide-superpoderes-y-endeudarse-escondiendo-recursos-e-inflando-gastos\/\" \/>\n<meta property=\"og:site_name\" content=\"Fabricio Bolatti\" \/>\n<meta property=\"article:publisher\" content=\"https:\/\/www.facebook.com\/fabriciobolattiK\/\" \/>\n<meta property=\"article:published_time\" content=\"2024-12-20T06:07:55+00:00\" \/>\n<meta property=\"article:modified_time\" content=\"2024-12-20T06:10:24+00:00\" \/>\n<meta property=\"og:image\" content=\"https:\/\/fabriciob.ar\/web\/wp-content\/uploads\/2024\/03\/DSC_0255-scaled.jpg\" \/>\n\t<meta property=\"og:image:width\" content=\"2560\" \/>\n\t<meta property=\"og:image:height\" content=\"1707\" \/>\n\t<meta property=\"og:image:type\" content=\"image\/jpeg\" \/>\n<meta name=\"author\" content=\"Equipo Fabricio\" \/>\n<meta name=\"twitter:card\" content=\"summary_large_image\" \/>\n<meta name=\"twitter:creator\" content=\"@fabriciobolatti\" \/>\n<meta name=\"twitter:site\" content=\"@fabriciobolatti\" \/>\n<meta name=\"twitter:label1\" content=\"Escrito por\" \/>\n\t<meta name=\"twitter:data1\" content=\"Equipo Fabricio\" \/>\n\t<meta name=\"twitter:label2\" content=\"Tiempo de lectura\" \/>\n\t<meta name=\"twitter:data2\" content=\"6 minutos\" \/>\n<script type=\"application\/ld+json\" class=\"yoast-schema-graph\">{\"@context\":\"https:\\\/\\\/schema.org\",\"@graph\":[{\"@type\":\"Article\",\"@id\":\"https:\\\/\\\/fabriciob.ar\\\/web\\\/presupuesto-2025-nikisch-pide-superpoderes-y-endeudarse-escondiendo-recursos-e-inflando-gastos\\\/#article\",\"isPartOf\":{\"@id\":\"https:\\\/\\\/fabriciob.ar\\\/web\\\/presupuesto-2025-nikisch-pide-superpoderes-y-endeudarse-escondiendo-recursos-e-inflando-gastos\\\/\"},\"author\":{\"name\":\"Equipo Fabricio\",\"@id\":\"https:\\\/\\\/fabriciob.ar\\\/web\\\/#\\\/schema\\\/person\\\/d56dbc2f2489983c5270184312aab61b\"},\"headline\":\"Presupuesto 2025: Nikisch pide superpoderes y endeudarse, escondiendo recursos e inflando gastos\",\"datePublished\":\"2024-12-20T06:07:55+00:00\",\"dateModified\":\"2024-12-20T06:10:24+00:00\",\"mainEntityOfPage\":{\"@id\":\"https:\\\/\\\/fabriciob.ar\\\/web\\\/presupuesto-2025-nikisch-pide-superpoderes-y-endeudarse-escondiendo-recursos-e-inflando-gastos\\\/\"},\"wordCount\":1155,\"commentCount\":0,\"publisher\":{\"@id\":\"https:\\\/\\\/fabriciob.ar\\\/web\\\/#organization\"},\"image\":{\"@id\":\"https:\\\/\\\/fabriciob.ar\\\/web\\\/presupuesto-2025-nikisch-pide-superpoderes-y-endeudarse-escondiendo-recursos-e-inflando-gastos\\\/#primaryimage\"},\"thumbnailUrl\":\"https:\\\/\\\/fabriciob.ar\\\/web\\\/wp-content\\\/uploads\\\/2024\\\/03\\\/DSC_0255-scaled.jpg\",\"articleSection\":[\"COMUNICADOS DE PRENSA\"],\"inLanguage\":\"es\",\"potentialAction\":[{\"@type\":\"CommentAction\",\"name\":\"Comment\",\"target\":[\"https:\\\/\\\/fabriciob.ar\\\/web\\\/presupuesto-2025-nikisch-pide-superpoderes-y-endeudarse-escondiendo-recursos-e-inflando-gastos\\\/#respond\"]}]},{\"@type\":\"WebPage\",\"@id\":\"https:\\\/\\\/fabriciob.ar\\\/web\\\/presupuesto-2025-nikisch-pide-superpoderes-y-endeudarse-escondiendo-recursos-e-inflando-gastos\\\/\",\"url\":\"https:\\\/\\\/fabriciob.ar\\\/web\\\/presupuesto-2025-nikisch-pide-superpoderes-y-endeudarse-escondiendo-recursos-e-inflando-gastos\\\/\",\"name\":\"Presupuesto 2025: Nikisch pide superpoderes y endeudarse, escondiendo recursos e inflando gastos - Fabricio Bolatti\",\"isPartOf\":{\"@id\":\"https:\\\/\\\/fabriciob.ar\\\/web\\\/#website\"},\"primaryImageOfPage\":{\"@id\":\"https:\\\/\\\/fabriciob.ar\\\/web\\\/presupuesto-2025-nikisch-pide-superpoderes-y-endeudarse-escondiendo-recursos-e-inflando-gastos\\\/#primaryimage\"},\"image\":{\"@id\":\"https:\\\/\\\/fabriciob.ar\\\/web\\\/presupuesto-2025-nikisch-pide-superpoderes-y-endeudarse-escondiendo-recursos-e-inflando-gastos\\\/#primaryimage\"},\"thumbnailUrl\":\"https:\\\/\\\/fabriciob.ar\\\/web\\\/wp-content\\\/uploads\\\/2024\\\/03\\\/DSC_0255-scaled.jpg\",\"datePublished\":\"2024-12-20T06:07:55+00:00\",\"dateModified\":\"2024-12-20T06:10:24+00:00\",\"breadcrumb\":{\"@id\":\"https:\\\/\\\/fabriciob.ar\\\/web\\\/presupuesto-2025-nikisch-pide-superpoderes-y-endeudarse-escondiendo-recursos-e-inflando-gastos\\\/#breadcrumb\"},\"inLanguage\":\"es\",\"potentialAction\":[{\"@type\":\"ReadAction\",\"target\":[\"https:\\\/\\\/fabriciob.ar\\\/web\\\/presupuesto-2025-nikisch-pide-superpoderes-y-endeudarse-escondiendo-recursos-e-inflando-gastos\\\/\"]}]},{\"@type\":\"ImageObject\",\"inLanguage\":\"es\",\"@id\":\"https:\\\/\\\/fabriciob.ar\\\/web\\\/presupuesto-2025-nikisch-pide-superpoderes-y-endeudarse-escondiendo-recursos-e-inflando-gastos\\\/#primaryimage\",\"url\":\"https:\\\/\\\/fabriciob.ar\\\/web\\\/wp-content\\\/uploads\\\/2024\\\/03\\\/DSC_0255-scaled.jpg\",\"contentUrl\":\"https:\\\/\\\/fabriciob.ar\\\/web\\\/wp-content\\\/uploads\\\/2024\\\/03\\\/DSC_0255-scaled.jpg\",\"width\":2560,\"height\":1707},{\"@type\":\"BreadcrumbList\",\"@id\":\"https:\\\/\\\/fabriciob.ar\\\/web\\\/presupuesto-2025-nikisch-pide-superpoderes-y-endeudarse-escondiendo-recursos-e-inflando-gastos\\\/#breadcrumb\",\"itemListElement\":[{\"@type\":\"ListItem\",\"position\":1,\"name\":\"Portada\",\"item\":\"https:\\\/\\\/fabriciob.ar\\\/web\\\/\"},{\"@type\":\"ListItem\",\"position\":2,\"name\":\"Presupuesto 2025: Nikisch pide superpoderes y endeudarse, escondiendo recursos e inflando gastos\"}]},{\"@type\":\"WebSite\",\"@id\":\"https:\\\/\\\/fabriciob.ar\\\/web\\\/#website\",\"url\":\"https:\\\/\\\/fabriciob.ar\\\/web\\\/\",\"name\":\"Fabricio Bolatti\",\"description\":\"Sitio Oficial-Comunicaci\u00f3n institucional de la gesti\u00f3n legislativa del concejal Fabricio Bolatti con los vecinos y vecinas de la ciudad de Resistencia\",\"publisher\":{\"@id\":\"https:\\\/\\\/fabriciob.ar\\\/web\\\/#organization\"},\"potentialAction\":[{\"@type\":\"SearchAction\",\"target\":{\"@type\":\"EntryPoint\",\"urlTemplate\":\"https:\\\/\\\/fabriciob.ar\\\/web\\\/?s={search_term_string}\"},\"query-input\":{\"@type\":\"PropertyValueSpecification\",\"valueRequired\":true,\"valueName\":\"search_term_string\"}}],\"inLanguage\":\"es\"},{\"@type\":\"Organization\",\"@id\":\"https:\\\/\\\/fabriciob.ar\\\/web\\\/#organization\",\"name\":\"Fabricio Bolatti-Sitio Oficial\",\"url\":\"https:\\\/\\\/fabriciob.ar\\\/web\\\/\",\"logo\":{\"@type\":\"ImageObject\",\"inLanguage\":\"es\",\"@id\":\"https:\\\/\\\/fabriciob.ar\\\/web\\\/#\\\/schema\\\/logo\\\/image\\\/\",\"url\":\"https:\\\/\\\/fabriciob.ar\\\/web\\\/wp-content\\\/uploads\\\/2020\\\/12\\\/cropped-fb-en-el-concejo-a-red-2-1.png\",\"contentUrl\":\"https:\\\/\\\/fabriciob.ar\\\/web\\\/wp-content\\\/uploads\\\/2020\\\/12\\\/cropped-fb-en-el-concejo-a-red-2-1.png\",\"width\":512,\"height\":512,\"caption\":\"Fabricio Bolatti-Sitio Oficial\"},\"image\":{\"@id\":\"https:\\\/\\\/fabriciob.ar\\\/web\\\/#\\\/schema\\\/logo\\\/image\\\/\"},\"sameAs\":[\"https:\\\/\\\/www.facebook.com\\\/fabriciobolattiK\\\/\",\"https:\\\/\\\/x.com\\\/fabriciobolatti\",\"https:\\\/\\\/www.instagram.com\\\/fabriciobolatti\\\/?igshid=7ztsgzj0mwql\",\"https:\\\/\\\/www.youtube.com\\\/channel\\\/UCWLMPKJZG1JgX9U29Pra3ng\"]},{\"@type\":\"Person\",\"@id\":\"https:\\\/\\\/fabriciob.ar\\\/web\\\/#\\\/schema\\\/person\\\/d56dbc2f2489983c5270184312aab61b\",\"name\":\"Equipo Fabricio\",\"image\":{\"@type\":\"ImageObject\",\"inLanguage\":\"es\",\"@id\":\"https:\\\/\\\/secure.gravatar.com\\\/avatar\\\/9d8e99352a71f2ac7e650885bc7721fe9d667070a36c2a5bb86aab909b8cf626?s=96&d=mm&r=g\",\"url\":\"https:\\\/\\\/secure.gravatar.com\\\/avatar\\\/9d8e99352a71f2ac7e650885bc7721fe9d667070a36c2a5bb86aab909b8cf626?s=96&d=mm&r=g\",\"contentUrl\":\"https:\\\/\\\/secure.gravatar.com\\\/avatar\\\/9d8e99352a71f2ac7e650885bc7721fe9d667070a36c2a5bb86aab909b8cf626?s=96&d=mm&r=g\",\"caption\":\"Equipo Fabricio\"},\"url\":\"https:\\\/\\\/fabriciob.ar\\\/web\\\/author\\\/admin\\\/\"}]}<\/script>\n<!-- \/ Yoast SEO plugin. -->","yoast_head_json":{"title":"Presupuesto 2025: Nikisch pide superpoderes y endeudarse, escondiendo recursos e inflando gastos - Fabricio Bolatti","robots":{"index":"index","follow":"follow","max-snippet":"max-snippet:-1","max-image-preview":"max-image-preview:large","max-video-preview":"max-video-preview:-1"},"canonical":"https:\/\/fabriciob.ar\/web\/presupuesto-2025-nikisch-pide-superpoderes-y-endeudarse-escondiendo-recursos-e-inflando-gastos\/","og_locale":"es_ES","og_type":"article","og_title":"Presupuesto 2025: Nikisch pide superpoderes y endeudarse, escondiendo recursos e inflando gastos - Fabricio Bolatti","og_url":"https:\/\/fabriciob.ar\/web\/presupuesto-2025-nikisch-pide-superpoderes-y-endeudarse-escondiendo-recursos-e-inflando-gastos\/","og_site_name":"Fabricio Bolatti","article_publisher":"https:\/\/www.facebook.com\/fabriciobolattiK\/","article_published_time":"2024-12-20T06:07:55+00:00","article_modified_time":"2024-12-20T06:10:24+00:00","og_image":[{"width":2560,"height":1707,"url":"https:\/\/fabriciob.ar\/web\/wp-content\/uploads\/2024\/03\/DSC_0255-scaled.jpg","type":"image\/jpeg"}],"author":"Equipo Fabricio","twitter_card":"summary_large_image","twitter_creator":"@fabriciobolatti","twitter_site":"@fabriciobolatti","twitter_misc":{"Escrito por":"Equipo Fabricio","Tiempo de lectura":"6 minutos"},"schema":{"@context":"https:\/\/schema.org","@graph":[{"@type":"Article","@id":"https:\/\/fabriciob.ar\/web\/presupuesto-2025-nikisch-pide-superpoderes-y-endeudarse-escondiendo-recursos-e-inflando-gastos\/#article","isPartOf":{"@id":"https:\/\/fabriciob.ar\/web\/presupuesto-2025-nikisch-pide-superpoderes-y-endeudarse-escondiendo-recursos-e-inflando-gastos\/"},"author":{"name":"Equipo Fabricio","@id":"https:\/\/fabriciob.ar\/web\/#\/schema\/person\/d56dbc2f2489983c5270184312aab61b"},"headline":"Presupuesto 2025: Nikisch pide superpoderes y endeudarse, escondiendo recursos e inflando gastos","datePublished":"2024-12-20T06:07:55+00:00","dateModified":"2024-12-20T06:10:24+00:00","mainEntityOfPage":{"@id":"https:\/\/fabriciob.ar\/web\/presupuesto-2025-nikisch-pide-superpoderes-y-endeudarse-escondiendo-recursos-e-inflando-gastos\/"},"wordCount":1155,"commentCount":0,"publisher":{"@id":"https:\/\/fabriciob.ar\/web\/#organization"},"image":{"@id":"https:\/\/fabriciob.ar\/web\/presupuesto-2025-nikisch-pide-superpoderes-y-endeudarse-escondiendo-recursos-e-inflando-gastos\/#primaryimage"},"thumbnailUrl":"https:\/\/fabriciob.ar\/web\/wp-content\/uploads\/2024\/03\/DSC_0255-scaled.jpg","articleSection":["COMUNICADOS DE PRENSA"],"inLanguage":"es","potentialAction":[{"@type":"CommentAction","name":"Comment","target":["https:\/\/fabriciob.ar\/web\/presupuesto-2025-nikisch-pide-superpoderes-y-endeudarse-escondiendo-recursos-e-inflando-gastos\/#respond"]}]},{"@type":"WebPage","@id":"https:\/\/fabriciob.ar\/web\/presupuesto-2025-nikisch-pide-superpoderes-y-endeudarse-escondiendo-recursos-e-inflando-gastos\/","url":"https:\/\/fabriciob.ar\/web\/presupuesto-2025-nikisch-pide-superpoderes-y-endeudarse-escondiendo-recursos-e-inflando-gastos\/","name":"Presupuesto 2025: Nikisch pide superpoderes y endeudarse, escondiendo recursos e inflando gastos - Fabricio Bolatti","isPartOf":{"@id":"https:\/\/fabriciob.ar\/web\/#website"},"primaryImageOfPage":{"@id":"https:\/\/fabriciob.ar\/web\/presupuesto-2025-nikisch-pide-superpoderes-y-endeudarse-escondiendo-recursos-e-inflando-gastos\/#primaryimage"},"image":{"@id":"https:\/\/fabriciob.ar\/web\/presupuesto-2025-nikisch-pide-superpoderes-y-endeudarse-escondiendo-recursos-e-inflando-gastos\/#primaryimage"},"thumbnailUrl":"https:\/\/fabriciob.ar\/web\/wp-content\/uploads\/2024\/03\/DSC_0255-scaled.jpg","datePublished":"2024-12-20T06:07:55+00:00","dateModified":"2024-12-20T06:10:24+00:00","breadcrumb":{"@id":"https:\/\/fabriciob.ar\/web\/presupuesto-2025-nikisch-pide-superpoderes-y-endeudarse-escondiendo-recursos-e-inflando-gastos\/#breadcrumb"},"inLanguage":"es","potentialAction":[{"@type":"ReadAction","target":["https:\/\/fabriciob.ar\/web\/presupuesto-2025-nikisch-pide-superpoderes-y-endeudarse-escondiendo-recursos-e-inflando-gastos\/"]}]},{"@type":"ImageObject","inLanguage":"es","@id":"https:\/\/fabriciob.ar\/web\/presupuesto-2025-nikisch-pide-superpoderes-y-endeudarse-escondiendo-recursos-e-inflando-gastos\/#primaryimage","url":"https:\/\/fabriciob.ar\/web\/wp-content\/uploads\/2024\/03\/DSC_0255-scaled.jpg","contentUrl":"https:\/\/fabriciob.ar\/web\/wp-content\/uploads\/2024\/03\/DSC_0255-scaled.jpg","width":2560,"height":1707},{"@type":"BreadcrumbList","@id":"https:\/\/fabriciob.ar\/web\/presupuesto-2025-nikisch-pide-superpoderes-y-endeudarse-escondiendo-recursos-e-inflando-gastos\/#breadcrumb","itemListElement":[{"@type":"ListItem","position":1,"name":"Portada","item":"https:\/\/fabriciob.ar\/web\/"},{"@type":"ListItem","position":2,"name":"Presupuesto 2025: Nikisch pide superpoderes y endeudarse, escondiendo recursos e inflando gastos"}]},{"@type":"WebSite","@id":"https:\/\/fabriciob.ar\/web\/#website","url":"https:\/\/fabriciob.ar\/web\/","name":"Fabricio Bolatti","description":"Sitio Oficial-Comunicaci\u00f3n institucional de la gesti\u00f3n legislativa del concejal Fabricio Bolatti con los vecinos y vecinas de la ciudad de Resistencia","publisher":{"@id":"https:\/\/fabriciob.ar\/web\/#organization"},"potentialAction":[{"@type":"SearchAction","target":{"@type":"EntryPoint","urlTemplate":"https:\/\/fabriciob.ar\/web\/?s={search_term_string}"},"query-input":{"@type":"PropertyValueSpecification","valueRequired":true,"valueName":"search_term_string"}}],"inLanguage":"es"},{"@type":"Organization","@id":"https:\/\/fabriciob.ar\/web\/#organization","name":"Fabricio Bolatti-Sitio Oficial","url":"https:\/\/fabriciob.ar\/web\/","logo":{"@type":"ImageObject","inLanguage":"es","@id":"https:\/\/fabriciob.ar\/web\/#\/schema\/logo\/image\/","url":"https:\/\/fabriciob.ar\/web\/wp-content\/uploads\/2020\/12\/cropped-fb-en-el-concejo-a-red-2-1.png","contentUrl":"https:\/\/fabriciob.ar\/web\/wp-content\/uploads\/2020\/12\/cropped-fb-en-el-concejo-a-red-2-1.png","width":512,"height":512,"caption":"Fabricio Bolatti-Sitio Oficial"},"image":{"@id":"https:\/\/fabriciob.ar\/web\/#\/schema\/logo\/image\/"},"sameAs":["https:\/\/www.facebook.com\/fabriciobolattiK\/","https:\/\/x.com\/fabriciobolatti","https:\/\/www.instagram.com\/fabriciobolatti\/?igshid=7ztsgzj0mwql","https:\/\/www.youtube.com\/channel\/UCWLMPKJZG1JgX9U29Pra3ng"]},{"@type":"Person","@id":"https:\/\/fabriciob.ar\/web\/#\/schema\/person\/d56dbc2f2489983c5270184312aab61b","name":"Equipo Fabricio","image":{"@type":"ImageObject","inLanguage":"es","@id":"https:\/\/secure.gravatar.com\/avatar\/9d8e99352a71f2ac7e650885bc7721fe9d667070a36c2a5bb86aab909b8cf626?s=96&d=mm&r=g","url":"https:\/\/secure.gravatar.com\/avatar\/9d8e99352a71f2ac7e650885bc7721fe9d667070a36c2a5bb86aab909b8cf626?s=96&d=mm&r=g","contentUrl":"https:\/\/secure.gravatar.com\/avatar\/9d8e99352a71f2ac7e650885bc7721fe9d667070a36c2a5bb86aab909b8cf626?s=96&d=mm&r=g","caption":"Equipo Fabricio"},"url":"https:\/\/fabriciob.ar\/web\/author\/admin\/"}]}},"_links":{"self":[{"href":"https:\/\/fabriciob.ar\/web\/wp-json\/wp\/v2\/posts\/9443","targetHints":{"allow":["GET"]}}],"collection":[{"href":"https:\/\/fabriciob.ar\/web\/wp-json\/wp\/v2\/posts"}],"about":[{"href":"https:\/\/fabriciob.ar\/web\/wp-json\/wp\/v2\/types\/post"}],"author":[{"embeddable":true,"href":"https:\/\/fabriciob.ar\/web\/wp-json\/wp\/v2\/users\/3"}],"replies":[{"embeddable":true,"href":"https:\/\/fabriciob.ar\/web\/wp-json\/wp\/v2\/comments?post=9443"}],"version-history":[{"count":4,"href":"https:\/\/fabriciob.ar\/web\/wp-json\/wp\/v2\/posts\/9443\/revisions"}],"predecessor-version":[{"id":9447,"href":"https:\/\/fabriciob.ar\/web\/wp-json\/wp\/v2\/posts\/9443\/revisions\/9447"}],"wp:featuredmedia":[{"embeddable":true,"href":"https:\/\/fabriciob.ar\/web\/wp-json\/wp\/v2\/media\/9028"}],"wp:attachment":[{"href":"https:\/\/fabriciob.ar\/web\/wp-json\/wp\/v2\/media?parent=9443"}],"wp:term":[{"taxonomy":"category","embeddable":true,"href":"https:\/\/fabriciob.ar\/web\/wp-json\/wp\/v2\/categories?post=9443"},{"taxonomy":"post_tag","embeddable":true,"href":"https:\/\/fabriciob.ar\/web\/wp-json\/wp\/v2\/tags?post=9443"}],"curies":[{"name":"wp","href":"https:\/\/api.w.org\/{rel}","templated":true}]}}