{"id":9461,"date":"2024-12-27T16:45:02","date_gmt":"2024-12-27T16:45:02","guid":{"rendered":"https:\/\/fabriciob.ar\/web\/?p=9461"},"modified":"2024-12-27T16:45:02","modified_gmt":"2024-12-27T16:45:02","slug":"honramos-nuestro-rol-en-defensa-y-resguardo-de-los-derechos-y-el-buen-uso-de-los-recursos-que-son-del-pueblo","status":"publish","type":"post","link":"https:\/\/fabriciob.ar\/web\/honramos-nuestro-rol-en-defensa-y-resguardo-de-los-derechos-y-el-buen-uso-de-los-recursos-que-son-del-pueblo\/","title":{"rendered":"Honramos nuestro rol, en defensa y resguardo de los derechos y el buen uso de los recursos que son del pueblo"},"content":{"rendered":"<p>INFORME DE GESTI\u00d3N EN EL CONCEJO MUNICIPAL DE RESISTENCIA 2024<!--more--><\/p>\n<blockquote><p>\n<strong><em>Con el claro objetivo de aportar a una ciudad donde cada d\u00eda se pueda vivir un poco mejor; con mejor infraestructura comunitaria; con m\u00e1s desarrollo de su arte, su deporte, de su actividad econ\u00f3mica, de sus \u00e1mbitos de encuentro y de su participaci\u00f3n ciudadana en la cosa p\u00fablica; en una ciudad m\u00e1s inclusiva, igualitaria, solidaria, respetuosa y tolerante; una ciudad donde el \u00e9xito de uno, sea el de todos y todas.<\/em><\/strong><\/p><\/blockquote>\n<p>&nbsp;<\/p>\n<p><span style=\"font-size: 10pt;\"><em>*Fabricio Bolatti y equipo<\/em><\/span><\/p>\n<p>El cierre de un nuevo a\u00f1o nos invita a reflexionar sobre lo realizado y los desaf\u00edos que a\u00fan tenemos por delante.<\/p>\n<p>Desde siempre, nuestro trabajo estuvo centrado en cumplir con el compromiso asumido con todos los vecinos y vecinas de nuestra ciudad, bregando por defender sus derechos y fortalecer la Instituci\u00f3n principal de la Ciudad, por ello, desde nuestra labor legislativa nos abocamos a generar proyectos y acciones que impacten positivamente en la vida cotidiana de la comunidad.<\/p>\n<p>Pero en un a\u00f1o donde nuevamente tuvimos frente al Ejecutivo municipal una gesti\u00f3n de gobierno que no prioriz\u00f3 al vecino y la vecina de la ciudad, que no trabaj\u00f3 para poner en marcha el municipio, y que no logr\u00f3 prestar los servicios que tiene como incumbencia la Instituci\u00f3n Municipal, tambi\u00e9n tuvimos que hacer las denuncias correspondientes para informar a la comunidad y dar intervenci\u00f3n a Organismos de Control y a la propia Justicia, cuando entendimos que correspond\u00eda o que lo demandaba la defensa de los derechos de todos y todas.<\/p>\n<div id='gallery-1' class='gallery galleryid-9461 gallery-columns-3 gallery-size-medium'><figure class='gallery-item'>\n\t\t\t<div class='gallery-icon landscape'>\n\t\t\t\t<a href='https:\/\/fabriciob.ar\/web\/honramos-nuestro-rol-en-defensa-y-resguardo-de-los-derechos-y-el-buen-uso-de-los-recursos-que-son-del-pueblo\/3-126\/'><img fetchpriority=\"high\" decoding=\"async\" width=\"300\" height=\"172\" src=\"https:\/\/fabriciob.ar\/web\/wp-content\/uploads\/2024\/12\/3-1-300x172.jpg\" class=\"attachment-medium size-medium\" alt=\"\" srcset=\"https:\/\/fabriciob.ar\/web\/wp-content\/uploads\/2024\/12\/3-1-300x172.jpg 300w, https:\/\/fabriciob.ar\/web\/wp-content\/uploads\/2024\/12\/3-1-1024x588.jpg 1024w, https:\/\/fabriciob.ar\/web\/wp-content\/uploads\/2024\/12\/3-1-768x441.jpg 768w, https:\/\/fabriciob.ar\/web\/wp-content\/uploads\/2024\/12\/3-1-1536x881.jpg 1536w, https:\/\/fabriciob.ar\/web\/wp-content\/uploads\/2024\/12\/3-1-2048x1175.jpg 2048w\" sizes=\"(max-width: 300px) 100vw, 300px\" \/><\/a>\n\t\t\t<\/div><\/figure><figure class='gallery-item'>\n\t\t\t<div class='gallery-icon landscape'>\n\t\t\t\t<a href='https:\/\/fabriciob.ar\/web\/honramos-nuestro-rol-en-defensa-y-resguardo-de-los-derechos-y-el-buen-uso-de-los-recursos-que-son-del-pueblo\/cc-12\/'><img decoding=\"async\" width=\"300\" height=\"159\" src=\"https:\/\/fabriciob.ar\/web\/wp-content\/uploads\/2024\/12\/cc-12-300x159.jpg\" class=\"attachment-medium size-medium\" alt=\"\" srcset=\"https:\/\/fabriciob.ar\/web\/wp-content\/uploads\/2024\/12\/cc-12-300x159.jpg 300w, https:\/\/fabriciob.ar\/web\/wp-content\/uploads\/2024\/12\/cc-12-1024x544.jpg 1024w, https:\/\/fabriciob.ar\/web\/wp-content\/uploads\/2024\/12\/cc-12-768x408.jpg 768w, https:\/\/fabriciob.ar\/web\/wp-content\/uploads\/2024\/12\/cc-12-1536x817.jpg 1536w, https:\/\/fabriciob.ar\/web\/wp-content\/uploads\/2024\/12\/cc-12-2048x1089.jpg 2048w\" sizes=\"(max-width: 300px) 100vw, 300px\" \/><\/a>\n\t\t\t<\/div><\/figure><figure class='gallery-item'>\n\t\t\t<div class='gallery-icon landscape'>\n\t\t\t\t<a href='https:\/\/fabriciob.ar\/web\/honramos-nuestro-rol-en-defensa-y-resguardo-de-los-derechos-y-el-buen-uso-de-los-recursos-que-son-del-pueblo\/as-5\/'><img decoding=\"async\" width=\"300\" height=\"177\" src=\"https:\/\/fabriciob.ar\/web\/wp-content\/uploads\/2024\/12\/as-5-300x177.jpg\" class=\"attachment-medium size-medium\" alt=\"\" srcset=\"https:\/\/fabriciob.ar\/web\/wp-content\/uploads\/2024\/12\/as-5-300x177.jpg 300w, https:\/\/fabriciob.ar\/web\/wp-content\/uploads\/2024\/12\/as-5-1024x603.jpg 1024w, https:\/\/fabriciob.ar\/web\/wp-content\/uploads\/2024\/12\/as-5-768x452.jpg 768w, https:\/\/fabriciob.ar\/web\/wp-content\/uploads\/2024\/12\/as-5-1536x905.jpg 1536w, https:\/\/fabriciob.ar\/web\/wp-content\/uploads\/2024\/12\/as-5-2048x1206.jpg 2048w\" sizes=\"(max-width: 300px) 100vw, 300px\" \/><\/a>\n\t\t\t<\/div><\/figure><figure class='gallery-item'>\n\t\t\t<div class='gallery-icon landscape'>\n\t\t\t\t<a href='https:\/\/fabriciob.ar\/web\/honramos-nuestro-rol-en-defensa-y-resguardo-de-los-derechos-y-el-buen-uso-de-los-recursos-que-son-del-pueblo\/as-7\/'><img loading=\"lazy\" decoding=\"async\" width=\"300\" height=\"200\" src=\"https:\/\/fabriciob.ar\/web\/wp-content\/uploads\/2024\/12\/as-7-300x200.jpg\" class=\"attachment-medium size-medium\" alt=\"\" srcset=\"https:\/\/fabriciob.ar\/web\/wp-content\/uploads\/2024\/12\/as-7-300x200.jpg 300w, https:\/\/fabriciob.ar\/web\/wp-content\/uploads\/2024\/12\/as-7-1024x683.jpg 1024w, https:\/\/fabriciob.ar\/web\/wp-content\/uploads\/2024\/12\/as-7-768x512.jpg 768w, https:\/\/fabriciob.ar\/web\/wp-content\/uploads\/2024\/12\/as-7-1536x1024.jpg 1536w, https:\/\/fabriciob.ar\/web\/wp-content\/uploads\/2024\/12\/as-7-2048x1365.jpg 2048w\" sizes=\"(max-width: 300px) 100vw, 300px\" \/><\/a>\n\t\t\t<\/div><\/figure><figure class='gallery-item'>\n\t\t\t<div class='gallery-icon landscape'>\n\t\t\t\t<a href='https:\/\/fabriciob.ar\/web\/honramos-nuestro-rol-en-defensa-y-resguardo-de-los-derechos-y-el-buen-uso-de-los-recursos-que-son-del-pueblo\/14-4\/'><img loading=\"lazy\" decoding=\"async\" width=\"300\" height=\"200\" src=\"https:\/\/fabriciob.ar\/web\/wp-content\/uploads\/2024\/12\/14-300x200.jpg\" class=\"attachment-medium size-medium\" alt=\"\" srcset=\"https:\/\/fabriciob.ar\/web\/wp-content\/uploads\/2024\/12\/14-300x200.jpg 300w, https:\/\/fabriciob.ar\/web\/wp-content\/uploads\/2024\/12\/14-1024x683.jpg 1024w, https:\/\/fabriciob.ar\/web\/wp-content\/uploads\/2024\/12\/14-768x512.jpg 768w, https:\/\/fabriciob.ar\/web\/wp-content\/uploads\/2024\/12\/14-1536x1024.jpg 1536w, https:\/\/fabriciob.ar\/web\/wp-content\/uploads\/2024\/12\/14-2048x1365.jpg 2048w\" sizes=\"(max-width: 300px) 100vw, 300px\" \/><\/a>\n\t\t\t<\/div><\/figure><figure class='gallery-item'>\n\t\t\t<div class='gallery-icon landscape'>\n\t\t\t\t<a href='https:\/\/fabriciob.ar\/web\/honramos-nuestro-rol-en-defensa-y-resguardo-de-los-derechos-y-el-buen-uso-de-los-recursos-que-son-del-pueblo\/as-2\/'><img loading=\"lazy\" decoding=\"async\" width=\"300\" height=\"186\" src=\"https:\/\/fabriciob.ar\/web\/wp-content\/uploads\/2024\/12\/as-2-300x186.jpg\" class=\"attachment-medium size-medium\" alt=\"\" srcset=\"https:\/\/fabriciob.ar\/web\/wp-content\/uploads\/2024\/12\/as-2-300x186.jpg 300w, https:\/\/fabriciob.ar\/web\/wp-content\/uploads\/2024\/12\/as-2-1024x635.jpg 1024w, https:\/\/fabriciob.ar\/web\/wp-content\/uploads\/2024\/12\/as-2-768x477.jpg 768w, https:\/\/fabriciob.ar\/web\/wp-content\/uploads\/2024\/12\/as-2-1536x953.jpg 1536w, https:\/\/fabriciob.ar\/web\/wp-content\/uploads\/2024\/12\/as-2-2048x1271.jpg 2048w\" sizes=\"(max-width: 300px) 100vw, 300px\" \/><\/a>\n\t\t\t<\/div><\/figure>\n\t\t<\/div>\n\n<p>Entre nuestros objetivos, siempre estuvo y seguir\u00e1 estando fomentar la participaci\u00f3n activa de la ciudadan\u00eda en los actos o temas de inter\u00e9s com\u00fan y p\u00fablicos legislativos, para lo que entendemos necesario trabajar por la creaci\u00f3n de normas que favorezcan una ciudad mejor en todos sus aspectos. Por eso, pusimos a disposici\u00f3n un espacio de gesti\u00f3n y un equipo de trabajo que se esforz\u00f3 por representar con responsabilidad las voces de los resistencianos y resistencianas, frente a todas los desaf\u00edos e inconvenientes que la \u00e9poca nos impone y los que la gesti\u00f3n actual nos cre\u00f3, buscando que no podamos cumplirlo.<\/p>\n<div id='gallery-2' class='gallery galleryid-9461 gallery-columns-4 gallery-size-medium'><figure class='gallery-item'>\n\t\t\t<div class='gallery-icon landscape'>\n\t\t\t\t<a href='https:\/\/fabriciob.ar\/web\/honramos-nuestro-rol-en-defensa-y-resguardo-de-los-derechos-y-el-buen-uso-de-los-recursos-que-son-del-pueblo\/1-136\/'><img loading=\"lazy\" decoding=\"async\" width=\"300\" height=\"169\" src=\"https:\/\/fabriciob.ar\/web\/wp-content\/uploads\/2024\/12\/1-1-300x169.jpg\" class=\"attachment-medium size-medium\" alt=\"\" srcset=\"https:\/\/fabriciob.ar\/web\/wp-content\/uploads\/2024\/12\/1-1-300x169.jpg 300w, https:\/\/fabriciob.ar\/web\/wp-content\/uploads\/2024\/12\/1-1-1024x577.jpg 1024w, https:\/\/fabriciob.ar\/web\/wp-content\/uploads\/2024\/12\/1-1-768x433.jpg 768w, https:\/\/fabriciob.ar\/web\/wp-content\/uploads\/2024\/12\/1-1-1536x866.jpg 1536w, https:\/\/fabriciob.ar\/web\/wp-content\/uploads\/2024\/12\/1-1-2048x1155.jpg 2048w\" sizes=\"(max-width: 300px) 100vw, 300px\" \/><\/a>\n\t\t\t<\/div><\/figure><figure class='gallery-item'>\n\t\t\t<div class='gallery-icon landscape'>\n\t\t\t\t<a href='https:\/\/fabriciob.ar\/web\/honramos-nuestro-rol-en-defensa-y-resguardo-de-los-derechos-y-el-buen-uso-de-los-recursos-que-son-del-pueblo\/14-5\/'><img loading=\"lazy\" decoding=\"async\" width=\"300\" height=\"200\" src=\"https:\/\/fabriciob.ar\/web\/wp-content\/uploads\/2024\/12\/14-1-300x200.jpg\" class=\"attachment-medium size-medium\" alt=\"\" srcset=\"https:\/\/fabriciob.ar\/web\/wp-content\/uploads\/2024\/12\/14-1-300x200.jpg 300w, https:\/\/fabriciob.ar\/web\/wp-content\/uploads\/2024\/12\/14-1-1024x683.jpg 1024w, https:\/\/fabriciob.ar\/web\/wp-content\/uploads\/2024\/12\/14-1-768x512.jpg 768w, https:\/\/fabriciob.ar\/web\/wp-content\/uploads\/2024\/12\/14-1-1536x1024.jpg 1536w, https:\/\/fabriciob.ar\/web\/wp-content\/uploads\/2024\/12\/14-1-2048x1365.jpg 2048w\" sizes=\"(max-width: 300px) 100vw, 300px\" \/><\/a>\n\t\t\t<\/div><\/figure><figure class='gallery-item'>\n\t\t\t<div class='gallery-icon landscape'>\n\t\t\t\t<a href='https:\/\/fabriciob.ar\/web\/honramos-nuestro-rol-en-defensa-y-resguardo-de-los-derechos-y-el-buen-uso-de-los-recursos-que-son-del-pueblo\/afadg-1\/'><img loading=\"lazy\" decoding=\"async\" width=\"300\" height=\"200\" src=\"https:\/\/fabriciob.ar\/web\/wp-content\/uploads\/2024\/12\/afadg-1-e1735317566958-300x200.jpg\" class=\"attachment-medium size-medium\" alt=\"\" srcset=\"https:\/\/fabriciob.ar\/web\/wp-content\/uploads\/2024\/12\/afadg-1-e1735317566958-300x200.jpg 300w, https:\/\/fabriciob.ar\/web\/wp-content\/uploads\/2024\/12\/afadg-1-e1735317566958-1024x682.jpg 1024w, https:\/\/fabriciob.ar\/web\/wp-content\/uploads\/2024\/12\/afadg-1-e1735317566958-768x512.jpg 768w, https:\/\/fabriciob.ar\/web\/wp-content\/uploads\/2024\/12\/afadg-1-e1735317566958.jpg 1280w\" sizes=\"(max-width: 300px) 100vw, 300px\" \/><\/a>\n\t\t\t<\/div><\/figure><figure class='gallery-item'>\n\t\t\t<div class='gallery-icon landscape'>\n\t\t\t\t<a href='https:\/\/fabriciob.ar\/web\/honramos-nuestro-rol-en-defensa-y-resguardo-de-los-derechos-y-el-buen-uso-de-los-recursos-que-son-del-pueblo\/sss-9\/'><img loading=\"lazy\" decoding=\"async\" width=\"300\" height=\"169\" src=\"https:\/\/fabriciob.ar\/web\/wp-content\/uploads\/2024\/12\/sss-9-300x169.jpg\" class=\"attachment-medium size-medium\" alt=\"\" srcset=\"https:\/\/fabriciob.ar\/web\/wp-content\/uploads\/2024\/12\/sss-9-300x169.jpg 300w, https:\/\/fabriciob.ar\/web\/wp-content\/uploads\/2024\/12\/sss-9-1024x576.jpg 1024w, https:\/\/fabriciob.ar\/web\/wp-content\/uploads\/2024\/12\/sss-9-768x432.jpg 768w, https:\/\/fabriciob.ar\/web\/wp-content\/uploads\/2024\/12\/sss-9-1536x864.jpg 1536w, https:\/\/fabriciob.ar\/web\/wp-content\/uploads\/2024\/12\/sss-9-2048x1153.jpg 2048w\" sizes=\"(max-width: 300px) 100vw, 300px\" \/><\/a>\n\t\t\t<\/div><\/figure><figure class='gallery-item'>\n\t\t\t<div class='gallery-icon landscape'>\n\t\t\t\t<a href='https:\/\/fabriciob.ar\/web\/honramos-nuestro-rol-en-defensa-y-resguardo-de-los-derechos-y-el-buen-uso-de-los-recursos-que-son-del-pueblo\/sss-15\/'><img loading=\"lazy\" decoding=\"async\" width=\"300\" height=\"185\" src=\"https:\/\/fabriciob.ar\/web\/wp-content\/uploads\/2024\/12\/sss-15-300x185.jpg\" class=\"attachment-medium size-medium\" alt=\"\" srcset=\"https:\/\/fabriciob.ar\/web\/wp-content\/uploads\/2024\/12\/sss-15-300x185.jpg 300w, https:\/\/fabriciob.ar\/web\/wp-content\/uploads\/2024\/12\/sss-15-1024x631.jpg 1024w, https:\/\/fabriciob.ar\/web\/wp-content\/uploads\/2024\/12\/sss-15-768x473.jpg 768w, https:\/\/fabriciob.ar\/web\/wp-content\/uploads\/2024\/12\/sss-15-1536x947.jpg 1536w, https:\/\/fabriciob.ar\/web\/wp-content\/uploads\/2024\/12\/sss-15-2048x1262.jpg 2048w\" sizes=\"(max-width: 300px) 100vw, 300px\" \/><\/a>\n\t\t\t<\/div><\/figure><figure class='gallery-item'>\n\t\t\t<div class='gallery-icon landscape'>\n\t\t\t\t<a href='https:\/\/fabriciob.ar\/web\/honramos-nuestro-rol-en-defensa-y-resguardo-de-los-derechos-y-el-buen-uso-de-los-recursos-que-son-del-pueblo\/sx-2\/'><img loading=\"lazy\" decoding=\"async\" width=\"300\" height=\"169\" src=\"https:\/\/fabriciob.ar\/web\/wp-content\/uploads\/2024\/12\/sx-2-300x169.jpg\" class=\"attachment-medium size-medium\" alt=\"\" srcset=\"https:\/\/fabriciob.ar\/web\/wp-content\/uploads\/2024\/12\/sx-2-300x169.jpg 300w, https:\/\/fabriciob.ar\/web\/wp-content\/uploads\/2024\/12\/sx-2-1024x576.jpg 1024w, https:\/\/fabriciob.ar\/web\/wp-content\/uploads\/2024\/12\/sx-2-768x432.jpg 768w, https:\/\/fabriciob.ar\/web\/wp-content\/uploads\/2024\/12\/sx-2.jpg 1280w\" sizes=\"(max-width: 300px) 100vw, 300px\" \/><\/a>\n\t\t\t<\/div><\/figure><figure class='gallery-item'>\n\t\t\t<div class='gallery-icon landscape'>\n\t\t\t\t<a href='https:\/\/fabriciob.ar\/web\/honramos-nuestro-rol-en-defensa-y-resguardo-de-los-derechos-y-el-buen-uso-de-los-recursos-que-son-del-pueblo\/xxcv-3\/'><img loading=\"lazy\" decoding=\"async\" width=\"300\" height=\"168\" src=\"https:\/\/fabriciob.ar\/web\/wp-content\/uploads\/2024\/12\/xxcv-3-scaled-e1735317599102-300x168.jpg\" class=\"attachment-medium size-medium\" alt=\"\" srcset=\"https:\/\/fabriciob.ar\/web\/wp-content\/uploads\/2024\/12\/xxcv-3-scaled-e1735317599102-300x168.jpg 300w, https:\/\/fabriciob.ar\/web\/wp-content\/uploads\/2024\/12\/xxcv-3-scaled-e1735317599102-1024x574.jpg 1024w, https:\/\/fabriciob.ar\/web\/wp-content\/uploads\/2024\/12\/xxcv-3-scaled-e1735317599102-768x430.jpg 768w, https:\/\/fabriciob.ar\/web\/wp-content\/uploads\/2024\/12\/xxcv-3-scaled-e1735317599102-1536x860.jpg 1536w, https:\/\/fabriciob.ar\/web\/wp-content\/uploads\/2024\/12\/xxcv-3-scaled-e1735317599102-2048x1147.jpg 2048w\" sizes=\"(max-width: 300px) 100vw, 300px\" \/><\/a>\n\t\t\t<\/div><\/figure><figure class='gallery-item'>\n\t\t\t<div class='gallery-icon landscape'>\n\t\t\t\t<a href='https:\/\/fabriciob.ar\/web\/honramos-nuestro-rol-en-defensa-y-resguardo-de-los-derechos-y-el-buen-uso-de-los-recursos-que-son-del-pueblo\/xxxc-3\/'><img loading=\"lazy\" decoding=\"async\" width=\"300\" height=\"176\" src=\"https:\/\/fabriciob.ar\/web\/wp-content\/uploads\/2024\/12\/xxxc-3-300x176.jpg\" class=\"attachment-medium size-medium\" alt=\"\" srcset=\"https:\/\/fabriciob.ar\/web\/wp-content\/uploads\/2024\/12\/xxxc-3-300x176.jpg 300w, https:\/\/fabriciob.ar\/web\/wp-content\/uploads\/2024\/12\/xxxc-3-1024x602.jpg 1024w, https:\/\/fabriciob.ar\/web\/wp-content\/uploads\/2024\/12\/xxxc-3-768x452.jpg 768w, https:\/\/fabriciob.ar\/web\/wp-content\/uploads\/2024\/12\/xxxc-3-1536x904.jpg 1536w, https:\/\/fabriciob.ar\/web\/wp-content\/uploads\/2024\/12\/xxxc-3-2048x1205.jpg 2048w\" sizes=\"(max-width: 300px) 100vw, 300px\" \/><\/a>\n\t\t\t<\/div><\/figure>\n\t\t<\/div>\n\n<p>A lo largo del a\u00f1o, fuimos firmes defensores de los derechos del pueblo resistenciano y de la instituci\u00f3n municipal. Esper\u00e1bamos trabajar de manera conjunta con el Ejecutivo, tal como lo hab\u00eda anunciado el Intendente al asumir su cargo, que ser\u00eda \u2018un municipio de puertas abiertas\u2019. Sin embargo, hemos sido testigos de una gesti\u00f3n que no solo no escuch\u00f3 nuestras propuestas como concejales, sino que adem\u00e1s nos quitaron recursos humanos (porque despidieron a trabajadores y trabajadoras de nuestro equipo) y materiales, para llevar adelante nuestra labor, con la clara intenci\u00f3n de debilitarnos como oposici\u00f3n.<\/p>\n<div id='gallery-3' class='gallery galleryid-9461 gallery-columns-3 gallery-size-medium'><figure class='gallery-item'>\n\t\t\t<div class='gallery-icon landscape'>\n\t\t\t\t<a href='https:\/\/fabriciob.ar\/web\/honramos-nuestro-rol-en-defensa-y-resguardo-de-los-derechos-y-el-buen-uso-de-los-recursos-que-son-del-pueblo\/as-9\/'><img loading=\"lazy\" decoding=\"async\" width=\"300\" height=\"189\" src=\"https:\/\/fabriciob.ar\/web\/wp-content\/uploads\/2024\/12\/as-9-300x189.jpg\" class=\"attachment-medium size-medium\" alt=\"\" srcset=\"https:\/\/fabriciob.ar\/web\/wp-content\/uploads\/2024\/12\/as-9-300x189.jpg 300w, https:\/\/fabriciob.ar\/web\/wp-content\/uploads\/2024\/12\/as-9-1024x645.jpg 1024w, https:\/\/fabriciob.ar\/web\/wp-content\/uploads\/2024\/12\/as-9-768x484.jpg 768w, https:\/\/fabriciob.ar\/web\/wp-content\/uploads\/2024\/12\/as-9-1536x968.jpg 1536w, https:\/\/fabriciob.ar\/web\/wp-content\/uploads\/2024\/12\/as-9-2048x1291.jpg 2048w\" sizes=\"(max-width: 300px) 100vw, 300px\" \/><\/a>\n\t\t\t<\/div><\/figure><figure class='gallery-item'>\n\t\t\t<div class='gallery-icon landscape'>\n\t\t\t\t<a href='https:\/\/fabriciob.ar\/web\/honramos-nuestro-rol-en-defensa-y-resguardo-de-los-derechos-y-el-buen-uso-de-los-recursos-que-son-del-pueblo\/cc-15\/'><img loading=\"lazy\" decoding=\"async\" width=\"300\" height=\"169\" src=\"https:\/\/fabriciob.ar\/web\/wp-content\/uploads\/2024\/12\/cc-15-300x169.jpg\" class=\"attachment-medium size-medium\" alt=\"\" srcset=\"https:\/\/fabriciob.ar\/web\/wp-content\/uploads\/2024\/12\/cc-15-300x169.jpg 300w, https:\/\/fabriciob.ar\/web\/wp-content\/uploads\/2024\/12\/cc-15-1024x576.jpg 1024w, https:\/\/fabriciob.ar\/web\/wp-content\/uploads\/2024\/12\/cc-15-768x432.jpg 768w, https:\/\/fabriciob.ar\/web\/wp-content\/uploads\/2024\/12\/cc-15-1536x864.jpg 1536w, https:\/\/fabriciob.ar\/web\/wp-content\/uploads\/2024\/12\/cc-15-2048x1153.jpg 2048w\" sizes=\"(max-width: 300px) 100vw, 300px\" \/><\/a>\n\t\t\t<\/div><\/figure><figure class='gallery-item'>\n\t\t\t<div class='gallery-icon landscape'>\n\t\t\t\t<a href='https:\/\/fabriciob.ar\/web\/honramos-nuestro-rol-en-defensa-y-resguardo-de-los-derechos-y-el-buen-uso-de-los-recursos-que-son-del-pueblo\/dds-1\/'><img loading=\"lazy\" decoding=\"async\" width=\"300\" height=\"200\" src=\"https:\/\/fabriciob.ar\/web\/wp-content\/uploads\/2024\/12\/dds-1-300x200.jpeg\" class=\"attachment-medium size-medium\" alt=\"\" srcset=\"https:\/\/fabriciob.ar\/web\/wp-content\/uploads\/2024\/12\/dds-1-300x200.jpeg 300w, https:\/\/fabriciob.ar\/web\/wp-content\/uploads\/2024\/12\/dds-1-1024x683.jpeg 1024w, https:\/\/fabriciob.ar\/web\/wp-content\/uploads\/2024\/12\/dds-1-768x512.jpeg 768w, https:\/\/fabriciob.ar\/web\/wp-content\/uploads\/2024\/12\/dds-1.jpeg 1152w\" sizes=\"(max-width: 300px) 100vw, 300px\" \/><\/a>\n\t\t\t<\/div><\/figure><figure class='gallery-item'>\n\t\t\t<div class='gallery-icon landscape'>\n\t\t\t\t<a href='https:\/\/fabriciob.ar\/web\/honramos-nuestro-rol-en-defensa-y-resguardo-de-los-derechos-y-el-buen-uso-de-los-recursos-que-son-del-pueblo\/dds-5\/'><img loading=\"lazy\" decoding=\"async\" width=\"300\" height=\"200\" src=\"https:\/\/fabriciob.ar\/web\/wp-content\/uploads\/2024\/12\/dds-5-300x200.jpg\" class=\"attachment-medium size-medium\" alt=\"\" srcset=\"https:\/\/fabriciob.ar\/web\/wp-content\/uploads\/2024\/12\/dds-5-300x200.jpg 300w, https:\/\/fabriciob.ar\/web\/wp-content\/uploads\/2024\/12\/dds-5-1024x683.jpg 1024w, https:\/\/fabriciob.ar\/web\/wp-content\/uploads\/2024\/12\/dds-5-768x512.jpg 768w, https:\/\/fabriciob.ar\/web\/wp-content\/uploads\/2024\/12\/dds-5-1536x1024.jpg 1536w, https:\/\/fabriciob.ar\/web\/wp-content\/uploads\/2024\/12\/dds-5-2048x1365.jpg 2048w\" sizes=\"(max-width: 300px) 100vw, 300px\" \/><\/a>\n\t\t\t<\/div><\/figure><figure class='gallery-item'>\n\t\t\t<div class='gallery-icon landscape'>\n\t\t\t\t<a href='https:\/\/fabriciob.ar\/web\/honramos-nuestro-rol-en-defensa-y-resguardo-de-los-derechos-y-el-buen-uso-de-los-recursos-que-son-del-pueblo\/re-1\/'><img loading=\"lazy\" decoding=\"async\" width=\"300\" height=\"169\" src=\"https:\/\/fabriciob.ar\/web\/wp-content\/uploads\/2024\/12\/re-1-300x169.jpeg\" class=\"attachment-medium size-medium\" alt=\"\" srcset=\"https:\/\/fabriciob.ar\/web\/wp-content\/uploads\/2024\/12\/re-1-300x169.jpeg 300w, https:\/\/fabriciob.ar\/web\/wp-content\/uploads\/2024\/12\/re-1-1024x576.jpeg 1024w, https:\/\/fabriciob.ar\/web\/wp-content\/uploads\/2024\/12\/re-1-768x432.jpeg 768w, https:\/\/fabriciob.ar\/web\/wp-content\/uploads\/2024\/12\/re-1-1536x864.jpeg 1536w, https:\/\/fabriciob.ar\/web\/wp-content\/uploads\/2024\/12\/re-1-2048x1153.jpeg 2048w\" sizes=\"(max-width: 300px) 100vw, 300px\" \/><\/a>\n\t\t\t<\/div><\/figure><figure class='gallery-item'>\n\t\t\t<div class='gallery-icon landscape'>\n\t\t\t\t<a href='https:\/\/fabriciob.ar\/web\/honramos-nuestro-rol-en-defensa-y-resguardo-de-los-derechos-y-el-buen-uso-de-los-recursos-que-son-del-pueblo\/ss-1\/'><img loading=\"lazy\" decoding=\"async\" width=\"300\" height=\"191\" src=\"https:\/\/fabriciob.ar\/web\/wp-content\/uploads\/2024\/12\/ss-1-e1735317752750-300x191.jpg\" class=\"attachment-medium size-medium\" alt=\"\" srcset=\"https:\/\/fabriciob.ar\/web\/wp-content\/uploads\/2024\/12\/ss-1-e1735317752750-300x191.jpg 300w, https:\/\/fabriciob.ar\/web\/wp-content\/uploads\/2024\/12\/ss-1-e1735317752750-1024x653.jpg 1024w, https:\/\/fabriciob.ar\/web\/wp-content\/uploads\/2024\/12\/ss-1-e1735317752750-768x490.jpg 768w, https:\/\/fabriciob.ar\/web\/wp-content\/uploads\/2024\/12\/ss-1-e1735317752750-1536x979.jpg 1536w, https:\/\/fabriciob.ar\/web\/wp-content\/uploads\/2024\/12\/ss-1-e1735317752750.jpg 1600w\" sizes=\"(max-width: 300px) 100vw, 300px\" \/><\/a>\n\t\t\t<\/div><\/figure>\n\t\t<\/div>\n\n<p>A pesar de estos obst\u00e1culos, nos mantuvimos firmes en nuestra tarea, promoviendo siempre el debate serio y bien intencionado, la participaci\u00f3n ciudadana y el acceso a la informaci\u00f3n p\u00fablica, como pilares fundamentales para garantizar la transparencia de los actos de gobierno.<\/p>\n<p>En el \u00e1mbito legislativo, presentamos m\u00e1s de 300 proyectos entre marzo y diciembre, en materia de infraestructura para la ciudad; g\u00e9nero; participaci\u00f3n ciudadana; accesibilidad, inclusi\u00f3n e integraci\u00f3n de las personas con discapacidad; concientizaci\u00f3n sobre la salud, el cuidado del ambiente y la promoci\u00f3n y fortalecimiento del arte y la cultura local y barrial, en todas sus expresiones, entre otros. Cada una de estas \u00e1reas es esencial para una Resistencia m\u00e1s equitativa y mejor.<\/p>\n<p>&nbsp;<\/p>\n<p><em>Entre las iniciativas m\u00e1s destacadas de nuestra Concejal\u00eda, se encuentran:<\/em><\/p>\n<p>*<strong>La Pr\u00f3rroga de la Ordenanza Tributaria e Impositiva de 2023 para el ejercicio 2024,<\/strong> con el objetivo de aliviar la carga de las y los contribuyentes y mejorar el bienestar de la comunidad en relaci\u00f3n con las obligaciones tributarias municipales. No tuvo acompa\u00f1amiento del oficialismo.<\/p>\n<p>*<strong>La Creaci\u00f3n del Fondo de Arte y Deporte Local, un espacio de apoyo al arte y al deporte<\/strong>, fortaleciendo las expresiones culturales y deportivas que enriquecen nuestra ciudad. Una propuesta que fue resultado de encuentros, opiniones, debates, amor, y mucho arte popular que pudimos acompa\u00f1ar en estos a\u00f1os; gestada de la propia voz de artistas j\u00f3venes que buscan generar su lugar. No tuvo acompa\u00f1amiento del oficialismo.<\/p>\n<p>*<strong>La Creaci\u00f3n del Programa Funcional de Desag\u00fces Pluviales,<\/strong> a fin de garantizar la asignaci\u00f3n de recursos de tributos municipales a la ejecuci\u00f3n de un Plan H\u00eddrico que ordenar\u00e1 proyectos de obras de infraestructura para desag\u00fces pluviales de Resistencia, para un drenaje eficiente y prevenir inundaciones, mejorando la infraestructura hidr\u00e1ulica de la ciudad y protegiendo a las y los ciudadanos de los efectos negativos de las lluvias. No tuvo acompa\u00f1amiento del oficialismo.<\/p>\n<p><strong>*La Creaci\u00f3n del Programa Estacionamientos de Motos M\u00e1s Seguros (EMMAS),<\/strong> con el objetivo de mejorar la infraestructura de estacionamientos para motos y bicicletas, una respuesta a la creciente demanda que trae consigo la realidad y las consecuencias de las medidas de los actuales gobiernos, como ser el incremento en la tarifa del boleto del Transporte P\u00fablico establecido por los gobiernos nacional y provincial, y la p\u00e9rdida de poder adquisitivo, que obliga a las y los ciudadanos a optar por movilizarse en motos o bicicletas. Un fen\u00f3meno en crecimiento tiene distintos aspectos o consecuencias que deben ser atendidas por el Municipio. No tuvo acompa\u00f1amiento del oficialismo.<\/p>\n<p><strong>*La Creaci\u00f3n del Programa Plazas y Espacios P\u00fablicos Abiertos,<\/strong> para finalizar las obras de espacios verdes y recreativos iniciadas en gestiones anteriores, que son fundamentales para la calidad de vida urbana. No tuvo acompa\u00f1amiento del oficialismo.<\/p>\n<p><strong>*La ampliaci\u00f3n de la Licencia por Paternidad,<\/strong> en busca de la igualdad en las tareas de cuidado de los hijos e hijas. Una propuesta que dio respuesta a la demanda de trabajadores y trabajadoras municipales, que ofrece un marco de reconocimiento al derecho a la licencia por nacimiento o adopci\u00f3n de manera equitativa para todas las personas, sin distinci\u00f3n de sexo o identidad de g\u00e9nero. No tuvo acompa\u00f1amiento del oficialismo.<\/p>\n<p><strong>*Derogar art\u00edculo de la Emergencia Econ\u00f3mica para transparentar las compras de la Municipalidad,<\/strong> tras observar y denunciar procesos de compras irregulares, propusimos derogar art\u00edculo de la ordenanza que dispone el estado de Emergencia Econ\u00f3mica de la Municipalidad sancionada en 2019, para que la gesti\u00f3n actual no siga obviando los procesos de licitaci\u00f3n que requieren las compras, a fin de transparentar el manejo de los recursos p\u00fablicos. Tampoco tuvo acompa\u00f1amiento del oficialismo.<\/p>\n<p>Adem\u00e1s, elaboramos cientos de proyectos de Resoluci\u00f3n por demandas de servicios o mejoras en barrios que recibimos en nuestra concejal\u00eda por parte de vecinos y vecinas; y de Declaraci\u00f3n, acompa\u00f1ando a los distintos sectores que conviven en nuestra ciudad y que alimentan nuestro arte, nuestra cultura y nuestra identidad.<\/p>\n<h5>Derechos y Garant\u00edas de la Ciudadan\u00eda<\/h5>\n<p>En cumplimiento con nuestra funci\u00f3n de control, la Carta Org\u00e1nica y la Constituci\u00f3n, pero sobre todo con el compromiso con la ciudad y su gente, hemos elevado diversos pedidos de informe al Ejecutivo Municipal. Estos incluyeron temas tan cruciales como el servicio de recolecci\u00f3n de residuos; el avance de obras en espacios p\u00fablicos y centros comunitarios; la celebraci\u00f3n de convenios irregulares con Vialidad Provincial; el estado contable del Municipio; cuestiones de empleo p\u00fablico municipal y sobre la estructura en el cargo y beneficios adicionales por funci\u00f3n jer\u00e1rquica que recibieron funcionarios de la actual gesti\u00f3n; estado contable y financiero de la Caja Municipal, entre otros. Lamentablemente, no hemos recibido respuesta por parte del Intendente a ninguno de estos pedidos de informe, por ello solicitamos formalmente la intervenci\u00f3n de la Fiscal\u00eda de Investigaciones Administrativas.<\/p>\n<div id='gallery-4' class='gallery galleryid-9461 gallery-columns-3 gallery-size-medium'><figure class='gallery-item'>\n\t\t\t<div class='gallery-icon landscape'>\n\t\t\t\t<a href='https:\/\/fabriciob.ar\/web\/honramos-nuestro-rol-en-defensa-y-resguardo-de-los-derechos-y-el-buen-uso-de-los-recursos-que-son-del-pueblo\/b-3\/'><img loading=\"lazy\" decoding=\"async\" width=\"300\" height=\"206\" src=\"https:\/\/fabriciob.ar\/web\/wp-content\/uploads\/2024\/12\/b-300x206.jpg\" class=\"attachment-medium size-medium\" alt=\"\" srcset=\"https:\/\/fabriciob.ar\/web\/wp-content\/uploads\/2024\/12\/b-300x206.jpg 300w, https:\/\/fabriciob.ar\/web\/wp-content\/uploads\/2024\/12\/b-768x528.jpg 768w, https:\/\/fabriciob.ar\/web\/wp-content\/uploads\/2024\/12\/b.jpg 960w\" sizes=\"(max-width: 300px) 100vw, 300px\" \/><\/a>\n\t\t\t<\/div><\/figure><figure class='gallery-item'>\n\t\t\t<div class='gallery-icon landscape'>\n\t\t\t\t<a href='https:\/\/fabriciob.ar\/web\/honramos-nuestro-rol-en-defensa-y-resguardo-de-los-derechos-y-el-buen-uso-de-los-recursos-que-son-del-pueblo\/cc-10\/'><img loading=\"lazy\" decoding=\"async\" width=\"300\" height=\"221\" src=\"https:\/\/fabriciob.ar\/web\/wp-content\/uploads\/2024\/12\/cc-10-e1735317862762-300x221.jpeg\" class=\"attachment-medium size-medium\" alt=\"\" srcset=\"https:\/\/fabriciob.ar\/web\/wp-content\/uploads\/2024\/12\/cc-10-e1735317862762-300x221.jpeg 300w, https:\/\/fabriciob.ar\/web\/wp-content\/uploads\/2024\/12\/cc-10-e1735317862762.jpeg 720w\" sizes=\"(max-width: 300px) 100vw, 300px\" \/><\/a>\n\t\t\t<\/div><\/figure><figure class='gallery-item'>\n\t\t\t<div class='gallery-icon landscape'>\n\t\t\t\t<a href='https:\/\/fabriciob.ar\/web\/honramos-nuestro-rol-en-defensa-y-resguardo-de-los-derechos-y-el-buen-uso-de-los-recursos-que-son-del-pueblo\/cc-10-2\/'><img loading=\"lazy\" decoding=\"async\" width=\"300\" height=\"225\" src=\"https:\/\/fabriciob.ar\/web\/wp-content\/uploads\/2024\/12\/cc-10-300x225.jpg\" class=\"attachment-medium size-medium\" alt=\"\" srcset=\"https:\/\/fabriciob.ar\/web\/wp-content\/uploads\/2024\/12\/cc-10-300x225.jpg 300w, https:\/\/fabriciob.ar\/web\/wp-content\/uploads\/2024\/12\/cc-10-1024x768.jpg 1024w, https:\/\/fabriciob.ar\/web\/wp-content\/uploads\/2024\/12\/cc-10-768x576.jpg 768w, https:\/\/fabriciob.ar\/web\/wp-content\/uploads\/2024\/12\/cc-10.jpg 1040w\" sizes=\"(max-width: 300px) 100vw, 300px\" \/><\/a>\n\t\t\t<\/div><\/figure><figure class='gallery-item'>\n\t\t\t<div class='gallery-icon landscape'>\n\t\t\t\t<a href='https:\/\/fabriciob.ar\/web\/honramos-nuestro-rol-en-defensa-y-resguardo-de-los-derechos-y-el-buen-uso-de-los-recursos-que-son-del-pueblo\/cc-11\/'><img loading=\"lazy\" decoding=\"async\" width=\"300\" height=\"196\" src=\"https:\/\/fabriciob.ar\/web\/wp-content\/uploads\/2024\/12\/cc-11-e1735317888194-300x196.jpeg\" class=\"attachment-medium size-medium\" alt=\"\" srcset=\"https:\/\/fabriciob.ar\/web\/wp-content\/uploads\/2024\/12\/cc-11-e1735317888194-300x196.jpeg 300w, https:\/\/fabriciob.ar\/web\/wp-content\/uploads\/2024\/12\/cc-11-e1735317888194-1024x670.jpeg 1024w, https:\/\/fabriciob.ar\/web\/wp-content\/uploads\/2024\/12\/cc-11-e1735317888194-768x502.jpeg 768w, https:\/\/fabriciob.ar\/web\/wp-content\/uploads\/2024\/12\/cc-11-e1735317888194.jpeg 1426w\" sizes=\"(max-width: 300px) 100vw, 300px\" \/><\/a>\n\t\t\t<\/div><\/figure><figure class='gallery-item'>\n\t\t\t<div class='gallery-icon landscape'>\n\t\t\t\t<a href='https:\/\/fabriciob.ar\/web\/honramos-nuestro-rol-en-defensa-y-resguardo-de-los-derechos-y-el-buen-uso-de-los-recursos-que-son-del-pueblo\/cc-15-2\/'><img loading=\"lazy\" decoding=\"async\" width=\"300\" height=\"169\" src=\"https:\/\/fabriciob.ar\/web\/wp-content\/uploads\/2024\/12\/cc-15-1-300x169.jpg\" class=\"attachment-medium size-medium\" alt=\"\" srcset=\"https:\/\/fabriciob.ar\/web\/wp-content\/uploads\/2024\/12\/cc-15-1-300x169.jpg 300w, https:\/\/fabriciob.ar\/web\/wp-content\/uploads\/2024\/12\/cc-15-1-1024x576.jpg 1024w, https:\/\/fabriciob.ar\/web\/wp-content\/uploads\/2024\/12\/cc-15-1-768x432.jpg 768w, https:\/\/fabriciob.ar\/web\/wp-content\/uploads\/2024\/12\/cc-15-1-1536x864.jpg 1536w, https:\/\/fabriciob.ar\/web\/wp-content\/uploads\/2024\/12\/cc-15-1-2048x1153.jpg 2048w\" sizes=\"(max-width: 300px) 100vw, 300px\" \/><\/a>\n\t\t\t<\/div><\/figure><figure class='gallery-item'>\n\t\t\t<div class='gallery-icon landscape'>\n\t\t\t\t<a href='https:\/\/fabriciob.ar\/web\/informe-sesion-ordinaria-n29-2024\/2-131\/'><img loading=\"lazy\" decoding=\"async\" width=\"300\" height=\"169\" src=\"https:\/\/fabriciob.ar\/web\/wp-content\/uploads\/2024\/10\/2-300x169.jpg\" class=\"attachment-medium size-medium\" alt=\"\" srcset=\"https:\/\/fabriciob.ar\/web\/wp-content\/uploads\/2024\/10\/2-300x169.jpg 300w, https:\/\/fabriciob.ar\/web\/wp-content\/uploads\/2024\/10\/2-1024x576.jpg 1024w, https:\/\/fabriciob.ar\/web\/wp-content\/uploads\/2024\/10\/2-768x432.jpg 768w, https:\/\/fabriciob.ar\/web\/wp-content\/uploads\/2024\/10\/2-1536x864.jpg 1536w, https:\/\/fabriciob.ar\/web\/wp-content\/uploads\/2024\/10\/2-2048x1153.jpg 2048w\" sizes=\"(max-width: 300px) 100vw, 300px\" \/><\/a>\n\t\t\t<\/div><\/figure>\n\t\t<\/div>\n\n<p>Adem\u00e1s, fuimos nuevamente a la justicia por la Ordenanza Tributaria que estableci\u00f3 aumentos en los tributos superiores al \u00edndice de inflaci\u00f3n o variaci\u00f3n salarial, por haberse sancionado de manera irregular, incumpliendo con la mayor\u00eda establecida y la realizaci\u00f3n del proceso de \u201cDoble Lectura\u201d previsto en la Carta Org\u00e1nica que requiere este tipo de normativa. En la misma l\u00ednea, acudimos al Tribunal de Cuentas, la FIA y el Defensor del Pueblo del Chaco, ante las irregularidades observadas en la implementaci\u00f3n de los tres aumentos al boleto del colectivo en lo que va de la gesti\u00f3n de Zdero (que acumul\u00f3 en solo nueve meses m\u00e1s de 1.250% en pesos y 300% en d\u00f3lares), como tambi\u00e9n la transferencia millonaria e injustificada de recursos p\u00fablicos a las empresas prestatarias y terceros, en car\u00e1cter de subsidios provinciales.<\/p>\n<p><img loading=\"lazy\" decoding=\"async\" class=\"size-medium wp-image-9488 alignleft\" src=\"https:\/\/fabriciob.ar\/web\/wp-content\/uploads\/2024\/12\/ss-7-300x190.jpg\" alt=\"\" width=\"300\" height=\"190\" srcset=\"https:\/\/fabriciob.ar\/web\/wp-content\/uploads\/2024\/12\/ss-7-300x190.jpg 300w, https:\/\/fabriciob.ar\/web\/wp-content\/uploads\/2024\/12\/ss-7-1024x649.jpg 1024w, https:\/\/fabriciob.ar\/web\/wp-content\/uploads\/2024\/12\/ss-7-768x487.jpg 768w, https:\/\/fabriciob.ar\/web\/wp-content\/uploads\/2024\/12\/ss-7-1536x973.jpg 1536w, https:\/\/fabriciob.ar\/web\/wp-content\/uploads\/2024\/12\/ss-7-2048x1298.jpg 2048w\" sizes=\"(max-width: 300px) 100vw, 300px\" \/><\/p>\n<p>De igual modo, llevamos ante la Defensor\u00eda del Pueblo la demanda de vecinos y vecinas de distintas zonas de la ciudad por la falta de respuesta del gobierno provincial ante la ausencia de alumbrado p\u00fablico en calles y espacios p\u00fablicos; y al Tribunal de Cuentas y la FIA, solicitando la intervenci\u00f3n por el uso indebido de la herramienta \u201cLeg\u00edtimo Abono\u201d para el pago de deudas de la gesti\u00f3n anterior, reclamo que fue finalmente respaldado por el Tribunal de Cuentas, pero omitido por el Ejecutivo Municipal.<\/p>\n<p>&nbsp;<\/p>\n<p>Cada una de las denuncias y pedidos de intervenci\u00f3n que hemos realizado, responde a nuestro compromiso en la funci\u00f3n de control y defensa de los derechos de todos y todas.<\/p>\n<p>Es lamentable que, en esta nueva gesti\u00f3n, sigamos observando actos irregulares en la administraci\u00f3n municipal y atropello al funcionamiento del Concejo, como lo fue entre 2019 y 2023.<\/p>\n<p>Pero <strong>seguiremos haciendo honor al rol que nos toc\u00f3, de defender y resguardar los derechos de la ciudadan\u00eda y el buen uso de los recursos que son del pueblo; como tambi\u00e9n trabajar para demostrar que se puede gobernar haciendo las cosas bien y dejando de lado la mala pr\u00e1ctica del vale todo en la pol\u00edtica.<\/strong><\/p>\n<p><strong>Nuestro paso por la pol\u00edtica no debe ser meramente electoralista; debe dejar una huella positiva en la ciudadan\u00eda. A ese objetivo nos seguimos abrazando con convicci\u00f3n.<\/strong><\/p>\n<p><strong><em>\u00a1Seguiremos trabajando para que Resistencia sea una ciudad mejor para todos y todas!<\/em><\/strong><\/p>\n<p>&nbsp;<\/p>\n<p style=\"text-align: right;\"><em><span style=\"font-size: 10pt;\">*Concejal de Resistencia<\/span><\/em><br \/>\n<em><span style=\"font-size: 10pt;\">Presidente del Bloque Frente Chaque\u00f1o en el Concejo<\/span><\/em><\/p>\n<p>&nbsp;<\/p>\n","protected":false},"excerpt":{"rendered":"<p>INFORME DE GESTI\u00d3N EN EL CONCEJO MUNICIPAL DE RESISTENCIA 2024<\/p>\n","protected":false},"author":3,"featured_media":9458,"comment_status":"open","ping_status":"open","sticky":false,"template":"","format":"standard","meta":{"_joinchat":[],"footnotes":""},"categories":[27],"tags":[],"class_list":["post-9461","post","type-post","status-publish","format-standard","has-post-thumbnail","hentry","category-comunicados-de-prensa"],"yoast_head":"<!-- This site is optimized with the Yoast SEO plugin v27.5 - https:\/\/yoast.com\/product\/yoast-seo-wordpress\/ -->\n<title>Honramos nuestro rol, en defensa y resguardo de los derechos y el buen uso de los recursos que son del pueblo - Fabricio Bolatti<\/title>\n<meta name=\"robots\" content=\"index, follow, max-snippet:-1, max-image-preview:large, max-video-preview:-1\" \/>\n<link rel=\"canonical\" href=\"https:\/\/fabriciob.ar\/web\/honramos-nuestro-rol-en-defensa-y-resguardo-de-los-derechos-y-el-buen-uso-de-los-recursos-que-son-del-pueblo\/\" \/>\n<meta property=\"og:locale\" content=\"es_ES\" \/>\n<meta property=\"og:type\" content=\"article\" \/>\n<meta property=\"og:title\" content=\"Honramos nuestro rol, en defensa y resguardo de los derechos y el buen uso de los recursos que son del pueblo - Fabricio Bolatti\" \/>\n<meta property=\"og:description\" content=\"INFORME DE GESTI\u00d3N EN EL CONCEJO MUNICIPAL DE RESISTENCIA 2024\" \/>\n<meta property=\"og:url\" content=\"https:\/\/fabriciob.ar\/web\/honramos-nuestro-rol-en-defensa-y-resguardo-de-los-derechos-y-el-buen-uso-de-los-recursos-que-son-del-pueblo\/\" \/>\n<meta property=\"og:site_name\" content=\"Fabricio Bolatti\" \/>\n<meta property=\"article:publisher\" content=\"https:\/\/www.facebook.com\/fabriciobolattiK\/\" \/>\n<meta property=\"article:published_time\" content=\"2024-12-27T16:45:02+00:00\" \/>\n<meta property=\"og:image\" content=\"https:\/\/fabriciob.ar\/web\/wp-content\/uploads\/2024\/12\/ddd-e1735316336119-1024x535.png\" \/>\n\t<meta property=\"og:image:width\" content=\"1024\" \/>\n\t<meta property=\"og:image:height\" content=\"535\" \/>\n\t<meta property=\"og:image:type\" content=\"image\/png\" \/>\n<meta name=\"author\" content=\"Equipo Fabricio\" \/>\n<meta name=\"twitter:card\" content=\"summary_large_image\" \/>\n<meta name=\"twitter:creator\" content=\"@fabriciobolatti\" \/>\n<meta name=\"twitter:site\" content=\"@fabriciobolatti\" \/>\n<meta name=\"twitter:label1\" content=\"Escrito por\" \/>\n\t<meta name=\"twitter:data1\" content=\"Equipo Fabricio\" \/>\n\t<meta name=\"twitter:label2\" content=\"Tiempo de lectura\" \/>\n\t<meta name=\"twitter:data2\" content=\"9 minutos\" \/>\n<script type=\"application\/ld+json\" class=\"yoast-schema-graph\">{\"@context\":\"https:\\\/\\\/schema.org\",\"@graph\":[{\"@type\":\"Article\",\"@id\":\"https:\\\/\\\/fabriciob.ar\\\/web\\\/honramos-nuestro-rol-en-defensa-y-resguardo-de-los-derechos-y-el-buen-uso-de-los-recursos-que-son-del-pueblo\\\/#article\",\"isPartOf\":{\"@id\":\"https:\\\/\\\/fabriciob.ar\\\/web\\\/honramos-nuestro-rol-en-defensa-y-resguardo-de-los-derechos-y-el-buen-uso-de-los-recursos-que-son-del-pueblo\\\/\"},\"author\":{\"name\":\"Equipo Fabricio\",\"@id\":\"https:\\\/\\\/fabriciob.ar\\\/web\\\/#\\\/schema\\\/person\\\/d56dbc2f2489983c5270184312aab61b\"},\"headline\":\"Honramos nuestro rol, en defensa y resguardo de los derechos y el buen uso de los recursos que son del pueblo\",\"datePublished\":\"2024-12-27T16:45:02+00:00\",\"mainEntityOfPage\":{\"@id\":\"https:\\\/\\\/fabriciob.ar\\\/web\\\/honramos-nuestro-rol-en-defensa-y-resguardo-de-los-derechos-y-el-buen-uso-de-los-recursos-que-son-del-pueblo\\\/\"},\"wordCount\":1773,\"commentCount\":0,\"publisher\":{\"@id\":\"https:\\\/\\\/fabriciob.ar\\\/web\\\/#organization\"},\"image\":{\"@id\":\"https:\\\/\\\/fabriciob.ar\\\/web\\\/honramos-nuestro-rol-en-defensa-y-resguardo-de-los-derechos-y-el-buen-uso-de-los-recursos-que-son-del-pueblo\\\/#primaryimage\"},\"thumbnailUrl\":\"https:\\\/\\\/fabriciob.ar\\\/web\\\/wp-content\\\/uploads\\\/2024\\\/12\\\/ddd-e1735316336119.png\",\"articleSection\":[\"COMUNICADOS DE PRENSA\"],\"inLanguage\":\"es\",\"potentialAction\":[{\"@type\":\"CommentAction\",\"name\":\"Comment\",\"target\":[\"https:\\\/\\\/fabriciob.ar\\\/web\\\/honramos-nuestro-rol-en-defensa-y-resguardo-de-los-derechos-y-el-buen-uso-de-los-recursos-que-son-del-pueblo\\\/#respond\"]}]},{\"@type\":\"WebPage\",\"@id\":\"https:\\\/\\\/fabriciob.ar\\\/web\\\/honramos-nuestro-rol-en-defensa-y-resguardo-de-los-derechos-y-el-buen-uso-de-los-recursos-que-son-del-pueblo\\\/\",\"url\":\"https:\\\/\\\/fabriciob.ar\\\/web\\\/honramos-nuestro-rol-en-defensa-y-resguardo-de-los-derechos-y-el-buen-uso-de-los-recursos-que-son-del-pueblo\\\/\",\"name\":\"Honramos nuestro rol, en defensa y resguardo de los derechos y el buen uso de los recursos que son del pueblo - Fabricio Bolatti\",\"isPartOf\":{\"@id\":\"https:\\\/\\\/fabriciob.ar\\\/web\\\/#website\"},\"primaryImageOfPage\":{\"@id\":\"https:\\\/\\\/fabriciob.ar\\\/web\\\/honramos-nuestro-rol-en-defensa-y-resguardo-de-los-derechos-y-el-buen-uso-de-los-recursos-que-son-del-pueblo\\\/#primaryimage\"},\"image\":{\"@id\":\"https:\\\/\\\/fabriciob.ar\\\/web\\\/honramos-nuestro-rol-en-defensa-y-resguardo-de-los-derechos-y-el-buen-uso-de-los-recursos-que-son-del-pueblo\\\/#primaryimage\"},\"thumbnailUrl\":\"https:\\\/\\\/fabriciob.ar\\\/web\\\/wp-content\\\/uploads\\\/2024\\\/12\\\/ddd-e1735316336119.png\",\"datePublished\":\"2024-12-27T16:45:02+00:00\",\"breadcrumb\":{\"@id\":\"https:\\\/\\\/fabriciob.ar\\\/web\\\/honramos-nuestro-rol-en-defensa-y-resguardo-de-los-derechos-y-el-buen-uso-de-los-recursos-que-son-del-pueblo\\\/#breadcrumb\"},\"inLanguage\":\"es\",\"potentialAction\":[{\"@type\":\"ReadAction\",\"target\":[\"https:\\\/\\\/fabriciob.ar\\\/web\\\/honramos-nuestro-rol-en-defensa-y-resguardo-de-los-derechos-y-el-buen-uso-de-los-recursos-que-son-del-pueblo\\\/\"]}]},{\"@type\":\"ImageObject\",\"inLanguage\":\"es\",\"@id\":\"https:\\\/\\\/fabriciob.ar\\\/web\\\/honramos-nuestro-rol-en-defensa-y-resguardo-de-los-derechos-y-el-buen-uso-de-los-recursos-que-son-del-pueblo\\\/#primaryimage\",\"url\":\"https:\\\/\\\/fabriciob.ar\\\/web\\\/wp-content\\\/uploads\\\/2024\\\/12\\\/ddd-e1735316336119.png\",\"contentUrl\":\"https:\\\/\\\/fabriciob.ar\\\/web\\\/wp-content\\\/uploads\\\/2024\\\/12\\\/ddd-e1735316336119.png\",\"width\":1767,\"height\":923},{\"@type\":\"BreadcrumbList\",\"@id\":\"https:\\\/\\\/fabriciob.ar\\\/web\\\/honramos-nuestro-rol-en-defensa-y-resguardo-de-los-derechos-y-el-buen-uso-de-los-recursos-que-son-del-pueblo\\\/#breadcrumb\",\"itemListElement\":[{\"@type\":\"ListItem\",\"position\":1,\"name\":\"Portada\",\"item\":\"https:\\\/\\\/fabriciob.ar\\\/web\\\/\"},{\"@type\":\"ListItem\",\"position\":2,\"name\":\"Honramos nuestro rol, en defensa y resguardo de los derechos y el buen uso de los recursos que son del pueblo\"}]},{\"@type\":\"WebSite\",\"@id\":\"https:\\\/\\\/fabriciob.ar\\\/web\\\/#website\",\"url\":\"https:\\\/\\\/fabriciob.ar\\\/web\\\/\",\"name\":\"Fabricio Bolatti\",\"description\":\"Sitio Oficial-Comunicaci\u00f3n institucional de la gesti\u00f3n legislativa del concejal Fabricio Bolatti con los vecinos y vecinas de la ciudad de Resistencia\",\"publisher\":{\"@id\":\"https:\\\/\\\/fabriciob.ar\\\/web\\\/#organization\"},\"potentialAction\":[{\"@type\":\"SearchAction\",\"target\":{\"@type\":\"EntryPoint\",\"urlTemplate\":\"https:\\\/\\\/fabriciob.ar\\\/web\\\/?s={search_term_string}\"},\"query-input\":{\"@type\":\"PropertyValueSpecification\",\"valueRequired\":true,\"valueName\":\"search_term_string\"}}],\"inLanguage\":\"es\"},{\"@type\":\"Organization\",\"@id\":\"https:\\\/\\\/fabriciob.ar\\\/web\\\/#organization\",\"name\":\"Fabricio Bolatti-Sitio Oficial\",\"url\":\"https:\\\/\\\/fabriciob.ar\\\/web\\\/\",\"logo\":{\"@type\":\"ImageObject\",\"inLanguage\":\"es\",\"@id\":\"https:\\\/\\\/fabriciob.ar\\\/web\\\/#\\\/schema\\\/logo\\\/image\\\/\",\"url\":\"https:\\\/\\\/fabriciob.ar\\\/web\\\/wp-content\\\/uploads\\\/2020\\\/12\\\/cropped-fb-en-el-concejo-a-red-2-1.png\",\"contentUrl\":\"https:\\\/\\\/fabriciob.ar\\\/web\\\/wp-content\\\/uploads\\\/2020\\\/12\\\/cropped-fb-en-el-concejo-a-red-2-1.png\",\"width\":512,\"height\":512,\"caption\":\"Fabricio Bolatti-Sitio Oficial\"},\"image\":{\"@id\":\"https:\\\/\\\/fabriciob.ar\\\/web\\\/#\\\/schema\\\/logo\\\/image\\\/\"},\"sameAs\":[\"https:\\\/\\\/www.facebook.com\\\/fabriciobolattiK\\\/\",\"https:\\\/\\\/x.com\\\/fabriciobolatti\",\"https:\\\/\\\/www.instagram.com\\\/fabriciobolatti\\\/?igshid=7ztsgzj0mwql\",\"https:\\\/\\\/www.youtube.com\\\/channel\\\/UCWLMPKJZG1JgX9U29Pra3ng\"]},{\"@type\":\"Person\",\"@id\":\"https:\\\/\\\/fabriciob.ar\\\/web\\\/#\\\/schema\\\/person\\\/d56dbc2f2489983c5270184312aab61b\",\"name\":\"Equipo Fabricio\",\"image\":{\"@type\":\"ImageObject\",\"inLanguage\":\"es\",\"@id\":\"https:\\\/\\\/secure.gravatar.com\\\/avatar\\\/9d8e99352a71f2ac7e650885bc7721fe9d667070a36c2a5bb86aab909b8cf626?s=96&d=mm&r=g\",\"url\":\"https:\\\/\\\/secure.gravatar.com\\\/avatar\\\/9d8e99352a71f2ac7e650885bc7721fe9d667070a36c2a5bb86aab909b8cf626?s=96&d=mm&r=g\",\"contentUrl\":\"https:\\\/\\\/secure.gravatar.com\\\/avatar\\\/9d8e99352a71f2ac7e650885bc7721fe9d667070a36c2a5bb86aab909b8cf626?s=96&d=mm&r=g\",\"caption\":\"Equipo Fabricio\"},\"url\":\"https:\\\/\\\/fabriciob.ar\\\/web\\\/author\\\/admin\\\/\"}]}<\/script>\n<!-- \/ Yoast SEO plugin. -->","yoast_head_json":{"title":"Honramos nuestro rol, en defensa y resguardo de los derechos y el buen uso de los recursos que son del pueblo - Fabricio Bolatti","robots":{"index":"index","follow":"follow","max-snippet":"max-snippet:-1","max-image-preview":"max-image-preview:large","max-video-preview":"max-video-preview:-1"},"canonical":"https:\/\/fabriciob.ar\/web\/honramos-nuestro-rol-en-defensa-y-resguardo-de-los-derechos-y-el-buen-uso-de-los-recursos-que-son-del-pueblo\/","og_locale":"es_ES","og_type":"article","og_title":"Honramos nuestro rol, en defensa y resguardo de los derechos y el buen uso de los recursos que son del pueblo - Fabricio Bolatti","og_description":"INFORME DE GESTI\u00d3N EN EL CONCEJO MUNICIPAL DE RESISTENCIA 2024","og_url":"https:\/\/fabriciob.ar\/web\/honramos-nuestro-rol-en-defensa-y-resguardo-de-los-derechos-y-el-buen-uso-de-los-recursos-que-son-del-pueblo\/","og_site_name":"Fabricio Bolatti","article_publisher":"https:\/\/www.facebook.com\/fabriciobolattiK\/","article_published_time":"2024-12-27T16:45:02+00:00","og_image":[{"width":1024,"height":535,"url":"https:\/\/fabriciob.ar\/web\/wp-content\/uploads\/2024\/12\/ddd-e1735316336119-1024x535.png","type":"image\/png"}],"author":"Equipo Fabricio","twitter_card":"summary_large_image","twitter_creator":"@fabriciobolatti","twitter_site":"@fabriciobolatti","twitter_misc":{"Escrito por":"Equipo Fabricio","Tiempo de lectura":"9 minutos"},"schema":{"@context":"https:\/\/schema.org","@graph":[{"@type":"Article","@id":"https:\/\/fabriciob.ar\/web\/honramos-nuestro-rol-en-defensa-y-resguardo-de-los-derechos-y-el-buen-uso-de-los-recursos-que-son-del-pueblo\/#article","isPartOf":{"@id":"https:\/\/fabriciob.ar\/web\/honramos-nuestro-rol-en-defensa-y-resguardo-de-los-derechos-y-el-buen-uso-de-los-recursos-que-son-del-pueblo\/"},"author":{"name":"Equipo Fabricio","@id":"https:\/\/fabriciob.ar\/web\/#\/schema\/person\/d56dbc2f2489983c5270184312aab61b"},"headline":"Honramos nuestro rol, en defensa y resguardo de los derechos y el buen uso de los recursos que son del pueblo","datePublished":"2024-12-27T16:45:02+00:00","mainEntityOfPage":{"@id":"https:\/\/fabriciob.ar\/web\/honramos-nuestro-rol-en-defensa-y-resguardo-de-los-derechos-y-el-buen-uso-de-los-recursos-que-son-del-pueblo\/"},"wordCount":1773,"commentCount":0,"publisher":{"@id":"https:\/\/fabriciob.ar\/web\/#organization"},"image":{"@id":"https:\/\/fabriciob.ar\/web\/honramos-nuestro-rol-en-defensa-y-resguardo-de-los-derechos-y-el-buen-uso-de-los-recursos-que-son-del-pueblo\/#primaryimage"},"thumbnailUrl":"https:\/\/fabriciob.ar\/web\/wp-content\/uploads\/2024\/12\/ddd-e1735316336119.png","articleSection":["COMUNICADOS DE PRENSA"],"inLanguage":"es","potentialAction":[{"@type":"CommentAction","name":"Comment","target":["https:\/\/fabriciob.ar\/web\/honramos-nuestro-rol-en-defensa-y-resguardo-de-los-derechos-y-el-buen-uso-de-los-recursos-que-son-del-pueblo\/#respond"]}]},{"@type":"WebPage","@id":"https:\/\/fabriciob.ar\/web\/honramos-nuestro-rol-en-defensa-y-resguardo-de-los-derechos-y-el-buen-uso-de-los-recursos-que-son-del-pueblo\/","url":"https:\/\/fabriciob.ar\/web\/honramos-nuestro-rol-en-defensa-y-resguardo-de-los-derechos-y-el-buen-uso-de-los-recursos-que-son-del-pueblo\/","name":"Honramos nuestro rol, en defensa y resguardo de los derechos y el buen uso de los recursos que son del pueblo - Fabricio Bolatti","isPartOf":{"@id":"https:\/\/fabriciob.ar\/web\/#website"},"primaryImageOfPage":{"@id":"https:\/\/fabriciob.ar\/web\/honramos-nuestro-rol-en-defensa-y-resguardo-de-los-derechos-y-el-buen-uso-de-los-recursos-que-son-del-pueblo\/#primaryimage"},"image":{"@id":"https:\/\/fabriciob.ar\/web\/honramos-nuestro-rol-en-defensa-y-resguardo-de-los-derechos-y-el-buen-uso-de-los-recursos-que-son-del-pueblo\/#primaryimage"},"thumbnailUrl":"https:\/\/fabriciob.ar\/web\/wp-content\/uploads\/2024\/12\/ddd-e1735316336119.png","datePublished":"2024-12-27T16:45:02+00:00","breadcrumb":{"@id":"https:\/\/fabriciob.ar\/web\/honramos-nuestro-rol-en-defensa-y-resguardo-de-los-derechos-y-el-buen-uso-de-los-recursos-que-son-del-pueblo\/#breadcrumb"},"inLanguage":"es","potentialAction":[{"@type":"ReadAction","target":["https:\/\/fabriciob.ar\/web\/honramos-nuestro-rol-en-defensa-y-resguardo-de-los-derechos-y-el-buen-uso-de-los-recursos-que-son-del-pueblo\/"]}]},{"@type":"ImageObject","inLanguage":"es","@id":"https:\/\/fabriciob.ar\/web\/honramos-nuestro-rol-en-defensa-y-resguardo-de-los-derechos-y-el-buen-uso-de-los-recursos-que-son-del-pueblo\/#primaryimage","url":"https:\/\/fabriciob.ar\/web\/wp-content\/uploads\/2024\/12\/ddd-e1735316336119.png","contentUrl":"https:\/\/fabriciob.ar\/web\/wp-content\/uploads\/2024\/12\/ddd-e1735316336119.png","width":1767,"height":923},{"@type":"BreadcrumbList","@id":"https:\/\/fabriciob.ar\/web\/honramos-nuestro-rol-en-defensa-y-resguardo-de-los-derechos-y-el-buen-uso-de-los-recursos-que-son-del-pueblo\/#breadcrumb","itemListElement":[{"@type":"ListItem","position":1,"name":"Portada","item":"https:\/\/fabriciob.ar\/web\/"},{"@type":"ListItem","position":2,"name":"Honramos nuestro rol, en defensa y resguardo de los derechos y el buen uso de los recursos que son del pueblo"}]},{"@type":"WebSite","@id":"https:\/\/fabriciob.ar\/web\/#website","url":"https:\/\/fabriciob.ar\/web\/","name":"Fabricio Bolatti","description":"Sitio Oficial-Comunicaci\u00f3n institucional de la gesti\u00f3n legislativa del concejal Fabricio Bolatti con los vecinos y vecinas de la ciudad de Resistencia","publisher":{"@id":"https:\/\/fabriciob.ar\/web\/#organization"},"potentialAction":[{"@type":"SearchAction","target":{"@type":"EntryPoint","urlTemplate":"https:\/\/fabriciob.ar\/web\/?s={search_term_string}"},"query-input":{"@type":"PropertyValueSpecification","valueRequired":true,"valueName":"search_term_string"}}],"inLanguage":"es"},{"@type":"Organization","@id":"https:\/\/fabriciob.ar\/web\/#organization","name":"Fabricio Bolatti-Sitio Oficial","url":"https:\/\/fabriciob.ar\/web\/","logo":{"@type":"ImageObject","inLanguage":"es","@id":"https:\/\/fabriciob.ar\/web\/#\/schema\/logo\/image\/","url":"https:\/\/fabriciob.ar\/web\/wp-content\/uploads\/2020\/12\/cropped-fb-en-el-concejo-a-red-2-1.png","contentUrl":"https:\/\/fabriciob.ar\/web\/wp-content\/uploads\/2020\/12\/cropped-fb-en-el-concejo-a-red-2-1.png","width":512,"height":512,"caption":"Fabricio Bolatti-Sitio Oficial"},"image":{"@id":"https:\/\/fabriciob.ar\/web\/#\/schema\/logo\/image\/"},"sameAs":["https:\/\/www.facebook.com\/fabriciobolattiK\/","https:\/\/x.com\/fabriciobolatti","https:\/\/www.instagram.com\/fabriciobolatti\/?igshid=7ztsgzj0mwql","https:\/\/www.youtube.com\/channel\/UCWLMPKJZG1JgX9U29Pra3ng"]},{"@type":"Person","@id":"https:\/\/fabriciob.ar\/web\/#\/schema\/person\/d56dbc2f2489983c5270184312aab61b","name":"Equipo Fabricio","image":{"@type":"ImageObject","inLanguage":"es","@id":"https:\/\/secure.gravatar.com\/avatar\/9d8e99352a71f2ac7e650885bc7721fe9d667070a36c2a5bb86aab909b8cf626?s=96&d=mm&r=g","url":"https:\/\/secure.gravatar.com\/avatar\/9d8e99352a71f2ac7e650885bc7721fe9d667070a36c2a5bb86aab909b8cf626?s=96&d=mm&r=g","contentUrl":"https:\/\/secure.gravatar.com\/avatar\/9d8e99352a71f2ac7e650885bc7721fe9d667070a36c2a5bb86aab909b8cf626?s=96&d=mm&r=g","caption":"Equipo Fabricio"},"url":"https:\/\/fabriciob.ar\/web\/author\/admin\/"}]}},"_links":{"self":[{"href":"https:\/\/fabriciob.ar\/web\/wp-json\/wp\/v2\/posts\/9461","targetHints":{"allow":["GET"]}}],"collection":[{"href":"https:\/\/fabriciob.ar\/web\/wp-json\/wp\/v2\/posts"}],"about":[{"href":"https:\/\/fabriciob.ar\/web\/wp-json\/wp\/v2\/types\/post"}],"author":[{"embeddable":true,"href":"https:\/\/fabriciob.ar\/web\/wp-json\/wp\/v2\/users\/3"}],"replies":[{"embeddable":true,"href":"https:\/\/fabriciob.ar\/web\/wp-json\/wp\/v2\/comments?post=9461"}],"version-history":[{"count":2,"href":"https:\/\/fabriciob.ar\/web\/wp-json\/wp\/v2\/posts\/9461\/revisions"}],"predecessor-version":[{"id":9490,"href":"https:\/\/fabriciob.ar\/web\/wp-json\/wp\/v2\/posts\/9461\/revisions\/9490"}],"wp:featuredmedia":[{"embeddable":true,"href":"https:\/\/fabriciob.ar\/web\/wp-json\/wp\/v2\/media\/9458"}],"wp:attachment":[{"href":"https:\/\/fabriciob.ar\/web\/wp-json\/wp\/v2\/media?parent=9461"}],"wp:term":[{"taxonomy":"category","embeddable":true,"href":"https:\/\/fabriciob.ar\/web\/wp-json\/wp\/v2\/categories?post=9461"},{"taxonomy":"post_tag","embeddable":true,"href":"https:\/\/fabriciob.ar\/web\/wp-json\/wp\/v2\/tags?post=9461"}],"curies":[{"name":"wp","href":"https:\/\/api.w.org\/{rel}","templated":true}]}}