{"id":9789,"date":"2026-03-16T22:21:46","date_gmt":"2026-03-16T22:21:46","guid":{"rendered":"https:\/\/fabriciob.ar\/web\/?p=9789"},"modified":"2026-03-16T22:24:11","modified_gmt":"2026-03-16T22:24:11","slug":"la-oposicion-pide-la-interpelacion-de-nikisch-por-operaciones-financieras-no-autorizadas-por-el-concejo","status":"publish","type":"post","link":"https:\/\/fabriciob.ar\/web\/la-oposicion-pide-la-interpelacion-de-nikisch-por-operaciones-financieras-no-autorizadas-por-el-concejo\/","title":{"rendered":"La oposici\u00f3n pide la interpelaci\u00f3n de Nikisch por operaciones financieras no autorizadas por el Concejo"},"content":{"rendered":"<p><!--more--><\/p>\n<p><em>La falta de rendici\u00f3n ya acumula un patrimonio que supera los 10.000 millones de pesos<\/em><\/p>\n<p>&nbsp;<\/p>\n<p>La oposici\u00f3n en el Concejo Municipal de Resistencia unific\u00f3 su reclamo y solicit\u00f3 formalmente la presencia inmediata del intendente Roy Nikisch. El pedido, amparado en la normativa vigente, busca que el mandatario rinda cuentas personalmente ante el Cuerpo, lo que constituye un hecho de interpelaci\u00f3n institucional frente a las presuntas irregularidades detectadas.<\/p>\n<p>&nbsp;<\/p>\n<p>Desde el bloque del Frente Chaque\u00f1o, Fabricio Bolatti y Lucila Masin, junto a los representantes del CER, Soledad Villagra, \u00c1ngel S\u00e1nchez y Guillermo Monz\u00f3n, se\u00f1alaron que el incumplimiento de las normativas legales se ha vuelto una constante en la actual gesti\u00f3n. Seg\u00fan los concejales, existe un \u201cimpedimento activo\u201d al acceso a la informaci\u00f3n p\u00fablica, lo que obstaculiza el control social y legislativo sobre el patrimonio com\u00fan de los resistencianos.<\/p>\n<p>&nbsp;<\/p>\n<p>Las y los ediles denuncian la falta sistem\u00e1tica de rendici\u00f3n de cuentas y la ejecuci\u00f3n de operaciones financieras sin contar con la autorizaci\u00f3n legislativa previa. \u201cSe habr\u00edan generado negocios financieros por m\u00e1s de 10.000 millones de pesos, y se contin\u00faa con esta actitud irresponsable que puede afectar el patrimonio de la Ciudad, as\u00ed como el derecho econ\u00f3mico de la actividad privada, por estar \u2018flojo\u2019 de papeles\u201d, advirtieron.<\/p>\n<p>\u201cLa gesti\u00f3n de Roy Nikisch, viene acumulando casos o denuncias p\u00fablicas por irregularidades detectadas por una comunidad siempre interesada, que pide participaci\u00f3n y ejerce su rol de control, incluso ante impedimentos como estos\u201d, manifestaron las y los ediles.<\/p>\n<p>&nbsp;<\/p>\n<p><strong>Negocios bajo la lupa<\/strong><\/p>\n<p>La preocupaci\u00f3n central radica en maniobras financieras que alcanzar\u00edan los $10.000 millones. La oposici\u00f3n advierte que esta actitud \u00abirresponsable\u00bb no solo pone en riesgo las arcas municipales, sino que tambi\u00e9n afecta la seguridad jur\u00eddica de la actividad privada en la ciudad al tratarse de contratos sin el debido respaldo legal. \u00abNo se puede negar el acceso a la informaci\u00f3n p\u00fablica ni ocultar los negocios realizados con recursos de todos. Se est\u00e1n utilizando formas institucionales para intentar legalizar acciones que requer\u00edan autorizaci\u00f3n previa, lo que nos sit\u00faa ante un escenario de blanqueo de patrimonio\u00bb, afirmaron desde los Bloques opositores.<\/p>\n<p>&nbsp;<\/p>\n<p>Ante la falta de respuestas a denuncias previas, los ediles apelaron al art\u00edculo 139 de la Carta Org\u00e1nica Municipal, exigiendo la presencia urgente del Intendente en el recinto para brindar informes detallados y otorgar las garant\u00edas que la ciudadan\u00eda demanda ante la falta de transparencia. \u201cEs por lo cuantioso, por lo oscuro, por existir riesgo de afectar a terceros, y por incumplir normativa vigente &#8211; que no es el Concejo solamente &#8211; sino que ya es la Ciudad la que pide aclaraciones y garant\u00edas, la que no pudo conseguir en los casos anteriores y similares que denunciamos en nuestro rol de Concejales\u201d, concluyeron.<\/p>\n","protected":false},"excerpt":{"rendered":"","protected":false},"author":3,"featured_media":9793,"comment_status":"open","ping_status":"open","sticky":false,"template":"","format":"standard","meta":{"_joinchat":[],"footnotes":""},"categories":[27],"tags":[],"class_list":["post-9789","post","type-post","status-publish","format-standard","has-post-thumbnail","hentry","category-comunicados-de-prensa"],"yoast_head":"<!-- This site is optimized with the Yoast SEO plugin v27.5 - https:\/\/yoast.com\/product\/yoast-seo-wordpress\/ -->\n<title>La oposici\u00f3n pide la interpelaci\u00f3n de Nikisch por operaciones financieras no autorizadas por el Concejo - Fabricio Bolatti<\/title>\n<meta name=\"robots\" content=\"index, follow, max-snippet:-1, max-image-preview:large, max-video-preview:-1\" \/>\n<link rel=\"canonical\" href=\"https:\/\/fabriciob.ar\/web\/la-oposicion-pide-la-interpelacion-de-nikisch-por-operaciones-financieras-no-autorizadas-por-el-concejo\/\" \/>\n<meta property=\"og:locale\" content=\"es_ES\" \/>\n<meta property=\"og:type\" content=\"article\" \/>\n<meta property=\"og:title\" content=\"La oposici\u00f3n pide la interpelaci\u00f3n de Nikisch por operaciones financieras no autorizadas por el Concejo - Fabricio Bolatti\" \/>\n<meta property=\"og:url\" content=\"https:\/\/fabriciob.ar\/web\/la-oposicion-pide-la-interpelacion-de-nikisch-por-operaciones-financieras-no-autorizadas-por-el-concejo\/\" \/>\n<meta property=\"og:site_name\" content=\"Fabricio Bolatti\" \/>\n<meta property=\"article:publisher\" content=\"https:\/\/www.facebook.com\/fabriciobolattiK\/\" \/>\n<meta property=\"article:published_time\" content=\"2026-03-16T22:21:46+00:00\" \/>\n<meta property=\"article:modified_time\" content=\"2026-03-16T22:24:11+00:00\" \/>\n<meta property=\"og:image\" content=\"https:\/\/fabriciob.ar\/web\/wp-content\/uploads\/2026\/03\/IMG-20260316-WA0037.jpg\" \/>\n\t<meta property=\"og:image:width\" content=\"894\" \/>\n\t<meta property=\"og:image:height\" content=\"555\" \/>\n\t<meta property=\"og:image:type\" content=\"image\/jpeg\" \/>\n<meta name=\"author\" content=\"Equipo Fabricio\" \/>\n<meta name=\"twitter:card\" content=\"summary_large_image\" \/>\n<meta name=\"twitter:creator\" content=\"@fabriciobolatti\" \/>\n<meta name=\"twitter:site\" content=\"@fabriciobolatti\" \/>\n<meta name=\"twitter:label1\" content=\"Escrito por\" \/>\n\t<meta name=\"twitter:data1\" content=\"Equipo Fabricio\" \/>\n\t<meta name=\"twitter:label2\" content=\"Tiempo de lectura\" \/>\n\t<meta name=\"twitter:data2\" content=\"2 minutos\" \/>\n<script type=\"application\/ld+json\" class=\"yoast-schema-graph\">{\"@context\":\"https:\\\/\\\/schema.org\",\"@graph\":[{\"@type\":\"Article\",\"@id\":\"https:\\\/\\\/fabriciob.ar\\\/web\\\/la-oposicion-pide-la-interpelacion-de-nikisch-por-operaciones-financieras-no-autorizadas-por-el-concejo\\\/#article\",\"isPartOf\":{\"@id\":\"https:\\\/\\\/fabriciob.ar\\\/web\\\/la-oposicion-pide-la-interpelacion-de-nikisch-por-operaciones-financieras-no-autorizadas-por-el-concejo\\\/\"},\"author\":{\"name\":\"Equipo Fabricio\",\"@id\":\"https:\\\/\\\/fabriciob.ar\\\/web\\\/#\\\/schema\\\/person\\\/d56dbc2f2489983c5270184312aab61b\"},\"headline\":\"La oposici\u00f3n pide la interpelaci\u00f3n de Nikisch por operaciones financieras no autorizadas por el Concejo\",\"datePublished\":\"2026-03-16T22:21:46+00:00\",\"dateModified\":\"2026-03-16T22:24:11+00:00\",\"mainEntityOfPage\":{\"@id\":\"https:\\\/\\\/fabriciob.ar\\\/web\\\/la-oposicion-pide-la-interpelacion-de-nikisch-por-operaciones-financieras-no-autorizadas-por-el-concejo\\\/\"},\"wordCount\":503,\"commentCount\":0,\"publisher\":{\"@id\":\"https:\\\/\\\/fabriciob.ar\\\/web\\\/#organization\"},\"image\":{\"@id\":\"https:\\\/\\\/fabriciob.ar\\\/web\\\/la-oposicion-pide-la-interpelacion-de-nikisch-por-operaciones-financieras-no-autorizadas-por-el-concejo\\\/#primaryimage\"},\"thumbnailUrl\":\"https:\\\/\\\/fabriciob.ar\\\/web\\\/wp-content\\\/uploads\\\/2026\\\/03\\\/IMG-20260316-WA0037.jpg\",\"articleSection\":[\"COMUNICADOS DE PRENSA\"],\"inLanguage\":\"es\",\"potentialAction\":[{\"@type\":\"CommentAction\",\"name\":\"Comment\",\"target\":[\"https:\\\/\\\/fabriciob.ar\\\/web\\\/la-oposicion-pide-la-interpelacion-de-nikisch-por-operaciones-financieras-no-autorizadas-por-el-concejo\\\/#respond\"]}]},{\"@type\":\"WebPage\",\"@id\":\"https:\\\/\\\/fabriciob.ar\\\/web\\\/la-oposicion-pide-la-interpelacion-de-nikisch-por-operaciones-financieras-no-autorizadas-por-el-concejo\\\/\",\"url\":\"https:\\\/\\\/fabriciob.ar\\\/web\\\/la-oposicion-pide-la-interpelacion-de-nikisch-por-operaciones-financieras-no-autorizadas-por-el-concejo\\\/\",\"name\":\"La oposici\u00f3n pide la interpelaci\u00f3n de Nikisch por operaciones financieras no autorizadas por el Concejo - Fabricio Bolatti\",\"isPartOf\":{\"@id\":\"https:\\\/\\\/fabriciob.ar\\\/web\\\/#website\"},\"primaryImageOfPage\":{\"@id\":\"https:\\\/\\\/fabriciob.ar\\\/web\\\/la-oposicion-pide-la-interpelacion-de-nikisch-por-operaciones-financieras-no-autorizadas-por-el-concejo\\\/#primaryimage\"},\"image\":{\"@id\":\"https:\\\/\\\/fabriciob.ar\\\/web\\\/la-oposicion-pide-la-interpelacion-de-nikisch-por-operaciones-financieras-no-autorizadas-por-el-concejo\\\/#primaryimage\"},\"thumbnailUrl\":\"https:\\\/\\\/fabriciob.ar\\\/web\\\/wp-content\\\/uploads\\\/2026\\\/03\\\/IMG-20260316-WA0037.jpg\",\"datePublished\":\"2026-03-16T22:21:46+00:00\",\"dateModified\":\"2026-03-16T22:24:11+00:00\",\"breadcrumb\":{\"@id\":\"https:\\\/\\\/fabriciob.ar\\\/web\\\/la-oposicion-pide-la-interpelacion-de-nikisch-por-operaciones-financieras-no-autorizadas-por-el-concejo\\\/#breadcrumb\"},\"inLanguage\":\"es\",\"potentialAction\":[{\"@type\":\"ReadAction\",\"target\":[\"https:\\\/\\\/fabriciob.ar\\\/web\\\/la-oposicion-pide-la-interpelacion-de-nikisch-por-operaciones-financieras-no-autorizadas-por-el-concejo\\\/\"]}]},{\"@type\":\"ImageObject\",\"inLanguage\":\"es\",\"@id\":\"https:\\\/\\\/fabriciob.ar\\\/web\\\/la-oposicion-pide-la-interpelacion-de-nikisch-por-operaciones-financieras-no-autorizadas-por-el-concejo\\\/#primaryimage\",\"url\":\"https:\\\/\\\/fabriciob.ar\\\/web\\\/wp-content\\\/uploads\\\/2026\\\/03\\\/IMG-20260316-WA0037.jpg\",\"contentUrl\":\"https:\\\/\\\/fabriciob.ar\\\/web\\\/wp-content\\\/uploads\\\/2026\\\/03\\\/IMG-20260316-WA0037.jpg\",\"width\":894,\"height\":555},{\"@type\":\"BreadcrumbList\",\"@id\":\"https:\\\/\\\/fabriciob.ar\\\/web\\\/la-oposicion-pide-la-interpelacion-de-nikisch-por-operaciones-financieras-no-autorizadas-por-el-concejo\\\/#breadcrumb\",\"itemListElement\":[{\"@type\":\"ListItem\",\"position\":1,\"name\":\"Portada\",\"item\":\"https:\\\/\\\/fabriciob.ar\\\/web\\\/\"},{\"@type\":\"ListItem\",\"position\":2,\"name\":\"La oposici\u00f3n pide la interpelaci\u00f3n de Nikisch por operaciones financieras no autorizadas por el Concejo\"}]},{\"@type\":\"WebSite\",\"@id\":\"https:\\\/\\\/fabriciob.ar\\\/web\\\/#website\",\"url\":\"https:\\\/\\\/fabriciob.ar\\\/web\\\/\",\"name\":\"Fabricio Bolatti\",\"description\":\"Sitio Oficial-Comunicaci\u00f3n institucional de la gesti\u00f3n legislativa del concejal Fabricio Bolatti con los vecinos y vecinas de la ciudad de Resistencia\",\"publisher\":{\"@id\":\"https:\\\/\\\/fabriciob.ar\\\/web\\\/#organization\"},\"potentialAction\":[{\"@type\":\"SearchAction\",\"target\":{\"@type\":\"EntryPoint\",\"urlTemplate\":\"https:\\\/\\\/fabriciob.ar\\\/web\\\/?s={search_term_string}\"},\"query-input\":{\"@type\":\"PropertyValueSpecification\",\"valueRequired\":true,\"valueName\":\"search_term_string\"}}],\"inLanguage\":\"es\"},{\"@type\":\"Organization\",\"@id\":\"https:\\\/\\\/fabriciob.ar\\\/web\\\/#organization\",\"name\":\"Fabricio Bolatti-Sitio Oficial\",\"url\":\"https:\\\/\\\/fabriciob.ar\\\/web\\\/\",\"logo\":{\"@type\":\"ImageObject\",\"inLanguage\":\"es\",\"@id\":\"https:\\\/\\\/fabriciob.ar\\\/web\\\/#\\\/schema\\\/logo\\\/image\\\/\",\"url\":\"https:\\\/\\\/fabriciob.ar\\\/web\\\/wp-content\\\/uploads\\\/2020\\\/12\\\/cropped-fb-en-el-concejo-a-red-2-1.png\",\"contentUrl\":\"https:\\\/\\\/fabriciob.ar\\\/web\\\/wp-content\\\/uploads\\\/2020\\\/12\\\/cropped-fb-en-el-concejo-a-red-2-1.png\",\"width\":512,\"height\":512,\"caption\":\"Fabricio Bolatti-Sitio Oficial\"},\"image\":{\"@id\":\"https:\\\/\\\/fabriciob.ar\\\/web\\\/#\\\/schema\\\/logo\\\/image\\\/\"},\"sameAs\":[\"https:\\\/\\\/www.facebook.com\\\/fabriciobolattiK\\\/\",\"https:\\\/\\\/x.com\\\/fabriciobolatti\",\"https:\\\/\\\/www.instagram.com\\\/fabriciobolatti\\\/?igshid=7ztsgzj0mwql\",\"https:\\\/\\\/www.youtube.com\\\/channel\\\/UCWLMPKJZG1JgX9U29Pra3ng\"]},{\"@type\":\"Person\",\"@id\":\"https:\\\/\\\/fabriciob.ar\\\/web\\\/#\\\/schema\\\/person\\\/d56dbc2f2489983c5270184312aab61b\",\"name\":\"Equipo Fabricio\",\"image\":{\"@type\":\"ImageObject\",\"inLanguage\":\"es\",\"@id\":\"https:\\\/\\\/secure.gravatar.com\\\/avatar\\\/9d8e99352a71f2ac7e650885bc7721fe9d667070a36c2a5bb86aab909b8cf626?s=96&d=mm&r=g\",\"url\":\"https:\\\/\\\/secure.gravatar.com\\\/avatar\\\/9d8e99352a71f2ac7e650885bc7721fe9d667070a36c2a5bb86aab909b8cf626?s=96&d=mm&r=g\",\"contentUrl\":\"https:\\\/\\\/secure.gravatar.com\\\/avatar\\\/9d8e99352a71f2ac7e650885bc7721fe9d667070a36c2a5bb86aab909b8cf626?s=96&d=mm&r=g\",\"caption\":\"Equipo Fabricio\"},\"url\":\"https:\\\/\\\/fabriciob.ar\\\/web\\\/author\\\/admin\\\/\"}]}<\/script>\n<!-- \/ Yoast SEO plugin. -->","yoast_head_json":{"title":"La oposici\u00f3n pide la interpelaci\u00f3n de Nikisch por operaciones financieras no autorizadas por el Concejo - Fabricio Bolatti","robots":{"index":"index","follow":"follow","max-snippet":"max-snippet:-1","max-image-preview":"max-image-preview:large","max-video-preview":"max-video-preview:-1"},"canonical":"https:\/\/fabriciob.ar\/web\/la-oposicion-pide-la-interpelacion-de-nikisch-por-operaciones-financieras-no-autorizadas-por-el-concejo\/","og_locale":"es_ES","og_type":"article","og_title":"La oposici\u00f3n pide la interpelaci\u00f3n de Nikisch por operaciones financieras no autorizadas por el Concejo - Fabricio Bolatti","og_url":"https:\/\/fabriciob.ar\/web\/la-oposicion-pide-la-interpelacion-de-nikisch-por-operaciones-financieras-no-autorizadas-por-el-concejo\/","og_site_name":"Fabricio Bolatti","article_publisher":"https:\/\/www.facebook.com\/fabriciobolattiK\/","article_published_time":"2026-03-16T22:21:46+00:00","article_modified_time":"2026-03-16T22:24:11+00:00","og_image":[{"width":894,"height":555,"url":"https:\/\/fabriciob.ar\/web\/wp-content\/uploads\/2026\/03\/IMG-20260316-WA0037.jpg","type":"image\/jpeg"}],"author":"Equipo Fabricio","twitter_card":"summary_large_image","twitter_creator":"@fabriciobolatti","twitter_site":"@fabriciobolatti","twitter_misc":{"Escrito por":"Equipo Fabricio","Tiempo de lectura":"2 minutos"},"schema":{"@context":"https:\/\/schema.org","@graph":[{"@type":"Article","@id":"https:\/\/fabriciob.ar\/web\/la-oposicion-pide-la-interpelacion-de-nikisch-por-operaciones-financieras-no-autorizadas-por-el-concejo\/#article","isPartOf":{"@id":"https:\/\/fabriciob.ar\/web\/la-oposicion-pide-la-interpelacion-de-nikisch-por-operaciones-financieras-no-autorizadas-por-el-concejo\/"},"author":{"name":"Equipo Fabricio","@id":"https:\/\/fabriciob.ar\/web\/#\/schema\/person\/d56dbc2f2489983c5270184312aab61b"},"headline":"La oposici\u00f3n pide la interpelaci\u00f3n de Nikisch por operaciones financieras no autorizadas por el Concejo","datePublished":"2026-03-16T22:21:46+00:00","dateModified":"2026-03-16T22:24:11+00:00","mainEntityOfPage":{"@id":"https:\/\/fabriciob.ar\/web\/la-oposicion-pide-la-interpelacion-de-nikisch-por-operaciones-financieras-no-autorizadas-por-el-concejo\/"},"wordCount":503,"commentCount":0,"publisher":{"@id":"https:\/\/fabriciob.ar\/web\/#organization"},"image":{"@id":"https:\/\/fabriciob.ar\/web\/la-oposicion-pide-la-interpelacion-de-nikisch-por-operaciones-financieras-no-autorizadas-por-el-concejo\/#primaryimage"},"thumbnailUrl":"https:\/\/fabriciob.ar\/web\/wp-content\/uploads\/2026\/03\/IMG-20260316-WA0037.jpg","articleSection":["COMUNICADOS DE PRENSA"],"inLanguage":"es","potentialAction":[{"@type":"CommentAction","name":"Comment","target":["https:\/\/fabriciob.ar\/web\/la-oposicion-pide-la-interpelacion-de-nikisch-por-operaciones-financieras-no-autorizadas-por-el-concejo\/#respond"]}]},{"@type":"WebPage","@id":"https:\/\/fabriciob.ar\/web\/la-oposicion-pide-la-interpelacion-de-nikisch-por-operaciones-financieras-no-autorizadas-por-el-concejo\/","url":"https:\/\/fabriciob.ar\/web\/la-oposicion-pide-la-interpelacion-de-nikisch-por-operaciones-financieras-no-autorizadas-por-el-concejo\/","name":"La oposici\u00f3n pide la interpelaci\u00f3n de Nikisch por operaciones financieras no autorizadas por el Concejo - Fabricio Bolatti","isPartOf":{"@id":"https:\/\/fabriciob.ar\/web\/#website"},"primaryImageOfPage":{"@id":"https:\/\/fabriciob.ar\/web\/la-oposicion-pide-la-interpelacion-de-nikisch-por-operaciones-financieras-no-autorizadas-por-el-concejo\/#primaryimage"},"image":{"@id":"https:\/\/fabriciob.ar\/web\/la-oposicion-pide-la-interpelacion-de-nikisch-por-operaciones-financieras-no-autorizadas-por-el-concejo\/#primaryimage"},"thumbnailUrl":"https:\/\/fabriciob.ar\/web\/wp-content\/uploads\/2026\/03\/IMG-20260316-WA0037.jpg","datePublished":"2026-03-16T22:21:46+00:00","dateModified":"2026-03-16T22:24:11+00:00","breadcrumb":{"@id":"https:\/\/fabriciob.ar\/web\/la-oposicion-pide-la-interpelacion-de-nikisch-por-operaciones-financieras-no-autorizadas-por-el-concejo\/#breadcrumb"},"inLanguage":"es","potentialAction":[{"@type":"ReadAction","target":["https:\/\/fabriciob.ar\/web\/la-oposicion-pide-la-interpelacion-de-nikisch-por-operaciones-financieras-no-autorizadas-por-el-concejo\/"]}]},{"@type":"ImageObject","inLanguage":"es","@id":"https:\/\/fabriciob.ar\/web\/la-oposicion-pide-la-interpelacion-de-nikisch-por-operaciones-financieras-no-autorizadas-por-el-concejo\/#primaryimage","url":"https:\/\/fabriciob.ar\/web\/wp-content\/uploads\/2026\/03\/IMG-20260316-WA0037.jpg","contentUrl":"https:\/\/fabriciob.ar\/web\/wp-content\/uploads\/2026\/03\/IMG-20260316-WA0037.jpg","width":894,"height":555},{"@type":"BreadcrumbList","@id":"https:\/\/fabriciob.ar\/web\/la-oposicion-pide-la-interpelacion-de-nikisch-por-operaciones-financieras-no-autorizadas-por-el-concejo\/#breadcrumb","itemListElement":[{"@type":"ListItem","position":1,"name":"Portada","item":"https:\/\/fabriciob.ar\/web\/"},{"@type":"ListItem","position":2,"name":"La oposici\u00f3n pide la interpelaci\u00f3n de Nikisch por operaciones financieras no autorizadas por el Concejo"}]},{"@type":"WebSite","@id":"https:\/\/fabriciob.ar\/web\/#website","url":"https:\/\/fabriciob.ar\/web\/","name":"Fabricio Bolatti","description":"Sitio Oficial-Comunicaci\u00f3n institucional de la gesti\u00f3n legislativa del concejal Fabricio Bolatti con los vecinos y vecinas de la ciudad de Resistencia","publisher":{"@id":"https:\/\/fabriciob.ar\/web\/#organization"},"potentialAction":[{"@type":"SearchAction","target":{"@type":"EntryPoint","urlTemplate":"https:\/\/fabriciob.ar\/web\/?s={search_term_string}"},"query-input":{"@type":"PropertyValueSpecification","valueRequired":true,"valueName":"search_term_string"}}],"inLanguage":"es"},{"@type":"Organization","@id":"https:\/\/fabriciob.ar\/web\/#organization","name":"Fabricio Bolatti-Sitio Oficial","url":"https:\/\/fabriciob.ar\/web\/","logo":{"@type":"ImageObject","inLanguage":"es","@id":"https:\/\/fabriciob.ar\/web\/#\/schema\/logo\/image\/","url":"https:\/\/fabriciob.ar\/web\/wp-content\/uploads\/2020\/12\/cropped-fb-en-el-concejo-a-red-2-1.png","contentUrl":"https:\/\/fabriciob.ar\/web\/wp-content\/uploads\/2020\/12\/cropped-fb-en-el-concejo-a-red-2-1.png","width":512,"height":512,"caption":"Fabricio Bolatti-Sitio Oficial"},"image":{"@id":"https:\/\/fabriciob.ar\/web\/#\/schema\/logo\/image\/"},"sameAs":["https:\/\/www.facebook.com\/fabriciobolattiK\/","https:\/\/x.com\/fabriciobolatti","https:\/\/www.instagram.com\/fabriciobolatti\/?igshid=7ztsgzj0mwql","https:\/\/www.youtube.com\/channel\/UCWLMPKJZG1JgX9U29Pra3ng"]},{"@type":"Person","@id":"https:\/\/fabriciob.ar\/web\/#\/schema\/person\/d56dbc2f2489983c5270184312aab61b","name":"Equipo Fabricio","image":{"@type":"ImageObject","inLanguage":"es","@id":"https:\/\/secure.gravatar.com\/avatar\/9d8e99352a71f2ac7e650885bc7721fe9d667070a36c2a5bb86aab909b8cf626?s=96&d=mm&r=g","url":"https:\/\/secure.gravatar.com\/avatar\/9d8e99352a71f2ac7e650885bc7721fe9d667070a36c2a5bb86aab909b8cf626?s=96&d=mm&r=g","contentUrl":"https:\/\/secure.gravatar.com\/avatar\/9d8e99352a71f2ac7e650885bc7721fe9d667070a36c2a5bb86aab909b8cf626?s=96&d=mm&r=g","caption":"Equipo Fabricio"},"url":"https:\/\/fabriciob.ar\/web\/author\/admin\/"}]}},"_links":{"self":[{"href":"https:\/\/fabriciob.ar\/web\/wp-json\/wp\/v2\/posts\/9789","targetHints":{"allow":["GET"]}}],"collection":[{"href":"https:\/\/fabriciob.ar\/web\/wp-json\/wp\/v2\/posts"}],"about":[{"href":"https:\/\/fabriciob.ar\/web\/wp-json\/wp\/v2\/types\/post"}],"author":[{"embeddable":true,"href":"https:\/\/fabriciob.ar\/web\/wp-json\/wp\/v2\/users\/3"}],"replies":[{"embeddable":true,"href":"https:\/\/fabriciob.ar\/web\/wp-json\/wp\/v2\/comments?post=9789"}],"version-history":[{"count":3,"href":"https:\/\/fabriciob.ar\/web\/wp-json\/wp\/v2\/posts\/9789\/revisions"}],"predecessor-version":[{"id":9796,"href":"https:\/\/fabriciob.ar\/web\/wp-json\/wp\/v2\/posts\/9789\/revisions\/9796"}],"wp:featuredmedia":[{"embeddable":true,"href":"https:\/\/fabriciob.ar\/web\/wp-json\/wp\/v2\/media\/9793"}],"wp:attachment":[{"href":"https:\/\/fabriciob.ar\/web\/wp-json\/wp\/v2\/media?parent=9789"}],"wp:term":[{"taxonomy":"category","embeddable":true,"href":"https:\/\/fabriciob.ar\/web\/wp-json\/wp\/v2\/categories?post=9789"},{"taxonomy":"post_tag","embeddable":true,"href":"https:\/\/fabriciob.ar\/web\/wp-json\/wp\/v2\/tags?post=9789"}],"curies":[{"name":"wp","href":"https:\/\/api.w.org\/{rel}","templated":true}]}}