{"id":9811,"date":"2026-04-15T14:51:58","date_gmt":"2026-04-15T14:51:58","guid":{"rendered":"https:\/\/fabriciob.ar\/web\/?p=9811"},"modified":"2026-04-15T14:53:22","modified_gmt":"2026-04-15T14:53:22","slug":"creacion-del-programa-control-ciudadano-municipal-de-servicios","status":"publish","type":"post","link":"https:\/\/fabriciob.ar\/web\/creacion-del-programa-control-ciudadano-municipal-de-servicios\/","title":{"rendered":"Creaci\u00f3n del Programa Control Ciudadano Municipal de Servicios"},"content":{"rendered":"<p><!--more--><\/p>\n<p>Ante la falta de informaci\u00f3n sobre el uso de alquileres de camiones, m\u00e1quinas y equipos como una de las principales v\u00edas de posible desv\u00edo de recursos p\u00fablicos, y al no poder verificarse en muchos casos la efectiva prestaci\u00f3n del servicio, elevamos un proyecto de ordenanza que crea el <strong>Programa de Control Ciudadano Municipal de Servicios<\/strong>, con el objetivo de garantizar transparencia, trazabilidad y control real sobre los recursos que el Municipio destina a la prestaci\u00f3n de servicios, obras y tareas operativas.<\/p>\n<p>La iniciativa establece la implementaci\u00f3n obligatoria de un sistema de geolocalizaci\u00f3n mediante GPS en todos los veh\u00edculos, camiones, recolectores y maquinarias, tanto propios como alquilados o contratados.<\/p>\n<p>El sistema permitir\u00e1 conocer en tiempo real:<\/p>\n<p>* d\u00f3nde est\u00e1 cada equipo,<\/p>\n<p>* qu\u00e9 tarea est\u00e1 realizando,<\/p>\n<p>* cu\u00e1ntas horas trabaja por d\u00eda,<\/p>\n<p>* y a qu\u00e9 servicio o \u00e1rea est\u00e1 afectado.<\/p>\n<p>Adem\u00e1s, prev\u00e9 el desarrollo de una plataforma p\u00fablica para que cualquier vecino o vecina pueda acceder a esta informaci\u00f3n. En el caso de la recolecci\u00f3n de residuos, por ejemplo, permitir\u00e1 ver el recorrido y estimar a qu\u00e9 hora pasar\u00e1 el servicio por cada zona.<\/p>\n<p>A continuaci\u00f3n, el proyecto:<\/p>\n<p>&nbsp;<\/p>\n<p>&nbsp;<\/p>\n<a href=\"https:\/\/fabriciob.ar\/web\/wp-content\/uploads\/2026\/04\/Whatsapp-Scan-14-de-abril-de-2026-at-10.14.07.pdf\" class=\"pdfemb-viewer\" style=\"\" data-width=\"max\" data-height=\"max\" data-toolbar=\"bottom\" data-toolbar-fixed=\"off\">PROYECTO DE ORDENANZA<\/a>\n","protected":false},"excerpt":{"rendered":"","protected":false},"author":3,"featured_media":9814,"comment_status":"open","ping_status":"open","sticky":false,"template":"","format":"standard","meta":{"_joinchat":[],"footnotes":""},"categories":[40],"tags":[],"class_list":["post-9811","post","type-post","status-publish","format-standard","has-post-thumbnail","hentry","category-proyectos-de-ordenanzas"],"yoast_head":"<!-- This site is optimized with the Yoast SEO plugin v27.5 - https:\/\/yoast.com\/product\/yoast-seo-wordpress\/ -->\n<title>Creaci\u00f3n del Programa Control Ciudadano Municipal de Servicios - Fabricio Bolatti<\/title>\n<meta name=\"robots\" content=\"index, follow, max-snippet:-1, max-image-preview:large, max-video-preview:-1\" \/>\n<link rel=\"canonical\" href=\"https:\/\/fabriciob.ar\/web\/creacion-del-programa-control-ciudadano-municipal-de-servicios\/\" \/>\n<meta property=\"og:locale\" content=\"es_ES\" \/>\n<meta property=\"og:type\" content=\"article\" \/>\n<meta property=\"og:title\" content=\"Creaci\u00f3n del Programa Control Ciudadano Municipal de Servicios - Fabricio Bolatti\" \/>\n<meta property=\"og:url\" content=\"https:\/\/fabriciob.ar\/web\/creacion-del-programa-control-ciudadano-municipal-de-servicios\/\" \/>\n<meta property=\"og:site_name\" content=\"Fabricio Bolatti\" \/>\n<meta property=\"article:publisher\" content=\"https:\/\/www.facebook.com\/fabriciobolattiK\/\" \/>\n<meta property=\"article:published_time\" content=\"2026-04-15T14:51:58+00:00\" \/>\n<meta property=\"article:modified_time\" content=\"2026-04-15T14:53:22+00:00\" \/>\n<meta property=\"og:image\" content=\"https:\/\/fabriciob.ar\/web\/wp-content\/uploads\/2026\/04\/2.jpeg\" \/>\n\t<meta property=\"og:image:width\" content=\"893\" \/>\n\t<meta property=\"og:image:height\" content=\"591\" \/>\n\t<meta property=\"og:image:type\" content=\"image\/jpeg\" \/>\n<meta name=\"author\" content=\"Equipo Fabricio\" \/>\n<meta name=\"twitter:card\" content=\"summary_large_image\" \/>\n<meta name=\"twitter:creator\" content=\"@fabriciobolatti\" \/>\n<meta name=\"twitter:site\" content=\"@fabriciobolatti\" \/>\n<meta name=\"twitter:label1\" content=\"Escrito por\" \/>\n\t<meta name=\"twitter:data1\" content=\"Equipo Fabricio\" \/>\n\t<meta name=\"twitter:label2\" content=\"Tiempo de lectura\" \/>\n\t<meta name=\"twitter:data2\" content=\"1 minuto\" \/>\n<script type=\"application\/ld+json\" class=\"yoast-schema-graph\">{\"@context\":\"https:\\\/\\\/schema.org\",\"@graph\":[{\"@type\":\"Article\",\"@id\":\"https:\\\/\\\/fabriciob.ar\\\/web\\\/creacion-del-programa-control-ciudadano-municipal-de-servicios\\\/#article\",\"isPartOf\":{\"@id\":\"https:\\\/\\\/fabriciob.ar\\\/web\\\/creacion-del-programa-control-ciudadano-municipal-de-servicios\\\/\"},\"author\":{\"name\":\"Equipo Fabricio\",\"@id\":\"https:\\\/\\\/fabriciob.ar\\\/web\\\/#\\\/schema\\\/person\\\/d56dbc2f2489983c5270184312aab61b\"},\"headline\":\"Creaci\u00f3n del Programa Control Ciudadano Municipal de Servicios\",\"datePublished\":\"2026-04-15T14:51:58+00:00\",\"dateModified\":\"2026-04-15T14:53:22+00:00\",\"mainEntityOfPage\":{\"@id\":\"https:\\\/\\\/fabriciob.ar\\\/web\\\/creacion-del-programa-control-ciudadano-municipal-de-servicios\\\/\"},\"wordCount\":229,\"commentCount\":0,\"publisher\":{\"@id\":\"https:\\\/\\\/fabriciob.ar\\\/web\\\/#organization\"},\"image\":{\"@id\":\"https:\\\/\\\/fabriciob.ar\\\/web\\\/creacion-del-programa-control-ciudadano-municipal-de-servicios\\\/#primaryimage\"},\"thumbnailUrl\":\"https:\\\/\\\/fabriciob.ar\\\/web\\\/wp-content\\\/uploads\\\/2026\\\/04\\\/2.jpeg\",\"articleSection\":[\"PROYECTOS DE ORDENANZAS\"],\"inLanguage\":\"es\",\"potentialAction\":[{\"@type\":\"CommentAction\",\"name\":\"Comment\",\"target\":[\"https:\\\/\\\/fabriciob.ar\\\/web\\\/creacion-del-programa-control-ciudadano-municipal-de-servicios\\\/#respond\"]}]},{\"@type\":\"WebPage\",\"@id\":\"https:\\\/\\\/fabriciob.ar\\\/web\\\/creacion-del-programa-control-ciudadano-municipal-de-servicios\\\/\",\"url\":\"https:\\\/\\\/fabriciob.ar\\\/web\\\/creacion-del-programa-control-ciudadano-municipal-de-servicios\\\/\",\"name\":\"Creaci\u00f3n del Programa Control Ciudadano Municipal de Servicios - Fabricio Bolatti\",\"isPartOf\":{\"@id\":\"https:\\\/\\\/fabriciob.ar\\\/web\\\/#website\"},\"primaryImageOfPage\":{\"@id\":\"https:\\\/\\\/fabriciob.ar\\\/web\\\/creacion-del-programa-control-ciudadano-municipal-de-servicios\\\/#primaryimage\"},\"image\":{\"@id\":\"https:\\\/\\\/fabriciob.ar\\\/web\\\/creacion-del-programa-control-ciudadano-municipal-de-servicios\\\/#primaryimage\"},\"thumbnailUrl\":\"https:\\\/\\\/fabriciob.ar\\\/web\\\/wp-content\\\/uploads\\\/2026\\\/04\\\/2.jpeg\",\"datePublished\":\"2026-04-15T14:51:58+00:00\",\"dateModified\":\"2026-04-15T14:53:22+00:00\",\"breadcrumb\":{\"@id\":\"https:\\\/\\\/fabriciob.ar\\\/web\\\/creacion-del-programa-control-ciudadano-municipal-de-servicios\\\/#breadcrumb\"},\"inLanguage\":\"es\",\"potentialAction\":[{\"@type\":\"ReadAction\",\"target\":[\"https:\\\/\\\/fabriciob.ar\\\/web\\\/creacion-del-programa-control-ciudadano-municipal-de-servicios\\\/\"]}]},{\"@type\":\"ImageObject\",\"inLanguage\":\"es\",\"@id\":\"https:\\\/\\\/fabriciob.ar\\\/web\\\/creacion-del-programa-control-ciudadano-municipal-de-servicios\\\/#primaryimage\",\"url\":\"https:\\\/\\\/fabriciob.ar\\\/web\\\/wp-content\\\/uploads\\\/2026\\\/04\\\/2.jpeg\",\"contentUrl\":\"https:\\\/\\\/fabriciob.ar\\\/web\\\/wp-content\\\/uploads\\\/2026\\\/04\\\/2.jpeg\",\"width\":893,\"height\":591},{\"@type\":\"BreadcrumbList\",\"@id\":\"https:\\\/\\\/fabriciob.ar\\\/web\\\/creacion-del-programa-control-ciudadano-municipal-de-servicios\\\/#breadcrumb\",\"itemListElement\":[{\"@type\":\"ListItem\",\"position\":1,\"name\":\"Portada\",\"item\":\"https:\\\/\\\/fabriciob.ar\\\/web\\\/\"},{\"@type\":\"ListItem\",\"position\":2,\"name\":\"Creaci\u00f3n del Programa Control Ciudadano Municipal de Servicios\"}]},{\"@type\":\"WebSite\",\"@id\":\"https:\\\/\\\/fabriciob.ar\\\/web\\\/#website\",\"url\":\"https:\\\/\\\/fabriciob.ar\\\/web\\\/\",\"name\":\"Fabricio Bolatti\",\"description\":\"Sitio Oficial-Comunicaci\u00f3n institucional de la gesti\u00f3n legislativa del concejal Fabricio Bolatti con los vecinos y vecinas de la ciudad de Resistencia\",\"publisher\":{\"@id\":\"https:\\\/\\\/fabriciob.ar\\\/web\\\/#organization\"},\"potentialAction\":[{\"@type\":\"SearchAction\",\"target\":{\"@type\":\"EntryPoint\",\"urlTemplate\":\"https:\\\/\\\/fabriciob.ar\\\/web\\\/?s={search_term_string}\"},\"query-input\":{\"@type\":\"PropertyValueSpecification\",\"valueRequired\":true,\"valueName\":\"search_term_string\"}}],\"inLanguage\":\"es\"},{\"@type\":\"Organization\",\"@id\":\"https:\\\/\\\/fabriciob.ar\\\/web\\\/#organization\",\"name\":\"Fabricio Bolatti-Sitio Oficial\",\"url\":\"https:\\\/\\\/fabriciob.ar\\\/web\\\/\",\"logo\":{\"@type\":\"ImageObject\",\"inLanguage\":\"es\",\"@id\":\"https:\\\/\\\/fabriciob.ar\\\/web\\\/#\\\/schema\\\/logo\\\/image\\\/\",\"url\":\"https:\\\/\\\/fabriciob.ar\\\/web\\\/wp-content\\\/uploads\\\/2020\\\/12\\\/cropped-fb-en-el-concejo-a-red-2-1.png\",\"contentUrl\":\"https:\\\/\\\/fabriciob.ar\\\/web\\\/wp-content\\\/uploads\\\/2020\\\/12\\\/cropped-fb-en-el-concejo-a-red-2-1.png\",\"width\":512,\"height\":512,\"caption\":\"Fabricio Bolatti-Sitio Oficial\"},\"image\":{\"@id\":\"https:\\\/\\\/fabriciob.ar\\\/web\\\/#\\\/schema\\\/logo\\\/image\\\/\"},\"sameAs\":[\"https:\\\/\\\/www.facebook.com\\\/fabriciobolattiK\\\/\",\"https:\\\/\\\/x.com\\\/fabriciobolatti\",\"https:\\\/\\\/www.instagram.com\\\/fabriciobolatti\\\/?igshid=7ztsgzj0mwql\",\"https:\\\/\\\/www.youtube.com\\\/channel\\\/UCWLMPKJZG1JgX9U29Pra3ng\"]},{\"@type\":\"Person\",\"@id\":\"https:\\\/\\\/fabriciob.ar\\\/web\\\/#\\\/schema\\\/person\\\/d56dbc2f2489983c5270184312aab61b\",\"name\":\"Equipo Fabricio\",\"image\":{\"@type\":\"ImageObject\",\"inLanguage\":\"es\",\"@id\":\"https:\\\/\\\/secure.gravatar.com\\\/avatar\\\/9d8e99352a71f2ac7e650885bc7721fe9d667070a36c2a5bb86aab909b8cf626?s=96&d=mm&r=g\",\"url\":\"https:\\\/\\\/secure.gravatar.com\\\/avatar\\\/9d8e99352a71f2ac7e650885bc7721fe9d667070a36c2a5bb86aab909b8cf626?s=96&d=mm&r=g\",\"contentUrl\":\"https:\\\/\\\/secure.gravatar.com\\\/avatar\\\/9d8e99352a71f2ac7e650885bc7721fe9d667070a36c2a5bb86aab909b8cf626?s=96&d=mm&r=g\",\"caption\":\"Equipo Fabricio\"},\"url\":\"https:\\\/\\\/fabriciob.ar\\\/web\\\/author\\\/admin\\\/\"}]}<\/script>\n<!-- \/ Yoast SEO plugin. -->","yoast_head_json":{"title":"Creaci\u00f3n del Programa Control Ciudadano Municipal de Servicios - Fabricio Bolatti","robots":{"index":"index","follow":"follow","max-snippet":"max-snippet:-1","max-image-preview":"max-image-preview:large","max-video-preview":"max-video-preview:-1"},"canonical":"https:\/\/fabriciob.ar\/web\/creacion-del-programa-control-ciudadano-municipal-de-servicios\/","og_locale":"es_ES","og_type":"article","og_title":"Creaci\u00f3n del Programa Control Ciudadano Municipal de Servicios - Fabricio Bolatti","og_url":"https:\/\/fabriciob.ar\/web\/creacion-del-programa-control-ciudadano-municipal-de-servicios\/","og_site_name":"Fabricio Bolatti","article_publisher":"https:\/\/www.facebook.com\/fabriciobolattiK\/","article_published_time":"2026-04-15T14:51:58+00:00","article_modified_time":"2026-04-15T14:53:22+00:00","og_image":[{"width":893,"height":591,"url":"https:\/\/fabriciob.ar\/web\/wp-content\/uploads\/2026\/04\/2.jpeg","type":"image\/jpeg"}],"author":"Equipo Fabricio","twitter_card":"summary_large_image","twitter_creator":"@fabriciobolatti","twitter_site":"@fabriciobolatti","twitter_misc":{"Escrito por":"Equipo Fabricio","Tiempo de lectura":"1 minuto"},"schema":{"@context":"https:\/\/schema.org","@graph":[{"@type":"Article","@id":"https:\/\/fabriciob.ar\/web\/creacion-del-programa-control-ciudadano-municipal-de-servicios\/#article","isPartOf":{"@id":"https:\/\/fabriciob.ar\/web\/creacion-del-programa-control-ciudadano-municipal-de-servicios\/"},"author":{"name":"Equipo Fabricio","@id":"https:\/\/fabriciob.ar\/web\/#\/schema\/person\/d56dbc2f2489983c5270184312aab61b"},"headline":"Creaci\u00f3n del Programa Control Ciudadano Municipal de Servicios","datePublished":"2026-04-15T14:51:58+00:00","dateModified":"2026-04-15T14:53:22+00:00","mainEntityOfPage":{"@id":"https:\/\/fabriciob.ar\/web\/creacion-del-programa-control-ciudadano-municipal-de-servicios\/"},"wordCount":229,"commentCount":0,"publisher":{"@id":"https:\/\/fabriciob.ar\/web\/#organization"},"image":{"@id":"https:\/\/fabriciob.ar\/web\/creacion-del-programa-control-ciudadano-municipal-de-servicios\/#primaryimage"},"thumbnailUrl":"https:\/\/fabriciob.ar\/web\/wp-content\/uploads\/2026\/04\/2.jpeg","articleSection":["PROYECTOS DE ORDENANZAS"],"inLanguage":"es","potentialAction":[{"@type":"CommentAction","name":"Comment","target":["https:\/\/fabriciob.ar\/web\/creacion-del-programa-control-ciudadano-municipal-de-servicios\/#respond"]}]},{"@type":"WebPage","@id":"https:\/\/fabriciob.ar\/web\/creacion-del-programa-control-ciudadano-municipal-de-servicios\/","url":"https:\/\/fabriciob.ar\/web\/creacion-del-programa-control-ciudadano-municipal-de-servicios\/","name":"Creaci\u00f3n del Programa Control Ciudadano Municipal de Servicios - Fabricio Bolatti","isPartOf":{"@id":"https:\/\/fabriciob.ar\/web\/#website"},"primaryImageOfPage":{"@id":"https:\/\/fabriciob.ar\/web\/creacion-del-programa-control-ciudadano-municipal-de-servicios\/#primaryimage"},"image":{"@id":"https:\/\/fabriciob.ar\/web\/creacion-del-programa-control-ciudadano-municipal-de-servicios\/#primaryimage"},"thumbnailUrl":"https:\/\/fabriciob.ar\/web\/wp-content\/uploads\/2026\/04\/2.jpeg","datePublished":"2026-04-15T14:51:58+00:00","dateModified":"2026-04-15T14:53:22+00:00","breadcrumb":{"@id":"https:\/\/fabriciob.ar\/web\/creacion-del-programa-control-ciudadano-municipal-de-servicios\/#breadcrumb"},"inLanguage":"es","potentialAction":[{"@type":"ReadAction","target":["https:\/\/fabriciob.ar\/web\/creacion-del-programa-control-ciudadano-municipal-de-servicios\/"]}]},{"@type":"ImageObject","inLanguage":"es","@id":"https:\/\/fabriciob.ar\/web\/creacion-del-programa-control-ciudadano-municipal-de-servicios\/#primaryimage","url":"https:\/\/fabriciob.ar\/web\/wp-content\/uploads\/2026\/04\/2.jpeg","contentUrl":"https:\/\/fabriciob.ar\/web\/wp-content\/uploads\/2026\/04\/2.jpeg","width":893,"height":591},{"@type":"BreadcrumbList","@id":"https:\/\/fabriciob.ar\/web\/creacion-del-programa-control-ciudadano-municipal-de-servicios\/#breadcrumb","itemListElement":[{"@type":"ListItem","position":1,"name":"Portada","item":"https:\/\/fabriciob.ar\/web\/"},{"@type":"ListItem","position":2,"name":"Creaci\u00f3n del Programa Control Ciudadano Municipal de Servicios"}]},{"@type":"WebSite","@id":"https:\/\/fabriciob.ar\/web\/#website","url":"https:\/\/fabriciob.ar\/web\/","name":"Fabricio Bolatti","description":"Sitio Oficial-Comunicaci\u00f3n institucional de la gesti\u00f3n legislativa del concejal Fabricio Bolatti con los vecinos y vecinas de la ciudad de Resistencia","publisher":{"@id":"https:\/\/fabriciob.ar\/web\/#organization"},"potentialAction":[{"@type":"SearchAction","target":{"@type":"EntryPoint","urlTemplate":"https:\/\/fabriciob.ar\/web\/?s={search_term_string}"},"query-input":{"@type":"PropertyValueSpecification","valueRequired":true,"valueName":"search_term_string"}}],"inLanguage":"es"},{"@type":"Organization","@id":"https:\/\/fabriciob.ar\/web\/#organization","name":"Fabricio Bolatti-Sitio Oficial","url":"https:\/\/fabriciob.ar\/web\/","logo":{"@type":"ImageObject","inLanguage":"es","@id":"https:\/\/fabriciob.ar\/web\/#\/schema\/logo\/image\/","url":"https:\/\/fabriciob.ar\/web\/wp-content\/uploads\/2020\/12\/cropped-fb-en-el-concejo-a-red-2-1.png","contentUrl":"https:\/\/fabriciob.ar\/web\/wp-content\/uploads\/2020\/12\/cropped-fb-en-el-concejo-a-red-2-1.png","width":512,"height":512,"caption":"Fabricio Bolatti-Sitio Oficial"},"image":{"@id":"https:\/\/fabriciob.ar\/web\/#\/schema\/logo\/image\/"},"sameAs":["https:\/\/www.facebook.com\/fabriciobolattiK\/","https:\/\/x.com\/fabriciobolatti","https:\/\/www.instagram.com\/fabriciobolatti\/?igshid=7ztsgzj0mwql","https:\/\/www.youtube.com\/channel\/UCWLMPKJZG1JgX9U29Pra3ng"]},{"@type":"Person","@id":"https:\/\/fabriciob.ar\/web\/#\/schema\/person\/d56dbc2f2489983c5270184312aab61b","name":"Equipo Fabricio","image":{"@type":"ImageObject","inLanguage":"es","@id":"https:\/\/secure.gravatar.com\/avatar\/9d8e99352a71f2ac7e650885bc7721fe9d667070a36c2a5bb86aab909b8cf626?s=96&d=mm&r=g","url":"https:\/\/secure.gravatar.com\/avatar\/9d8e99352a71f2ac7e650885bc7721fe9d667070a36c2a5bb86aab909b8cf626?s=96&d=mm&r=g","contentUrl":"https:\/\/secure.gravatar.com\/avatar\/9d8e99352a71f2ac7e650885bc7721fe9d667070a36c2a5bb86aab909b8cf626?s=96&d=mm&r=g","caption":"Equipo Fabricio"},"url":"https:\/\/fabriciob.ar\/web\/author\/admin\/"}]}},"_links":{"self":[{"href":"https:\/\/fabriciob.ar\/web\/wp-json\/wp\/v2\/posts\/9811","targetHints":{"allow":["GET"]}}],"collection":[{"href":"https:\/\/fabriciob.ar\/web\/wp-json\/wp\/v2\/posts"}],"about":[{"href":"https:\/\/fabriciob.ar\/web\/wp-json\/wp\/v2\/types\/post"}],"author":[{"embeddable":true,"href":"https:\/\/fabriciob.ar\/web\/wp-json\/wp\/v2\/users\/3"}],"replies":[{"embeddable":true,"href":"https:\/\/fabriciob.ar\/web\/wp-json\/wp\/v2\/comments?post=9811"}],"version-history":[{"count":2,"href":"https:\/\/fabriciob.ar\/web\/wp-json\/wp\/v2\/posts\/9811\/revisions"}],"predecessor-version":[{"id":9815,"href":"https:\/\/fabriciob.ar\/web\/wp-json\/wp\/v2\/posts\/9811\/revisions\/9815"}],"wp:featuredmedia":[{"embeddable":true,"href":"https:\/\/fabriciob.ar\/web\/wp-json\/wp\/v2\/media\/9814"}],"wp:attachment":[{"href":"https:\/\/fabriciob.ar\/web\/wp-json\/wp\/v2\/media?parent=9811"}],"wp:term":[{"taxonomy":"category","embeddable":true,"href":"https:\/\/fabriciob.ar\/web\/wp-json\/wp\/v2\/categories?post=9811"},{"taxonomy":"post_tag","embeddable":true,"href":"https:\/\/fabriciob.ar\/web\/wp-json\/wp\/v2\/tags?post=9811"}],"curies":[{"name":"wp","href":"https:\/\/api.w.org\/{rel}","templated":true}]}}