{"id":9831,"date":"2026-04-27T16:13:46","date_gmt":"2026-04-27T16:13:46","guid":{"rendered":"https:\/\/fabriciob.ar\/web\/?p=9831"},"modified":"2026-04-27T16:13:46","modified_gmt":"2026-04-27T16:13:46","slug":"bolatti-el-gasto-publico-debe-tener-un-correlato-real-en-los-servicios-que-recibe-el-vecino","status":"publish","type":"post","link":"https:\/\/fabriciob.ar\/web\/bolatti-el-gasto-publico-debe-tener-un-correlato-real-en-los-servicios-que-recibe-el-vecino\/","title":{"rendered":"Bolatti: \u00abEl gasto p\u00fablico debe tener un correlato real en los servicios que recibe el vecino\u00bb"},"content":{"rendered":"<p><!--more--><\/p>\n<p><em>El concejal Fabricio Bolatti advierte sobre la erogaci\u00f3n de m\u00e1s de $26.000 millones anuales en el alquiler de 260 equipos viales, cuya operatividad en la v\u00eda p\u00fablica resulta pr\u00e1cticamente invisible para los vecinos de Resistencia.<\/em><\/p>\n<p>&nbsp;<\/p>\n<p>&nbsp;<\/p>\n<p>Tras un relevamiento t\u00e9cnico realizado por su equipo de trabajo, el concejal Fabricio Bolatti puso en duda la transparencia del esquema de contrataciones de maquinaria que sostiene actualmente el municipio. Seg\u00fan los datos analizados, la gesti\u00f3n alquila 157 camiones y 102 m\u00e1quinas pesadas (retroexcavadoras, cargadoras, entre otras) para operar 10 horas diarias, lo que representa un costo de $16.765 millones solo para el primer semestre, superando los $26.000 millones en el per\u00edodo anual.<\/p>\n<p>Al respecto, Bolatti enfatiz\u00f3: \u00abEstamos ante una magnitud de recursos que interpela a toda la administraci\u00f3n. Si estos m\u00e1s de $26.000 millones anuales se tradujeran en servicios, ver\u00edamos una ciudad en obra constante. Sin embargo, la presencia de estos 260 equipos es imperceptible en la realidad cotidiana de los vecinos\u00bb.<\/p>\n<p><img fetchpriority=\"high\" decoding=\"async\" class=\"aligncenter wp-image-9832 \" src=\"https:\/\/fabriciob.ar\/web\/wp-content\/uploads\/2026\/04\/Cuadro.jpg\" alt=\"\" width=\"659\" height=\"329\" srcset=\"https:\/\/fabriciob.ar\/web\/wp-content\/uploads\/2026\/04\/Cuadro.jpg 587w, https:\/\/fabriciob.ar\/web\/wp-content\/uploads\/2026\/04\/Cuadro-300x150.jpg 300w\" sizes=\"(max-width: 659px) 100vw, 659px\" \/><\/p>\n<p>El edil compar\u00f3 el volumen de fondos destinados a alquileres con lo que se podr\u00eda lograr si ese capital se invirtiera en activos propios o infraestructura clave para la ciudad.<\/p>\n<p><em>Seg\u00fan el informe, el monto comprometido alcanzar\u00eda para:<\/em><\/p>\n<ul>\n<li>Adquirir 130 equipos 0 km para el patrimonio municipal.<\/li>\n<li>Construir 350 cuadras de pavimento.<\/li>\n<li>Ejecutar las grandes obras del Plan Director de Desag\u00fces Pluviales (Proyecto de Ordenanza presentado: <a href=\"https:\/\/fabriciob.ar\/web\/proponemos-la-creacion-del-programa-funcional-de-desagues-pluviales-de-resistencia-ahora-los-desagues\/\">https:\/\/fabriciob.ar\/web\/proponemos-la-creacion-del-programa-funcional-de-desagues-pluviales-de-resistencia-ahora-los-desagues\/<\/a> )<\/li>\n<li>Instalaci\u00f3n de alumbrado p\u00fablico en la ciudad con tecnolog\u00eda LED, cableado subterr\u00e1neo y sistemas inteligentes de las 8.000 manzanas habitadas de la ciudad (4 por cuadra).<\/li>\n<li>Instalar un Centro de Disposici\u00f3n Final y Reciclado de Residuos con el 50% de la inversi\u00f3n, generando empleo, reduciendo la contaminaci\u00f3n ambiental y disminuyendo el gasto que hoy se hace sin que nada cambie, entre otras. (Proyecto de Ordenanza presentado: <a href=\"https:\/\/fabriciob.ar\/web\/rsu-proponemos-crear-el-programa-urbano-ambiental-hacia-una-ciudad-inclusiva-y-sin-basura\/\">RSU: Proponemos crear el programa urbano ambiental \u00abHacia una ciudad inclusiva y sin basura\u00bb<\/a>\u00a0)<\/li>\n<\/ul>\n<p>&nbsp;<\/p>\n<h4>Una ausente responsabilidad institucional<\/h4>\n<p>Bolatti destac\u00f3 la llamativa disparidad entre la cantidad de equipos contratados y la realidad de los servicios. \u00abResulta dif\u00edcil de explicar que, teniendo 260 equipos contratados, no superen en presencia ni en operatividad a los 26 camiones de recolecci\u00f3n propios o a los 150 colectivos que vemos circular diariamente\u00bb, se\u00f1al\u00f3.<\/p>\n<p>En este sentido, el concejal advirti\u00f3 que el problema de fondo no es s\u00f3lo cu\u00e1nto se gasta, sino la falta de un correlato verificable en las prestaciones. Por ello, inst\u00f3 al Ejecutivo municipal a fortalecer los mecanismos de control, garantizar la transparencia en la ejecuci\u00f3n de los contratos y realizar una evaluaci\u00f3n rigurosa de las decisiones de gesti\u00f3n. \u201cEsta crisis de eficacia no s\u00f3lo interpela a quienes administran, sino tambi\u00e9n a los organismos de contralor. El problema de fondo no es \u00fanicamente cu\u00e1nto se gasta, sino qu\u00e9 se obtiene a cambio; y cuando el Estado pierde su capacidad de respuesta y desaprovecha oportunidades de progreso, es el ciudadano quien sufre las consecuencias\u201d, asever\u00f3.<\/p>\n<p>\u201cResistencia no puede sostener esquemas donde el gasto p\u00fablico no tiene impacto en el bienestar de la gente, por eso, seguiremos exigiendo que se transparente cada peso y que la prioridad sea el progreso de la ciudad y no la contrataci\u00f3n de servicios sin resultados\u201d, concluy\u00f3 Bolatti.<\/p>\n","protected":false},"excerpt":{"rendered":"","protected":false},"author":3,"featured_media":9833,"comment_status":"open","ping_status":"open","sticky":false,"template":"","format":"standard","meta":{"_joinchat":[],"footnotes":""},"categories":[27],"tags":[],"class_list":["post-9831","post","type-post","status-publish","format-standard","has-post-thumbnail","hentry","category-comunicados-de-prensa"],"yoast_head":"<!-- This site is optimized with the Yoast SEO plugin v27.4 - https:\/\/yoast.com\/product\/yoast-seo-wordpress\/ -->\n<title>Bolatti: &quot;El gasto p\u00fablico debe tener un correlato real en los servicios que recibe el vecino&quot; - Fabricio Bolatti<\/title>\n<meta name=\"robots\" content=\"index, follow, max-snippet:-1, max-image-preview:large, max-video-preview:-1\" \/>\n<link rel=\"canonical\" href=\"https:\/\/fabriciob.ar\/web\/bolatti-el-gasto-publico-debe-tener-un-correlato-real-en-los-servicios-que-recibe-el-vecino\/\" \/>\n<meta property=\"og:locale\" content=\"es_ES\" \/>\n<meta property=\"og:type\" content=\"article\" \/>\n<meta property=\"og:title\" content=\"Bolatti: &quot;El gasto p\u00fablico debe tener un correlato real en los servicios que recibe el vecino&quot; - Fabricio Bolatti\" \/>\n<meta property=\"og:url\" content=\"https:\/\/fabriciob.ar\/web\/bolatti-el-gasto-publico-debe-tener-un-correlato-real-en-los-servicios-que-recibe-el-vecino\/\" \/>\n<meta property=\"og:site_name\" content=\"Fabricio Bolatti\" \/>\n<meta property=\"article:publisher\" content=\"https:\/\/www.facebook.com\/fabriciobolattiK\/\" \/>\n<meta property=\"article:published_time\" content=\"2026-04-27T16:13:46+00:00\" \/>\n<meta property=\"og:image\" content=\"https:\/\/fabriciob.ar\/web\/wp-content\/uploads\/2026\/04\/Copia-de-viejo-y-caro-e1777306403485.jpg\" \/>\n\t<meta property=\"og:image:width\" content=\"938\" \/>\n\t<meta property=\"og:image:height\" content=\"597\" \/>\n\t<meta property=\"og:image:type\" content=\"image\/jpeg\" \/>\n<meta name=\"author\" content=\"Equipo Fabricio\" \/>\n<meta name=\"twitter:card\" content=\"summary_large_image\" \/>\n<meta name=\"twitter:creator\" content=\"@fabriciobolatti\" \/>\n<meta name=\"twitter:site\" content=\"@fabriciobolatti\" \/>\n<meta name=\"twitter:label1\" content=\"Escrito por\" \/>\n\t<meta name=\"twitter:data1\" content=\"Equipo Fabricio\" \/>\n\t<meta name=\"twitter:label2\" content=\"Tiempo de lectura\" \/>\n\t<meta name=\"twitter:data2\" content=\"3 minutos\" \/>\n<script type=\"application\/ld+json\" class=\"yoast-schema-graph\">{\"@context\":\"https:\\\/\\\/schema.org\",\"@graph\":[{\"@type\":\"Article\",\"@id\":\"https:\\\/\\\/fabriciob.ar\\\/web\\\/bolatti-el-gasto-publico-debe-tener-un-correlato-real-en-los-servicios-que-recibe-el-vecino\\\/#article\",\"isPartOf\":{\"@id\":\"https:\\\/\\\/fabriciob.ar\\\/web\\\/bolatti-el-gasto-publico-debe-tener-un-correlato-real-en-los-servicios-que-recibe-el-vecino\\\/\"},\"author\":{\"name\":\"Equipo Fabricio\",\"@id\":\"https:\\\/\\\/fabriciob.ar\\\/web\\\/#\\\/schema\\\/person\\\/d56dbc2f2489983c5270184312aab61b\"},\"headline\":\"Bolatti: \u00abEl gasto p\u00fablico debe tener un correlato real en los servicios que recibe el vecino\u00bb\",\"datePublished\":\"2026-04-27T16:13:46+00:00\",\"mainEntityOfPage\":{\"@id\":\"https:\\\/\\\/fabriciob.ar\\\/web\\\/bolatti-el-gasto-publico-debe-tener-un-correlato-real-en-los-servicios-que-recibe-el-vecino\\\/\"},\"wordCount\":562,\"commentCount\":0,\"publisher\":{\"@id\":\"https:\\\/\\\/fabriciob.ar\\\/web\\\/#organization\"},\"image\":{\"@id\":\"https:\\\/\\\/fabriciob.ar\\\/web\\\/bolatti-el-gasto-publico-debe-tener-un-correlato-real-en-los-servicios-que-recibe-el-vecino\\\/#primaryimage\"},\"thumbnailUrl\":\"https:\\\/\\\/fabriciob.ar\\\/web\\\/wp-content\\\/uploads\\\/2026\\\/04\\\/Copia-de-viejo-y-caro-e1777306403485.jpg\",\"articleSection\":[\"COMUNICADOS DE PRENSA\"],\"inLanguage\":\"es\",\"potentialAction\":[{\"@type\":\"CommentAction\",\"name\":\"Comment\",\"target\":[\"https:\\\/\\\/fabriciob.ar\\\/web\\\/bolatti-el-gasto-publico-debe-tener-un-correlato-real-en-los-servicios-que-recibe-el-vecino\\\/#respond\"]}]},{\"@type\":\"WebPage\",\"@id\":\"https:\\\/\\\/fabriciob.ar\\\/web\\\/bolatti-el-gasto-publico-debe-tener-un-correlato-real-en-los-servicios-que-recibe-el-vecino\\\/\",\"url\":\"https:\\\/\\\/fabriciob.ar\\\/web\\\/bolatti-el-gasto-publico-debe-tener-un-correlato-real-en-los-servicios-que-recibe-el-vecino\\\/\",\"name\":\"Bolatti: \\\"El gasto p\u00fablico debe tener un correlato real en los servicios que recibe el vecino\\\" - Fabricio Bolatti\",\"isPartOf\":{\"@id\":\"https:\\\/\\\/fabriciob.ar\\\/web\\\/#website\"},\"primaryImageOfPage\":{\"@id\":\"https:\\\/\\\/fabriciob.ar\\\/web\\\/bolatti-el-gasto-publico-debe-tener-un-correlato-real-en-los-servicios-que-recibe-el-vecino\\\/#primaryimage\"},\"image\":{\"@id\":\"https:\\\/\\\/fabriciob.ar\\\/web\\\/bolatti-el-gasto-publico-debe-tener-un-correlato-real-en-los-servicios-que-recibe-el-vecino\\\/#primaryimage\"},\"thumbnailUrl\":\"https:\\\/\\\/fabriciob.ar\\\/web\\\/wp-content\\\/uploads\\\/2026\\\/04\\\/Copia-de-viejo-y-caro-e1777306403485.jpg\",\"datePublished\":\"2026-04-27T16:13:46+00:00\",\"breadcrumb\":{\"@id\":\"https:\\\/\\\/fabriciob.ar\\\/web\\\/bolatti-el-gasto-publico-debe-tener-un-correlato-real-en-los-servicios-que-recibe-el-vecino\\\/#breadcrumb\"},\"inLanguage\":\"es\",\"potentialAction\":[{\"@type\":\"ReadAction\",\"target\":[\"https:\\\/\\\/fabriciob.ar\\\/web\\\/bolatti-el-gasto-publico-debe-tener-un-correlato-real-en-los-servicios-que-recibe-el-vecino\\\/\"]}]},{\"@type\":\"ImageObject\",\"inLanguage\":\"es\",\"@id\":\"https:\\\/\\\/fabriciob.ar\\\/web\\\/bolatti-el-gasto-publico-debe-tener-un-correlato-real-en-los-servicios-que-recibe-el-vecino\\\/#primaryimage\",\"url\":\"https:\\\/\\\/fabriciob.ar\\\/web\\\/wp-content\\\/uploads\\\/2026\\\/04\\\/Copia-de-viejo-y-caro-e1777306403485.jpg\",\"contentUrl\":\"https:\\\/\\\/fabriciob.ar\\\/web\\\/wp-content\\\/uploads\\\/2026\\\/04\\\/Copia-de-viejo-y-caro-e1777306403485.jpg\",\"width\":938,\"height\":597},{\"@type\":\"BreadcrumbList\",\"@id\":\"https:\\\/\\\/fabriciob.ar\\\/web\\\/bolatti-el-gasto-publico-debe-tener-un-correlato-real-en-los-servicios-que-recibe-el-vecino\\\/#breadcrumb\",\"itemListElement\":[{\"@type\":\"ListItem\",\"position\":1,\"name\":\"Portada\",\"item\":\"https:\\\/\\\/fabriciob.ar\\\/web\\\/\"},{\"@type\":\"ListItem\",\"position\":2,\"name\":\"Bolatti: \u00abEl gasto p\u00fablico debe tener un correlato real en los servicios que recibe el vecino\u00bb\"}]},{\"@type\":\"WebSite\",\"@id\":\"https:\\\/\\\/fabriciob.ar\\\/web\\\/#website\",\"url\":\"https:\\\/\\\/fabriciob.ar\\\/web\\\/\",\"name\":\"Fabricio Bolatti\",\"description\":\"Sitio Oficial-Comunicaci\u00f3n institucional de la gesti\u00f3n legislativa del concejal Fabricio Bolatti con los vecinos y vecinas de la ciudad de Resistencia\",\"publisher\":{\"@id\":\"https:\\\/\\\/fabriciob.ar\\\/web\\\/#organization\"},\"potentialAction\":[{\"@type\":\"SearchAction\",\"target\":{\"@type\":\"EntryPoint\",\"urlTemplate\":\"https:\\\/\\\/fabriciob.ar\\\/web\\\/?s={search_term_string}\"},\"query-input\":{\"@type\":\"PropertyValueSpecification\",\"valueRequired\":true,\"valueName\":\"search_term_string\"}}],\"inLanguage\":\"es\"},{\"@type\":\"Organization\",\"@id\":\"https:\\\/\\\/fabriciob.ar\\\/web\\\/#organization\",\"name\":\"Fabricio Bolatti-Sitio Oficial\",\"url\":\"https:\\\/\\\/fabriciob.ar\\\/web\\\/\",\"logo\":{\"@type\":\"ImageObject\",\"inLanguage\":\"es\",\"@id\":\"https:\\\/\\\/fabriciob.ar\\\/web\\\/#\\\/schema\\\/logo\\\/image\\\/\",\"url\":\"https:\\\/\\\/fabriciob.ar\\\/web\\\/wp-content\\\/uploads\\\/2020\\\/12\\\/cropped-fb-en-el-concejo-a-red-2-1.png\",\"contentUrl\":\"https:\\\/\\\/fabriciob.ar\\\/web\\\/wp-content\\\/uploads\\\/2020\\\/12\\\/cropped-fb-en-el-concejo-a-red-2-1.png\",\"width\":512,\"height\":512,\"caption\":\"Fabricio Bolatti-Sitio Oficial\"},\"image\":{\"@id\":\"https:\\\/\\\/fabriciob.ar\\\/web\\\/#\\\/schema\\\/logo\\\/image\\\/\"},\"sameAs\":[\"https:\\\/\\\/www.facebook.com\\\/fabriciobolattiK\\\/\",\"https:\\\/\\\/x.com\\\/fabriciobolatti\",\"https:\\\/\\\/www.instagram.com\\\/fabriciobolatti\\\/?igshid=7ztsgzj0mwql\",\"https:\\\/\\\/www.youtube.com\\\/channel\\\/UCWLMPKJZG1JgX9U29Pra3ng\"]},{\"@type\":\"Person\",\"@id\":\"https:\\\/\\\/fabriciob.ar\\\/web\\\/#\\\/schema\\\/person\\\/d56dbc2f2489983c5270184312aab61b\",\"name\":\"Equipo Fabricio\",\"image\":{\"@type\":\"ImageObject\",\"inLanguage\":\"es\",\"@id\":\"https:\\\/\\\/secure.gravatar.com\\\/avatar\\\/9d8e99352a71f2ac7e650885bc7721fe9d667070a36c2a5bb86aab909b8cf626?s=96&d=mm&r=g\",\"url\":\"https:\\\/\\\/secure.gravatar.com\\\/avatar\\\/9d8e99352a71f2ac7e650885bc7721fe9d667070a36c2a5bb86aab909b8cf626?s=96&d=mm&r=g\",\"contentUrl\":\"https:\\\/\\\/secure.gravatar.com\\\/avatar\\\/9d8e99352a71f2ac7e650885bc7721fe9d667070a36c2a5bb86aab909b8cf626?s=96&d=mm&r=g\",\"caption\":\"Equipo Fabricio\"},\"url\":\"https:\\\/\\\/fabriciob.ar\\\/web\\\/author\\\/admin\\\/\"}]}<\/script>\n<!-- \/ Yoast SEO plugin. -->","yoast_head_json":{"title":"Bolatti: \"El gasto p\u00fablico debe tener un correlato real en los servicios que recibe el vecino\" - Fabricio Bolatti","robots":{"index":"index","follow":"follow","max-snippet":"max-snippet:-1","max-image-preview":"max-image-preview:large","max-video-preview":"max-video-preview:-1"},"canonical":"https:\/\/fabriciob.ar\/web\/bolatti-el-gasto-publico-debe-tener-un-correlato-real-en-los-servicios-que-recibe-el-vecino\/","og_locale":"es_ES","og_type":"article","og_title":"Bolatti: \"El gasto p\u00fablico debe tener un correlato real en los servicios que recibe el vecino\" - Fabricio Bolatti","og_url":"https:\/\/fabriciob.ar\/web\/bolatti-el-gasto-publico-debe-tener-un-correlato-real-en-los-servicios-que-recibe-el-vecino\/","og_site_name":"Fabricio Bolatti","article_publisher":"https:\/\/www.facebook.com\/fabriciobolattiK\/","article_published_time":"2026-04-27T16:13:46+00:00","og_image":[{"width":938,"height":597,"url":"https:\/\/fabriciob.ar\/web\/wp-content\/uploads\/2026\/04\/Copia-de-viejo-y-caro-e1777306403485.jpg","type":"image\/jpeg"}],"author":"Equipo Fabricio","twitter_card":"summary_large_image","twitter_creator":"@fabriciobolatti","twitter_site":"@fabriciobolatti","twitter_misc":{"Escrito por":"Equipo Fabricio","Tiempo de lectura":"3 minutos"},"schema":{"@context":"https:\/\/schema.org","@graph":[{"@type":"Article","@id":"https:\/\/fabriciob.ar\/web\/bolatti-el-gasto-publico-debe-tener-un-correlato-real-en-los-servicios-que-recibe-el-vecino\/#article","isPartOf":{"@id":"https:\/\/fabriciob.ar\/web\/bolatti-el-gasto-publico-debe-tener-un-correlato-real-en-los-servicios-que-recibe-el-vecino\/"},"author":{"name":"Equipo Fabricio","@id":"https:\/\/fabriciob.ar\/web\/#\/schema\/person\/d56dbc2f2489983c5270184312aab61b"},"headline":"Bolatti: \u00abEl gasto p\u00fablico debe tener un correlato real en los servicios que recibe el vecino\u00bb","datePublished":"2026-04-27T16:13:46+00:00","mainEntityOfPage":{"@id":"https:\/\/fabriciob.ar\/web\/bolatti-el-gasto-publico-debe-tener-un-correlato-real-en-los-servicios-que-recibe-el-vecino\/"},"wordCount":562,"commentCount":0,"publisher":{"@id":"https:\/\/fabriciob.ar\/web\/#organization"},"image":{"@id":"https:\/\/fabriciob.ar\/web\/bolatti-el-gasto-publico-debe-tener-un-correlato-real-en-los-servicios-que-recibe-el-vecino\/#primaryimage"},"thumbnailUrl":"https:\/\/fabriciob.ar\/web\/wp-content\/uploads\/2026\/04\/Copia-de-viejo-y-caro-e1777306403485.jpg","articleSection":["COMUNICADOS DE PRENSA"],"inLanguage":"es","potentialAction":[{"@type":"CommentAction","name":"Comment","target":["https:\/\/fabriciob.ar\/web\/bolatti-el-gasto-publico-debe-tener-un-correlato-real-en-los-servicios-que-recibe-el-vecino\/#respond"]}]},{"@type":"WebPage","@id":"https:\/\/fabriciob.ar\/web\/bolatti-el-gasto-publico-debe-tener-un-correlato-real-en-los-servicios-que-recibe-el-vecino\/","url":"https:\/\/fabriciob.ar\/web\/bolatti-el-gasto-publico-debe-tener-un-correlato-real-en-los-servicios-que-recibe-el-vecino\/","name":"Bolatti: \"El gasto p\u00fablico debe tener un correlato real en los servicios que recibe el vecino\" - Fabricio Bolatti","isPartOf":{"@id":"https:\/\/fabriciob.ar\/web\/#website"},"primaryImageOfPage":{"@id":"https:\/\/fabriciob.ar\/web\/bolatti-el-gasto-publico-debe-tener-un-correlato-real-en-los-servicios-que-recibe-el-vecino\/#primaryimage"},"image":{"@id":"https:\/\/fabriciob.ar\/web\/bolatti-el-gasto-publico-debe-tener-un-correlato-real-en-los-servicios-que-recibe-el-vecino\/#primaryimage"},"thumbnailUrl":"https:\/\/fabriciob.ar\/web\/wp-content\/uploads\/2026\/04\/Copia-de-viejo-y-caro-e1777306403485.jpg","datePublished":"2026-04-27T16:13:46+00:00","breadcrumb":{"@id":"https:\/\/fabriciob.ar\/web\/bolatti-el-gasto-publico-debe-tener-un-correlato-real-en-los-servicios-que-recibe-el-vecino\/#breadcrumb"},"inLanguage":"es","potentialAction":[{"@type":"ReadAction","target":["https:\/\/fabriciob.ar\/web\/bolatti-el-gasto-publico-debe-tener-un-correlato-real-en-los-servicios-que-recibe-el-vecino\/"]}]},{"@type":"ImageObject","inLanguage":"es","@id":"https:\/\/fabriciob.ar\/web\/bolatti-el-gasto-publico-debe-tener-un-correlato-real-en-los-servicios-que-recibe-el-vecino\/#primaryimage","url":"https:\/\/fabriciob.ar\/web\/wp-content\/uploads\/2026\/04\/Copia-de-viejo-y-caro-e1777306403485.jpg","contentUrl":"https:\/\/fabriciob.ar\/web\/wp-content\/uploads\/2026\/04\/Copia-de-viejo-y-caro-e1777306403485.jpg","width":938,"height":597},{"@type":"BreadcrumbList","@id":"https:\/\/fabriciob.ar\/web\/bolatti-el-gasto-publico-debe-tener-un-correlato-real-en-los-servicios-que-recibe-el-vecino\/#breadcrumb","itemListElement":[{"@type":"ListItem","position":1,"name":"Portada","item":"https:\/\/fabriciob.ar\/web\/"},{"@type":"ListItem","position":2,"name":"Bolatti: \u00abEl gasto p\u00fablico debe tener un correlato real en los servicios que recibe el vecino\u00bb"}]},{"@type":"WebSite","@id":"https:\/\/fabriciob.ar\/web\/#website","url":"https:\/\/fabriciob.ar\/web\/","name":"Fabricio Bolatti","description":"Sitio Oficial-Comunicaci\u00f3n institucional de la gesti\u00f3n legislativa del concejal Fabricio Bolatti con los vecinos y vecinas de la ciudad de Resistencia","publisher":{"@id":"https:\/\/fabriciob.ar\/web\/#organization"},"potentialAction":[{"@type":"SearchAction","target":{"@type":"EntryPoint","urlTemplate":"https:\/\/fabriciob.ar\/web\/?s={search_term_string}"},"query-input":{"@type":"PropertyValueSpecification","valueRequired":true,"valueName":"search_term_string"}}],"inLanguage":"es"},{"@type":"Organization","@id":"https:\/\/fabriciob.ar\/web\/#organization","name":"Fabricio Bolatti-Sitio Oficial","url":"https:\/\/fabriciob.ar\/web\/","logo":{"@type":"ImageObject","inLanguage":"es","@id":"https:\/\/fabriciob.ar\/web\/#\/schema\/logo\/image\/","url":"https:\/\/fabriciob.ar\/web\/wp-content\/uploads\/2020\/12\/cropped-fb-en-el-concejo-a-red-2-1.png","contentUrl":"https:\/\/fabriciob.ar\/web\/wp-content\/uploads\/2020\/12\/cropped-fb-en-el-concejo-a-red-2-1.png","width":512,"height":512,"caption":"Fabricio Bolatti-Sitio Oficial"},"image":{"@id":"https:\/\/fabriciob.ar\/web\/#\/schema\/logo\/image\/"},"sameAs":["https:\/\/www.facebook.com\/fabriciobolattiK\/","https:\/\/x.com\/fabriciobolatti","https:\/\/www.instagram.com\/fabriciobolatti\/?igshid=7ztsgzj0mwql","https:\/\/www.youtube.com\/channel\/UCWLMPKJZG1JgX9U29Pra3ng"]},{"@type":"Person","@id":"https:\/\/fabriciob.ar\/web\/#\/schema\/person\/d56dbc2f2489983c5270184312aab61b","name":"Equipo Fabricio","image":{"@type":"ImageObject","inLanguage":"es","@id":"https:\/\/secure.gravatar.com\/avatar\/9d8e99352a71f2ac7e650885bc7721fe9d667070a36c2a5bb86aab909b8cf626?s=96&d=mm&r=g","url":"https:\/\/secure.gravatar.com\/avatar\/9d8e99352a71f2ac7e650885bc7721fe9d667070a36c2a5bb86aab909b8cf626?s=96&d=mm&r=g","contentUrl":"https:\/\/secure.gravatar.com\/avatar\/9d8e99352a71f2ac7e650885bc7721fe9d667070a36c2a5bb86aab909b8cf626?s=96&d=mm&r=g","caption":"Equipo Fabricio"},"url":"https:\/\/fabriciob.ar\/web\/author\/admin\/"}]}},"_links":{"self":[{"href":"https:\/\/fabriciob.ar\/web\/wp-json\/wp\/v2\/posts\/9831","targetHints":{"allow":["GET"]}}],"collection":[{"href":"https:\/\/fabriciob.ar\/web\/wp-json\/wp\/v2\/posts"}],"about":[{"href":"https:\/\/fabriciob.ar\/web\/wp-json\/wp\/v2\/types\/post"}],"author":[{"embeddable":true,"href":"https:\/\/fabriciob.ar\/web\/wp-json\/wp\/v2\/users\/3"}],"replies":[{"embeddable":true,"href":"https:\/\/fabriciob.ar\/web\/wp-json\/wp\/v2\/comments?post=9831"}],"version-history":[{"count":1,"href":"https:\/\/fabriciob.ar\/web\/wp-json\/wp\/v2\/posts\/9831\/revisions"}],"predecessor-version":[{"id":9834,"href":"https:\/\/fabriciob.ar\/web\/wp-json\/wp\/v2\/posts\/9831\/revisions\/9834"}],"wp:featuredmedia":[{"embeddable":true,"href":"https:\/\/fabriciob.ar\/web\/wp-json\/wp\/v2\/media\/9833"}],"wp:attachment":[{"href":"https:\/\/fabriciob.ar\/web\/wp-json\/wp\/v2\/media?parent=9831"}],"wp:term":[{"taxonomy":"category","embeddable":true,"href":"https:\/\/fabriciob.ar\/web\/wp-json\/wp\/v2\/categories?post=9831"},{"taxonomy":"post_tag","embeddable":true,"href":"https:\/\/fabriciob.ar\/web\/wp-json\/wp\/v2\/tags?post=9831"}],"curies":[{"name":"wp","href":"https:\/\/api.w.org\/{rel}","templated":true}]}}