{"id":9835,"date":"2026-04-28T23:43:50","date_gmt":"2026-04-28T23:43:50","guid":{"rendered":"https:\/\/fabriciob.ar\/web\/?p=9835"},"modified":"2026-04-28T23:43:50","modified_gmt":"2026-04-28T23:43:50","slug":"la-oscuridad-los-une-el-ministro-dominguez-y-nikisch-tienen-la-obligacion-de-rendir-cuentas-de-sus-gestiones","status":"publish","type":"post","link":"https:\/\/fabriciob.ar\/web\/la-oscuridad-los-une-el-ministro-dominguez-y-nikisch-tienen-la-obligacion-de-rendir-cuentas-de-sus-gestiones\/","title":{"rendered":"La oscuridad los une: el Ministro Dom\u00ednguez y Nikisch tienen la obligaci\u00f3n de rendir cuentas de sus gestiones"},"content":{"rendered":"<p><!--more--><\/p>\n<p><em>Es nuestro compromiso con el mandato ciudadano. Estamos obligados a denunciar las irregularidades.<\/em><\/p>\n<p>&nbsp;<\/p>\n<p>Ante las recientes advertencias legales por parte del Ministro de Infraestructura del gobierno de Zdero, Hugo Dom\u00ednguez, respecto a una denuncia previa, el Concejal Fabricio Bolatti aclara: \u201cLos concejales somos representantes directos de la comunidad y, como funcionarios p\u00fablicos tenemos la obligaci\u00f3n legal y \u00e9tica de denunciar cualquier acto irregular o il\u00edcito que detectemos en el ejercicio de la funci\u00f3n, la normativa as\u00ed lo establece. No hacerlo implica incumplir con el mandato ciudadano y puede derivar en sanciones administrativas o incluso penales. Y no vamos a callar ante ninguna amenaza o mal trato, porque ser\u00eda traicionar la confianza de las y los vecinos y dejar desprotegida a la ciudad, ante quienes se enriquecen en sus cargos\u201d.<\/p>\n<p>&nbsp;<\/p>\n<h4>SOBRE LAS AMENAZAS Y LA GESTI\u00d3N P\u00daBLICA<\/h4>\n<p>La denuncia original se bas\u00f3 en un documento p\u00fablico que vincula la firma del actual administrador de la empresa Pedro Mart\u00ednez, Hugo Dom\u00ednguez, con una adenda y redeterminaci\u00f3n de precios acordada con el Intendente Roy Nikisch, por un monto superior a los $300 millones.<\/p>\n<p>\u00abEl Ministro responde con amenazas y violencia ante un posible error de identidad que, como corresponde, estamos dispuestos a rectificar formalmente si se trata de un hom\u00f3nimo. Sin embargo, su agresividad revela una falta de voluntad democr\u00e1tica. <span style=\"background-color: #ffff00;\">Si al funcionario le preocupa su trayectoria, deber\u00eda comenzar por responder los pedidos de informes que solicitamos sobre el sistema de transporte que ignor\u00f3 sistem\u00e1ticamente durante m\u00e1s de un a\u00f1o, incluso ante la intervenci\u00f3n de la FIA\u201d.<\/span><\/p>\n<p><span style=\"background-color: #ffff00;\">\u00abEn lugar de buscar amedrentar con acciones legales que intentan silenciar el control ciudadano, el Ministro deber\u00eda enfocarse en rendir cuentas sobre los temas que son de su absoluta responsabilidad\u00bb<\/span>, se\u00f1al\u00f3 el edil y cit\u00f3:<\/p>\n<p><em><strong>La destrucci\u00f3n del Transporte P\u00fablico en el Gran Resistencia:<\/strong><\/em><br \/>\n\u201cLa crisis del sistema de transporte p\u00fablico en el Gran Resistencia tiene responsables directos: la gesti\u00f3n del Ministro Hugo Dom\u00ednguez y las pol\u00edticas de Zdero. Bajo su administraci\u00f3n, el sistema ha colapsado, pasando de 50 millones de viajes anuales a apenas 15 millones. Es decir, expulsaron a miles de usuarios del sistema mediante tarifas que aumentaron m\u00e1s de un 2000% y una calidad de servicio que se degrada d\u00eda a d\u00eda\u201d.<\/p>\n<p>\u201cM\u00e1s all\u00e1 de la ineficiencia, lo m\u00e1s grave es la aplicaci\u00f3n sistem\u00e1tica de sobreprecios en la tarifa, con un mecanismo evidente &#8211; que ya hemos denunciado formalmente ante organismos de control y la justicia -. El propio Gobierno establece un costo operativo t\u00e9cnico y, tras asignar subsidios &#8211; que parad\u00f3jicamente han crecido de manera desmesurada &#8211; fija una tarifa final por encima de lo determinado. Cada resoluci\u00f3n dictada por el Ministerio es una prueba de esta transferencia de recursos: el Estado y los vecinos financian un precio inflado que beneficia exclusivamente a las empresas prestadoras. Seg\u00fan nuestros c\u00e1lculos, cerca de la mitad del valor del boleto hoy responde a este sobreprecio injustificado\u201d.<\/p>\n<p><span style=\"background-color: #ffff00;\">\u201cSi el Ministro quiere limpiar su imagen, que empiece por explicar por qu\u00e9 el sistema de colectivos es hoy un negocio para las empresas y un calvario para los usuarios, en lugar de intentar callar a quienes cumplimos con nuestro rol de fiscalizaci\u00f3n. A m\u00e1s de un a\u00f1o de haberlo denunciado, seguimos esperando respuestas\u201d.<\/span><\/p>\n<p><em><strong>Sobreprecios en la Obra P\u00fablica:<\/strong><\/em><br \/>\n\u201cPero no es lo \u00fanico. Del control de la ejecuci\u00f3n de obras municipales y tambi\u00e9n las que ejecuta la gesti\u00f3n de Dom\u00ednguez, hemos detectado costos que no se condicen con la realidad del mercado. Ejemplo de ello es el Centro de Salud de Villa R\u00edo Negro (306,85 m\u00b2), donde la gesti\u00f3n del Ministro asign\u00f3 un presupuesto de $221 millones para su refacci\u00f3n, lo que significa un costo super elevado del metro cuadrado, ubic\u00e1ndose en $720.000. Este valor se acerca m\u00e1s al costo de un centro de salud nuevo (aprox. $1.000.000\/m\u00b2) que al valor real de los trabajos ejecutados ($427.000\/m\u00b2). Estamos hablando de un sobreprecio que supera el 100%\u201d.<\/p>\n<p>Para contrastar estos datos con argumentos t\u00e9cnicos &#8211; y lejos de las amenazas o respuestas violentas que recibimos &#8211; presentamos el siguiente an\u00e1lisis:<\/p>\n<p><em>An\u00e1lisis de costos y sobreprecios.<\/em> Comparando realidad con ficci\u00f3n oficial, la diferencia inicial es un sobreprecio del 69%, pero la nuestra realidad tambi\u00e9n requiere de ocupar valores homog\u00e9neos, teniendo en cuenta la variaci\u00f3n de precios, y desde que se presupuest\u00f3 la obra a hoy, m\u00ednimo pasaron 6 meses, donde el sector de la construcci\u00f3n oficializa una inflaci\u00f3n acumulada superior al 40%. Si ajustamos los precios la diferencia crece, y para las mejoras hechas en el Centro de Salud de Villa R\u00edo Negro, el sobreprecio alcanza el 120%. Estamos ante una obra excesivamente cara que no refleja las tareas realmente ejecutadas.<\/p>\n<p><img fetchpriority=\"high\" decoding=\"async\" class=\"size-full wp-image-9837 aligncenter\" src=\"https:\/\/fabriciob.ar\/web\/wp-content\/uploads\/2026\/04\/Cuadro-Centro-Salud.jpg\" alt=\"\" width=\"677\" height=\"405\" srcset=\"https:\/\/fabriciob.ar\/web\/wp-content\/uploads\/2026\/04\/Cuadro-Centro-Salud.jpg 677w, https:\/\/fabriciob.ar\/web\/wp-content\/uploads\/2026\/04\/Cuadro-Centro-Salud-300x179.jpg 300w\" sizes=\"(max-width: 677px) 100vw, 677px\" \/><\/p>\n<p>\u201cResulta llamativo, adem\u00e1s, el ocultamiento del cartel de obra original, y la aparici\u00f3n para la foto de otro con valor o presupuesto de obra distinto, y en este caso mucho m\u00e1s elevado, como ocultando la realidad a las y los vecinos\u201d.<\/p>\n<p><img decoding=\"async\" class=\"size-full wp-image-9836 aligncenter\" src=\"https:\/\/fabriciob.ar\/web\/wp-content\/uploads\/2026\/04\/Cartel-1xxx-horz.jpg\" alt=\"\" width=\"775\" height=\"536\" srcset=\"https:\/\/fabriciob.ar\/web\/wp-content\/uploads\/2026\/04\/Cartel-1xxx-horz.jpg 775w, https:\/\/fabriciob.ar\/web\/wp-content\/uploads\/2026\/04\/Cartel-1xxx-horz-300x207.jpg 300w, https:\/\/fabriciob.ar\/web\/wp-content\/uploads\/2026\/04\/Cartel-1xxx-horz-768x531.jpg 768w\" sizes=\"(max-width: 775px) 100vw, 775px\" \/><\/p>\n<h4>RATIFICAMOS NUESTRA FUNCI\u00d3N: AUDITAR Y CUIDAR LOS RECURSOS P\u00daBLICOS<\/h4>\n<p>Respecto de la advertencia del Ministro Dom\u00ednguez por la denuncia realizada, Bolatti ratific\u00f3 su funci\u00f3n de control de la gesti\u00f3n como Concejal de la ciudad de Resistencia. Indic\u00f3 que directamente y por dependencia funcional cree necesario y hasta obligatorio el seguimiento, an\u00e1lisis y opini\u00f3n sobre las gestiones, tanto provincial como nacional, ya que todas tienen influencia en la pol\u00edtica municipal y en la vida del pueblo de Resistencia. \u201cCreemos que las expresiones y amenazas del Ministro est\u00e1n fuera de lugar. Si algo nos caracteriza es el respeto y seriedad sobre los que, con mucho esfuerzo, intentamos fundar nuestras opiniones, propuestas y aportes, con informes, pruebas y documentaci\u00f3n, y no nos quedarnos en palabras o frases dise\u00f1adas, sino que seguimos los temas y hacemos las denuncias ante quien corresponda\u201d.<\/p>\n<p>\u201cSi al Ministro le molesta nuestra fiscalizaci\u00f3n, lo invito a debatir sobre los n\u00fameros de sus obras y la calidad del transporte p\u00fablico, que es lo que realmente le interesa a la gente\u201d.<\/p>\n<p>En esa l\u00ednea, el edil marc\u00f3 que no es la primera vez que recibe amenazas ni represalias por parte de quienes gobiernan y asegur\u00f3 que, pese a ello \u201cseguiremos aportando pruebas y exigiendo transparencia, porque la verdad y el acceso a la informaci\u00f3n p\u00fablica deben ser la regla y no la excepci\u00f3n\u201d.<\/p>\n<h4>ACLARACI\u00d3N SOBRE LA DENUNCIA<\/h4>\n<p>Ante la posibilidad de que se trate de un hom\u00f3nimo del Ministro Hugo Dom\u00ednguez, Bolatti se\u00f1al\u00f3 que: \u00abEs posible que la persona involucrada en el acta de redeterminaci\u00f3n de obra sea un hom\u00f3nimo del Ministro Hugo Dom\u00ednguez, demostrado esto, corresponde pedir las disculpas del caso y generar la rectificaci\u00f3n p\u00fablica, aclarando lo sucedido. Sin embargo, este hecho no altera el fondo de mi denuncia: las formas y procedimientos aplicados en ese expediente municipal por el gobierno de Nikisch son irregulares y merecen una investigaci\u00f3n, independientemente de qui\u00e9nes sean los firmantes\u201d.<\/p>\n<p>SE ADJUNTA IMAGEN DE LA NORMA QUE HABILIT\u00d3 EL PAGO DE UNA SUPUESTA DEUDA , por la que se actualizaron valores de una obra &#8211; adem\u00e1s de incluir una ampliaci\u00f3n de la misma &#8211; en m\u00e1s de $300 millones, situaci\u00f3n que el Concejal denunci\u00f3 por \u201cIrregular\u201d y a partir de la cual se relacion\u00f3 al Ministro, denunciando la \u201cincompatibilidad\u201d por sus funciones.<\/p>\n<p><img decoding=\"async\" class=\" wp-image-9838 aligncenter\" src=\"https:\/\/fabriciob.ar\/web\/wp-content\/uploads\/2026\/04\/Reso.jpg\" alt=\"\" width=\"674\" height=\"648\" srcset=\"https:\/\/fabriciob.ar\/web\/wp-content\/uploads\/2026\/04\/Reso.jpg 515w, https:\/\/fabriciob.ar\/web\/wp-content\/uploads\/2026\/04\/Reso-300x288.jpg 300w\" sizes=\"(max-width: 674px) 100vw, 674px\" \/><\/p>\n","protected":false},"excerpt":{"rendered":"","protected":false},"author":3,"featured_media":9840,"comment_status":"open","ping_status":"open","sticky":false,"template":"","format":"standard","meta":{"_joinchat":[],"footnotes":""},"categories":[27],"tags":[],"class_list":["post-9835","post","type-post","status-publish","format-standard","has-post-thumbnail","hentry","category-comunicados-de-prensa"],"yoast_head":"<!-- This site is optimized with the Yoast SEO plugin v27.5 - https:\/\/yoast.com\/product\/yoast-seo-wordpress\/ -->\n<title>La oscuridad los une: el Ministro Dom\u00ednguez y Nikisch tienen la obligaci\u00f3n de rendir cuentas de sus gestiones - Fabricio Bolatti<\/title>\n<meta name=\"robots\" content=\"index, follow, max-snippet:-1, max-image-preview:large, max-video-preview:-1\" \/>\n<link rel=\"canonical\" href=\"https:\/\/fabriciob.ar\/web\/la-oscuridad-los-une-el-ministro-dominguez-y-nikisch-tienen-la-obligacion-de-rendir-cuentas-de-sus-gestiones\/\" \/>\n<meta property=\"og:locale\" content=\"es_ES\" \/>\n<meta property=\"og:type\" content=\"article\" \/>\n<meta property=\"og:title\" content=\"La oscuridad los une: el Ministro Dom\u00ednguez y Nikisch tienen la obligaci\u00f3n de rendir cuentas de sus gestiones - Fabricio Bolatti\" \/>\n<meta property=\"og:url\" content=\"https:\/\/fabriciob.ar\/web\/la-oscuridad-los-une-el-ministro-dominguez-y-nikisch-tienen-la-obligacion-de-rendir-cuentas-de-sus-gestiones\/\" \/>\n<meta property=\"og:site_name\" content=\"Fabricio Bolatti\" \/>\n<meta property=\"article:publisher\" content=\"https:\/\/www.facebook.com\/fabriciobolattiK\/\" \/>\n<meta property=\"article:published_time\" content=\"2026-04-28T23:43:50+00:00\" \/>\n<meta property=\"og:image\" content=\"https:\/\/fabriciob.ar\/web\/wp-content\/uploads\/2026\/04\/page.jpg\" \/>\n\t<meta property=\"og:image:width\" content=\"800\" \/>\n\t<meta property=\"og:image:height\" content=\"575\" \/>\n\t<meta property=\"og:image:type\" content=\"image\/jpeg\" \/>\n<meta name=\"author\" content=\"Equipo Fabricio\" \/>\n<meta name=\"twitter:card\" content=\"summary_large_image\" \/>\n<meta name=\"twitter:creator\" content=\"@fabriciobolatti\" \/>\n<meta name=\"twitter:site\" content=\"@fabriciobolatti\" \/>\n<meta name=\"twitter:label1\" content=\"Escrito por\" \/>\n\t<meta name=\"twitter:data1\" content=\"Equipo Fabricio\" \/>\n\t<meta name=\"twitter:label2\" content=\"Tiempo de lectura\" \/>\n\t<meta name=\"twitter:data2\" content=\"6 minutos\" \/>\n<script type=\"application\/ld+json\" class=\"yoast-schema-graph\">{\"@context\":\"https:\\\/\\\/schema.org\",\"@graph\":[{\"@type\":\"Article\",\"@id\":\"https:\\\/\\\/fabriciob.ar\\\/web\\\/la-oscuridad-los-une-el-ministro-dominguez-y-nikisch-tienen-la-obligacion-de-rendir-cuentas-de-sus-gestiones\\\/#article\",\"isPartOf\":{\"@id\":\"https:\\\/\\\/fabriciob.ar\\\/web\\\/la-oscuridad-los-une-el-ministro-dominguez-y-nikisch-tienen-la-obligacion-de-rendir-cuentas-de-sus-gestiones\\\/\"},\"author\":{\"name\":\"Equipo Fabricio\",\"@id\":\"https:\\\/\\\/fabriciob.ar\\\/web\\\/#\\\/schema\\\/person\\\/d56dbc2f2489983c5270184312aab61b\"},\"headline\":\"La oscuridad los une: el Ministro Dom\u00ednguez y Nikisch tienen la obligaci\u00f3n de rendir cuentas de sus gestiones\",\"datePublished\":\"2026-04-28T23:43:50+00:00\",\"mainEntityOfPage\":{\"@id\":\"https:\\\/\\\/fabriciob.ar\\\/web\\\/la-oscuridad-los-une-el-ministro-dominguez-y-nikisch-tienen-la-obligacion-de-rendir-cuentas-de-sus-gestiones\\\/\"},\"wordCount\":1298,\"commentCount\":0,\"publisher\":{\"@id\":\"https:\\\/\\\/fabriciob.ar\\\/web\\\/#organization\"},\"image\":{\"@id\":\"https:\\\/\\\/fabriciob.ar\\\/web\\\/la-oscuridad-los-une-el-ministro-dominguez-y-nikisch-tienen-la-obligacion-de-rendir-cuentas-de-sus-gestiones\\\/#primaryimage\"},\"thumbnailUrl\":\"https:\\\/\\\/fabriciob.ar\\\/web\\\/wp-content\\\/uploads\\\/2026\\\/04\\\/page.jpg\",\"articleSection\":[\"COMUNICADOS DE PRENSA\"],\"inLanguage\":\"es\",\"potentialAction\":[{\"@type\":\"CommentAction\",\"name\":\"Comment\",\"target\":[\"https:\\\/\\\/fabriciob.ar\\\/web\\\/la-oscuridad-los-une-el-ministro-dominguez-y-nikisch-tienen-la-obligacion-de-rendir-cuentas-de-sus-gestiones\\\/#respond\"]}]},{\"@type\":\"WebPage\",\"@id\":\"https:\\\/\\\/fabriciob.ar\\\/web\\\/la-oscuridad-los-une-el-ministro-dominguez-y-nikisch-tienen-la-obligacion-de-rendir-cuentas-de-sus-gestiones\\\/\",\"url\":\"https:\\\/\\\/fabriciob.ar\\\/web\\\/la-oscuridad-los-une-el-ministro-dominguez-y-nikisch-tienen-la-obligacion-de-rendir-cuentas-de-sus-gestiones\\\/\",\"name\":\"La oscuridad los une: el Ministro Dom\u00ednguez y Nikisch tienen la obligaci\u00f3n de rendir cuentas de sus gestiones - Fabricio Bolatti\",\"isPartOf\":{\"@id\":\"https:\\\/\\\/fabriciob.ar\\\/web\\\/#website\"},\"primaryImageOfPage\":{\"@id\":\"https:\\\/\\\/fabriciob.ar\\\/web\\\/la-oscuridad-los-une-el-ministro-dominguez-y-nikisch-tienen-la-obligacion-de-rendir-cuentas-de-sus-gestiones\\\/#primaryimage\"},\"image\":{\"@id\":\"https:\\\/\\\/fabriciob.ar\\\/web\\\/la-oscuridad-los-une-el-ministro-dominguez-y-nikisch-tienen-la-obligacion-de-rendir-cuentas-de-sus-gestiones\\\/#primaryimage\"},\"thumbnailUrl\":\"https:\\\/\\\/fabriciob.ar\\\/web\\\/wp-content\\\/uploads\\\/2026\\\/04\\\/page.jpg\",\"datePublished\":\"2026-04-28T23:43:50+00:00\",\"breadcrumb\":{\"@id\":\"https:\\\/\\\/fabriciob.ar\\\/web\\\/la-oscuridad-los-une-el-ministro-dominguez-y-nikisch-tienen-la-obligacion-de-rendir-cuentas-de-sus-gestiones\\\/#breadcrumb\"},\"inLanguage\":\"es\",\"potentialAction\":[{\"@type\":\"ReadAction\",\"target\":[\"https:\\\/\\\/fabriciob.ar\\\/web\\\/la-oscuridad-los-une-el-ministro-dominguez-y-nikisch-tienen-la-obligacion-de-rendir-cuentas-de-sus-gestiones\\\/\"]}]},{\"@type\":\"ImageObject\",\"inLanguage\":\"es\",\"@id\":\"https:\\\/\\\/fabriciob.ar\\\/web\\\/la-oscuridad-los-une-el-ministro-dominguez-y-nikisch-tienen-la-obligacion-de-rendir-cuentas-de-sus-gestiones\\\/#primaryimage\",\"url\":\"https:\\\/\\\/fabriciob.ar\\\/web\\\/wp-content\\\/uploads\\\/2026\\\/04\\\/page.jpg\",\"contentUrl\":\"https:\\\/\\\/fabriciob.ar\\\/web\\\/wp-content\\\/uploads\\\/2026\\\/04\\\/page.jpg\",\"width\":800,\"height\":575},{\"@type\":\"BreadcrumbList\",\"@id\":\"https:\\\/\\\/fabriciob.ar\\\/web\\\/la-oscuridad-los-une-el-ministro-dominguez-y-nikisch-tienen-la-obligacion-de-rendir-cuentas-de-sus-gestiones\\\/#breadcrumb\",\"itemListElement\":[{\"@type\":\"ListItem\",\"position\":1,\"name\":\"Portada\",\"item\":\"https:\\\/\\\/fabriciob.ar\\\/web\\\/\"},{\"@type\":\"ListItem\",\"position\":2,\"name\":\"La oscuridad los une: el Ministro Dom\u00ednguez y Nikisch tienen la obligaci\u00f3n de rendir cuentas de sus gestiones\"}]},{\"@type\":\"WebSite\",\"@id\":\"https:\\\/\\\/fabriciob.ar\\\/web\\\/#website\",\"url\":\"https:\\\/\\\/fabriciob.ar\\\/web\\\/\",\"name\":\"Fabricio Bolatti\",\"description\":\"Sitio Oficial-Comunicaci\u00f3n institucional de la gesti\u00f3n legislativa del concejal Fabricio Bolatti con los vecinos y vecinas de la ciudad de Resistencia\",\"publisher\":{\"@id\":\"https:\\\/\\\/fabriciob.ar\\\/web\\\/#organization\"},\"potentialAction\":[{\"@type\":\"SearchAction\",\"target\":{\"@type\":\"EntryPoint\",\"urlTemplate\":\"https:\\\/\\\/fabriciob.ar\\\/web\\\/?s={search_term_string}\"},\"query-input\":{\"@type\":\"PropertyValueSpecification\",\"valueRequired\":true,\"valueName\":\"search_term_string\"}}],\"inLanguage\":\"es\"},{\"@type\":\"Organization\",\"@id\":\"https:\\\/\\\/fabriciob.ar\\\/web\\\/#organization\",\"name\":\"Fabricio Bolatti-Sitio Oficial\",\"url\":\"https:\\\/\\\/fabriciob.ar\\\/web\\\/\",\"logo\":{\"@type\":\"ImageObject\",\"inLanguage\":\"es\",\"@id\":\"https:\\\/\\\/fabriciob.ar\\\/web\\\/#\\\/schema\\\/logo\\\/image\\\/\",\"url\":\"https:\\\/\\\/fabriciob.ar\\\/web\\\/wp-content\\\/uploads\\\/2020\\\/12\\\/cropped-fb-en-el-concejo-a-red-2-1.png\",\"contentUrl\":\"https:\\\/\\\/fabriciob.ar\\\/web\\\/wp-content\\\/uploads\\\/2020\\\/12\\\/cropped-fb-en-el-concejo-a-red-2-1.png\",\"width\":512,\"height\":512,\"caption\":\"Fabricio Bolatti-Sitio Oficial\"},\"image\":{\"@id\":\"https:\\\/\\\/fabriciob.ar\\\/web\\\/#\\\/schema\\\/logo\\\/image\\\/\"},\"sameAs\":[\"https:\\\/\\\/www.facebook.com\\\/fabriciobolattiK\\\/\",\"https:\\\/\\\/x.com\\\/fabriciobolatti\",\"https:\\\/\\\/www.instagram.com\\\/fabriciobolatti\\\/?igshid=7ztsgzj0mwql\",\"https:\\\/\\\/www.youtube.com\\\/channel\\\/UCWLMPKJZG1JgX9U29Pra3ng\"]},{\"@type\":\"Person\",\"@id\":\"https:\\\/\\\/fabriciob.ar\\\/web\\\/#\\\/schema\\\/person\\\/d56dbc2f2489983c5270184312aab61b\",\"name\":\"Equipo Fabricio\",\"image\":{\"@type\":\"ImageObject\",\"inLanguage\":\"es\",\"@id\":\"https:\\\/\\\/secure.gravatar.com\\\/avatar\\\/9d8e99352a71f2ac7e650885bc7721fe9d667070a36c2a5bb86aab909b8cf626?s=96&d=mm&r=g\",\"url\":\"https:\\\/\\\/secure.gravatar.com\\\/avatar\\\/9d8e99352a71f2ac7e650885bc7721fe9d667070a36c2a5bb86aab909b8cf626?s=96&d=mm&r=g\",\"contentUrl\":\"https:\\\/\\\/secure.gravatar.com\\\/avatar\\\/9d8e99352a71f2ac7e650885bc7721fe9d667070a36c2a5bb86aab909b8cf626?s=96&d=mm&r=g\",\"caption\":\"Equipo Fabricio\"},\"url\":\"https:\\\/\\\/fabriciob.ar\\\/web\\\/author\\\/admin\\\/\"}]}<\/script>\n<!-- \/ Yoast SEO plugin. -->","yoast_head_json":{"title":"La oscuridad los une: el Ministro Dom\u00ednguez y Nikisch tienen la obligaci\u00f3n de rendir cuentas de sus gestiones - Fabricio Bolatti","robots":{"index":"index","follow":"follow","max-snippet":"max-snippet:-1","max-image-preview":"max-image-preview:large","max-video-preview":"max-video-preview:-1"},"canonical":"https:\/\/fabriciob.ar\/web\/la-oscuridad-los-une-el-ministro-dominguez-y-nikisch-tienen-la-obligacion-de-rendir-cuentas-de-sus-gestiones\/","og_locale":"es_ES","og_type":"article","og_title":"La oscuridad los une: el Ministro Dom\u00ednguez y Nikisch tienen la obligaci\u00f3n de rendir cuentas de sus gestiones - Fabricio Bolatti","og_url":"https:\/\/fabriciob.ar\/web\/la-oscuridad-los-une-el-ministro-dominguez-y-nikisch-tienen-la-obligacion-de-rendir-cuentas-de-sus-gestiones\/","og_site_name":"Fabricio Bolatti","article_publisher":"https:\/\/www.facebook.com\/fabriciobolattiK\/","article_published_time":"2026-04-28T23:43:50+00:00","og_image":[{"width":800,"height":575,"url":"https:\/\/fabriciob.ar\/web\/wp-content\/uploads\/2026\/04\/page.jpg","type":"image\/jpeg"}],"author":"Equipo Fabricio","twitter_card":"summary_large_image","twitter_creator":"@fabriciobolatti","twitter_site":"@fabriciobolatti","twitter_misc":{"Escrito por":"Equipo Fabricio","Tiempo de lectura":"6 minutos"},"schema":{"@context":"https:\/\/schema.org","@graph":[{"@type":"Article","@id":"https:\/\/fabriciob.ar\/web\/la-oscuridad-los-une-el-ministro-dominguez-y-nikisch-tienen-la-obligacion-de-rendir-cuentas-de-sus-gestiones\/#article","isPartOf":{"@id":"https:\/\/fabriciob.ar\/web\/la-oscuridad-los-une-el-ministro-dominguez-y-nikisch-tienen-la-obligacion-de-rendir-cuentas-de-sus-gestiones\/"},"author":{"name":"Equipo Fabricio","@id":"https:\/\/fabriciob.ar\/web\/#\/schema\/person\/d56dbc2f2489983c5270184312aab61b"},"headline":"La oscuridad los une: el Ministro Dom\u00ednguez y Nikisch tienen la obligaci\u00f3n de rendir cuentas de sus gestiones","datePublished":"2026-04-28T23:43:50+00:00","mainEntityOfPage":{"@id":"https:\/\/fabriciob.ar\/web\/la-oscuridad-los-une-el-ministro-dominguez-y-nikisch-tienen-la-obligacion-de-rendir-cuentas-de-sus-gestiones\/"},"wordCount":1298,"commentCount":0,"publisher":{"@id":"https:\/\/fabriciob.ar\/web\/#organization"},"image":{"@id":"https:\/\/fabriciob.ar\/web\/la-oscuridad-los-une-el-ministro-dominguez-y-nikisch-tienen-la-obligacion-de-rendir-cuentas-de-sus-gestiones\/#primaryimage"},"thumbnailUrl":"https:\/\/fabriciob.ar\/web\/wp-content\/uploads\/2026\/04\/page.jpg","articleSection":["COMUNICADOS DE PRENSA"],"inLanguage":"es","potentialAction":[{"@type":"CommentAction","name":"Comment","target":["https:\/\/fabriciob.ar\/web\/la-oscuridad-los-une-el-ministro-dominguez-y-nikisch-tienen-la-obligacion-de-rendir-cuentas-de-sus-gestiones\/#respond"]}]},{"@type":"WebPage","@id":"https:\/\/fabriciob.ar\/web\/la-oscuridad-los-une-el-ministro-dominguez-y-nikisch-tienen-la-obligacion-de-rendir-cuentas-de-sus-gestiones\/","url":"https:\/\/fabriciob.ar\/web\/la-oscuridad-los-une-el-ministro-dominguez-y-nikisch-tienen-la-obligacion-de-rendir-cuentas-de-sus-gestiones\/","name":"La oscuridad los une: el Ministro Dom\u00ednguez y Nikisch tienen la obligaci\u00f3n de rendir cuentas de sus gestiones - Fabricio Bolatti","isPartOf":{"@id":"https:\/\/fabriciob.ar\/web\/#website"},"primaryImageOfPage":{"@id":"https:\/\/fabriciob.ar\/web\/la-oscuridad-los-une-el-ministro-dominguez-y-nikisch-tienen-la-obligacion-de-rendir-cuentas-de-sus-gestiones\/#primaryimage"},"image":{"@id":"https:\/\/fabriciob.ar\/web\/la-oscuridad-los-une-el-ministro-dominguez-y-nikisch-tienen-la-obligacion-de-rendir-cuentas-de-sus-gestiones\/#primaryimage"},"thumbnailUrl":"https:\/\/fabriciob.ar\/web\/wp-content\/uploads\/2026\/04\/page.jpg","datePublished":"2026-04-28T23:43:50+00:00","breadcrumb":{"@id":"https:\/\/fabriciob.ar\/web\/la-oscuridad-los-une-el-ministro-dominguez-y-nikisch-tienen-la-obligacion-de-rendir-cuentas-de-sus-gestiones\/#breadcrumb"},"inLanguage":"es","potentialAction":[{"@type":"ReadAction","target":["https:\/\/fabriciob.ar\/web\/la-oscuridad-los-une-el-ministro-dominguez-y-nikisch-tienen-la-obligacion-de-rendir-cuentas-de-sus-gestiones\/"]}]},{"@type":"ImageObject","inLanguage":"es","@id":"https:\/\/fabriciob.ar\/web\/la-oscuridad-los-une-el-ministro-dominguez-y-nikisch-tienen-la-obligacion-de-rendir-cuentas-de-sus-gestiones\/#primaryimage","url":"https:\/\/fabriciob.ar\/web\/wp-content\/uploads\/2026\/04\/page.jpg","contentUrl":"https:\/\/fabriciob.ar\/web\/wp-content\/uploads\/2026\/04\/page.jpg","width":800,"height":575},{"@type":"BreadcrumbList","@id":"https:\/\/fabriciob.ar\/web\/la-oscuridad-los-une-el-ministro-dominguez-y-nikisch-tienen-la-obligacion-de-rendir-cuentas-de-sus-gestiones\/#breadcrumb","itemListElement":[{"@type":"ListItem","position":1,"name":"Portada","item":"https:\/\/fabriciob.ar\/web\/"},{"@type":"ListItem","position":2,"name":"La oscuridad los une: el Ministro Dom\u00ednguez y Nikisch tienen la obligaci\u00f3n de rendir cuentas de sus gestiones"}]},{"@type":"WebSite","@id":"https:\/\/fabriciob.ar\/web\/#website","url":"https:\/\/fabriciob.ar\/web\/","name":"Fabricio Bolatti","description":"Sitio Oficial-Comunicaci\u00f3n institucional de la gesti\u00f3n legislativa del concejal Fabricio Bolatti con los vecinos y vecinas de la ciudad de Resistencia","publisher":{"@id":"https:\/\/fabriciob.ar\/web\/#organization"},"potentialAction":[{"@type":"SearchAction","target":{"@type":"EntryPoint","urlTemplate":"https:\/\/fabriciob.ar\/web\/?s={search_term_string}"},"query-input":{"@type":"PropertyValueSpecification","valueRequired":true,"valueName":"search_term_string"}}],"inLanguage":"es"},{"@type":"Organization","@id":"https:\/\/fabriciob.ar\/web\/#organization","name":"Fabricio Bolatti-Sitio Oficial","url":"https:\/\/fabriciob.ar\/web\/","logo":{"@type":"ImageObject","inLanguage":"es","@id":"https:\/\/fabriciob.ar\/web\/#\/schema\/logo\/image\/","url":"https:\/\/fabriciob.ar\/web\/wp-content\/uploads\/2020\/12\/cropped-fb-en-el-concejo-a-red-2-1.png","contentUrl":"https:\/\/fabriciob.ar\/web\/wp-content\/uploads\/2020\/12\/cropped-fb-en-el-concejo-a-red-2-1.png","width":512,"height":512,"caption":"Fabricio Bolatti-Sitio Oficial"},"image":{"@id":"https:\/\/fabriciob.ar\/web\/#\/schema\/logo\/image\/"},"sameAs":["https:\/\/www.facebook.com\/fabriciobolattiK\/","https:\/\/x.com\/fabriciobolatti","https:\/\/www.instagram.com\/fabriciobolatti\/?igshid=7ztsgzj0mwql","https:\/\/www.youtube.com\/channel\/UCWLMPKJZG1JgX9U29Pra3ng"]},{"@type":"Person","@id":"https:\/\/fabriciob.ar\/web\/#\/schema\/person\/d56dbc2f2489983c5270184312aab61b","name":"Equipo Fabricio","image":{"@type":"ImageObject","inLanguage":"es","@id":"https:\/\/secure.gravatar.com\/avatar\/9d8e99352a71f2ac7e650885bc7721fe9d667070a36c2a5bb86aab909b8cf626?s=96&d=mm&r=g","url":"https:\/\/secure.gravatar.com\/avatar\/9d8e99352a71f2ac7e650885bc7721fe9d667070a36c2a5bb86aab909b8cf626?s=96&d=mm&r=g","contentUrl":"https:\/\/secure.gravatar.com\/avatar\/9d8e99352a71f2ac7e650885bc7721fe9d667070a36c2a5bb86aab909b8cf626?s=96&d=mm&r=g","caption":"Equipo Fabricio"},"url":"https:\/\/fabriciob.ar\/web\/author\/admin\/"}]}},"_links":{"self":[{"href":"https:\/\/fabriciob.ar\/web\/wp-json\/wp\/v2\/posts\/9835","targetHints":{"allow":["GET"]}}],"collection":[{"href":"https:\/\/fabriciob.ar\/web\/wp-json\/wp\/v2\/posts"}],"about":[{"href":"https:\/\/fabriciob.ar\/web\/wp-json\/wp\/v2\/types\/post"}],"author":[{"embeddable":true,"href":"https:\/\/fabriciob.ar\/web\/wp-json\/wp\/v2\/users\/3"}],"replies":[{"embeddable":true,"href":"https:\/\/fabriciob.ar\/web\/wp-json\/wp\/v2\/comments?post=9835"}],"version-history":[{"count":1,"href":"https:\/\/fabriciob.ar\/web\/wp-json\/wp\/v2\/posts\/9835\/revisions"}],"predecessor-version":[{"id":9841,"href":"https:\/\/fabriciob.ar\/web\/wp-json\/wp\/v2\/posts\/9835\/revisions\/9841"}],"wp:featuredmedia":[{"embeddable":true,"href":"https:\/\/fabriciob.ar\/web\/wp-json\/wp\/v2\/media\/9840"}],"wp:attachment":[{"href":"https:\/\/fabriciob.ar\/web\/wp-json\/wp\/v2\/media?parent=9835"}],"wp:term":[{"taxonomy":"category","embeddable":true,"href":"https:\/\/fabriciob.ar\/web\/wp-json\/wp\/v2\/categories?post=9835"},{"taxonomy":"post_tag","embeddable":true,"href":"https:\/\/fabriciob.ar\/web\/wp-json\/wp\/v2\/tags?post=9835"}],"curies":[{"name":"wp","href":"https:\/\/api.w.org\/{rel}","templated":true}]}}